{"id":11497,"date":"2016-11-15T17:43:00","date_gmt":"2016-11-15T17:43:00","guid":{"rendered":"https:\/\/newsslash.com\/n\/8601-better-call-saul-staffel-3-fring-ab-erster-folge-dabei\/"},"modified":"2016-11-15T17:43:00","modified_gmt":"2016-11-15T17:43:00","slug":"8601-better-call-saul-staffel-3-fring-ab-erster-folge-dabei","status":"publish","type":"post","link":"https:\/\/newsslash.com\/n\/8601-better-call-saul-staffel-3-fring-ab-erster-folge-dabei\/","title":{"rendered":"Better Call Saul Staffel 3: Fring ab erster Folge dabei?"},"content":{"rendered":"<p>Das Breaking Bad Spin-Off Better Call Saul, mit Bob Odenkirk als Jimmy McGill sp\u00c3\u00a4ter dann Saul Goodman, geht in eine neue Runde! Nachdem engagierte Fans zuvor auf Social-News-Aggregator reddit ein Anagramm versteckt in den Anfangsbuchstaben der jeweiligen Episodentitel der 3. Staffel gefunden haben wollen, sind die Erwartungen an die neue Better Call Saul Staffel noch einmal enorm gestiegen. Das besagte Titelanagramm setzte sich in nicht chronologischer Reihenfolge wie folgt zusammen: <b>F<\/b>ifi | <b>R<\/b>ebecca | <b>I<\/b>nflatable | <b>N<\/b>ailed | <b>G<\/b>loves Off | <b>S<\/b>witch | <b>B<\/b>ali Ha&#8217;i (R A V O) | <b>A<\/b>marillo | <b>C<\/b>obbler | <b>K<\/b>lick <b>Fring\u00e2\u20ac\u2122s back<\/b> w\u00c3\u00bcrde nicht nur f\u00c3\u00bcr eingefleischte Breaking Bad Fans eine erfreuliche Nachricht darstellen. Auch f\u00c3\u00bcr Neulinge und reine Better Call Saul Zuschauer d\u00c3\u00bcrfte der alte Strippenzieher und chilenische Drogenbaron Gustavo &#8220;Gus&#8221; Fring ein Highlight der Staffel sein. Nach einem Interview zwischen ew.com und den beiden Serien-Ideengebern Vince Gilligan und Peter Gould wird zwar inoffiziell best\u00c3\u00a4tigt, dass Gustavo Fring ein Comeback feiern d\u00c3\u00bcrfe, jedoch wird darauf hingewiesen, dass gerade bei einem sehr komplexen Charakter wie Fring nicht damit zu rechnen sei, ihn bereits zu Beginn der neuen Better Call Saul Staffel auftauchen zu lassen. Auch der vorzeitige Krankenhaus-Cameo (Gastauftritt) von Marie Schrader, gespielt durch Betsy Brandt, wurde durch Gilligan letztlich gestrichen, um den Zuschauer nicht unn\u00c3\u00b6tig vom eigentlichen Geschehen bzw. den Better Call Saul Protagonisten abzulenken. Das Brandt als Marie jedoch in sp\u00c3\u00a4teren Folgen auftauchen k\u00c3\u00b6nne lie\u00c3\u0178en die Showrunner im Interview offen. Last but not least bleibt zu kl\u00c3\u00a4ren, ob wir in Staffel 3 endlich eine Antwort auf die Frage erhalten, was Jimmy McGill nach Albuquerque treibt und warum er sich als Saul Goodman v\u00c3\u00b6llig neu erfinden muss.<\/p><div class=\"newss-content\" id=\"newss-3847164193\"><script async src=\"\/\/pagead2.googlesyndication.com\/pagead\/js\/adsbygoogle.js?client=ca-pub-7733425960004873\" crossorigin=\"anonymous\"><\/script><ins class=\"adsbygoogle\" style=\"display:block;\" data-ad-client=\"ca-pub-7733425960004873\" \ndata-ad-slot=\"2582020599\" \ndata-ad-format=\"auto\"><\/ins>\n<script> \n(adsbygoogle = window.adsbygoogle || []).push({}); \n<\/script>\n<\/div><div class=\"newss-article-1\" id=\"newss-2659754600\"><script async src=\"https:\/\/pagead2.googlesyndication.com\/pagead\/js\/adsbygoogle.js?client=ca-pub-7733425960004873\"\r\n     crossorigin=\"anonymous\"><\/script>\r\n<!-- Homepage2 -->\r\n<ins class=\"adsbygoogle\"\r\n     style=\"display:block\"\r\n     data-ad-client=\"ca-pub-7733425960004873\"\r\n     data-ad-slot=\"2582020599\"\r\n     data-ad-format=\"auto\"\r\n     data-full-width-responsive=\"true\"><\/ins>\r\n<script>\r\n     (adsbygoogle = window.adsbygoogle || []).push({});\r\n<\/script><\/div>\n","protected":false},"excerpt":{"rendered":"<p>Showrunner der Better Call Saul Serie Vince Gilligan und Peter Gould lassen sich nicht in die Karten schauen, sind aber prinzipiell&#8230; Mehr auf Newsslash.com!<\/p>\n","protected":false},"author":6,"featured_media":21974,"comment_status":"open","ping_status":"open","sticky":false,"template":"","format":"standard","meta":{"_et_pb_use_builder":"","_et_pb_old_content":"","_et_gb_content_width":"","footnotes":""},"class_list":["post-11497","post","type-post","status-publish","format-standard","has-post-thumbnail","hentry","category-blog"],"yoast_head":"<!-- This site is optimized with the Yoast SEO plugin v24.8.1 - https:\/\/yoast.com\/wordpress\/plugins\/seo\/ -->\n<title>Better Call Saul Staffel 3: Fring ab erster Folge dabei? - Newsslash<\/title>\n<meta name=\"robots\" content=\"noindex, follow\" \/>\n<meta property=\"og:locale\" content=\"en_US\" \/>\n<meta property=\"og:type\" content=\"article\" \/>\n<meta property=\"og:title\" content=\"Better Call Saul Staffel 3: Fring ab erster Folge dabei? - Newsslash\" \/>\n<meta property=\"og:description\" content=\"Showrunner der Better Call Saul Serie Vince Gilligan und Peter Gould lassen sich nicht in die Karten schauen, sind aber prinzipiell... Mehr auf Newsslash.com!\" \/>\n<meta property=\"og:url\" content=\"https:\/\/newsslash.com\/n\/8601-better-call-saul-staffel-3-fring-ab-erster-folge-dabei\/\" \/>\n<meta property=\"og:site_name\" content=\"Newsslash\" \/>\n<meta property=\"article:published_time\" content=\"2016-11-15T17:43:00+00:00\" \/>\n<meta property=\"og:image\" content=\"https:\/\/newsslash.com\/n\/wp-content\/uploads\/2025\/04\/NewsSlash-Featured-Image.jpg\" \/>\n\t<meta property=\"og:image:width\" content=\"1280\" \/>\n\t<meta property=\"og:image:height\" content=\"854\" \/>\n\t<meta property=\"og:image:type\" content=\"image\/jpeg\" \/>\n<meta name=\"author\" content=\"Daniel S\" \/>\n<meta name=\"twitter:card\" content=\"summary_large_image\" \/>\n<meta name=\"twitter:label1\" content=\"Written by\" \/>\n\t<meta name=\"twitter:data1\" content=\"Daniel S\" \/>\n\t<meta name=\"twitter:label2\" content=\"Est. reading time\" \/>\n\t<meta name=\"twitter:data2\" content=\"1 minute\" \/>\n<script type=\"application\/ld+json\" class=\"yoast-schema-graph\">{\"@context\":\"https:\/\/schema.org\",\"@graph\":[{\"@type\":\"Article\",\"@id\":\"https:\/\/newsslash.com\/n\/8601-better-call-saul-staffel-3-fring-ab-erster-folge-dabei\/#article\",\"isPartOf\":{\"@id\":\"https:\/\/newsslash.com\/n\/8601-better-call-saul-staffel-3-fring-ab-erster-folge-dabei\/\"},\"author\":{\"name\":\"Daniel S\",\"@id\":\"https:\/\/newsslash.com\/n\/#\/schema\/person\/80a404decadf9e49aa360e11977c32f2\"},\"headline\":\"Better Call Saul Staffel 3: Fring ab erster Folge dabei?\",\"datePublished\":\"2016-11-15T17:43:00+00:00\",\"mainEntityOfPage\":{\"@id\":\"https:\/\/newsslash.com\/n\/8601-better-call-saul-staffel-3-fring-ab-erster-folge-dabei\/\"},\"wordCount\":287,\"commentCount\":0,\"publisher\":{\"@id\":\"https:\/\/newsslash.com\/n\/#organization\"},\"image\":{\"@id\":\"https:\/\/newsslash.com\/n\/8601-better-call-saul-staffel-3-fring-ab-erster-folge-dabei\/#primaryimage\"},\"thumbnailUrl\":\"https:\/\/newsslash.com\/n\/wp-content\/uploads\/2025\/04\/NewsSlash-Featured-Image.jpg\",\"articleSection\":[\"Blog\"],\"inLanguage\":\"en-US\",\"potentialAction\":[{\"@type\":\"CommentAction\",\"name\":\"Comment\",\"target\":[\"https:\/\/newsslash.com\/n\/8601-better-call-saul-staffel-3-fring-ab-erster-folge-dabei\/#respond\"]}]},{\"@type\":\"WebPage\",\"@id\":\"https:\/\/newsslash.com\/n\/8601-better-call-saul-staffel-3-fring-ab-erster-folge-dabei\/\",\"url\":\"https:\/\/newsslash.com\/n\/8601-better-call-saul-staffel-3-fring-ab-erster-folge-dabei\/\",\"name\":\"Better Call Saul Staffel 3: Fring ab erster Folge dabei? - Newsslash\",\"isPartOf\":{\"@id\":\"https:\/\/newsslash.com\/n\/#website\"},\"primaryImageOfPage\":{\"@id\":\"https:\/\/newsslash.com\/n\/8601-better-call-saul-staffel-3-fring-ab-erster-folge-dabei\/#primaryimage\"},\"image\":{\"@id\":\"https:\/\/newsslash.com\/n\/8601-better-call-saul-staffel-3-fring-ab-erster-folge-dabei\/#primaryimage\"},\"thumbnailUrl\":\"https:\/\/newsslash.com\/n\/wp-content\/uploads\/2025\/04\/NewsSlash-Featured-Image.jpg\",\"datePublished\":\"2016-11-15T17:43:00+00:00\",\"breadcrumb\":{\"@id\":\"https:\/\/newsslash.com\/n\/8601-better-call-saul-staffel-3-fring-ab-erster-folge-dabei\/#breadcrumb\"},\"inLanguage\":\"en-US\",\"potentialAction\":[{\"@type\":\"ReadAction\",\"target\":[\"https:\/\/newsslash.com\/n\/8601-better-call-saul-staffel-3-fring-ab-erster-folge-dabei\/\"]}]},{\"@type\":\"ImageObject\",\"inLanguage\":\"en-US\",\"@id\":\"https:\/\/newsslash.com\/n\/8601-better-call-saul-staffel-3-fring-ab-erster-folge-dabei\/#primaryimage\",\"url\":\"https:\/\/newsslash.com\/n\/wp-content\/uploads\/2025\/04\/NewsSlash-Featured-Image.jpg\",\"contentUrl\":\"https:\/\/newsslash.com\/n\/wp-content\/uploads\/2025\/04\/NewsSlash-Featured-Image.jpg\",\"width\":1280,\"height\":854},{\"@type\":\"BreadcrumbList\",\"@id\":\"https:\/\/newsslash.com\/n\/8601-better-call-saul-staffel-3-fring-ab-erster-folge-dabei\/#breadcrumb\",\"itemListElement\":[{\"@type\":\"ListItem\",\"position\":1,\"name\":\"Home\",\"item\":\"https:\/\/newsslash.com\/n\/\"},{\"@type\":\"ListItem\",\"position\":2,\"name\":\"Better Call Saul Staffel 3: Fring ab erster Folge dabei?\"}]},{\"@type\":\"WebSite\",\"@id\":\"https:\/\/newsslash.com\/n\/#website\",\"url\":\"https:\/\/newsslash.com\/n\/\",\"name\":\"Newsslash\",\"description\":\"Trending News on Movies, Series, OTT, Gaming\",\"publisher\":{\"@id\":\"https:\/\/newsslash.com\/n\/#organization\"},\"potentialAction\":[{\"@type\":\"SearchAction\",\"target\":{\"@type\":\"EntryPoint\",\"urlTemplate\":\"https:\/\/newsslash.com\/n\/?s={search_term_string}\"},\"query-input\":{\"@type\":\"PropertyValueSpecification\",\"valueRequired\":true,\"valueName\":\"search_term_string\"}}],\"inLanguage\":\"en-US\"},{\"@type\":\"Organization\",\"@id\":\"https:\/\/newsslash.com\/n\/#organization\",\"name\":\"Newsslash\",\"url\":\"https:\/\/newsslash.com\/n\/\",\"logo\":{\"@type\":\"ImageObject\",\"inLanguage\":\"en-US\",\"@id\":\"https:\/\/newsslash.com\/n\/#\/schema\/logo\/image\/\",\"url\":\"https:\/\/newsslash.com\/n\/wp-content\/uploads\/2025\/04\/cropped-Newsslash-logo-Fevicon.png\",\"contentUrl\":\"https:\/\/newsslash.com\/n\/wp-content\/uploads\/2025\/04\/cropped-Newsslash-logo-Fevicon.png\",\"width\":512,\"height\":512,\"caption\":\"Newsslash\"},\"image\":{\"@id\":\"https:\/\/newsslash.com\/n\/#\/schema\/logo\/image\/\"}},{\"@type\":\"Person\",\"@id\":\"https:\/\/newsslash.com\/n\/#\/schema\/person\/80a404decadf9e49aa360e11977c32f2\",\"name\":\"Daniel S\",\"sameAs\":[\"https:\/\/newsslash.com\"],\"url\":\"https:\/\/newsslash.com\/n\/author\/daniel_s\/\"}]}<\/script>\n<!-- \/ Yoast SEO plugin. -->","yoast_head_json":{"title":"Better Call Saul Staffel 3: Fring ab erster Folge dabei? - Newsslash","robots":{"index":"noindex","follow":"follow"},"og_locale":"en_US","og_type":"article","og_title":"Better Call Saul Staffel 3: Fring ab erster Folge dabei? - Newsslash","og_description":"Showrunner der Better Call Saul Serie Vince Gilligan und Peter Gould lassen sich nicht in die Karten schauen, sind aber prinzipiell... Mehr auf Newsslash.com!","og_url":"https:\/\/newsslash.com\/n\/8601-better-call-saul-staffel-3-fring-ab-erster-folge-dabei\/","og_site_name":"Newsslash","article_published_time":"2016-11-15T17:43:00+00:00","og_image":[{"width":1280,"height":854,"url":"https:\/\/newsslash.com\/n\/wp-content\/uploads\/2025\/04\/NewsSlash-Featured-Image.jpg","type":"image\/jpeg"}],"author":"Daniel S","twitter_card":"summary_large_image","twitter_misc":{"Written by":"Daniel S","Est. reading time":"1 minute"},"schema":{"@context":"https:\/\/schema.org","@graph":[{"@type":"Article","@id":"https:\/\/newsslash.com\/n\/8601-better-call-saul-staffel-3-fring-ab-erster-folge-dabei\/#article","isPartOf":{"@id":"https:\/\/newsslash.com\/n\/8601-better-call-saul-staffel-3-fring-ab-erster-folge-dabei\/"},"author":{"name":"Daniel S","@id":"https:\/\/newsslash.com\/n\/#\/schema\/person\/80a404decadf9e49aa360e11977c32f2"},"headline":"Better Call Saul Staffel 3: Fring ab erster Folge dabei?","datePublished":"2016-11-15T17:43:00+00:00","mainEntityOfPage":{"@id":"https:\/\/newsslash.com\/n\/8601-better-call-saul-staffel-3-fring-ab-erster-folge-dabei\/"},"wordCount":287,"commentCount":0,"publisher":{"@id":"https:\/\/newsslash.com\/n\/#organization"},"image":{"@id":"https:\/\/newsslash.com\/n\/8601-better-call-saul-staffel-3-fring-ab-erster-folge-dabei\/#primaryimage"},"thumbnailUrl":"https:\/\/newsslash.com\/n\/wp-content\/uploads\/2025\/04\/NewsSlash-Featured-Image.jpg","articleSection":["Blog"],"inLanguage":"en-US","potentialAction":[{"@type":"CommentAction","name":"Comment","target":["https:\/\/newsslash.com\/n\/8601-better-call-saul-staffel-3-fring-ab-erster-folge-dabei\/#respond"]}]},{"@type":"WebPage","@id":"https:\/\/newsslash.com\/n\/8601-better-call-saul-staffel-3-fring-ab-erster-folge-dabei\/","url":"https:\/\/newsslash.com\/n\/8601-better-call-saul-staffel-3-fring-ab-erster-folge-dabei\/","name":"Better Call Saul Staffel 3: Fring ab erster Folge dabei? - Newsslash","isPartOf":{"@id":"https:\/\/newsslash.com\/n\/#website"},"primaryImageOfPage":{"@id":"https:\/\/newsslash.com\/n\/8601-better-call-saul-staffel-3-fring-ab-erster-folge-dabei\/#primaryimage"},"image":{"@id":"https:\/\/newsslash.com\/n\/8601-better-call-saul-staffel-3-fring-ab-erster-folge-dabei\/#primaryimage"},"thumbnailUrl":"https:\/\/newsslash.com\/n\/wp-content\/uploads\/2025\/04\/NewsSlash-Featured-Image.jpg","datePublished":"2016-11-15T17:43:00+00:00","breadcrumb":{"@id":"https:\/\/newsslash.com\/n\/8601-better-call-saul-staffel-3-fring-ab-erster-folge-dabei\/#breadcrumb"},"inLanguage":"en-US","potentialAction":[{"@type":"ReadAction","target":["https:\/\/newsslash.com\/n\/8601-better-call-saul-staffel-3-fring-ab-erster-folge-dabei\/"]}]},{"@type":"ImageObject","inLanguage":"en-US","@id":"https:\/\/newsslash.com\/n\/8601-better-call-saul-staffel-3-fring-ab-erster-folge-dabei\/#primaryimage","url":"https:\/\/newsslash.com\/n\/wp-content\/uploads\/2025\/04\/NewsSlash-Featured-Image.jpg","contentUrl":"https:\/\/newsslash.com\/n\/wp-content\/uploads\/2025\/04\/NewsSlash-Featured-Image.jpg","width":1280,"height":854},{"@type":"BreadcrumbList","@id":"https:\/\/newsslash.com\/n\/8601-better-call-saul-staffel-3-fring-ab-erster-folge-dabei\/#breadcrumb","itemListElement":[{"@type":"ListItem","position":1,"name":"Home","item":"https:\/\/newsslash.com\/n\/"},{"@type":"ListItem","position":2,"name":"Better Call Saul Staffel 3: Fring ab erster Folge dabei?"}]},{"@type":"WebSite","@id":"https:\/\/newsslash.com\/n\/#website","url":"https:\/\/newsslash.com\/n\/","name":"Newsslash","description":"Trending News on Movies, Series, OTT, Gaming","publisher":{"@id":"https:\/\/newsslash.com\/n\/#organization"},"potentialAction":[{"@type":"SearchAction","target":{"@type":"EntryPoint","urlTemplate":"https:\/\/newsslash.com\/n\/?s={search_term_string}"},"query-input":{"@type":"PropertyValueSpecification","valueRequired":true,"valueName":"search_term_string"}}],"inLanguage":"en-US"},{"@type":"Organization","@id":"https:\/\/newsslash.com\/n\/#organization","name":"Newsslash","url":"https:\/\/newsslash.com\/n\/","logo":{"@type":"ImageObject","inLanguage":"en-US","@id":"https:\/\/newsslash.com\/n\/#\/schema\/logo\/image\/","url":"https:\/\/newsslash.com\/n\/wp-content\/uploads\/2025\/04\/cropped-Newsslash-logo-Fevicon.png","contentUrl":"https:\/\/newsslash.com\/n\/wp-content\/uploads\/2025\/04\/cropped-Newsslash-logo-Fevicon.png","width":512,"height":512,"caption":"Newsslash"},"image":{"@id":"https:\/\/newsslash.com\/n\/#\/schema\/logo\/image\/"}},{"@type":"Person","@id":"https:\/\/newsslash.com\/n\/#\/schema\/person\/80a404decadf9e49aa360e11977c32f2","name":"Daniel S","sameAs":["https:\/\/newsslash.com"],"url":"https:\/\/newsslash.com\/n\/author\/daniel_s\/"}]}},"_links":{"self":[{"href":"https:\/\/newsslash.com\/n\/wp-json\/wp\/v2\/posts\/11497","targetHints":{"allow":["GET"]}}],"collection":[{"href":"https:\/\/newsslash.com\/n\/wp-json\/wp\/v2\/posts"}],"about":[{"href":"https:\/\/newsslash.com\/n\/wp-json\/wp\/v2\/types\/post"}],"author":[{"embeddable":true,"href":"https:\/\/newsslash.com\/n\/wp-json\/wp\/v2\/users\/6"}],"replies":[{"embeddable":true,"href":"https:\/\/newsslash.com\/n\/wp-json\/wp\/v2\/comments?post=11497"}],"version-history":[{"count":0,"href":"https:\/\/newsslash.com\/n\/wp-json\/wp\/v2\/posts\/11497\/revisions"}],"wp:featuredmedia":[{"embeddable":true,"href":"https:\/\/newsslash.com\/n\/wp-json\/wp\/v2\/media\/21974"}],"wp:attachment":[{"href":"https:\/\/newsslash.com\/n\/wp-json\/wp\/v2\/media?parent=11497"}],"curies":[{"name":"wp","href":"https:\/\/api.w.org\/{rel}","templated":true}]}}