{"id":11600,"date":"2016-11-30T18:15:00","date_gmt":"2016-11-30T18:15:00","guid":{"rendered":"https:\/\/newsslash.com\/n\/8682-vikings-staffel-4-teil-2-startet-morgen-auf-amazon-prime-video\/"},"modified":"2016-11-30T18:15:00","modified_gmt":"2016-11-30T18:15:00","slug":"8682-vikings-staffel-4-teil-2-startet-morgen-auf-amazon-prime-video","status":"publish","type":"post","link":"https:\/\/newsslash.com\/n\/8682-vikings-staffel-4-teil-2-startet-morgen-auf-amazon-prime-video\/","title":{"rendered":"Vikings Staffel 4 Teil 2 startet morgen auf Amazon Prime &#8230;"},"content":{"rendered":"<p>Morgen ist es soweit! Was f\u00c3\u00bcr Wikinger-Fans das vorweihnachtliche Seriengeschenk darstellt, ist f\u00c3\u00bcr Amazon Prime der Release des 2. Teils der vierten Staffel Vikings. Vikings Staffel 4 Teil 2 startet am 30. November im US amerikanischen History Channel und einen Tag sp\u00c3\u00a4ter in unseren Breitengraden, also am 1. Dezember im deutschsprachigen Amazon Prime Video. Luxus, bedenkt man, dass Amazon seine Serien normalerweise ja erst ca. ein Jahr sp\u00c3\u00a4ter ausstrahlt. Schaut euch passend zum Start des zweiten Teils noch einmal den Trailer um Ragnar Lothbrok (Travis Fimmel) und seine Wikinger-Freunde \/ Feinde an, um euch auf die w\u00c3\u00b6chentlich neu erscheinenden Folgen einzustimmen. <iframe loading=\"lazy\" allowfullscreen=\"\" frameborder=\"0\" height=\"315\" src=\"https:\/\/www.youtube-nocookie.com\/embed\/G3DwTh_aPKw\" width=\"100%\"><\/iframe> Alle bisherigen Staffeln sind ebenfalls \u00c3\u00bcber Amazon Prime Video verf\u00c3\u00bcgbar. Ob beziehungsweise wann Vikings noch einmal eine Chance im deutschen Free-TV bekommt ist nicht klar. Auch ob Netflix die Serie in sein Sortiment \u00c3\u00bcbernimmt bleibt der Zukunft \u00c3\u00bcberlassen. Genauso wie im ersten Teil werden auch im zweiten die bekannten Charaktere wie Travis Fimmel (Ragnar Lothbrok), Alexander Ludwig (Bjorn)Katheryn Winnick (Lagertha Lothbrok) und Clive Standen (Rollo Lothbork) mitspielen. Auch Fans der Tudor-Serie d\u00c3\u00bcrfen auf den zweiten Teil der vierten Staffel und die anschlie\u00c3\u0178ende f\u00c3\u00bcnfte Staffel gespannt sein, denn Golden Globe Gewinner Jonathan Rhys Meyers der Ur-B\u00c3\u00b6sewicht aus Die Tudors wird in Staffel 5 mitmischen. Und wer wei\u00c3\u0178 schon, ob er nicht sogar in den nun folgenden Episoden vorgestellt wird.<\/p><div class=\"newss-content\" id=\"newss-1387349615\"><script async src=\"\/\/pagead2.googlesyndication.com\/pagead\/js\/adsbygoogle.js?client=ca-pub-7733425960004873\" crossorigin=\"anonymous\"><\/script><ins class=\"adsbygoogle\" style=\"display:block;\" data-ad-client=\"ca-pub-7733425960004873\" \ndata-ad-slot=\"2582020599\" \ndata-ad-format=\"auto\"><\/ins>\n<script> \n(adsbygoogle = window.adsbygoogle || []).push({}); \n<\/script>\n<\/div><div class=\"newss-article-1\" id=\"newss-3622511999\"><script async src=\"https:\/\/pagead2.googlesyndication.com\/pagead\/js\/adsbygoogle.js?client=ca-pub-7733425960004873\"\r\n     crossorigin=\"anonymous\"><\/script>\r\n<!-- Homepage2 -->\r\n<ins class=\"adsbygoogle\"\r\n     style=\"display:block\"\r\n     data-ad-client=\"ca-pub-7733425960004873\"\r\n     data-ad-slot=\"2582020599\"\r\n     data-ad-format=\"auto\"\r\n     data-full-width-responsive=\"true\"><\/ins>\r\n<script>\r\n     (adsbygoogle = window.adsbygoogle || []).push({});\r\n<\/script><\/div>\n","protected":false},"excerpt":{"rendered":"<p>Das Wikinger-Epos Vikings Staffel 4 geht in die 2. Runde. Es gibt brandneue News zu Vikings Season 4 Second half. Au\u00c3\u0178erdem die&#8230; Mehr auf Newsslash.com!<\/p>\n","protected":false},"author":6,"featured_media":21974,"comment_status":"open","ping_status":"open","sticky":false,"template":"","format":"standard","meta":{"_et_pb_use_builder":"","_et_pb_old_content":"","_et_gb_content_width":"","footnotes":""},"class_list":["post-11600","post","type-post","status-publish","format-standard","has-post-thumbnail","hentry","category-blog"],"yoast_head":"<!-- This site is optimized with the Yoast SEO plugin v24.8.1 - https:\/\/yoast.com\/wordpress\/plugins\/seo\/ -->\n<title>Vikings Staffel 4 Teil 2 startet morgen auf Amazon Prime ... - Newsslash<\/title>\n<meta name=\"robots\" content=\"noindex, follow\" \/>\n<meta property=\"og:locale\" content=\"en_US\" \/>\n<meta property=\"og:type\" content=\"article\" \/>\n<meta property=\"og:title\" content=\"Vikings Staffel 4 Teil 2 startet morgen auf Amazon Prime ... - Newsslash\" \/>\n<meta property=\"og:description\" content=\"Das Wikinger-Epos Vikings Staffel 4 geht in die 2. Runde. Es gibt brandneue News zu Vikings Season 4 Second half. Au\u00c3\u0178erdem die... Mehr auf Newsslash.com!\" \/>\n<meta property=\"og:url\" content=\"https:\/\/newsslash.com\/n\/8682-vikings-staffel-4-teil-2-startet-morgen-auf-amazon-prime-video\/\" \/>\n<meta property=\"og:site_name\" content=\"Newsslash\" \/>\n<meta property=\"article:published_time\" content=\"2016-11-30T18:15:00+00:00\" \/>\n<meta property=\"og:image\" content=\"https:\/\/newsslash.com\/n\/wp-content\/uploads\/2025\/04\/NewsSlash-Featured-Image.jpg\" \/>\n\t<meta property=\"og:image:width\" content=\"1280\" \/>\n\t<meta property=\"og:image:height\" content=\"854\" \/>\n\t<meta property=\"og:image:type\" content=\"image\/jpeg\" \/>\n<meta name=\"author\" content=\"Daniel S\" \/>\n<meta name=\"twitter:card\" content=\"summary_large_image\" \/>\n<meta name=\"twitter:label1\" content=\"Written by\" \/>\n\t<meta name=\"twitter:data1\" content=\"Daniel S\" \/>\n\t<meta name=\"twitter:label2\" content=\"Est. reading time\" \/>\n\t<meta name=\"twitter:data2\" content=\"1 minute\" \/>\n<script type=\"application\/ld+json\" class=\"yoast-schema-graph\">{\"@context\":\"https:\/\/schema.org\",\"@graph\":[{\"@type\":\"Article\",\"@id\":\"https:\/\/newsslash.com\/n\/8682-vikings-staffel-4-teil-2-startet-morgen-auf-amazon-prime-video\/#article\",\"isPartOf\":{\"@id\":\"https:\/\/newsslash.com\/n\/8682-vikings-staffel-4-teil-2-startet-morgen-auf-amazon-prime-video\/\"},\"author\":{\"name\":\"Daniel S\",\"@id\":\"https:\/\/newsslash.com\/n\/#\/schema\/person\/80a404decadf9e49aa360e11977c32f2\"},\"headline\":\"Vikings Staffel 4 Teil 2 startet morgen auf Amazon Prime &#8230;\",\"datePublished\":\"2016-11-30T18:15:00+00:00\",\"mainEntityOfPage\":{\"@id\":\"https:\/\/newsslash.com\/n\/8682-vikings-staffel-4-teil-2-startet-morgen-auf-amazon-prime-video\/\"},\"wordCount\":231,\"commentCount\":0,\"publisher\":{\"@id\":\"https:\/\/newsslash.com\/n\/#organization\"},\"image\":{\"@id\":\"https:\/\/newsslash.com\/n\/8682-vikings-staffel-4-teil-2-startet-morgen-auf-amazon-prime-video\/#primaryimage\"},\"thumbnailUrl\":\"https:\/\/newsslash.com\/n\/wp-content\/uploads\/2025\/04\/NewsSlash-Featured-Image.jpg\",\"articleSection\":[\"Blog\"],\"inLanguage\":\"en-US\",\"potentialAction\":[{\"@type\":\"CommentAction\",\"name\":\"Comment\",\"target\":[\"https:\/\/newsslash.com\/n\/8682-vikings-staffel-4-teil-2-startet-morgen-auf-amazon-prime-video\/#respond\"]}]},{\"@type\":\"WebPage\",\"@id\":\"https:\/\/newsslash.com\/n\/8682-vikings-staffel-4-teil-2-startet-morgen-auf-amazon-prime-video\/\",\"url\":\"https:\/\/newsslash.com\/n\/8682-vikings-staffel-4-teil-2-startet-morgen-auf-amazon-prime-video\/\",\"name\":\"Vikings Staffel 4 Teil 2 startet morgen auf Amazon Prime ... - Newsslash\",\"isPartOf\":{\"@id\":\"https:\/\/newsslash.com\/n\/#website\"},\"primaryImageOfPage\":{\"@id\":\"https:\/\/newsslash.com\/n\/8682-vikings-staffel-4-teil-2-startet-morgen-auf-amazon-prime-video\/#primaryimage\"},\"image\":{\"@id\":\"https:\/\/newsslash.com\/n\/8682-vikings-staffel-4-teil-2-startet-morgen-auf-amazon-prime-video\/#primaryimage\"},\"thumbnailUrl\":\"https:\/\/newsslash.com\/n\/wp-content\/uploads\/2025\/04\/NewsSlash-Featured-Image.jpg\",\"datePublished\":\"2016-11-30T18:15:00+00:00\",\"breadcrumb\":{\"@id\":\"https:\/\/newsslash.com\/n\/8682-vikings-staffel-4-teil-2-startet-morgen-auf-amazon-prime-video\/#breadcrumb\"},\"inLanguage\":\"en-US\",\"potentialAction\":[{\"@type\":\"ReadAction\",\"target\":[\"https:\/\/newsslash.com\/n\/8682-vikings-staffel-4-teil-2-startet-morgen-auf-amazon-prime-video\/\"]}]},{\"@type\":\"ImageObject\",\"inLanguage\":\"en-US\",\"@id\":\"https:\/\/newsslash.com\/n\/8682-vikings-staffel-4-teil-2-startet-morgen-auf-amazon-prime-video\/#primaryimage\",\"url\":\"https:\/\/newsslash.com\/n\/wp-content\/uploads\/2025\/04\/NewsSlash-Featured-Image.jpg\",\"contentUrl\":\"https:\/\/newsslash.com\/n\/wp-content\/uploads\/2025\/04\/NewsSlash-Featured-Image.jpg\",\"width\":1280,\"height\":854},{\"@type\":\"BreadcrumbList\",\"@id\":\"https:\/\/newsslash.com\/n\/8682-vikings-staffel-4-teil-2-startet-morgen-auf-amazon-prime-video\/#breadcrumb\",\"itemListElement\":[{\"@type\":\"ListItem\",\"position\":1,\"name\":\"Home\",\"item\":\"https:\/\/newsslash.com\/n\/\"},{\"@type\":\"ListItem\",\"position\":2,\"name\":\"Vikings Staffel 4 Teil 2 startet morgen auf Amazon Prime &#8230;\"}]},{\"@type\":\"WebSite\",\"@id\":\"https:\/\/newsslash.com\/n\/#website\",\"url\":\"https:\/\/newsslash.com\/n\/\",\"name\":\"Newsslash\",\"description\":\"Trending News on Movies, Series, OTT, Gaming\",\"publisher\":{\"@id\":\"https:\/\/newsslash.com\/n\/#organization\"},\"potentialAction\":[{\"@type\":\"SearchAction\",\"target\":{\"@type\":\"EntryPoint\",\"urlTemplate\":\"https:\/\/newsslash.com\/n\/?s={search_term_string}\"},\"query-input\":{\"@type\":\"PropertyValueSpecification\",\"valueRequired\":true,\"valueName\":\"search_term_string\"}}],\"inLanguage\":\"en-US\"},{\"@type\":\"Organization\",\"@id\":\"https:\/\/newsslash.com\/n\/#organization\",\"name\":\"Newsslash\",\"url\":\"https:\/\/newsslash.com\/n\/\",\"logo\":{\"@type\":\"ImageObject\",\"inLanguage\":\"en-US\",\"@id\":\"https:\/\/newsslash.com\/n\/#\/schema\/logo\/image\/\",\"url\":\"https:\/\/newsslash.com\/n\/wp-content\/uploads\/2025\/04\/cropped-Newsslash-logo-Fevicon.png\",\"contentUrl\":\"https:\/\/newsslash.com\/n\/wp-content\/uploads\/2025\/04\/cropped-Newsslash-logo-Fevicon.png\",\"width\":512,\"height\":512,\"caption\":\"Newsslash\"},\"image\":{\"@id\":\"https:\/\/newsslash.com\/n\/#\/schema\/logo\/image\/\"}},{\"@type\":\"Person\",\"@id\":\"https:\/\/newsslash.com\/n\/#\/schema\/person\/80a404decadf9e49aa360e11977c32f2\",\"name\":\"Daniel S\",\"sameAs\":[\"https:\/\/newsslash.com\"],\"url\":\"https:\/\/newsslash.com\/n\/author\/daniel_s\/\"}]}<\/script>\n<!-- \/ Yoast SEO plugin. -->","yoast_head_json":{"title":"Vikings Staffel 4 Teil 2 startet morgen auf Amazon Prime ... - Newsslash","robots":{"index":"noindex","follow":"follow"},"og_locale":"en_US","og_type":"article","og_title":"Vikings Staffel 4 Teil 2 startet morgen auf Amazon Prime ... - Newsslash","og_description":"Das Wikinger-Epos Vikings Staffel 4 geht in die 2. Runde. Es gibt brandneue News zu Vikings Season 4 Second half. Au\u00c3\u0178erdem die... Mehr auf Newsslash.com!","og_url":"https:\/\/newsslash.com\/n\/8682-vikings-staffel-4-teil-2-startet-morgen-auf-amazon-prime-video\/","og_site_name":"Newsslash","article_published_time":"2016-11-30T18:15:00+00:00","og_image":[{"width":1280,"height":854,"url":"https:\/\/newsslash.com\/n\/wp-content\/uploads\/2025\/04\/NewsSlash-Featured-Image.jpg","type":"image\/jpeg"}],"author":"Daniel S","twitter_card":"summary_large_image","twitter_misc":{"Written by":"Daniel S","Est. reading time":"1 minute"},"schema":{"@context":"https:\/\/schema.org","@graph":[{"@type":"Article","@id":"https:\/\/newsslash.com\/n\/8682-vikings-staffel-4-teil-2-startet-morgen-auf-amazon-prime-video\/#article","isPartOf":{"@id":"https:\/\/newsslash.com\/n\/8682-vikings-staffel-4-teil-2-startet-morgen-auf-amazon-prime-video\/"},"author":{"name":"Daniel S","@id":"https:\/\/newsslash.com\/n\/#\/schema\/person\/80a404decadf9e49aa360e11977c32f2"},"headline":"Vikings Staffel 4 Teil 2 startet morgen auf Amazon Prime &#8230;","datePublished":"2016-11-30T18:15:00+00:00","mainEntityOfPage":{"@id":"https:\/\/newsslash.com\/n\/8682-vikings-staffel-4-teil-2-startet-morgen-auf-amazon-prime-video\/"},"wordCount":231,"commentCount":0,"publisher":{"@id":"https:\/\/newsslash.com\/n\/#organization"},"image":{"@id":"https:\/\/newsslash.com\/n\/8682-vikings-staffel-4-teil-2-startet-morgen-auf-amazon-prime-video\/#primaryimage"},"thumbnailUrl":"https:\/\/newsslash.com\/n\/wp-content\/uploads\/2025\/04\/NewsSlash-Featured-Image.jpg","articleSection":["Blog"],"inLanguage":"en-US","potentialAction":[{"@type":"CommentAction","name":"Comment","target":["https:\/\/newsslash.com\/n\/8682-vikings-staffel-4-teil-2-startet-morgen-auf-amazon-prime-video\/#respond"]}]},{"@type":"WebPage","@id":"https:\/\/newsslash.com\/n\/8682-vikings-staffel-4-teil-2-startet-morgen-auf-amazon-prime-video\/","url":"https:\/\/newsslash.com\/n\/8682-vikings-staffel-4-teil-2-startet-morgen-auf-amazon-prime-video\/","name":"Vikings Staffel 4 Teil 2 startet morgen auf Amazon Prime ... - Newsslash","isPartOf":{"@id":"https:\/\/newsslash.com\/n\/#website"},"primaryImageOfPage":{"@id":"https:\/\/newsslash.com\/n\/8682-vikings-staffel-4-teil-2-startet-morgen-auf-amazon-prime-video\/#primaryimage"},"image":{"@id":"https:\/\/newsslash.com\/n\/8682-vikings-staffel-4-teil-2-startet-morgen-auf-amazon-prime-video\/#primaryimage"},"thumbnailUrl":"https:\/\/newsslash.com\/n\/wp-content\/uploads\/2025\/04\/NewsSlash-Featured-Image.jpg","datePublished":"2016-11-30T18:15:00+00:00","breadcrumb":{"@id":"https:\/\/newsslash.com\/n\/8682-vikings-staffel-4-teil-2-startet-morgen-auf-amazon-prime-video\/#breadcrumb"},"inLanguage":"en-US","potentialAction":[{"@type":"ReadAction","target":["https:\/\/newsslash.com\/n\/8682-vikings-staffel-4-teil-2-startet-morgen-auf-amazon-prime-video\/"]}]},{"@type":"ImageObject","inLanguage":"en-US","@id":"https:\/\/newsslash.com\/n\/8682-vikings-staffel-4-teil-2-startet-morgen-auf-amazon-prime-video\/#primaryimage","url":"https:\/\/newsslash.com\/n\/wp-content\/uploads\/2025\/04\/NewsSlash-Featured-Image.jpg","contentUrl":"https:\/\/newsslash.com\/n\/wp-content\/uploads\/2025\/04\/NewsSlash-Featured-Image.jpg","width":1280,"height":854},{"@type":"BreadcrumbList","@id":"https:\/\/newsslash.com\/n\/8682-vikings-staffel-4-teil-2-startet-morgen-auf-amazon-prime-video\/#breadcrumb","itemListElement":[{"@type":"ListItem","position":1,"name":"Home","item":"https:\/\/newsslash.com\/n\/"},{"@type":"ListItem","position":2,"name":"Vikings Staffel 4 Teil 2 startet morgen auf Amazon Prime &#8230;"}]},{"@type":"WebSite","@id":"https:\/\/newsslash.com\/n\/#website","url":"https:\/\/newsslash.com\/n\/","name":"Newsslash","description":"Trending News on Movies, Series, OTT, Gaming","publisher":{"@id":"https:\/\/newsslash.com\/n\/#organization"},"potentialAction":[{"@type":"SearchAction","target":{"@type":"EntryPoint","urlTemplate":"https:\/\/newsslash.com\/n\/?s={search_term_string}"},"query-input":{"@type":"PropertyValueSpecification","valueRequired":true,"valueName":"search_term_string"}}],"inLanguage":"en-US"},{"@type":"Organization","@id":"https:\/\/newsslash.com\/n\/#organization","name":"Newsslash","url":"https:\/\/newsslash.com\/n\/","logo":{"@type":"ImageObject","inLanguage":"en-US","@id":"https:\/\/newsslash.com\/n\/#\/schema\/logo\/image\/","url":"https:\/\/newsslash.com\/n\/wp-content\/uploads\/2025\/04\/cropped-Newsslash-logo-Fevicon.png","contentUrl":"https:\/\/newsslash.com\/n\/wp-content\/uploads\/2025\/04\/cropped-Newsslash-logo-Fevicon.png","width":512,"height":512,"caption":"Newsslash"},"image":{"@id":"https:\/\/newsslash.com\/n\/#\/schema\/logo\/image\/"}},{"@type":"Person","@id":"https:\/\/newsslash.com\/n\/#\/schema\/person\/80a404decadf9e49aa360e11977c32f2","name":"Daniel S","sameAs":["https:\/\/newsslash.com"],"url":"https:\/\/newsslash.com\/n\/author\/daniel_s\/"}]}},"_links":{"self":[{"href":"https:\/\/newsslash.com\/n\/wp-json\/wp\/v2\/posts\/11600","targetHints":{"allow":["GET"]}}],"collection":[{"href":"https:\/\/newsslash.com\/n\/wp-json\/wp\/v2\/posts"}],"about":[{"href":"https:\/\/newsslash.com\/n\/wp-json\/wp\/v2\/types\/post"}],"author":[{"embeddable":true,"href":"https:\/\/newsslash.com\/n\/wp-json\/wp\/v2\/users\/6"}],"replies":[{"embeddable":true,"href":"https:\/\/newsslash.com\/n\/wp-json\/wp\/v2\/comments?post=11600"}],"version-history":[{"count":0,"href":"https:\/\/newsslash.com\/n\/wp-json\/wp\/v2\/posts\/11600\/revisions"}],"wp:featuredmedia":[{"embeddable":true,"href":"https:\/\/newsslash.com\/n\/wp-json\/wp\/v2\/media\/21974"}],"wp:attachment":[{"href":"https:\/\/newsslash.com\/n\/wp-json\/wp\/v2\/media?parent=11600"}],"curies":[{"name":"wp","href":"https:\/\/api.w.org\/{rel}","templated":true}]}}