{"id":11681,"date":"2016-12-16T11:50:00","date_gmt":"2016-12-16T11:50:00","guid":{"rendered":"https:\/\/newsslash.com\/n\/8716-wann-kommt-daredevil-staffel-3-auf-netflix\/"},"modified":"2016-12-16T11:50:00","modified_gmt":"2016-12-16T11:50:00","slug":"8716-wann-kommt-daredevil-staffel-3-auf-netflix","status":"publish","type":"post","link":"https:\/\/newsslash.com\/n\/8716-wann-kommt-daredevil-staffel-3-auf-netflix\/","title":{"rendered":"Wann kommt Daredevil Staffel 3 auf Netflix?"},"content":{"rendered":"<p>Die Daredevil Staffel 3 Vorbereitung geht in die hei\u00c3\u0178e Phase \u00c3\u00bcber. W\u00c3\u00a4hrend unser blinder Rechtsanwalt Matt Murdock dank zuk\u00c3\u00bcnftigem Erzfeind Bullseye zur Hochform aufl\u00c3\u00a4uft, ist die Rolle eben jenes Erzfeindes noch gar nicht offiziell best\u00c3\u00a4tigt. Zun\u00c3\u00a4chst einmal sollte All Around Schauspieler Colin Farrell den Job \u00c3\u00bcbernehmen doch nachdem dieser sich vorwiegend Filmprojekten zuwenden wollte steht die Rolle nun wieder offen zur Bewerbung. Ersatz f\u00c3\u00bcr die Stelle gibt es zur Gen\u00c3\u00bcge. Junge Talente wie Zac Efron, Jared Leto (Requiem for a Dream) oder Jake Gyllenhaal (Nightcrawler) w\u00c3\u00a4ren erstklassige Schauspieler mit Schurkenpotential. Einiges liegt da in der Luft. Spoiler incoming. Nachdem Wegbegleiterin Elektra nicht mehr in der Serie eingebunden ist \u00c3\u00bcbernimmt Reporterin Karen Page (Deborah Ann Woll) die Rolle der Liebesgespielin Daredevils. Hoffen wir mal das die Macher der Serie sich nicht allzu strikt an den Ablauf der Comics halten; sollten sie dies jedoch doch im Sinn haben, so wird Bullseye sich Daredevils Karen Page annehmen und was das bedeutet sollte jedem klar sein. Superhelden-Fans haben die Netflix-Marvel-Serie Daredevil ins Herz geschlossen und warteten seit M\u00c3\u00a4rz schon sehns\u00c3\u00bcchtig auf die Fortsetzung. Dieser Nachfrage ist Netflix nun nachgekommen in dem sie auf der Comic Con offiziell bekanntgaben, dass die neue Daredevil Staffel 3 unterwegs ist. Nachdem sie Staffel 2 schon kurz nach Staffel 1 verk\u00c3\u00bcndeten lie\u00c3\u0178en sie sich dieses Mal Zeit und auch \u00c3\u00bcber den genauen Zeitpunkt l\u00c3\u00a4sst sich nur spekulieren. Anzunehmen ist jedoch, dass Daredevil Staffel 3 irgendwann zwischen 2018 und 2019 erscheinen wird. Warum so lange warten? Nun zun\u00c3\u00a4chst einmal released Netflix seinen ganz eigenen Avenger-Double Defenders, Iron Fist kommt ins Streaming-Programm und die Produktion einer Daredevil-Spin-off-Serie namens Marvel&#8217;s The Punisher steht vor der T\u00c3\u00bcr. Langweilig wird es da sicher nicht.<\/p><div class=\"newss-content\" id=\"newss-2640226783\"><script async src=\"\/\/pagead2.googlesyndication.com\/pagead\/js\/adsbygoogle.js?client=ca-pub-7733425960004873\" crossorigin=\"anonymous\"><\/script><ins class=\"adsbygoogle\" style=\"display:block;\" data-ad-client=\"ca-pub-7733425960004873\" \ndata-ad-slot=\"2582020599\" \ndata-ad-format=\"auto\"><\/ins>\n<script> \n(adsbygoogle = window.adsbygoogle || []).push({}); \n<\/script>\n<\/div><div class=\"newss-article-1\" id=\"newss-3813860687\"><script async src=\"https:\/\/pagead2.googlesyndication.com\/pagead\/js\/adsbygoogle.js?client=ca-pub-7733425960004873\"\r\n     crossorigin=\"anonymous\"><\/script>\r\n<!-- Homepage2 -->\r\n<ins class=\"adsbygoogle\"\r\n     style=\"display:block\"\r\n     data-ad-client=\"ca-pub-7733425960004873\"\r\n     data-ad-slot=\"2582020599\"\r\n     data-ad-format=\"auto\"\r\n     data-full-width-responsive=\"true\"><\/ins>\r\n<script>\r\n     (adsbygoogle = window.adsbygoogle || []).push({});\r\n<\/script><\/div>\n","protected":false},"excerpt":{"rendered":"<p>Daredevil Staffel 3 kommt! &#8211; Aber Wann? Wird Bullseye eingef\u00c3\u00bchrt? Und falls ja, wer spielt ihn wenn nicht Colin Farrell? Newsslash&#8230; Mehr auf Newsslash.com!<\/p>\n","protected":false},"author":6,"featured_media":21974,"comment_status":"open","ping_status":"open","sticky":false,"template":"","format":"standard","meta":{"_et_pb_use_builder":"","_et_pb_old_content":"","_et_gb_content_width":"","footnotes":""},"class_list":["post-11681","post","type-post","status-publish","format-standard","has-post-thumbnail","hentry","category-blog"],"yoast_head":"<!-- This site is optimized with the Yoast SEO plugin v24.8.1 - https:\/\/yoast.com\/wordpress\/plugins\/seo\/ -->\n<title>Wann kommt Daredevil Staffel 3 auf Netflix? - Newsslash<\/title>\n<meta name=\"robots\" content=\"noindex, follow\" \/>\n<meta property=\"og:locale\" content=\"en_US\" \/>\n<meta property=\"og:type\" content=\"article\" \/>\n<meta property=\"og:title\" content=\"Wann kommt Daredevil Staffel 3 auf Netflix? - Newsslash\" \/>\n<meta property=\"og:description\" content=\"Daredevil Staffel 3 kommt! - Aber Wann? Wird Bullseye eingef\u00c3\u00bchrt? Und falls ja, wer spielt ihn wenn nicht Colin Farrell? Newsslash... Mehr auf Newsslash.com!\" \/>\n<meta property=\"og:url\" content=\"https:\/\/newsslash.com\/n\/8716-wann-kommt-daredevil-staffel-3-auf-netflix\/\" \/>\n<meta property=\"og:site_name\" content=\"Newsslash\" \/>\n<meta property=\"article:published_time\" content=\"2016-12-16T11:50:00+00:00\" \/>\n<meta property=\"og:image\" content=\"https:\/\/newsslash.com\/n\/wp-content\/uploads\/2025\/04\/NewsSlash-Featured-Image.jpg\" \/>\n\t<meta property=\"og:image:width\" content=\"1280\" \/>\n\t<meta property=\"og:image:height\" content=\"854\" \/>\n\t<meta property=\"og:image:type\" content=\"image\/jpeg\" \/>\n<meta name=\"author\" content=\"Daniel S\" \/>\n<meta name=\"twitter:card\" content=\"summary_large_image\" \/>\n<meta name=\"twitter:label1\" content=\"Written by\" \/>\n\t<meta name=\"twitter:data1\" content=\"Daniel S\" \/>\n\t<meta name=\"twitter:label2\" content=\"Est. reading time\" \/>\n\t<meta name=\"twitter:data2\" content=\"1 minute\" \/>\n<script type=\"application\/ld+json\" class=\"yoast-schema-graph\">{\"@context\":\"https:\/\/schema.org\",\"@graph\":[{\"@type\":\"Article\",\"@id\":\"https:\/\/newsslash.com\/n\/8716-wann-kommt-daredevil-staffel-3-auf-netflix\/#article\",\"isPartOf\":{\"@id\":\"https:\/\/newsslash.com\/n\/8716-wann-kommt-daredevil-staffel-3-auf-netflix\/\"},\"author\":{\"name\":\"Daniel S\",\"@id\":\"https:\/\/newsslash.com\/n\/#\/schema\/person\/80a404decadf9e49aa360e11977c32f2\"},\"headline\":\"Wann kommt Daredevil Staffel 3 auf Netflix?\",\"datePublished\":\"2016-12-16T11:50:00+00:00\",\"mainEntityOfPage\":{\"@id\":\"https:\/\/newsslash.com\/n\/8716-wann-kommt-daredevil-staffel-3-auf-netflix\/\"},\"wordCount\":296,\"commentCount\":0,\"publisher\":{\"@id\":\"https:\/\/newsslash.com\/n\/#organization\"},\"image\":{\"@id\":\"https:\/\/newsslash.com\/n\/8716-wann-kommt-daredevil-staffel-3-auf-netflix\/#primaryimage\"},\"thumbnailUrl\":\"https:\/\/newsslash.com\/n\/wp-content\/uploads\/2025\/04\/NewsSlash-Featured-Image.jpg\",\"articleSection\":[\"Blog\"],\"inLanguage\":\"en-US\",\"potentialAction\":[{\"@type\":\"CommentAction\",\"name\":\"Comment\",\"target\":[\"https:\/\/newsslash.com\/n\/8716-wann-kommt-daredevil-staffel-3-auf-netflix\/#respond\"]}]},{\"@type\":\"WebPage\",\"@id\":\"https:\/\/newsslash.com\/n\/8716-wann-kommt-daredevil-staffel-3-auf-netflix\/\",\"url\":\"https:\/\/newsslash.com\/n\/8716-wann-kommt-daredevil-staffel-3-auf-netflix\/\",\"name\":\"Wann kommt Daredevil Staffel 3 auf Netflix? - Newsslash\",\"isPartOf\":{\"@id\":\"https:\/\/newsslash.com\/n\/#website\"},\"primaryImageOfPage\":{\"@id\":\"https:\/\/newsslash.com\/n\/8716-wann-kommt-daredevil-staffel-3-auf-netflix\/#primaryimage\"},\"image\":{\"@id\":\"https:\/\/newsslash.com\/n\/8716-wann-kommt-daredevil-staffel-3-auf-netflix\/#primaryimage\"},\"thumbnailUrl\":\"https:\/\/newsslash.com\/n\/wp-content\/uploads\/2025\/04\/NewsSlash-Featured-Image.jpg\",\"datePublished\":\"2016-12-16T11:50:00+00:00\",\"breadcrumb\":{\"@id\":\"https:\/\/newsslash.com\/n\/8716-wann-kommt-daredevil-staffel-3-auf-netflix\/#breadcrumb\"},\"inLanguage\":\"en-US\",\"potentialAction\":[{\"@type\":\"ReadAction\",\"target\":[\"https:\/\/newsslash.com\/n\/8716-wann-kommt-daredevil-staffel-3-auf-netflix\/\"]}]},{\"@type\":\"ImageObject\",\"inLanguage\":\"en-US\",\"@id\":\"https:\/\/newsslash.com\/n\/8716-wann-kommt-daredevil-staffel-3-auf-netflix\/#primaryimage\",\"url\":\"https:\/\/newsslash.com\/n\/wp-content\/uploads\/2025\/04\/NewsSlash-Featured-Image.jpg\",\"contentUrl\":\"https:\/\/newsslash.com\/n\/wp-content\/uploads\/2025\/04\/NewsSlash-Featured-Image.jpg\",\"width\":1280,\"height\":854},{\"@type\":\"BreadcrumbList\",\"@id\":\"https:\/\/newsslash.com\/n\/8716-wann-kommt-daredevil-staffel-3-auf-netflix\/#breadcrumb\",\"itemListElement\":[{\"@type\":\"ListItem\",\"position\":1,\"name\":\"Home\",\"item\":\"https:\/\/newsslash.com\/n\/\"},{\"@type\":\"ListItem\",\"position\":2,\"name\":\"Wann kommt Daredevil Staffel 3 auf Netflix?\"}]},{\"@type\":\"WebSite\",\"@id\":\"https:\/\/newsslash.com\/n\/#website\",\"url\":\"https:\/\/newsslash.com\/n\/\",\"name\":\"Newsslash\",\"description\":\"Trending News on Movies, Series, OTT, Gaming\",\"publisher\":{\"@id\":\"https:\/\/newsslash.com\/n\/#organization\"},\"potentialAction\":[{\"@type\":\"SearchAction\",\"target\":{\"@type\":\"EntryPoint\",\"urlTemplate\":\"https:\/\/newsslash.com\/n\/?s={search_term_string}\"},\"query-input\":{\"@type\":\"PropertyValueSpecification\",\"valueRequired\":true,\"valueName\":\"search_term_string\"}}],\"inLanguage\":\"en-US\"},{\"@type\":\"Organization\",\"@id\":\"https:\/\/newsslash.com\/n\/#organization\",\"name\":\"Newsslash\",\"url\":\"https:\/\/newsslash.com\/n\/\",\"logo\":{\"@type\":\"ImageObject\",\"inLanguage\":\"en-US\",\"@id\":\"https:\/\/newsslash.com\/n\/#\/schema\/logo\/image\/\",\"url\":\"https:\/\/newsslash.com\/n\/wp-content\/uploads\/2025\/04\/cropped-Newsslash-logo-Fevicon.png\",\"contentUrl\":\"https:\/\/newsslash.com\/n\/wp-content\/uploads\/2025\/04\/cropped-Newsslash-logo-Fevicon.png\",\"width\":512,\"height\":512,\"caption\":\"Newsslash\"},\"image\":{\"@id\":\"https:\/\/newsslash.com\/n\/#\/schema\/logo\/image\/\"}},{\"@type\":\"Person\",\"@id\":\"https:\/\/newsslash.com\/n\/#\/schema\/person\/80a404decadf9e49aa360e11977c32f2\",\"name\":\"Daniel S\",\"sameAs\":[\"https:\/\/newsslash.com\"],\"url\":\"https:\/\/newsslash.com\/n\/author\/daniel_s\/\"}]}<\/script>\n<!-- \/ Yoast SEO plugin. -->","yoast_head_json":{"title":"Wann kommt Daredevil Staffel 3 auf Netflix? - Newsslash","robots":{"index":"noindex","follow":"follow"},"og_locale":"en_US","og_type":"article","og_title":"Wann kommt Daredevil Staffel 3 auf Netflix? - Newsslash","og_description":"Daredevil Staffel 3 kommt! - Aber Wann? Wird Bullseye eingef\u00c3\u00bchrt? Und falls ja, wer spielt ihn wenn nicht Colin Farrell? Newsslash... Mehr auf Newsslash.com!","og_url":"https:\/\/newsslash.com\/n\/8716-wann-kommt-daredevil-staffel-3-auf-netflix\/","og_site_name":"Newsslash","article_published_time":"2016-12-16T11:50:00+00:00","og_image":[{"width":1280,"height":854,"url":"https:\/\/newsslash.com\/n\/wp-content\/uploads\/2025\/04\/NewsSlash-Featured-Image.jpg","type":"image\/jpeg"}],"author":"Daniel S","twitter_card":"summary_large_image","twitter_misc":{"Written by":"Daniel S","Est. reading time":"1 minute"},"schema":{"@context":"https:\/\/schema.org","@graph":[{"@type":"Article","@id":"https:\/\/newsslash.com\/n\/8716-wann-kommt-daredevil-staffel-3-auf-netflix\/#article","isPartOf":{"@id":"https:\/\/newsslash.com\/n\/8716-wann-kommt-daredevil-staffel-3-auf-netflix\/"},"author":{"name":"Daniel S","@id":"https:\/\/newsslash.com\/n\/#\/schema\/person\/80a404decadf9e49aa360e11977c32f2"},"headline":"Wann kommt Daredevil Staffel 3 auf Netflix?","datePublished":"2016-12-16T11:50:00+00:00","mainEntityOfPage":{"@id":"https:\/\/newsslash.com\/n\/8716-wann-kommt-daredevil-staffel-3-auf-netflix\/"},"wordCount":296,"commentCount":0,"publisher":{"@id":"https:\/\/newsslash.com\/n\/#organization"},"image":{"@id":"https:\/\/newsslash.com\/n\/8716-wann-kommt-daredevil-staffel-3-auf-netflix\/#primaryimage"},"thumbnailUrl":"https:\/\/newsslash.com\/n\/wp-content\/uploads\/2025\/04\/NewsSlash-Featured-Image.jpg","articleSection":["Blog"],"inLanguage":"en-US","potentialAction":[{"@type":"CommentAction","name":"Comment","target":["https:\/\/newsslash.com\/n\/8716-wann-kommt-daredevil-staffel-3-auf-netflix\/#respond"]}]},{"@type":"WebPage","@id":"https:\/\/newsslash.com\/n\/8716-wann-kommt-daredevil-staffel-3-auf-netflix\/","url":"https:\/\/newsslash.com\/n\/8716-wann-kommt-daredevil-staffel-3-auf-netflix\/","name":"Wann kommt Daredevil Staffel 3 auf Netflix? - Newsslash","isPartOf":{"@id":"https:\/\/newsslash.com\/n\/#website"},"primaryImageOfPage":{"@id":"https:\/\/newsslash.com\/n\/8716-wann-kommt-daredevil-staffel-3-auf-netflix\/#primaryimage"},"image":{"@id":"https:\/\/newsslash.com\/n\/8716-wann-kommt-daredevil-staffel-3-auf-netflix\/#primaryimage"},"thumbnailUrl":"https:\/\/newsslash.com\/n\/wp-content\/uploads\/2025\/04\/NewsSlash-Featured-Image.jpg","datePublished":"2016-12-16T11:50:00+00:00","breadcrumb":{"@id":"https:\/\/newsslash.com\/n\/8716-wann-kommt-daredevil-staffel-3-auf-netflix\/#breadcrumb"},"inLanguage":"en-US","potentialAction":[{"@type":"ReadAction","target":["https:\/\/newsslash.com\/n\/8716-wann-kommt-daredevil-staffel-3-auf-netflix\/"]}]},{"@type":"ImageObject","inLanguage":"en-US","@id":"https:\/\/newsslash.com\/n\/8716-wann-kommt-daredevil-staffel-3-auf-netflix\/#primaryimage","url":"https:\/\/newsslash.com\/n\/wp-content\/uploads\/2025\/04\/NewsSlash-Featured-Image.jpg","contentUrl":"https:\/\/newsslash.com\/n\/wp-content\/uploads\/2025\/04\/NewsSlash-Featured-Image.jpg","width":1280,"height":854},{"@type":"BreadcrumbList","@id":"https:\/\/newsslash.com\/n\/8716-wann-kommt-daredevil-staffel-3-auf-netflix\/#breadcrumb","itemListElement":[{"@type":"ListItem","position":1,"name":"Home","item":"https:\/\/newsslash.com\/n\/"},{"@type":"ListItem","position":2,"name":"Wann kommt Daredevil Staffel 3 auf Netflix?"}]},{"@type":"WebSite","@id":"https:\/\/newsslash.com\/n\/#website","url":"https:\/\/newsslash.com\/n\/","name":"Newsslash","description":"Trending News on Movies, Series, OTT, Gaming","publisher":{"@id":"https:\/\/newsslash.com\/n\/#organization"},"potentialAction":[{"@type":"SearchAction","target":{"@type":"EntryPoint","urlTemplate":"https:\/\/newsslash.com\/n\/?s={search_term_string}"},"query-input":{"@type":"PropertyValueSpecification","valueRequired":true,"valueName":"search_term_string"}}],"inLanguage":"en-US"},{"@type":"Organization","@id":"https:\/\/newsslash.com\/n\/#organization","name":"Newsslash","url":"https:\/\/newsslash.com\/n\/","logo":{"@type":"ImageObject","inLanguage":"en-US","@id":"https:\/\/newsslash.com\/n\/#\/schema\/logo\/image\/","url":"https:\/\/newsslash.com\/n\/wp-content\/uploads\/2025\/04\/cropped-Newsslash-logo-Fevicon.png","contentUrl":"https:\/\/newsslash.com\/n\/wp-content\/uploads\/2025\/04\/cropped-Newsslash-logo-Fevicon.png","width":512,"height":512,"caption":"Newsslash"},"image":{"@id":"https:\/\/newsslash.com\/n\/#\/schema\/logo\/image\/"}},{"@type":"Person","@id":"https:\/\/newsslash.com\/n\/#\/schema\/person\/80a404decadf9e49aa360e11977c32f2","name":"Daniel S","sameAs":["https:\/\/newsslash.com"],"url":"https:\/\/newsslash.com\/n\/author\/daniel_s\/"}]}},"_links":{"self":[{"href":"https:\/\/newsslash.com\/n\/wp-json\/wp\/v2\/posts\/11681","targetHints":{"allow":["GET"]}}],"collection":[{"href":"https:\/\/newsslash.com\/n\/wp-json\/wp\/v2\/posts"}],"about":[{"href":"https:\/\/newsslash.com\/n\/wp-json\/wp\/v2\/types\/post"}],"author":[{"embeddable":true,"href":"https:\/\/newsslash.com\/n\/wp-json\/wp\/v2\/users\/6"}],"replies":[{"embeddable":true,"href":"https:\/\/newsslash.com\/n\/wp-json\/wp\/v2\/comments?post=11681"}],"version-history":[{"count":0,"href":"https:\/\/newsslash.com\/n\/wp-json\/wp\/v2\/posts\/11681\/revisions"}],"wp:featuredmedia":[{"embeddable":true,"href":"https:\/\/newsslash.com\/n\/wp-json\/wp\/v2\/media\/21974"}],"wp:attachment":[{"href":"https:\/\/newsslash.com\/n\/wp-json\/wp\/v2\/media?parent=11681"}],"curies":[{"name":"wp","href":"https:\/\/api.w.org\/{rel}","templated":true}]}}