{"id":11693,"date":"2016-12-14T11:32:00","date_gmt":"2016-12-14T11:32:00","guid":{"rendered":"https:\/\/newsslash.com\/n\/8728-wann-kommt-the-ranch-staffel-2-auf-netflix\/"},"modified":"2016-12-14T11:32:00","modified_gmt":"2016-12-14T11:32:00","slug":"8728-wann-kommt-the-ranch-staffel-2-auf-netflix","status":"publish","type":"post","link":"https:\/\/newsslash.com\/n\/8728-wann-kommt-the-ranch-staffel-2-auf-netflix\/","title":{"rendered":"Wann kommt The Ranch Staffel 2 auf Netflix?"},"content":{"rendered":"<p>The Ranch, Comedyserie und Sitcom zugleich, war Anfang April ver\u00c3\u00b6ffentlicht worden. Netflix hatte daraufhin neben den ersten 10 halbst\u00c3\u00bcndigen Episoden noch in diesem Herbst weitere 10 Folgen der ersten Staffel hinzugef\u00c3\u00bcgt; alle nur \u00c3\u00bcber Netflix abrufbar. Da dem amerikanischen VoD-Anbieter The Ranch anscheinend so viel wert ist, dass er eine zweite Staffel vom Stapel l\u00c3\u00a4sst, durfte Two and a Half Men &#8211; Star Ashton Kutcher bereits per Twitter den Start der Dreharbeiten verk\u00c3\u00bcnden. Nun d\u00c3\u00bcrfen sich Fans also auch auf die zweite Staffel freuen. Zwar gibt es f\u00c3\u00bcr The Ranch Staffel 2 noch kein genaues Release-Datum, doch Newsslash rechnet schon im Fr\u00c3\u00bchjahr 2017 mit neuem Serien- \/ Drehmaterial. Staffel 2 wird aller Voraussicht nach ca. 20 Folgen beinhalten und inhaltlich \u00c3\u00a4hnlich gestrickt sein wie Staffel 1. Die Geschichte der Serie ist schnell erz\u00c3\u00a4hlt. Ashton Kutcher, ein gescheiterter Football-Profi namens Colt Bennett, m\u00c3\u00b6chte, nachdem es mit der Sportkarriere nicht so richtig funktionieren wollte nach 15 Jahren zur\u00c3\u00bcckkommen und im Elternhaus der ehrlichen Rancharbeit fr\u00c3\u00b6nen. Sein \u00c3\u00a4lterer Bruder Jameson \u00e2\u20ac\u017eRooster\u00e2\u20ac\u0153 (Danny Masterson) unterst\u00c3\u00bctzt ihn dabei, bekommt aber selbst nichts so richtig auf die Reihe. Beau (Sam Elliott), Vater der beiden und nuschelndes Urgestein einer Klischee Ranch wie man sie sich im Bilderbuch vorstellt, ist zun\u00c3\u00a4chst nicht wirklich begeistert von der Idee seines j\u00c3\u00bcngsten Spr\u00c3\u00b6sslings. Sam Elliott d\u00c3\u00bcrfte den meisten Zuschauern auch aus diversen anderen vergangen Filmprojekten bekannt sein, siehe The Big Lebowski oder Ghost Rider. Ach ja, und dann gibt es noch Klischee-Ranch-Frau und Mutter Maggie (Debra Winger) die Bar-Besitzerin ist und ihre Jungs m\u00c3\u00bctterlich im Griff hat. Weitestgehend besteht die Serie aus witzigen Wortgefechten und schreiend komischen Situationen, wobei der Fokus auf dem weltweit bekannten Ph\u00c3\u00a4nomen des Flachwitzes beruht. Gedreht wurde The Ranch von Two and a Half Men Showrunner Don Reo und Jim Patterson (Mike and Molly). Ashton Kutcher und Danny Masterson \u00c3\u00bcbernahmen ebenfalls das Produzenten Zepter und mischen ordentlich mit in der Serie, die auch durchaus \u00e2\u20ac\u0153The Bennetts\u00e2\u20ac\u009d h\u00c3\u00a4tte hei\u00c3\u0178en k\u00c3\u00b6nnen. Gedreht wurde The Ranch mit einem Multi-Camera Set-Up, damit m\u00c3\u00b6glichst viele Kammeraperpektiven zur Verf\u00c3\u00bcgung stehen.<\/p><div class=\"newss-content\" id=\"newss-219085154\"><script async src=\"\/\/pagead2.googlesyndication.com\/pagead\/js\/adsbygoogle.js?client=ca-pub-7733425960004873\" crossorigin=\"anonymous\"><\/script><ins class=\"adsbygoogle\" style=\"display:block;\" data-ad-client=\"ca-pub-7733425960004873\" \ndata-ad-slot=\"2582020599\" \ndata-ad-format=\"auto\"><\/ins>\n<script> \n(adsbygoogle = window.adsbygoogle || []).push({}); \n<\/script>\n<\/div><div class=\"newss-article-1\" id=\"newss-1742432013\"><script async src=\"https:\/\/pagead2.googlesyndication.com\/pagead\/js\/adsbygoogle.js?client=ca-pub-7733425960004873\"\r\n     crossorigin=\"anonymous\"><\/script>\r\n<!-- Homepage2 -->\r\n<ins class=\"adsbygoogle\"\r\n     style=\"display:block\"\r\n     data-ad-client=\"ca-pub-7733425960004873\"\r\n     data-ad-slot=\"2582020599\"\r\n     data-ad-format=\"auto\"\r\n     data-full-width-responsive=\"true\"><\/ins>\r\n<script>\r\n     (adsbygoogle = window.adsbygoogle || []).push({});\r\n<\/script><\/div>\n","protected":false},"excerpt":{"rendered":"<p>Wird es ein eine zweite Staffel von The Ranch geben und falls ja, wann? Ashton Kutcher und Nuschel-Opi Danny Masterson pr\u00c3\u00a4sentieren&#8230; Mehr auf Newsslash.com!<\/p>\n","protected":false},"author":6,"featured_media":21974,"comment_status":"open","ping_status":"open","sticky":false,"template":"","format":"standard","meta":{"_et_pb_use_builder":"","_et_pb_old_content":"","_et_gb_content_width":"","footnotes":""},"class_list":["post-11693","post","type-post","status-publish","format-standard","has-post-thumbnail","hentry","category-blog"],"yoast_head":"<!-- This site is optimized with the Yoast SEO plugin v24.8.1 - https:\/\/yoast.com\/wordpress\/plugins\/seo\/ -->\n<title>Wann kommt The Ranch Staffel 2 auf Netflix? - Newsslash<\/title>\n<meta name=\"robots\" content=\"noindex, follow\" \/>\n<meta property=\"og:locale\" content=\"en_US\" \/>\n<meta property=\"og:type\" content=\"article\" \/>\n<meta property=\"og:title\" content=\"Wann kommt The Ranch Staffel 2 auf Netflix? - Newsslash\" \/>\n<meta property=\"og:description\" content=\"Wird es ein eine zweite Staffel von The Ranch geben und falls ja, wann? Ashton Kutcher und Nuschel-Opi Danny Masterson pr\u00c3\u00a4sentieren... Mehr auf Newsslash.com!\" \/>\n<meta property=\"og:url\" content=\"https:\/\/newsslash.com\/n\/8728-wann-kommt-the-ranch-staffel-2-auf-netflix\/\" \/>\n<meta property=\"og:site_name\" content=\"Newsslash\" \/>\n<meta property=\"article:published_time\" content=\"2016-12-14T11:32:00+00:00\" \/>\n<meta property=\"og:image\" content=\"https:\/\/newsslash.com\/n\/wp-content\/uploads\/2025\/04\/NewsSlash-Featured-Image.jpg\" \/>\n\t<meta property=\"og:image:width\" content=\"1280\" \/>\n\t<meta property=\"og:image:height\" content=\"854\" \/>\n\t<meta property=\"og:image:type\" content=\"image\/jpeg\" \/>\n<meta name=\"author\" content=\"Daniel S\" \/>\n<meta name=\"twitter:card\" content=\"summary_large_image\" \/>\n<meta name=\"twitter:label1\" content=\"Written by\" \/>\n\t<meta name=\"twitter:data1\" content=\"Daniel S\" \/>\n\t<meta name=\"twitter:label2\" content=\"Est. reading time\" \/>\n\t<meta name=\"twitter:data2\" content=\"2 minutes\" \/>\n<script type=\"application\/ld+json\" class=\"yoast-schema-graph\">{\"@context\":\"https:\/\/schema.org\",\"@graph\":[{\"@type\":\"Article\",\"@id\":\"https:\/\/newsslash.com\/n\/8728-wann-kommt-the-ranch-staffel-2-auf-netflix\/#article\",\"isPartOf\":{\"@id\":\"https:\/\/newsslash.com\/n\/8728-wann-kommt-the-ranch-staffel-2-auf-netflix\/\"},\"author\":{\"name\":\"Daniel S\",\"@id\":\"https:\/\/newsslash.com\/n\/#\/schema\/person\/80a404decadf9e49aa360e11977c32f2\"},\"headline\":\"Wann kommt The Ranch Staffel 2 auf Netflix?\",\"datePublished\":\"2016-12-14T11:32:00+00:00\",\"mainEntityOfPage\":{\"@id\":\"https:\/\/newsslash.com\/n\/8728-wann-kommt-the-ranch-staffel-2-auf-netflix\/\"},\"wordCount\":359,\"commentCount\":0,\"publisher\":{\"@id\":\"https:\/\/newsslash.com\/n\/#organization\"},\"image\":{\"@id\":\"https:\/\/newsslash.com\/n\/8728-wann-kommt-the-ranch-staffel-2-auf-netflix\/#primaryimage\"},\"thumbnailUrl\":\"https:\/\/newsslash.com\/n\/wp-content\/uploads\/2025\/04\/NewsSlash-Featured-Image.jpg\",\"articleSection\":[\"Blog\"],\"inLanguage\":\"en-US\",\"potentialAction\":[{\"@type\":\"CommentAction\",\"name\":\"Comment\",\"target\":[\"https:\/\/newsslash.com\/n\/8728-wann-kommt-the-ranch-staffel-2-auf-netflix\/#respond\"]}]},{\"@type\":\"WebPage\",\"@id\":\"https:\/\/newsslash.com\/n\/8728-wann-kommt-the-ranch-staffel-2-auf-netflix\/\",\"url\":\"https:\/\/newsslash.com\/n\/8728-wann-kommt-the-ranch-staffel-2-auf-netflix\/\",\"name\":\"Wann kommt The Ranch Staffel 2 auf Netflix? - Newsslash\",\"isPartOf\":{\"@id\":\"https:\/\/newsslash.com\/n\/#website\"},\"primaryImageOfPage\":{\"@id\":\"https:\/\/newsslash.com\/n\/8728-wann-kommt-the-ranch-staffel-2-auf-netflix\/#primaryimage\"},\"image\":{\"@id\":\"https:\/\/newsslash.com\/n\/8728-wann-kommt-the-ranch-staffel-2-auf-netflix\/#primaryimage\"},\"thumbnailUrl\":\"https:\/\/newsslash.com\/n\/wp-content\/uploads\/2025\/04\/NewsSlash-Featured-Image.jpg\",\"datePublished\":\"2016-12-14T11:32:00+00:00\",\"breadcrumb\":{\"@id\":\"https:\/\/newsslash.com\/n\/8728-wann-kommt-the-ranch-staffel-2-auf-netflix\/#breadcrumb\"},\"inLanguage\":\"en-US\",\"potentialAction\":[{\"@type\":\"ReadAction\",\"target\":[\"https:\/\/newsslash.com\/n\/8728-wann-kommt-the-ranch-staffel-2-auf-netflix\/\"]}]},{\"@type\":\"ImageObject\",\"inLanguage\":\"en-US\",\"@id\":\"https:\/\/newsslash.com\/n\/8728-wann-kommt-the-ranch-staffel-2-auf-netflix\/#primaryimage\",\"url\":\"https:\/\/newsslash.com\/n\/wp-content\/uploads\/2025\/04\/NewsSlash-Featured-Image.jpg\",\"contentUrl\":\"https:\/\/newsslash.com\/n\/wp-content\/uploads\/2025\/04\/NewsSlash-Featured-Image.jpg\",\"width\":1280,\"height\":854},{\"@type\":\"BreadcrumbList\",\"@id\":\"https:\/\/newsslash.com\/n\/8728-wann-kommt-the-ranch-staffel-2-auf-netflix\/#breadcrumb\",\"itemListElement\":[{\"@type\":\"ListItem\",\"position\":1,\"name\":\"Home\",\"item\":\"https:\/\/newsslash.com\/n\/\"},{\"@type\":\"ListItem\",\"position\":2,\"name\":\"Wann kommt The Ranch Staffel 2 auf Netflix?\"}]},{\"@type\":\"WebSite\",\"@id\":\"https:\/\/newsslash.com\/n\/#website\",\"url\":\"https:\/\/newsslash.com\/n\/\",\"name\":\"Newsslash\",\"description\":\"Trending News on Movies, Series, OTT, Gaming\",\"publisher\":{\"@id\":\"https:\/\/newsslash.com\/n\/#organization\"},\"potentialAction\":[{\"@type\":\"SearchAction\",\"target\":{\"@type\":\"EntryPoint\",\"urlTemplate\":\"https:\/\/newsslash.com\/n\/?s={search_term_string}\"},\"query-input\":{\"@type\":\"PropertyValueSpecification\",\"valueRequired\":true,\"valueName\":\"search_term_string\"}}],\"inLanguage\":\"en-US\"},{\"@type\":\"Organization\",\"@id\":\"https:\/\/newsslash.com\/n\/#organization\",\"name\":\"Newsslash\",\"url\":\"https:\/\/newsslash.com\/n\/\",\"logo\":{\"@type\":\"ImageObject\",\"inLanguage\":\"en-US\",\"@id\":\"https:\/\/newsslash.com\/n\/#\/schema\/logo\/image\/\",\"url\":\"https:\/\/newsslash.com\/n\/wp-content\/uploads\/2025\/04\/cropped-Newsslash-logo-Fevicon.png\",\"contentUrl\":\"https:\/\/newsslash.com\/n\/wp-content\/uploads\/2025\/04\/cropped-Newsslash-logo-Fevicon.png\",\"width\":512,\"height\":512,\"caption\":\"Newsslash\"},\"image\":{\"@id\":\"https:\/\/newsslash.com\/n\/#\/schema\/logo\/image\/\"}},{\"@type\":\"Person\",\"@id\":\"https:\/\/newsslash.com\/n\/#\/schema\/person\/80a404decadf9e49aa360e11977c32f2\",\"name\":\"Daniel S\",\"sameAs\":[\"https:\/\/newsslash.com\"],\"url\":\"https:\/\/newsslash.com\/n\/author\/daniel_s\/\"}]}<\/script>\n<!-- \/ Yoast SEO plugin. -->","yoast_head_json":{"title":"Wann kommt The Ranch Staffel 2 auf Netflix? - Newsslash","robots":{"index":"noindex","follow":"follow"},"og_locale":"en_US","og_type":"article","og_title":"Wann kommt The Ranch Staffel 2 auf Netflix? - Newsslash","og_description":"Wird es ein eine zweite Staffel von The Ranch geben und falls ja, wann? Ashton Kutcher und Nuschel-Opi Danny Masterson pr\u00c3\u00a4sentieren... Mehr auf Newsslash.com!","og_url":"https:\/\/newsslash.com\/n\/8728-wann-kommt-the-ranch-staffel-2-auf-netflix\/","og_site_name":"Newsslash","article_published_time":"2016-12-14T11:32:00+00:00","og_image":[{"width":1280,"height":854,"url":"https:\/\/newsslash.com\/n\/wp-content\/uploads\/2025\/04\/NewsSlash-Featured-Image.jpg","type":"image\/jpeg"}],"author":"Daniel S","twitter_card":"summary_large_image","twitter_misc":{"Written by":"Daniel S","Est. reading time":"2 minutes"},"schema":{"@context":"https:\/\/schema.org","@graph":[{"@type":"Article","@id":"https:\/\/newsslash.com\/n\/8728-wann-kommt-the-ranch-staffel-2-auf-netflix\/#article","isPartOf":{"@id":"https:\/\/newsslash.com\/n\/8728-wann-kommt-the-ranch-staffel-2-auf-netflix\/"},"author":{"name":"Daniel S","@id":"https:\/\/newsslash.com\/n\/#\/schema\/person\/80a404decadf9e49aa360e11977c32f2"},"headline":"Wann kommt The Ranch Staffel 2 auf Netflix?","datePublished":"2016-12-14T11:32:00+00:00","mainEntityOfPage":{"@id":"https:\/\/newsslash.com\/n\/8728-wann-kommt-the-ranch-staffel-2-auf-netflix\/"},"wordCount":359,"commentCount":0,"publisher":{"@id":"https:\/\/newsslash.com\/n\/#organization"},"image":{"@id":"https:\/\/newsslash.com\/n\/8728-wann-kommt-the-ranch-staffel-2-auf-netflix\/#primaryimage"},"thumbnailUrl":"https:\/\/newsslash.com\/n\/wp-content\/uploads\/2025\/04\/NewsSlash-Featured-Image.jpg","articleSection":["Blog"],"inLanguage":"en-US","potentialAction":[{"@type":"CommentAction","name":"Comment","target":["https:\/\/newsslash.com\/n\/8728-wann-kommt-the-ranch-staffel-2-auf-netflix\/#respond"]}]},{"@type":"WebPage","@id":"https:\/\/newsslash.com\/n\/8728-wann-kommt-the-ranch-staffel-2-auf-netflix\/","url":"https:\/\/newsslash.com\/n\/8728-wann-kommt-the-ranch-staffel-2-auf-netflix\/","name":"Wann kommt The Ranch Staffel 2 auf Netflix? - Newsslash","isPartOf":{"@id":"https:\/\/newsslash.com\/n\/#website"},"primaryImageOfPage":{"@id":"https:\/\/newsslash.com\/n\/8728-wann-kommt-the-ranch-staffel-2-auf-netflix\/#primaryimage"},"image":{"@id":"https:\/\/newsslash.com\/n\/8728-wann-kommt-the-ranch-staffel-2-auf-netflix\/#primaryimage"},"thumbnailUrl":"https:\/\/newsslash.com\/n\/wp-content\/uploads\/2025\/04\/NewsSlash-Featured-Image.jpg","datePublished":"2016-12-14T11:32:00+00:00","breadcrumb":{"@id":"https:\/\/newsslash.com\/n\/8728-wann-kommt-the-ranch-staffel-2-auf-netflix\/#breadcrumb"},"inLanguage":"en-US","potentialAction":[{"@type":"ReadAction","target":["https:\/\/newsslash.com\/n\/8728-wann-kommt-the-ranch-staffel-2-auf-netflix\/"]}]},{"@type":"ImageObject","inLanguage":"en-US","@id":"https:\/\/newsslash.com\/n\/8728-wann-kommt-the-ranch-staffel-2-auf-netflix\/#primaryimage","url":"https:\/\/newsslash.com\/n\/wp-content\/uploads\/2025\/04\/NewsSlash-Featured-Image.jpg","contentUrl":"https:\/\/newsslash.com\/n\/wp-content\/uploads\/2025\/04\/NewsSlash-Featured-Image.jpg","width":1280,"height":854},{"@type":"BreadcrumbList","@id":"https:\/\/newsslash.com\/n\/8728-wann-kommt-the-ranch-staffel-2-auf-netflix\/#breadcrumb","itemListElement":[{"@type":"ListItem","position":1,"name":"Home","item":"https:\/\/newsslash.com\/n\/"},{"@type":"ListItem","position":2,"name":"Wann kommt The Ranch Staffel 2 auf Netflix?"}]},{"@type":"WebSite","@id":"https:\/\/newsslash.com\/n\/#website","url":"https:\/\/newsslash.com\/n\/","name":"Newsslash","description":"Trending News on Movies, Series, OTT, Gaming","publisher":{"@id":"https:\/\/newsslash.com\/n\/#organization"},"potentialAction":[{"@type":"SearchAction","target":{"@type":"EntryPoint","urlTemplate":"https:\/\/newsslash.com\/n\/?s={search_term_string}"},"query-input":{"@type":"PropertyValueSpecification","valueRequired":true,"valueName":"search_term_string"}}],"inLanguage":"en-US"},{"@type":"Organization","@id":"https:\/\/newsslash.com\/n\/#organization","name":"Newsslash","url":"https:\/\/newsslash.com\/n\/","logo":{"@type":"ImageObject","inLanguage":"en-US","@id":"https:\/\/newsslash.com\/n\/#\/schema\/logo\/image\/","url":"https:\/\/newsslash.com\/n\/wp-content\/uploads\/2025\/04\/cropped-Newsslash-logo-Fevicon.png","contentUrl":"https:\/\/newsslash.com\/n\/wp-content\/uploads\/2025\/04\/cropped-Newsslash-logo-Fevicon.png","width":512,"height":512,"caption":"Newsslash"},"image":{"@id":"https:\/\/newsslash.com\/n\/#\/schema\/logo\/image\/"}},{"@type":"Person","@id":"https:\/\/newsslash.com\/n\/#\/schema\/person\/80a404decadf9e49aa360e11977c32f2","name":"Daniel S","sameAs":["https:\/\/newsslash.com"],"url":"https:\/\/newsslash.com\/n\/author\/daniel_s\/"}]}},"_links":{"self":[{"href":"https:\/\/newsslash.com\/n\/wp-json\/wp\/v2\/posts\/11693","targetHints":{"allow":["GET"]}}],"collection":[{"href":"https:\/\/newsslash.com\/n\/wp-json\/wp\/v2\/posts"}],"about":[{"href":"https:\/\/newsslash.com\/n\/wp-json\/wp\/v2\/types\/post"}],"author":[{"embeddable":true,"href":"https:\/\/newsslash.com\/n\/wp-json\/wp\/v2\/users\/6"}],"replies":[{"embeddable":true,"href":"https:\/\/newsslash.com\/n\/wp-json\/wp\/v2\/comments?post=11693"}],"version-history":[{"count":0,"href":"https:\/\/newsslash.com\/n\/wp-json\/wp\/v2\/posts\/11693\/revisions"}],"wp:featuredmedia":[{"embeddable":true,"href":"https:\/\/newsslash.com\/n\/wp-json\/wp\/v2\/media\/21974"}],"wp:attachment":[{"href":"https:\/\/newsslash.com\/n\/wp-json\/wp\/v2\/media?parent=11693"}],"curies":[{"name":"wp","href":"https:\/\/api.w.org\/{rel}","templated":true}]}}