{"id":11800,"date":"2017-01-02T12:00:00","date_gmt":"2017-01-02T12:00:00","guid":{"rendered":"https:\/\/newsslash.com\/n\/8814-wann-kommt-the-walking-dead-staffel-7-auf-netflix-und-amazon-prime\/"},"modified":"2017-01-02T12:00:00","modified_gmt":"2017-01-02T12:00:00","slug":"8814-wann-kommt-the-walking-dead-staffel-7-auf-netflix-und-amazon-prime","status":"publish","type":"post","link":"https:\/\/newsslash.com\/n\/8814-wann-kommt-the-walking-dead-staffel-7-auf-netflix-und-amazon-prime\/","title":{"rendered":"Wann kommt The Walking Dead Staffel 7 auf Netflix und Ama&#8230;"},"content":{"rendered":"<p>Mit The Walking Dead wurde nicht nur eine Kunstform der Zombie-Verfilmung geschaffen sondern DIE Kult-Serie rund ums Thema der Zombie-Apokalypsen. Wer von Anfang an dabei war und Rick Grimes begleitet hat, wie er so durch die Welt stolperte, immer einen Schritt schneller als seine faulig riechenden Mitmenschen (ich meine die Zombies), der wei\u00c3\u0178, dass The Walking Dead ein schier unersch\u00c3\u00b6pfliches Potenzial hat und die Storyline praktisch endlos sein k\u00c3\u00b6nnte. \u00c3\u0153berlebende trifft man st\u00c3\u00a4ndig, somit sind immer neue Charaktere integrierbar. Und was den Output angeht, nunja, da hat Robert Kirkman, Showrunner und Produzent, wohl eine ganze Sammelbox voll mit Todlosen, die er je nach Belieben ziehen kann. <ins data-ad-client=\"ca-pub-3647021458695789\" data-ad-format=\"link\" data-ad-slot=\"7996975644\" style=\"display:block\"><\/ins> Nun zu Staffel 7. Im Grunde sieht der Zeitplan f\u00c3\u00bcr Serien amerikanischer TV Sender immer \u00c3\u00a4hnlich aus. Zun\u00c3\u00a4chst werden die Serien in Deutschland meist \u00c3\u00bcber Pay-TV und dann versetzt im TV und auf VoD-Plattformen angeboten. Manchmal dauert es noch eine Weile, bis Netflix und Amazon auch die deutschen Versionen zur Verf\u00c3\u00bcgung stellen und manchmal wird global synchron ver\u00c3\u00b6ffentlicht. <b>Update:<\/b> Die neue Staffel erscheint laut Netflix am 25.10.2017 auf Netflix. Was The Walking Dead angeht, so l\u00c3\u00a4uft in den USA auf AMC gerade die siebte Staffel w\u00c3\u00a4hrend Usern in Deutschland bisher nur \u00c3\u00bcber Fox die Staffeln 1-7 und auf Netflix bzw. Amazon Prime Video die Staffeln 1-6 in deutsch angeboten werden. Geht man vom normalen Sendeplan aus, so wird Netflix Deutschland The Walking Dead mit hoher Wahrscheinlichkeit im Oktober 2017 ver\u00c3\u00b6ffentlichen. Amazon Prime zieht wohl auch mit und wird die siebte Staffel The Walking Dead ebenfalls im Oktober 2017 bereitstellen. Um Euch auf den Staffelstart einzustimmen findet ihr hier den Trailer f\u00c3\u00bcr The Walking Dead Staffel 7: <iframe loading=\"lazy\" allowfullscreen=\"\" frameborder=\"0\" height=\"315\" src=\"https:\/\/www.youtube-nocookie.com\/embed\/wGm2zwg_-NY\" width=\"100%\"><\/iframe> Besonders Negans Cliffhanger gegen Ende der sechsten Staffel l\u00c3\u00a4sst Fans dem Staffelstart entgegenfiebern. Staffel 7 wird, so verriet Showrunner Robert Kirkman, den Cliffhanger zu aller Zufriedenheit aufl\u00c3\u00b6sen &#8211; das Warten lohnt also. Und wer bis dahin seine Zeit Abseits der Streaming-Portale nutzen m\u00c3\u00b6chte und gleichzeitig nicht auf The Walking Dead Feeling verzichten kann, dem bietet das Internet eine Unmenge an n\u00c3\u00bctzlichen, kuriosen und v\u00c3\u00b6llig unn\u00c3\u00b6tigen Gadgets. Ein paar hat Newsslash f\u00c3\u00bcr euch zusammengetragen. An erster Stelle steht nat\u00c3\u00bcrlich das Survival Kit, gefolgt von Monopoly f\u00c3\u00bcr Zombie- Kapitalisten. Ansonsten gibt es Schuhe, Ponchos und sogar eine Halskette mit abgetrennt-verwesenden Ohren zu erwerben. Das reicht euch noch nicht? Gut, machen wir weiter: \u00e2\u20ac\u0153Tea\u00e2\u20ac\u009dpocalypse bietet Teesorten gegen Armbr\u00c3\u00bcche und sonstige Beschwerden, etsy, eine Stehlampe in Form einer Armbrust, Zombie-Puppen f\u00c3\u00bcr Hunde (dehnbar), Gehirn-Ohrringe, Negans Stacheldraht-Baseballschl\u00c3\u00a4ger Lucille&#8230; Ich hoffe das bietet euch einen \u00c3\u0153berblick \u00c3\u00bcber die Must-haves eines echten The Walking Dead Fans. Und zu guter Letzt noch ein kleines St\u00c3\u00bcck Zombiefilm-Geschichte: <iframe loading=\"lazy\" allowfullscreen=\"\" frameborder=\"0\" height=\"315\" src=\"https:\/\/www.youtube-nocookie.com\/embed\/5gUKvmOEGCU\" width=\"100%\"><\/iframe><\/p><div class=\"newss-content\" id=\"newss-1992331785\"><script async src=\"\/\/pagead2.googlesyndication.com\/pagead\/js\/adsbygoogle.js?client=ca-pub-7733425960004873\" crossorigin=\"anonymous\"><\/script><ins class=\"adsbygoogle\" style=\"display:block;\" data-ad-client=\"ca-pub-7733425960004873\" \ndata-ad-slot=\"2582020599\" \ndata-ad-format=\"auto\"><\/ins>\n<script> \n(adsbygoogle = window.adsbygoogle || []).push({}); \n<\/script>\n<\/div><div class=\"newss-article-1\" id=\"newss-3686931231\"><script async src=\"https:\/\/pagead2.googlesyndication.com\/pagead\/js\/adsbygoogle.js?client=ca-pub-7733425960004873\"\r\n     crossorigin=\"anonymous\"><\/script>\r\n<!-- Homepage2 -->\r\n<ins class=\"adsbygoogle\"\r\n     style=\"display:block\"\r\n     data-ad-client=\"ca-pub-7733425960004873\"\r\n     data-ad-slot=\"2582020599\"\r\n     data-ad-format=\"auto\"\r\n     data-full-width-responsive=\"true\"><\/ins>\r\n<script>\r\n     (adsbygoogle = window.adsbygoogle || []).push({});\r\n<\/script><\/div>\n","protected":false},"excerpt":{"rendered":"<p>Schon bald k\u00c3\u00b6nnen sich Fans der ber\u00c3\u00bchmtesten Zombie-Serie aller Zeiten wieder an neuem Content rund ums Thema Untote erfreuen. The&#8230; Mehr auf Newsslash.com!<\/p>\n","protected":false},"author":6,"featured_media":21974,"comment_status":"open","ping_status":"open","sticky":false,"template":"","format":"standard","meta":{"_et_pb_use_builder":"","_et_pb_old_content":"","_et_gb_content_width":"","footnotes":""},"class_list":["post-11800","post","type-post","status-publish","format-standard","has-post-thumbnail","hentry","category-blog"],"yoast_head":"<!-- This site is optimized with the Yoast SEO plugin v24.8.1 - https:\/\/yoast.com\/wordpress\/plugins\/seo\/ -->\n<title>Wann kommt The Walking Dead Staffel 7 auf Netflix und Ama... - Newsslash<\/title>\n<meta name=\"robots\" content=\"noindex, follow\" \/>\n<meta property=\"og:locale\" content=\"en_US\" \/>\n<meta property=\"og:type\" content=\"article\" \/>\n<meta property=\"og:title\" content=\"Wann kommt The Walking Dead Staffel 7 auf Netflix und Ama... - Newsslash\" \/>\n<meta property=\"og:description\" content=\"Schon bald k\u00c3\u00b6nnen sich Fans der ber\u00c3\u00bchmtesten Zombie-Serie aller Zeiten wieder an neuem Content rund ums Thema Untote erfreuen. The... Mehr auf Newsslash.com!\" \/>\n<meta property=\"og:url\" content=\"https:\/\/newsslash.com\/n\/8814-wann-kommt-the-walking-dead-staffel-7-auf-netflix-und-amazon-prime\/\" \/>\n<meta property=\"og:site_name\" content=\"Newsslash\" \/>\n<meta property=\"article:published_time\" content=\"2017-01-02T12:00:00+00:00\" \/>\n<meta property=\"og:image\" content=\"https:\/\/newsslash.com\/n\/wp-content\/uploads\/2025\/04\/NewsSlash-Featured-Image.jpg\" \/>\n\t<meta property=\"og:image:width\" content=\"1280\" \/>\n\t<meta property=\"og:image:height\" content=\"854\" \/>\n\t<meta property=\"og:image:type\" content=\"image\/jpeg\" \/>\n<meta name=\"author\" content=\"Daniel S\" \/>\n<meta name=\"twitter:card\" content=\"summary_large_image\" \/>\n<meta name=\"twitter:label1\" content=\"Written by\" \/>\n\t<meta name=\"twitter:data1\" content=\"Daniel S\" \/>\n\t<meta name=\"twitter:label2\" content=\"Est. reading time\" \/>\n\t<meta name=\"twitter:data2\" content=\"2 minutes\" \/>\n<script type=\"application\/ld+json\" class=\"yoast-schema-graph\">{\"@context\":\"https:\/\/schema.org\",\"@graph\":[{\"@type\":\"Article\",\"@id\":\"https:\/\/newsslash.com\/n\/8814-wann-kommt-the-walking-dead-staffel-7-auf-netflix-und-amazon-prime\/#article\",\"isPartOf\":{\"@id\":\"https:\/\/newsslash.com\/n\/8814-wann-kommt-the-walking-dead-staffel-7-auf-netflix-und-amazon-prime\/\"},\"author\":{\"name\":\"Daniel S\",\"@id\":\"https:\/\/newsslash.com\/n\/#\/schema\/person\/80a404decadf9e49aa360e11977c32f2\"},\"headline\":\"Wann kommt The Walking Dead Staffel 7 auf Netflix und Ama&#8230;\",\"datePublished\":\"2017-01-02T12:00:00+00:00\",\"mainEntityOfPage\":{\"@id\":\"https:\/\/newsslash.com\/n\/8814-wann-kommt-the-walking-dead-staffel-7-auf-netflix-und-amazon-prime\/\"},\"wordCount\":459,\"commentCount\":0,\"publisher\":{\"@id\":\"https:\/\/newsslash.com\/n\/#organization\"},\"image\":{\"@id\":\"https:\/\/newsslash.com\/n\/8814-wann-kommt-the-walking-dead-staffel-7-auf-netflix-und-amazon-prime\/#primaryimage\"},\"thumbnailUrl\":\"https:\/\/newsslash.com\/n\/wp-content\/uploads\/2025\/04\/NewsSlash-Featured-Image.jpg\",\"articleSection\":[\"Blog\"],\"inLanguage\":\"en-US\",\"potentialAction\":[{\"@type\":\"CommentAction\",\"name\":\"Comment\",\"target\":[\"https:\/\/newsslash.com\/n\/8814-wann-kommt-the-walking-dead-staffel-7-auf-netflix-und-amazon-prime\/#respond\"]}]},{\"@type\":\"WebPage\",\"@id\":\"https:\/\/newsslash.com\/n\/8814-wann-kommt-the-walking-dead-staffel-7-auf-netflix-und-amazon-prime\/\",\"url\":\"https:\/\/newsslash.com\/n\/8814-wann-kommt-the-walking-dead-staffel-7-auf-netflix-und-amazon-prime\/\",\"name\":\"Wann kommt The Walking Dead Staffel 7 auf Netflix und Ama... - Newsslash\",\"isPartOf\":{\"@id\":\"https:\/\/newsslash.com\/n\/#website\"},\"primaryImageOfPage\":{\"@id\":\"https:\/\/newsslash.com\/n\/8814-wann-kommt-the-walking-dead-staffel-7-auf-netflix-und-amazon-prime\/#primaryimage\"},\"image\":{\"@id\":\"https:\/\/newsslash.com\/n\/8814-wann-kommt-the-walking-dead-staffel-7-auf-netflix-und-amazon-prime\/#primaryimage\"},\"thumbnailUrl\":\"https:\/\/newsslash.com\/n\/wp-content\/uploads\/2025\/04\/NewsSlash-Featured-Image.jpg\",\"datePublished\":\"2017-01-02T12:00:00+00:00\",\"breadcrumb\":{\"@id\":\"https:\/\/newsslash.com\/n\/8814-wann-kommt-the-walking-dead-staffel-7-auf-netflix-und-amazon-prime\/#breadcrumb\"},\"inLanguage\":\"en-US\",\"potentialAction\":[{\"@type\":\"ReadAction\",\"target\":[\"https:\/\/newsslash.com\/n\/8814-wann-kommt-the-walking-dead-staffel-7-auf-netflix-und-amazon-prime\/\"]}]},{\"@type\":\"ImageObject\",\"inLanguage\":\"en-US\",\"@id\":\"https:\/\/newsslash.com\/n\/8814-wann-kommt-the-walking-dead-staffel-7-auf-netflix-und-amazon-prime\/#primaryimage\",\"url\":\"https:\/\/newsslash.com\/n\/wp-content\/uploads\/2025\/04\/NewsSlash-Featured-Image.jpg\",\"contentUrl\":\"https:\/\/newsslash.com\/n\/wp-content\/uploads\/2025\/04\/NewsSlash-Featured-Image.jpg\",\"width\":1280,\"height\":854},{\"@type\":\"BreadcrumbList\",\"@id\":\"https:\/\/newsslash.com\/n\/8814-wann-kommt-the-walking-dead-staffel-7-auf-netflix-und-amazon-prime\/#breadcrumb\",\"itemListElement\":[{\"@type\":\"ListItem\",\"position\":1,\"name\":\"Home\",\"item\":\"https:\/\/newsslash.com\/n\/\"},{\"@type\":\"ListItem\",\"position\":2,\"name\":\"Wann kommt The Walking Dead Staffel 7 auf Netflix und Ama&#8230;\"}]},{\"@type\":\"WebSite\",\"@id\":\"https:\/\/newsslash.com\/n\/#website\",\"url\":\"https:\/\/newsslash.com\/n\/\",\"name\":\"Newsslash\",\"description\":\"Trending News on Movies, Series, OTT, Gaming\",\"publisher\":{\"@id\":\"https:\/\/newsslash.com\/n\/#organization\"},\"potentialAction\":[{\"@type\":\"SearchAction\",\"target\":{\"@type\":\"EntryPoint\",\"urlTemplate\":\"https:\/\/newsslash.com\/n\/?s={search_term_string}\"},\"query-input\":{\"@type\":\"PropertyValueSpecification\",\"valueRequired\":true,\"valueName\":\"search_term_string\"}}],\"inLanguage\":\"en-US\"},{\"@type\":\"Organization\",\"@id\":\"https:\/\/newsslash.com\/n\/#organization\",\"name\":\"Newsslash\",\"url\":\"https:\/\/newsslash.com\/n\/\",\"logo\":{\"@type\":\"ImageObject\",\"inLanguage\":\"en-US\",\"@id\":\"https:\/\/newsslash.com\/n\/#\/schema\/logo\/image\/\",\"url\":\"https:\/\/newsslash.com\/n\/wp-content\/uploads\/2025\/04\/cropped-Newsslash-logo-Fevicon.png\",\"contentUrl\":\"https:\/\/newsslash.com\/n\/wp-content\/uploads\/2025\/04\/cropped-Newsslash-logo-Fevicon.png\",\"width\":512,\"height\":512,\"caption\":\"Newsslash\"},\"image\":{\"@id\":\"https:\/\/newsslash.com\/n\/#\/schema\/logo\/image\/\"}},{\"@type\":\"Person\",\"@id\":\"https:\/\/newsslash.com\/n\/#\/schema\/person\/80a404decadf9e49aa360e11977c32f2\",\"name\":\"Daniel S\",\"sameAs\":[\"https:\/\/newsslash.com\"],\"url\":\"https:\/\/newsslash.com\/n\/author\/daniel_s\/\"}]}<\/script>\n<!-- \/ Yoast SEO plugin. -->","yoast_head_json":{"title":"Wann kommt The Walking Dead Staffel 7 auf Netflix und Ama... - Newsslash","robots":{"index":"noindex","follow":"follow"},"og_locale":"en_US","og_type":"article","og_title":"Wann kommt The Walking Dead Staffel 7 auf Netflix und Ama... - Newsslash","og_description":"Schon bald k\u00c3\u00b6nnen sich Fans der ber\u00c3\u00bchmtesten Zombie-Serie aller Zeiten wieder an neuem Content rund ums Thema Untote erfreuen. The... Mehr auf Newsslash.com!","og_url":"https:\/\/newsslash.com\/n\/8814-wann-kommt-the-walking-dead-staffel-7-auf-netflix-und-amazon-prime\/","og_site_name":"Newsslash","article_published_time":"2017-01-02T12:00:00+00:00","og_image":[{"width":1280,"height":854,"url":"https:\/\/newsslash.com\/n\/wp-content\/uploads\/2025\/04\/NewsSlash-Featured-Image.jpg","type":"image\/jpeg"}],"author":"Daniel S","twitter_card":"summary_large_image","twitter_misc":{"Written by":"Daniel S","Est. reading time":"2 minutes"},"schema":{"@context":"https:\/\/schema.org","@graph":[{"@type":"Article","@id":"https:\/\/newsslash.com\/n\/8814-wann-kommt-the-walking-dead-staffel-7-auf-netflix-und-amazon-prime\/#article","isPartOf":{"@id":"https:\/\/newsslash.com\/n\/8814-wann-kommt-the-walking-dead-staffel-7-auf-netflix-und-amazon-prime\/"},"author":{"name":"Daniel S","@id":"https:\/\/newsslash.com\/n\/#\/schema\/person\/80a404decadf9e49aa360e11977c32f2"},"headline":"Wann kommt The Walking Dead Staffel 7 auf Netflix und Ama&#8230;","datePublished":"2017-01-02T12:00:00+00:00","mainEntityOfPage":{"@id":"https:\/\/newsslash.com\/n\/8814-wann-kommt-the-walking-dead-staffel-7-auf-netflix-und-amazon-prime\/"},"wordCount":459,"commentCount":0,"publisher":{"@id":"https:\/\/newsslash.com\/n\/#organization"},"image":{"@id":"https:\/\/newsslash.com\/n\/8814-wann-kommt-the-walking-dead-staffel-7-auf-netflix-und-amazon-prime\/#primaryimage"},"thumbnailUrl":"https:\/\/newsslash.com\/n\/wp-content\/uploads\/2025\/04\/NewsSlash-Featured-Image.jpg","articleSection":["Blog"],"inLanguage":"en-US","potentialAction":[{"@type":"CommentAction","name":"Comment","target":["https:\/\/newsslash.com\/n\/8814-wann-kommt-the-walking-dead-staffel-7-auf-netflix-und-amazon-prime\/#respond"]}]},{"@type":"WebPage","@id":"https:\/\/newsslash.com\/n\/8814-wann-kommt-the-walking-dead-staffel-7-auf-netflix-und-amazon-prime\/","url":"https:\/\/newsslash.com\/n\/8814-wann-kommt-the-walking-dead-staffel-7-auf-netflix-und-amazon-prime\/","name":"Wann kommt The Walking Dead Staffel 7 auf Netflix und Ama... - Newsslash","isPartOf":{"@id":"https:\/\/newsslash.com\/n\/#website"},"primaryImageOfPage":{"@id":"https:\/\/newsslash.com\/n\/8814-wann-kommt-the-walking-dead-staffel-7-auf-netflix-und-amazon-prime\/#primaryimage"},"image":{"@id":"https:\/\/newsslash.com\/n\/8814-wann-kommt-the-walking-dead-staffel-7-auf-netflix-und-amazon-prime\/#primaryimage"},"thumbnailUrl":"https:\/\/newsslash.com\/n\/wp-content\/uploads\/2025\/04\/NewsSlash-Featured-Image.jpg","datePublished":"2017-01-02T12:00:00+00:00","breadcrumb":{"@id":"https:\/\/newsslash.com\/n\/8814-wann-kommt-the-walking-dead-staffel-7-auf-netflix-und-amazon-prime\/#breadcrumb"},"inLanguage":"en-US","potentialAction":[{"@type":"ReadAction","target":["https:\/\/newsslash.com\/n\/8814-wann-kommt-the-walking-dead-staffel-7-auf-netflix-und-amazon-prime\/"]}]},{"@type":"ImageObject","inLanguage":"en-US","@id":"https:\/\/newsslash.com\/n\/8814-wann-kommt-the-walking-dead-staffel-7-auf-netflix-und-amazon-prime\/#primaryimage","url":"https:\/\/newsslash.com\/n\/wp-content\/uploads\/2025\/04\/NewsSlash-Featured-Image.jpg","contentUrl":"https:\/\/newsslash.com\/n\/wp-content\/uploads\/2025\/04\/NewsSlash-Featured-Image.jpg","width":1280,"height":854},{"@type":"BreadcrumbList","@id":"https:\/\/newsslash.com\/n\/8814-wann-kommt-the-walking-dead-staffel-7-auf-netflix-und-amazon-prime\/#breadcrumb","itemListElement":[{"@type":"ListItem","position":1,"name":"Home","item":"https:\/\/newsslash.com\/n\/"},{"@type":"ListItem","position":2,"name":"Wann kommt The Walking Dead Staffel 7 auf Netflix und Ama&#8230;"}]},{"@type":"WebSite","@id":"https:\/\/newsslash.com\/n\/#website","url":"https:\/\/newsslash.com\/n\/","name":"Newsslash","description":"Trending News on Movies, Series, OTT, Gaming","publisher":{"@id":"https:\/\/newsslash.com\/n\/#organization"},"potentialAction":[{"@type":"SearchAction","target":{"@type":"EntryPoint","urlTemplate":"https:\/\/newsslash.com\/n\/?s={search_term_string}"},"query-input":{"@type":"PropertyValueSpecification","valueRequired":true,"valueName":"search_term_string"}}],"inLanguage":"en-US"},{"@type":"Organization","@id":"https:\/\/newsslash.com\/n\/#organization","name":"Newsslash","url":"https:\/\/newsslash.com\/n\/","logo":{"@type":"ImageObject","inLanguage":"en-US","@id":"https:\/\/newsslash.com\/n\/#\/schema\/logo\/image\/","url":"https:\/\/newsslash.com\/n\/wp-content\/uploads\/2025\/04\/cropped-Newsslash-logo-Fevicon.png","contentUrl":"https:\/\/newsslash.com\/n\/wp-content\/uploads\/2025\/04\/cropped-Newsslash-logo-Fevicon.png","width":512,"height":512,"caption":"Newsslash"},"image":{"@id":"https:\/\/newsslash.com\/n\/#\/schema\/logo\/image\/"}},{"@type":"Person","@id":"https:\/\/newsslash.com\/n\/#\/schema\/person\/80a404decadf9e49aa360e11977c32f2","name":"Daniel S","sameAs":["https:\/\/newsslash.com"],"url":"https:\/\/newsslash.com\/n\/author\/daniel_s\/"}]}},"_links":{"self":[{"href":"https:\/\/newsslash.com\/n\/wp-json\/wp\/v2\/posts\/11800","targetHints":{"allow":["GET"]}}],"collection":[{"href":"https:\/\/newsslash.com\/n\/wp-json\/wp\/v2\/posts"}],"about":[{"href":"https:\/\/newsslash.com\/n\/wp-json\/wp\/v2\/types\/post"}],"author":[{"embeddable":true,"href":"https:\/\/newsslash.com\/n\/wp-json\/wp\/v2\/users\/6"}],"replies":[{"embeddable":true,"href":"https:\/\/newsslash.com\/n\/wp-json\/wp\/v2\/comments?post=11800"}],"version-history":[{"count":0,"href":"https:\/\/newsslash.com\/n\/wp-json\/wp\/v2\/posts\/11800\/revisions"}],"wp:featuredmedia":[{"embeddable":true,"href":"https:\/\/newsslash.com\/n\/wp-json\/wp\/v2\/media\/21974"}],"wp:attachment":[{"href":"https:\/\/newsslash.com\/n\/wp-json\/wp\/v2\/media?parent=11800"}],"curies":[{"name":"wp","href":"https:\/\/api.w.org\/{rel}","templated":true}]}}