{"id":11842,"date":"2016-12-17T13:50:00","date_gmt":"2016-12-17T13:50:00","guid":{"rendered":"https:\/\/newsslash.com\/n\/8849-the-man-in-the-high-castle-datum-fuer-staffel-2-steht-fest\/"},"modified":"2016-12-17T13:50:00","modified_gmt":"2016-12-17T13:50:00","slug":"8849-the-man-in-the-high-castle-datum-fuer-staffel-2-steht-fest","status":"publish","type":"post","link":"https:\/\/newsslash.com\/n\/8849-the-man-in-the-high-castle-datum-fuer-staffel-2-steht-fest\/","title":{"rendered":"The Man in the High Castle: Datum f\u00c3\u00bcr Staffel 2 steht fest!"},"content":{"rendered":"<p>Was w\u00c3\u00a4re, wenn die Alliierten den zweiten Weltkrieg verloren h\u00c3\u00a4tten? Die alternative Weltgeschichte von The Man in the High Castle geht endlich weiter: Am 13. Januar 2017 feiert die zweite Staffel des preisgekr\u00c3\u00b6nten Amazon Originals exklusiv Premiere in der deutschen Synchronfassung bei Amazon Prime Video. Die englische Originalversion ist bereits ab dem 16. Dezember exklusiv beim Video-Streaming-Service verf\u00c3\u00bcgbar. In Staffel zwei muss Juliana Crain (Alexa Davalos) die Konsequenzen ihrer Entscheidung tragen, die Widerstandsbewegung zu verraten. Sie hatte es dem mutma\u00c3\u0178lichen Nazi-Agenten Joe Blake (Luke Kleintank) erm\u00c3\u00b6glicht, mit einem Film aus den Pacific States zu fliehen, der eigentlich an den \u00e2\u20ac\u0153Mann im hohen Schloss\u00e2\u20ac\u0153 gerichtet war. Joe kehrt als Held in das Reich zur\u00c3\u00bcck und landet in der Nazi-Hauptstadt Berlin \u00e2\u20ac\u201c und bei seinem Vater, der ihn im Stich gelassen hatte. In der Zwischenzeit wird Frank Frink (Rupert Evans) immer radikaler im Widerstand, nachdem er Bilder seiner eigenen Exekution in den geheimnisvollen Filmen gesehen hat. Der vor\u00c3\u00bcbergehende Frieden zwischen Deutschland und Japan scheint zu zerbrechen. Handelsminister Tagomi (Cary-Hiroyuki Tagawa) bereut den erfolgreichen Schmuggel von Nukleartechnik aus dem Reich und sucht Trost in der seltsamen neuen Welt, die er am Ende der ersten Staffel entdeckt hat. Unterdessen versucht Obergruppenf\u00c3\u00bchrer John Smith (Rufus Sewell), die Werte des Reichs mit dem zunehmend schlechteren Gesundheitszustand seines Sohnes in Einklang zu bringen \u00e2\u20ac\u201c und das, w\u00c3\u00a4hrend er gleichzeitig mit einer Mission des F\u00c3\u00bchrers beauftragt ist, bei der er nicht versagen darf. Gleichzeitig w\u00c3\u00a4chst Chef-Inspektor Kidos (Joel de la Fuente) Interesse am \u00e2\u20ac\u017eMann im hohen Schloss\u00e2\u20ac\u0153, an den Filmen und an der Frage, was Juliana Crain mit all dem zu tun hat. Eine weitere Hauptrolle in der zweiten Staffel \u00c3\u00bcbernimmt Stephen Root. Er spielt den mysteri\u00c3\u00b6sen Abendsen, der ebenfalls in die Widerstandsbewegung verwickelt ist und die geheimnisvollen Filme sammelt, die scheinbar alternative Versionen der Wirklichkeit zeigen. In weiteren Hauptrollen zu sehen sind DJ Qualls (Roadtrip), Brennan Brown (State of Play), Bella Heathcote (Dark Shadows) and Callum Keith Rennie (Californication).<\/p><div class=\"newss-content\" id=\"newss-4215148770\"><script async src=\"\/\/pagead2.googlesyndication.com\/pagead\/js\/adsbygoogle.js?client=ca-pub-7733425960004873\" crossorigin=\"anonymous\"><\/script><ins class=\"adsbygoogle\" style=\"display:block;\" data-ad-client=\"ca-pub-7733425960004873\" \ndata-ad-slot=\"2582020599\" \ndata-ad-format=\"auto\"><\/ins>\n<script> \n(adsbygoogle = window.adsbygoogle || []).push({}); \n<\/script>\n<\/div><div class=\"newss-article-1\" id=\"newss-694197267\"><script async src=\"https:\/\/pagead2.googlesyndication.com\/pagead\/js\/adsbygoogle.js?client=ca-pub-7733425960004873\"\r\n     crossorigin=\"anonymous\"><\/script>\r\n<!-- Homepage2 -->\r\n<ins class=\"adsbygoogle\"\r\n     style=\"display:block\"\r\n     data-ad-client=\"ca-pub-7733425960004873\"\r\n     data-ad-slot=\"2582020599\"\r\n     data-ad-format=\"auto\"\r\n     data-full-width-responsive=\"true\"><\/ins>\r\n<script>\r\n     (adsbygoogle = window.adsbygoogle || []).push({});\r\n<\/script><\/div>\n","protected":false},"excerpt":{"rendered":"<p>Die zweite Staffel des preisgekr\u00c3\u00b6nten Amazon Original The Man in the High Castle geht 2017 exklusiv bei Amazon Prime Video weiter&#8230;. Mehr auf Newsslash.com!<\/p>\n","protected":false},"author":2,"featured_media":11827,"comment_status":"open","ping_status":"open","sticky":false,"template":"","format":"standard","meta":{"_et_pb_use_builder":"","_et_pb_old_content":"","_et_gb_content_width":"","footnotes":""},"class_list":["post-11842","post","type-post","status-publish","format-standard","has-post-thumbnail","hentry","category-blog"],"yoast_head":"<!-- This site is optimized with the Yoast SEO plugin v24.8.1 - https:\/\/yoast.com\/wordpress\/plugins\/seo\/ -->\n<title>The Man in the High Castle: Datum f\u00c3\u00bcr Staffel 2 steht fest! - Newsslash<\/title>\n<meta name=\"robots\" content=\"noindex, follow\" \/>\n<meta property=\"og:locale\" content=\"en_US\" \/>\n<meta property=\"og:type\" content=\"article\" \/>\n<meta property=\"og:title\" content=\"The Man in the High Castle: Datum f\u00c3\u00bcr Staffel 2 steht fest! - Newsslash\" \/>\n<meta property=\"og:description\" content=\"Die zweite Staffel des preisgekr\u00c3\u00b6nten Amazon Original The Man in the High Castle geht 2017 exklusiv bei Amazon Prime Video weiter.... Mehr auf Newsslash.com!\" \/>\n<meta property=\"og:url\" content=\"https:\/\/newsslash.com\/n\/8849-the-man-in-the-high-castle-datum-fuer-staffel-2-steht-fest\/\" \/>\n<meta property=\"og:site_name\" content=\"Newsslash\" \/>\n<meta property=\"article:published_time\" content=\"2016-12-17T13:50:00+00:00\" \/>\n<meta property=\"og:image\" content=\"https:\/\/newsslash.com\/n\/wp-content\/uploads\/2025\/04\/teaser_img_8849-1.jpg\" \/>\n\t<meta property=\"og:image:width\" content=\"617\" \/>\n\t<meta property=\"og:image:height\" content=\"349\" \/>\n\t<meta property=\"og:image:type\" content=\"image\/jpeg\" \/>\n<meta name=\"author\" content=\"Viktor Pulz\" \/>\n<meta name=\"twitter:card\" content=\"summary_large_image\" \/>\n<meta name=\"twitter:label1\" content=\"Written by\" \/>\n\t<meta name=\"twitter:data1\" content=\"Viktor Pulz\" \/>\n\t<meta name=\"twitter:label2\" content=\"Est. reading time\" \/>\n\t<meta name=\"twitter:data2\" content=\"2 minutes\" \/>\n<script type=\"application\/ld+json\" class=\"yoast-schema-graph\">{\"@context\":\"https:\/\/schema.org\",\"@graph\":[{\"@type\":\"Article\",\"@id\":\"https:\/\/newsslash.com\/n\/8849-the-man-in-the-high-castle-datum-fuer-staffel-2-steht-fest\/#article\",\"isPartOf\":{\"@id\":\"https:\/\/newsslash.com\/n\/8849-the-man-in-the-high-castle-datum-fuer-staffel-2-steht-fest\/\"},\"author\":{\"name\":\"Viktor Pulz\",\"@id\":\"https:\/\/newsslash.com\/n\/#\/schema\/person\/9710bfacfd5579c2b307825ddaad6c46\"},\"headline\":\"The Man in the High Castle: Datum f\u00c3\u00bcr Staffel 2 steht fest!\",\"datePublished\":\"2016-12-17T13:50:00+00:00\",\"mainEntityOfPage\":{\"@id\":\"https:\/\/newsslash.com\/n\/8849-the-man-in-the-high-castle-datum-fuer-staffel-2-steht-fest\/\"},\"wordCount\":342,\"commentCount\":0,\"publisher\":{\"@id\":\"https:\/\/newsslash.com\/n\/#organization\"},\"image\":{\"@id\":\"https:\/\/newsslash.com\/n\/8849-the-man-in-the-high-castle-datum-fuer-staffel-2-steht-fest\/#primaryimage\"},\"thumbnailUrl\":\"https:\/\/newsslash.com\/n\/wp-content\/uploads\/2025\/04\/teaser_img_8849-1.jpg\",\"articleSection\":[\"Blog\"],\"inLanguage\":\"en-US\",\"potentialAction\":[{\"@type\":\"CommentAction\",\"name\":\"Comment\",\"target\":[\"https:\/\/newsslash.com\/n\/8849-the-man-in-the-high-castle-datum-fuer-staffel-2-steht-fest\/#respond\"]}]},{\"@type\":\"WebPage\",\"@id\":\"https:\/\/newsslash.com\/n\/8849-the-man-in-the-high-castle-datum-fuer-staffel-2-steht-fest\/\",\"url\":\"https:\/\/newsslash.com\/n\/8849-the-man-in-the-high-castle-datum-fuer-staffel-2-steht-fest\/\",\"name\":\"The Man in the High Castle: Datum f\u00c3\u00bcr Staffel 2 steht fest! - Newsslash\",\"isPartOf\":{\"@id\":\"https:\/\/newsslash.com\/n\/#website\"},\"primaryImageOfPage\":{\"@id\":\"https:\/\/newsslash.com\/n\/8849-the-man-in-the-high-castle-datum-fuer-staffel-2-steht-fest\/#primaryimage\"},\"image\":{\"@id\":\"https:\/\/newsslash.com\/n\/8849-the-man-in-the-high-castle-datum-fuer-staffel-2-steht-fest\/#primaryimage\"},\"thumbnailUrl\":\"https:\/\/newsslash.com\/n\/wp-content\/uploads\/2025\/04\/teaser_img_8849-1.jpg\",\"datePublished\":\"2016-12-17T13:50:00+00:00\",\"breadcrumb\":{\"@id\":\"https:\/\/newsslash.com\/n\/8849-the-man-in-the-high-castle-datum-fuer-staffel-2-steht-fest\/#breadcrumb\"},\"inLanguage\":\"en-US\",\"potentialAction\":[{\"@type\":\"ReadAction\",\"target\":[\"https:\/\/newsslash.com\/n\/8849-the-man-in-the-high-castle-datum-fuer-staffel-2-steht-fest\/\"]}]},{\"@type\":\"ImageObject\",\"inLanguage\":\"en-US\",\"@id\":\"https:\/\/newsslash.com\/n\/8849-the-man-in-the-high-castle-datum-fuer-staffel-2-steht-fest\/#primaryimage\",\"url\":\"https:\/\/newsslash.com\/n\/wp-content\/uploads\/2025\/04\/teaser_img_8849-1.jpg\",\"contentUrl\":\"https:\/\/newsslash.com\/n\/wp-content\/uploads\/2025\/04\/teaser_img_8849-1.jpg\",\"width\":617,\"height\":349},{\"@type\":\"BreadcrumbList\",\"@id\":\"https:\/\/newsslash.com\/n\/8849-the-man-in-the-high-castle-datum-fuer-staffel-2-steht-fest\/#breadcrumb\",\"itemListElement\":[{\"@type\":\"ListItem\",\"position\":1,\"name\":\"Home\",\"item\":\"https:\/\/newsslash.com\/n\/\"},{\"@type\":\"ListItem\",\"position\":2,\"name\":\"The Man in the High Castle: Datum f\u00c3\u00bcr Staffel 2 steht fest!\"}]},{\"@type\":\"WebSite\",\"@id\":\"https:\/\/newsslash.com\/n\/#website\",\"url\":\"https:\/\/newsslash.com\/n\/\",\"name\":\"Newsslash\",\"description\":\"Trending News on Movies, Series, OTT, Gaming\",\"publisher\":{\"@id\":\"https:\/\/newsslash.com\/n\/#organization\"},\"potentialAction\":[{\"@type\":\"SearchAction\",\"target\":{\"@type\":\"EntryPoint\",\"urlTemplate\":\"https:\/\/newsslash.com\/n\/?s={search_term_string}\"},\"query-input\":{\"@type\":\"PropertyValueSpecification\",\"valueRequired\":true,\"valueName\":\"search_term_string\"}}],\"inLanguage\":\"en-US\"},{\"@type\":\"Organization\",\"@id\":\"https:\/\/newsslash.com\/n\/#organization\",\"name\":\"Newsslash\",\"url\":\"https:\/\/newsslash.com\/n\/\",\"logo\":{\"@type\":\"ImageObject\",\"inLanguage\":\"en-US\",\"@id\":\"https:\/\/newsslash.com\/n\/#\/schema\/logo\/image\/\",\"url\":\"https:\/\/newsslash.com\/n\/wp-content\/uploads\/2025\/04\/cropped-Newsslash-logo-Fevicon.png\",\"contentUrl\":\"https:\/\/newsslash.com\/n\/wp-content\/uploads\/2025\/04\/cropped-Newsslash-logo-Fevicon.png\",\"width\":512,\"height\":512,\"caption\":\"Newsslash\"},\"image\":{\"@id\":\"https:\/\/newsslash.com\/n\/#\/schema\/logo\/image\/\"}},{\"@type\":\"Person\",\"@id\":\"https:\/\/newsslash.com\/n\/#\/schema\/person\/9710bfacfd5579c2b307825ddaad6c46\",\"name\":\"Viktor Pulz\",\"sameAs\":[\"https:\/\/newsslash.com\"],\"url\":\"https:\/\/newsslash.com\/n\/author\/viktor_pulz\/\"}]}<\/script>\n<!-- \/ Yoast SEO plugin. -->","yoast_head_json":{"title":"The Man in the High Castle: Datum f\u00c3\u00bcr Staffel 2 steht fest! - Newsslash","robots":{"index":"noindex","follow":"follow"},"og_locale":"en_US","og_type":"article","og_title":"The Man in the High Castle: Datum f\u00c3\u00bcr Staffel 2 steht fest! - Newsslash","og_description":"Die zweite Staffel des preisgekr\u00c3\u00b6nten Amazon Original The Man in the High Castle geht 2017 exklusiv bei Amazon Prime Video weiter.... Mehr auf Newsslash.com!","og_url":"https:\/\/newsslash.com\/n\/8849-the-man-in-the-high-castle-datum-fuer-staffel-2-steht-fest\/","og_site_name":"Newsslash","article_published_time":"2016-12-17T13:50:00+00:00","og_image":[{"width":617,"height":349,"url":"https:\/\/newsslash.com\/n\/wp-content\/uploads\/2025\/04\/teaser_img_8849-1.jpg","type":"image\/jpeg"}],"author":"Viktor Pulz","twitter_card":"summary_large_image","twitter_misc":{"Written by":"Viktor Pulz","Est. reading time":"2 minutes"},"schema":{"@context":"https:\/\/schema.org","@graph":[{"@type":"Article","@id":"https:\/\/newsslash.com\/n\/8849-the-man-in-the-high-castle-datum-fuer-staffel-2-steht-fest\/#article","isPartOf":{"@id":"https:\/\/newsslash.com\/n\/8849-the-man-in-the-high-castle-datum-fuer-staffel-2-steht-fest\/"},"author":{"name":"Viktor Pulz","@id":"https:\/\/newsslash.com\/n\/#\/schema\/person\/9710bfacfd5579c2b307825ddaad6c46"},"headline":"The Man in the High Castle: Datum f\u00c3\u00bcr Staffel 2 steht fest!","datePublished":"2016-12-17T13:50:00+00:00","mainEntityOfPage":{"@id":"https:\/\/newsslash.com\/n\/8849-the-man-in-the-high-castle-datum-fuer-staffel-2-steht-fest\/"},"wordCount":342,"commentCount":0,"publisher":{"@id":"https:\/\/newsslash.com\/n\/#organization"},"image":{"@id":"https:\/\/newsslash.com\/n\/8849-the-man-in-the-high-castle-datum-fuer-staffel-2-steht-fest\/#primaryimage"},"thumbnailUrl":"https:\/\/newsslash.com\/n\/wp-content\/uploads\/2025\/04\/teaser_img_8849-1.jpg","articleSection":["Blog"],"inLanguage":"en-US","potentialAction":[{"@type":"CommentAction","name":"Comment","target":["https:\/\/newsslash.com\/n\/8849-the-man-in-the-high-castle-datum-fuer-staffel-2-steht-fest\/#respond"]}]},{"@type":"WebPage","@id":"https:\/\/newsslash.com\/n\/8849-the-man-in-the-high-castle-datum-fuer-staffel-2-steht-fest\/","url":"https:\/\/newsslash.com\/n\/8849-the-man-in-the-high-castle-datum-fuer-staffel-2-steht-fest\/","name":"The Man in the High Castle: Datum f\u00c3\u00bcr Staffel 2 steht fest! - Newsslash","isPartOf":{"@id":"https:\/\/newsslash.com\/n\/#website"},"primaryImageOfPage":{"@id":"https:\/\/newsslash.com\/n\/8849-the-man-in-the-high-castle-datum-fuer-staffel-2-steht-fest\/#primaryimage"},"image":{"@id":"https:\/\/newsslash.com\/n\/8849-the-man-in-the-high-castle-datum-fuer-staffel-2-steht-fest\/#primaryimage"},"thumbnailUrl":"https:\/\/newsslash.com\/n\/wp-content\/uploads\/2025\/04\/teaser_img_8849-1.jpg","datePublished":"2016-12-17T13:50:00+00:00","breadcrumb":{"@id":"https:\/\/newsslash.com\/n\/8849-the-man-in-the-high-castle-datum-fuer-staffel-2-steht-fest\/#breadcrumb"},"inLanguage":"en-US","potentialAction":[{"@type":"ReadAction","target":["https:\/\/newsslash.com\/n\/8849-the-man-in-the-high-castle-datum-fuer-staffel-2-steht-fest\/"]}]},{"@type":"ImageObject","inLanguage":"en-US","@id":"https:\/\/newsslash.com\/n\/8849-the-man-in-the-high-castle-datum-fuer-staffel-2-steht-fest\/#primaryimage","url":"https:\/\/newsslash.com\/n\/wp-content\/uploads\/2025\/04\/teaser_img_8849-1.jpg","contentUrl":"https:\/\/newsslash.com\/n\/wp-content\/uploads\/2025\/04\/teaser_img_8849-1.jpg","width":617,"height":349},{"@type":"BreadcrumbList","@id":"https:\/\/newsslash.com\/n\/8849-the-man-in-the-high-castle-datum-fuer-staffel-2-steht-fest\/#breadcrumb","itemListElement":[{"@type":"ListItem","position":1,"name":"Home","item":"https:\/\/newsslash.com\/n\/"},{"@type":"ListItem","position":2,"name":"The Man in the High Castle: Datum f\u00c3\u00bcr Staffel 2 steht fest!"}]},{"@type":"WebSite","@id":"https:\/\/newsslash.com\/n\/#website","url":"https:\/\/newsslash.com\/n\/","name":"Newsslash","description":"Trending News on Movies, Series, OTT, Gaming","publisher":{"@id":"https:\/\/newsslash.com\/n\/#organization"},"potentialAction":[{"@type":"SearchAction","target":{"@type":"EntryPoint","urlTemplate":"https:\/\/newsslash.com\/n\/?s={search_term_string}"},"query-input":{"@type":"PropertyValueSpecification","valueRequired":true,"valueName":"search_term_string"}}],"inLanguage":"en-US"},{"@type":"Organization","@id":"https:\/\/newsslash.com\/n\/#organization","name":"Newsslash","url":"https:\/\/newsslash.com\/n\/","logo":{"@type":"ImageObject","inLanguage":"en-US","@id":"https:\/\/newsslash.com\/n\/#\/schema\/logo\/image\/","url":"https:\/\/newsslash.com\/n\/wp-content\/uploads\/2025\/04\/cropped-Newsslash-logo-Fevicon.png","contentUrl":"https:\/\/newsslash.com\/n\/wp-content\/uploads\/2025\/04\/cropped-Newsslash-logo-Fevicon.png","width":512,"height":512,"caption":"Newsslash"},"image":{"@id":"https:\/\/newsslash.com\/n\/#\/schema\/logo\/image\/"}},{"@type":"Person","@id":"https:\/\/newsslash.com\/n\/#\/schema\/person\/9710bfacfd5579c2b307825ddaad6c46","name":"Viktor Pulz","sameAs":["https:\/\/newsslash.com"],"url":"https:\/\/newsslash.com\/n\/author\/viktor_pulz\/"}]}},"_links":{"self":[{"href":"https:\/\/newsslash.com\/n\/wp-json\/wp\/v2\/posts\/11842","targetHints":{"allow":["GET"]}}],"collection":[{"href":"https:\/\/newsslash.com\/n\/wp-json\/wp\/v2\/posts"}],"about":[{"href":"https:\/\/newsslash.com\/n\/wp-json\/wp\/v2\/types\/post"}],"author":[{"embeddable":true,"href":"https:\/\/newsslash.com\/n\/wp-json\/wp\/v2\/users\/2"}],"replies":[{"embeddable":true,"href":"https:\/\/newsslash.com\/n\/wp-json\/wp\/v2\/comments?post=11842"}],"version-history":[{"count":0,"href":"https:\/\/newsslash.com\/n\/wp-json\/wp\/v2\/posts\/11842\/revisions"}],"wp:featuredmedia":[{"embeddable":true,"href":"https:\/\/newsslash.com\/n\/wp-json\/wp\/v2\/media\/11827"}],"wp:attachment":[{"href":"https:\/\/newsslash.com\/n\/wp-json\/wp\/v2\/media?parent=11842"}],"curies":[{"name":"wp","href":"https:\/\/api.w.org\/{rel}","templated":true}]}}