{"id":11905,"date":"2016-12-23T00:50:00","date_gmt":"2016-12-23T00:50:00","guid":{"rendered":"https:\/\/newsslash.com\/n\/8897-wann-kommen-vampire-diaries-staffel-8-und-the-originals-staffel-4-auf-sixx\/"},"modified":"2016-12-23T00:50:00","modified_gmt":"2016-12-23T00:50:00","slug":"8897-wann-kommen-vampire-diaries-staffel-8-und-the-originals-staffel-4-auf-sixx","status":"publish","type":"post","link":"https:\/\/newsslash.com\/n\/8897-wann-kommen-vampire-diaries-staffel-8-und-the-originals-staffel-4-auf-sixx\/","title":{"rendered":"Wann kommen Vampire Diaries Staffel 8 und The Originals S&#8230;"},"content":{"rendered":"<p>Heute Abend endete die siebte Staffel der Serie Vampire Diaries bei sixx. Beinahe w\u00c3\u00a4re die siebte Staffel auch das Ende der Serie geworden, doch rechtzeitig wurde dann doch noch eine achte Staffel offiziell best\u00c3\u00a4tigt. Mit einem Cliffhanger endete somit auch Staffel 7 und es stellt sich somit die Frage, wann Staffel 8 von Vampire Diaries bei sixx verf\u00c3\u00bcgbar sein wird. <b>Wann startet Vampire Diaries Staffel 8 bei sixx?<\/b> In den USA wird die achte und auch finale Staffel von Vampire Diaries seit dem 21. Oktober ausgestrahlt. Es kann daher angenommen werden, dass die achte Staffel in Deutschland Anfang des kommenden Jahres an den Start gehen wird. Die Erstausstrahlung einer neuen Vampire Diaries-Staffel startete immer Anfang eines Jahres. Der zweite Teil dann im Oktober. Sollte sixx bei seinem Konzept bleiben, so wird Vampire Diaries Staffel 8 voraussichtlich Anfang 2017 starten und in zwei Teilen ausgestrahlt werden. Da die letzte Staffel von Vampire Diaries jedoch k\u00c3\u00bcrzer ist, k\u00c3\u00b6nnte es auch sein, dass es direkt in einem Teil gezeigt wird. Ganz sicher ist dies bis jetzt leider nicht. <b>Gibt es eine Vampire Diaries Staffel 9?<\/b> Eine neunte Staffel von Vampire Diaries wird es laut derzeitigen Informationen nicht geben. Mit The Originals hat Vampire Diaries jedoch ein eigenes Spin-off erhalten, welches heute ebenfalls sein Staffelfinale bei sixx feierte. Von The Originals wurde bereits eine vierte Staffel vom Sender The CW bestellt. Die Ausstrahlung in den USA wird am 17. M\u00c3\u00a4rz 2017 starten. <b>Wann kommt The Originals Staffel 4 bei sixx?<\/b> Die vierte Staffel von The Originals wird voraussichtlich ab August 2017 bei sixx an den Start gehen. Offiziell best\u00c3\u00a4tigt wurde das Startdatum jedoch noch nicht. Gleichzeitig k\u00c3\u00b6nnte es aber auch sein, dass The Originals mit Vampire Diaries Staffel 8 startet oder an die letzte Folge ankn\u00c3\u00bcpft um so einen \u00c3\u0153bergang zum Spin-off zu schaffen. Sobald es offizielle Informationen gibt, werden wir diese auf Newsslash ver\u00c3\u00b6ffentlichen.<\/p><div class=\"newss-content\" id=\"newss-1864537330\"><script async src=\"\/\/pagead2.googlesyndication.com\/pagead\/js\/adsbygoogle.js?client=ca-pub-7733425960004873\" crossorigin=\"anonymous\"><\/script><ins class=\"adsbygoogle\" style=\"display:block;\" data-ad-client=\"ca-pub-7733425960004873\" \ndata-ad-slot=\"2582020599\" \ndata-ad-format=\"auto\"><\/ins>\n<script> \n(adsbygoogle = window.adsbygoogle || []).push({}); \n<\/script>\n<\/div><div class=\"newss-article-1\" id=\"newss-3409144379\"><script async src=\"https:\/\/pagead2.googlesyndication.com\/pagead\/js\/adsbygoogle.js?client=ca-pub-7733425960004873\"\r\n     crossorigin=\"anonymous\"><\/script>\r\n<!-- Homepage2 -->\r\n<ins class=\"adsbygoogle\"\r\n     style=\"display:block\"\r\n     data-ad-client=\"ca-pub-7733425960004873\"\r\n     data-ad-slot=\"2582020599\"\r\n     data-ad-format=\"auto\"\r\n     data-full-width-responsive=\"true\"><\/ins>\r\n<script>\r\n     (adsbygoogle = window.adsbygoogle || []).push({});\r\n<\/script><\/div>\n","protected":false},"excerpt":{"rendered":"<p>Heute endeten Vampire Diaries und The Originals bei sixx. Wir haben alle Informationen zum Start der Vampire Diaries Staffel 8 und&#8230; Mehr auf Newsslash.com!<\/p>\n","protected":false},"author":2,"featured_media":21974,"comment_status":"open","ping_status":"open","sticky":false,"template":"","format":"standard","meta":{"_et_pb_use_builder":"","_et_pb_old_content":"","_et_gb_content_width":"","footnotes":""},"class_list":["post-11905","post","type-post","status-publish","format-standard","has-post-thumbnail","hentry","category-blog"],"yoast_head":"<!-- This site is optimized with the Yoast SEO plugin v24.8.1 - https:\/\/yoast.com\/wordpress\/plugins\/seo\/ -->\n<title>Wann kommen Vampire Diaries Staffel 8 und The Originals S... - Newsslash<\/title>\n<meta name=\"robots\" content=\"noindex, follow\" \/>\n<meta property=\"og:locale\" content=\"en_US\" \/>\n<meta property=\"og:type\" content=\"article\" \/>\n<meta property=\"og:title\" content=\"Wann kommen Vampire Diaries Staffel 8 und The Originals S... - Newsslash\" \/>\n<meta property=\"og:description\" content=\"Heute endeten Vampire Diaries und The Originals bei sixx. Wir haben alle Informationen zum Start der Vampire Diaries Staffel 8 und... Mehr auf Newsslash.com!\" \/>\n<meta property=\"og:url\" content=\"https:\/\/newsslash.com\/n\/8897-wann-kommen-vampire-diaries-staffel-8-und-the-originals-staffel-4-auf-sixx\/\" \/>\n<meta property=\"og:site_name\" content=\"Newsslash\" \/>\n<meta property=\"article:published_time\" content=\"2016-12-23T00:50:00+00:00\" \/>\n<meta property=\"og:image\" content=\"https:\/\/newsslash.com\/n\/wp-content\/uploads\/2025\/04\/NewsSlash-Featured-Image.jpg\" \/>\n\t<meta property=\"og:image:width\" content=\"1280\" \/>\n\t<meta property=\"og:image:height\" content=\"854\" \/>\n\t<meta property=\"og:image:type\" content=\"image\/jpeg\" \/>\n<meta name=\"author\" content=\"Viktor Pulz\" \/>\n<meta name=\"twitter:card\" content=\"summary_large_image\" \/>\n<meta name=\"twitter:label1\" content=\"Written by\" \/>\n\t<meta name=\"twitter:data1\" content=\"Viktor Pulz\" \/>\n\t<meta name=\"twitter:label2\" content=\"Est. reading time\" \/>\n\t<meta name=\"twitter:data2\" content=\"2 minutes\" \/>\n<script type=\"application\/ld+json\" class=\"yoast-schema-graph\">{\"@context\":\"https:\/\/schema.org\",\"@graph\":[{\"@type\":\"Article\",\"@id\":\"https:\/\/newsslash.com\/n\/8897-wann-kommen-vampire-diaries-staffel-8-und-the-originals-staffel-4-auf-sixx\/#article\",\"isPartOf\":{\"@id\":\"https:\/\/newsslash.com\/n\/8897-wann-kommen-vampire-diaries-staffel-8-und-the-originals-staffel-4-auf-sixx\/\"},\"author\":{\"name\":\"Viktor Pulz\",\"@id\":\"https:\/\/newsslash.com\/n\/#\/schema\/person\/9710bfacfd5579c2b307825ddaad6c46\"},\"headline\":\"Wann kommen Vampire Diaries Staffel 8 und The Originals S&#8230;\",\"datePublished\":\"2016-12-23T00:50:00+00:00\",\"mainEntityOfPage\":{\"@id\":\"https:\/\/newsslash.com\/n\/8897-wann-kommen-vampire-diaries-staffel-8-und-the-originals-staffel-4-auf-sixx\/\"},\"wordCount\":318,\"commentCount\":0,\"publisher\":{\"@id\":\"https:\/\/newsslash.com\/n\/#organization\"},\"image\":{\"@id\":\"https:\/\/newsslash.com\/n\/8897-wann-kommen-vampire-diaries-staffel-8-und-the-originals-staffel-4-auf-sixx\/#primaryimage\"},\"thumbnailUrl\":\"https:\/\/newsslash.com\/n\/wp-content\/uploads\/2025\/04\/NewsSlash-Featured-Image.jpg\",\"articleSection\":[\"Blog\"],\"inLanguage\":\"en-US\",\"potentialAction\":[{\"@type\":\"CommentAction\",\"name\":\"Comment\",\"target\":[\"https:\/\/newsslash.com\/n\/8897-wann-kommen-vampire-diaries-staffel-8-und-the-originals-staffel-4-auf-sixx\/#respond\"]}]},{\"@type\":\"WebPage\",\"@id\":\"https:\/\/newsslash.com\/n\/8897-wann-kommen-vampire-diaries-staffel-8-und-the-originals-staffel-4-auf-sixx\/\",\"url\":\"https:\/\/newsslash.com\/n\/8897-wann-kommen-vampire-diaries-staffel-8-und-the-originals-staffel-4-auf-sixx\/\",\"name\":\"Wann kommen Vampire Diaries Staffel 8 und The Originals S... - Newsslash\",\"isPartOf\":{\"@id\":\"https:\/\/newsslash.com\/n\/#website\"},\"primaryImageOfPage\":{\"@id\":\"https:\/\/newsslash.com\/n\/8897-wann-kommen-vampire-diaries-staffel-8-und-the-originals-staffel-4-auf-sixx\/#primaryimage\"},\"image\":{\"@id\":\"https:\/\/newsslash.com\/n\/8897-wann-kommen-vampire-diaries-staffel-8-und-the-originals-staffel-4-auf-sixx\/#primaryimage\"},\"thumbnailUrl\":\"https:\/\/newsslash.com\/n\/wp-content\/uploads\/2025\/04\/NewsSlash-Featured-Image.jpg\",\"datePublished\":\"2016-12-23T00:50:00+00:00\",\"breadcrumb\":{\"@id\":\"https:\/\/newsslash.com\/n\/8897-wann-kommen-vampire-diaries-staffel-8-und-the-originals-staffel-4-auf-sixx\/#breadcrumb\"},\"inLanguage\":\"en-US\",\"potentialAction\":[{\"@type\":\"ReadAction\",\"target\":[\"https:\/\/newsslash.com\/n\/8897-wann-kommen-vampire-diaries-staffel-8-und-the-originals-staffel-4-auf-sixx\/\"]}]},{\"@type\":\"ImageObject\",\"inLanguage\":\"en-US\",\"@id\":\"https:\/\/newsslash.com\/n\/8897-wann-kommen-vampire-diaries-staffel-8-und-the-originals-staffel-4-auf-sixx\/#primaryimage\",\"url\":\"https:\/\/newsslash.com\/n\/wp-content\/uploads\/2025\/04\/NewsSlash-Featured-Image.jpg\",\"contentUrl\":\"https:\/\/newsslash.com\/n\/wp-content\/uploads\/2025\/04\/NewsSlash-Featured-Image.jpg\",\"width\":1280,\"height\":854},{\"@type\":\"BreadcrumbList\",\"@id\":\"https:\/\/newsslash.com\/n\/8897-wann-kommen-vampire-diaries-staffel-8-und-the-originals-staffel-4-auf-sixx\/#breadcrumb\",\"itemListElement\":[{\"@type\":\"ListItem\",\"position\":1,\"name\":\"Home\",\"item\":\"https:\/\/newsslash.com\/n\/\"},{\"@type\":\"ListItem\",\"position\":2,\"name\":\"Wann kommen Vampire Diaries Staffel 8 und The Originals S&#8230;\"}]},{\"@type\":\"WebSite\",\"@id\":\"https:\/\/newsslash.com\/n\/#website\",\"url\":\"https:\/\/newsslash.com\/n\/\",\"name\":\"Newsslash\",\"description\":\"Trending News on Movies, Series, OTT, Gaming\",\"publisher\":{\"@id\":\"https:\/\/newsslash.com\/n\/#organization\"},\"potentialAction\":[{\"@type\":\"SearchAction\",\"target\":{\"@type\":\"EntryPoint\",\"urlTemplate\":\"https:\/\/newsslash.com\/n\/?s={search_term_string}\"},\"query-input\":{\"@type\":\"PropertyValueSpecification\",\"valueRequired\":true,\"valueName\":\"search_term_string\"}}],\"inLanguage\":\"en-US\"},{\"@type\":\"Organization\",\"@id\":\"https:\/\/newsslash.com\/n\/#organization\",\"name\":\"Newsslash\",\"url\":\"https:\/\/newsslash.com\/n\/\",\"logo\":{\"@type\":\"ImageObject\",\"inLanguage\":\"en-US\",\"@id\":\"https:\/\/newsslash.com\/n\/#\/schema\/logo\/image\/\",\"url\":\"https:\/\/newsslash.com\/n\/wp-content\/uploads\/2025\/04\/cropped-Newsslash-logo-Fevicon.png\",\"contentUrl\":\"https:\/\/newsslash.com\/n\/wp-content\/uploads\/2025\/04\/cropped-Newsslash-logo-Fevicon.png\",\"width\":512,\"height\":512,\"caption\":\"Newsslash\"},\"image\":{\"@id\":\"https:\/\/newsslash.com\/n\/#\/schema\/logo\/image\/\"}},{\"@type\":\"Person\",\"@id\":\"https:\/\/newsslash.com\/n\/#\/schema\/person\/9710bfacfd5579c2b307825ddaad6c46\",\"name\":\"Viktor Pulz\",\"sameAs\":[\"https:\/\/newsslash.com\"],\"url\":\"https:\/\/newsslash.com\/n\/author\/viktor_pulz\/\"}]}<\/script>\n<!-- \/ Yoast SEO plugin. -->","yoast_head_json":{"title":"Wann kommen Vampire Diaries Staffel 8 und The Originals S... - Newsslash","robots":{"index":"noindex","follow":"follow"},"og_locale":"en_US","og_type":"article","og_title":"Wann kommen Vampire Diaries Staffel 8 und The Originals S... - Newsslash","og_description":"Heute endeten Vampire Diaries und The Originals bei sixx. Wir haben alle Informationen zum Start der Vampire Diaries Staffel 8 und... Mehr auf Newsslash.com!","og_url":"https:\/\/newsslash.com\/n\/8897-wann-kommen-vampire-diaries-staffel-8-und-the-originals-staffel-4-auf-sixx\/","og_site_name":"Newsslash","article_published_time":"2016-12-23T00:50:00+00:00","og_image":[{"width":1280,"height":854,"url":"https:\/\/newsslash.com\/n\/wp-content\/uploads\/2025\/04\/NewsSlash-Featured-Image.jpg","type":"image\/jpeg"}],"author":"Viktor Pulz","twitter_card":"summary_large_image","twitter_misc":{"Written by":"Viktor Pulz","Est. reading time":"2 minutes"},"schema":{"@context":"https:\/\/schema.org","@graph":[{"@type":"Article","@id":"https:\/\/newsslash.com\/n\/8897-wann-kommen-vampire-diaries-staffel-8-und-the-originals-staffel-4-auf-sixx\/#article","isPartOf":{"@id":"https:\/\/newsslash.com\/n\/8897-wann-kommen-vampire-diaries-staffel-8-und-the-originals-staffel-4-auf-sixx\/"},"author":{"name":"Viktor Pulz","@id":"https:\/\/newsslash.com\/n\/#\/schema\/person\/9710bfacfd5579c2b307825ddaad6c46"},"headline":"Wann kommen Vampire Diaries Staffel 8 und The Originals S&#8230;","datePublished":"2016-12-23T00:50:00+00:00","mainEntityOfPage":{"@id":"https:\/\/newsslash.com\/n\/8897-wann-kommen-vampire-diaries-staffel-8-und-the-originals-staffel-4-auf-sixx\/"},"wordCount":318,"commentCount":0,"publisher":{"@id":"https:\/\/newsslash.com\/n\/#organization"},"image":{"@id":"https:\/\/newsslash.com\/n\/8897-wann-kommen-vampire-diaries-staffel-8-und-the-originals-staffel-4-auf-sixx\/#primaryimage"},"thumbnailUrl":"https:\/\/newsslash.com\/n\/wp-content\/uploads\/2025\/04\/NewsSlash-Featured-Image.jpg","articleSection":["Blog"],"inLanguage":"en-US","potentialAction":[{"@type":"CommentAction","name":"Comment","target":["https:\/\/newsslash.com\/n\/8897-wann-kommen-vampire-diaries-staffel-8-und-the-originals-staffel-4-auf-sixx\/#respond"]}]},{"@type":"WebPage","@id":"https:\/\/newsslash.com\/n\/8897-wann-kommen-vampire-diaries-staffel-8-und-the-originals-staffel-4-auf-sixx\/","url":"https:\/\/newsslash.com\/n\/8897-wann-kommen-vampire-diaries-staffel-8-und-the-originals-staffel-4-auf-sixx\/","name":"Wann kommen Vampire Diaries Staffel 8 und The Originals S... - Newsslash","isPartOf":{"@id":"https:\/\/newsslash.com\/n\/#website"},"primaryImageOfPage":{"@id":"https:\/\/newsslash.com\/n\/8897-wann-kommen-vampire-diaries-staffel-8-und-the-originals-staffel-4-auf-sixx\/#primaryimage"},"image":{"@id":"https:\/\/newsslash.com\/n\/8897-wann-kommen-vampire-diaries-staffel-8-und-the-originals-staffel-4-auf-sixx\/#primaryimage"},"thumbnailUrl":"https:\/\/newsslash.com\/n\/wp-content\/uploads\/2025\/04\/NewsSlash-Featured-Image.jpg","datePublished":"2016-12-23T00:50:00+00:00","breadcrumb":{"@id":"https:\/\/newsslash.com\/n\/8897-wann-kommen-vampire-diaries-staffel-8-und-the-originals-staffel-4-auf-sixx\/#breadcrumb"},"inLanguage":"en-US","potentialAction":[{"@type":"ReadAction","target":["https:\/\/newsslash.com\/n\/8897-wann-kommen-vampire-diaries-staffel-8-und-the-originals-staffel-4-auf-sixx\/"]}]},{"@type":"ImageObject","inLanguage":"en-US","@id":"https:\/\/newsslash.com\/n\/8897-wann-kommen-vampire-diaries-staffel-8-und-the-originals-staffel-4-auf-sixx\/#primaryimage","url":"https:\/\/newsslash.com\/n\/wp-content\/uploads\/2025\/04\/NewsSlash-Featured-Image.jpg","contentUrl":"https:\/\/newsslash.com\/n\/wp-content\/uploads\/2025\/04\/NewsSlash-Featured-Image.jpg","width":1280,"height":854},{"@type":"BreadcrumbList","@id":"https:\/\/newsslash.com\/n\/8897-wann-kommen-vampire-diaries-staffel-8-und-the-originals-staffel-4-auf-sixx\/#breadcrumb","itemListElement":[{"@type":"ListItem","position":1,"name":"Home","item":"https:\/\/newsslash.com\/n\/"},{"@type":"ListItem","position":2,"name":"Wann kommen Vampire Diaries Staffel 8 und The Originals S&#8230;"}]},{"@type":"WebSite","@id":"https:\/\/newsslash.com\/n\/#website","url":"https:\/\/newsslash.com\/n\/","name":"Newsslash","description":"Trending News on Movies, Series, OTT, Gaming","publisher":{"@id":"https:\/\/newsslash.com\/n\/#organization"},"potentialAction":[{"@type":"SearchAction","target":{"@type":"EntryPoint","urlTemplate":"https:\/\/newsslash.com\/n\/?s={search_term_string}"},"query-input":{"@type":"PropertyValueSpecification","valueRequired":true,"valueName":"search_term_string"}}],"inLanguage":"en-US"},{"@type":"Organization","@id":"https:\/\/newsslash.com\/n\/#organization","name":"Newsslash","url":"https:\/\/newsslash.com\/n\/","logo":{"@type":"ImageObject","inLanguage":"en-US","@id":"https:\/\/newsslash.com\/n\/#\/schema\/logo\/image\/","url":"https:\/\/newsslash.com\/n\/wp-content\/uploads\/2025\/04\/cropped-Newsslash-logo-Fevicon.png","contentUrl":"https:\/\/newsslash.com\/n\/wp-content\/uploads\/2025\/04\/cropped-Newsslash-logo-Fevicon.png","width":512,"height":512,"caption":"Newsslash"},"image":{"@id":"https:\/\/newsslash.com\/n\/#\/schema\/logo\/image\/"}},{"@type":"Person","@id":"https:\/\/newsslash.com\/n\/#\/schema\/person\/9710bfacfd5579c2b307825ddaad6c46","name":"Viktor Pulz","sameAs":["https:\/\/newsslash.com"],"url":"https:\/\/newsslash.com\/n\/author\/viktor_pulz\/"}]}},"_links":{"self":[{"href":"https:\/\/newsslash.com\/n\/wp-json\/wp\/v2\/posts\/11905","targetHints":{"allow":["GET"]}}],"collection":[{"href":"https:\/\/newsslash.com\/n\/wp-json\/wp\/v2\/posts"}],"about":[{"href":"https:\/\/newsslash.com\/n\/wp-json\/wp\/v2\/types\/post"}],"author":[{"embeddable":true,"href":"https:\/\/newsslash.com\/n\/wp-json\/wp\/v2\/users\/2"}],"replies":[{"embeddable":true,"href":"https:\/\/newsslash.com\/n\/wp-json\/wp\/v2\/comments?post=11905"}],"version-history":[{"count":0,"href":"https:\/\/newsslash.com\/n\/wp-json\/wp\/v2\/posts\/11905\/revisions"}],"wp:featuredmedia":[{"embeddable":true,"href":"https:\/\/newsslash.com\/n\/wp-json\/wp\/v2\/media\/21974"}],"wp:attachment":[{"href":"https:\/\/newsslash.com\/n\/wp-json\/wp\/v2\/media?parent=11905"}],"curies":[{"name":"wp","href":"https:\/\/api.w.org\/{rel}","templated":true}]}}