{"id":11922,"date":"2017-01-02T18:43:25","date_gmt":"2017-01-02T18:43:25","guid":{"rendered":"https:\/\/newsslash.com\/n\/8914-bild-herausgeber-kai-diekmann-beendet-taetigkeit-fuer-axel-springer\/"},"modified":"2017-01-02T18:43:25","modified_gmt":"2017-01-02T18:43:25","slug":"8914-bild-herausgeber-kai-diekmann-beendet-taetigkeit-fuer-axel-springer","status":"publish","type":"post","link":"https:\/\/newsslash.com\/n\/8914-bild-herausgeber-kai-diekmann-beendet-taetigkeit-fuer-axel-springer\/","title":{"rendered":"BILD-Herausgeber Kai Diekmann beendet T\u00c3\u00a4tigkeit f\u00c3\u00bcr Axe&#8230;"},"content":{"rendered":"<p>Kai Diekmann, 52, Herausgeber der BILD-Gruppe, hat mit Wirkung zum 31. Januar 2017 seine T\u00c3\u00a4tigkeit f\u00c3\u00bcr Axel Springer auf eigenen Wunsch beenden und aus dem Verlag ausscheiden. Er wird sich k\u00c3\u00bcnftig anderen Aufgaben au\u00c3\u0178erhalb des Unternehmens widmen. Dr. Mathias D\u00c3\u00b6pfner, Vorstandsvorsitzender Axel Springer SE: \u00e2\u20ac\u017eKai Diekmann kann auf eine einzigartige Karriere bei Axel Springer zur\u00c3\u00bcckblicken. Es ist vor allem ihm zu verdanken, dass BILD heute Trendsetter des digitalen Journalismus ist und eine hochprofitable Multimediamarke. In 16 Jahren an der Redaktionsspitze ist es ihm gelungen, BILD inhaltlich und strukturell stets weiterzuentwickeln und ihr damit eine kraftvolle publizistische Stimme zu verleihen. Wir danken ihm daf\u00c3\u00bcr, dass er die seit Jahresbeginn neu aufgestellte Chefredaktion beraten und unterst\u00c3\u00bctzt hat, so dass jetzt ein problemloser \u00c3\u0153bergang m\u00c3\u00b6glich ist. Wir sind traurig \u00c3\u00bcber sein Ausscheiden.\u00e2\u20ac\u0153 Kai Diekmann: \u00e2\u20ac\u017eNach 30 Jahren bei Axel Springer f\u00c3\u00a4llt es mir schwer, das Haus zu verlassen, dem ich beruflich alles zu verdanken habe. Ich wei\u00c3\u0178 BILD, BamS und B.Z. bei Tanit Koch, Julian Reichelt, Marion Horn, Peter Huth und all den anderen gro\u00c3\u0178artigen Kolleginnen und Kollegen im Team in den allerbesten H\u00c3\u00a4nden und kann mich nun neuen Aufgaben stellen.\u00e2\u20ac\u0153 Kai Diekmann kam 1985 zu Axel Springer, um eine Ausbildung an der Axel Springer Journalistenschule zu absolvieren. Seitdem ist er mit kurzen Unterbrechungen f\u00c3\u00bcr das Unternehmen t\u00c3\u00a4tig: zun\u00c3\u00a4chst als BILD- und BILD am SONNTAG-Parlamentskorrespondent, sp\u00c3\u00a4ter als stellvertretender Chefredakteur B.Z. sowie als BILD-Politikchef und Chefredakteur der WELT AM SONNTAG, bevor er 2001 die BILD-Chefredaktion \u00c3\u00bcbernahm und sp\u00c3\u00a4ter zus\u00c3\u00a4tzlich zum Herausgeber der gesamten BILD-Gruppe berufen wurde. Ende 2015 gab er die Funktion des BILD-Chefredakteurs ab und \u00c3\u00bcbernahm als Herausgeber die F\u00c3\u00bchrung der Chefredakteure, die \u00c3\u00bcbergeordnete Steuerung der BILD-Angebote sowie der publizistischen Ausrichtung und Weiterentwicklung der BILD-Marken.<\/p><div class=\"newss-content\" id=\"newss-2613488763\"><script async src=\"\/\/pagead2.googlesyndication.com\/pagead\/js\/adsbygoogle.js?client=ca-pub-7733425960004873\" crossorigin=\"anonymous\"><\/script><ins class=\"adsbygoogle\" style=\"display:block;\" data-ad-client=\"ca-pub-7733425960004873\" \ndata-ad-slot=\"2582020599\" \ndata-ad-format=\"auto\"><\/ins>\n<script> \n(adsbygoogle = window.adsbygoogle || []).push({}); \n<\/script>\n<\/div><div class=\"newss-article-1\" id=\"newss-3024153857\"><script async src=\"https:\/\/pagead2.googlesyndication.com\/pagead\/js\/adsbygoogle.js?client=ca-pub-7733425960004873\"\r\n     crossorigin=\"anonymous\"><\/script>\r\n<!-- Homepage2 -->\r\n<ins class=\"adsbygoogle\"\r\n     style=\"display:block\"\r\n     data-ad-client=\"ca-pub-7733425960004873\"\r\n     data-ad-slot=\"2582020599\"\r\n     data-ad-format=\"auto\"\r\n     data-full-width-responsive=\"true\"><\/ins>\r\n<script>\r\n     (adsbygoogle = window.adsbygoogle || []).push({});\r\n<\/script><\/div>\n","protected":false},"excerpt":{"rendered":"<p>Kai Diekmann, Herausgeber der BILD-Gruppe, hat auf eigenem Wunsch das Unternehmen zum 31. Januar 2017 verlassen und wird sich nun&#8230; Mehr auf Newsslash.com!<\/p>\n","protected":false},"author":2,"featured_media":21974,"comment_status":"open","ping_status":"open","sticky":false,"template":"","format":"standard","meta":{"_et_pb_use_builder":"","_et_pb_old_content":"","_et_gb_content_width":"","footnotes":""},"class_list":["post-11922","post","type-post","status-publish","format-standard","has-post-thumbnail","hentry","category-blog"],"yoast_head":"<!-- This site is optimized with the Yoast SEO plugin v24.8.1 - https:\/\/yoast.com\/wordpress\/plugins\/seo\/ -->\n<title>BILD-Herausgeber Kai Diekmann beendet T\u00c3\u00a4tigkeit f\u00c3\u00bcr Axe... - Newsslash<\/title>\n<meta name=\"robots\" content=\"noindex, follow\" \/>\n<meta property=\"og:locale\" content=\"en_US\" \/>\n<meta property=\"og:type\" content=\"article\" \/>\n<meta property=\"og:title\" content=\"BILD-Herausgeber Kai Diekmann beendet T\u00c3\u00a4tigkeit f\u00c3\u00bcr Axe... - Newsslash\" \/>\n<meta property=\"og:description\" content=\"Kai Diekmann, Herausgeber der BILD-Gruppe, hat auf eigenem Wunsch das Unternehmen zum 31. Januar 2017 verlassen und wird sich nun... Mehr auf Newsslash.com!\" \/>\n<meta property=\"og:url\" content=\"https:\/\/newsslash.com\/n\/8914-bild-herausgeber-kai-diekmann-beendet-taetigkeit-fuer-axel-springer\/\" \/>\n<meta property=\"og:site_name\" content=\"Newsslash\" \/>\n<meta property=\"article:published_time\" content=\"2017-01-02T18:43:25+00:00\" \/>\n<meta property=\"og:image\" content=\"https:\/\/newsslash.com\/n\/wp-content\/uploads\/2025\/04\/NewsSlash-Featured-Image.jpg\" \/>\n\t<meta property=\"og:image:width\" content=\"1280\" \/>\n\t<meta property=\"og:image:height\" content=\"854\" \/>\n\t<meta property=\"og:image:type\" content=\"image\/jpeg\" \/>\n<meta name=\"author\" content=\"Viktor Pulz\" \/>\n<meta name=\"twitter:card\" content=\"summary_large_image\" \/>\n<meta name=\"twitter:label1\" content=\"Written by\" \/>\n\t<meta name=\"twitter:data1\" content=\"Viktor Pulz\" \/>\n\t<meta name=\"twitter:label2\" content=\"Est. reading time\" \/>\n\t<meta name=\"twitter:data2\" content=\"1 minute\" \/>\n<script type=\"application\/ld+json\" class=\"yoast-schema-graph\">{\"@context\":\"https:\/\/schema.org\",\"@graph\":[{\"@type\":\"Article\",\"@id\":\"https:\/\/newsslash.com\/n\/8914-bild-herausgeber-kai-diekmann-beendet-taetigkeit-fuer-axel-springer\/#article\",\"isPartOf\":{\"@id\":\"https:\/\/newsslash.com\/n\/8914-bild-herausgeber-kai-diekmann-beendet-taetigkeit-fuer-axel-springer\/\"},\"author\":{\"name\":\"Viktor Pulz\",\"@id\":\"https:\/\/newsslash.com\/n\/#\/schema\/person\/9710bfacfd5579c2b307825ddaad6c46\"},\"headline\":\"BILD-Herausgeber Kai Diekmann beendet T\u00c3\u00a4tigkeit f\u00c3\u00bcr Axe&#8230;\",\"datePublished\":\"2017-01-02T18:43:25+00:00\",\"mainEntityOfPage\":{\"@id\":\"https:\/\/newsslash.com\/n\/8914-bild-herausgeber-kai-diekmann-beendet-taetigkeit-fuer-axel-springer\/\"},\"wordCount\":304,\"commentCount\":0,\"publisher\":{\"@id\":\"https:\/\/newsslash.com\/n\/#organization\"},\"image\":{\"@id\":\"https:\/\/newsslash.com\/n\/8914-bild-herausgeber-kai-diekmann-beendet-taetigkeit-fuer-axel-springer\/#primaryimage\"},\"thumbnailUrl\":\"https:\/\/newsslash.com\/n\/wp-content\/uploads\/2025\/04\/NewsSlash-Featured-Image.jpg\",\"articleSection\":[\"Blog\"],\"inLanguage\":\"en-US\",\"potentialAction\":[{\"@type\":\"CommentAction\",\"name\":\"Comment\",\"target\":[\"https:\/\/newsslash.com\/n\/8914-bild-herausgeber-kai-diekmann-beendet-taetigkeit-fuer-axel-springer\/#respond\"]}]},{\"@type\":\"WebPage\",\"@id\":\"https:\/\/newsslash.com\/n\/8914-bild-herausgeber-kai-diekmann-beendet-taetigkeit-fuer-axel-springer\/\",\"url\":\"https:\/\/newsslash.com\/n\/8914-bild-herausgeber-kai-diekmann-beendet-taetigkeit-fuer-axel-springer\/\",\"name\":\"BILD-Herausgeber Kai Diekmann beendet T\u00c3\u00a4tigkeit f\u00c3\u00bcr Axe... - Newsslash\",\"isPartOf\":{\"@id\":\"https:\/\/newsslash.com\/n\/#website\"},\"primaryImageOfPage\":{\"@id\":\"https:\/\/newsslash.com\/n\/8914-bild-herausgeber-kai-diekmann-beendet-taetigkeit-fuer-axel-springer\/#primaryimage\"},\"image\":{\"@id\":\"https:\/\/newsslash.com\/n\/8914-bild-herausgeber-kai-diekmann-beendet-taetigkeit-fuer-axel-springer\/#primaryimage\"},\"thumbnailUrl\":\"https:\/\/newsslash.com\/n\/wp-content\/uploads\/2025\/04\/NewsSlash-Featured-Image.jpg\",\"datePublished\":\"2017-01-02T18:43:25+00:00\",\"breadcrumb\":{\"@id\":\"https:\/\/newsslash.com\/n\/8914-bild-herausgeber-kai-diekmann-beendet-taetigkeit-fuer-axel-springer\/#breadcrumb\"},\"inLanguage\":\"en-US\",\"potentialAction\":[{\"@type\":\"ReadAction\",\"target\":[\"https:\/\/newsslash.com\/n\/8914-bild-herausgeber-kai-diekmann-beendet-taetigkeit-fuer-axel-springer\/\"]}]},{\"@type\":\"ImageObject\",\"inLanguage\":\"en-US\",\"@id\":\"https:\/\/newsslash.com\/n\/8914-bild-herausgeber-kai-diekmann-beendet-taetigkeit-fuer-axel-springer\/#primaryimage\",\"url\":\"https:\/\/newsslash.com\/n\/wp-content\/uploads\/2025\/04\/NewsSlash-Featured-Image.jpg\",\"contentUrl\":\"https:\/\/newsslash.com\/n\/wp-content\/uploads\/2025\/04\/NewsSlash-Featured-Image.jpg\",\"width\":1280,\"height\":854},{\"@type\":\"BreadcrumbList\",\"@id\":\"https:\/\/newsslash.com\/n\/8914-bild-herausgeber-kai-diekmann-beendet-taetigkeit-fuer-axel-springer\/#breadcrumb\",\"itemListElement\":[{\"@type\":\"ListItem\",\"position\":1,\"name\":\"Home\",\"item\":\"https:\/\/newsslash.com\/n\/\"},{\"@type\":\"ListItem\",\"position\":2,\"name\":\"BILD-Herausgeber Kai Diekmann beendet T\u00c3\u00a4tigkeit f\u00c3\u00bcr Axe&#8230;\"}]},{\"@type\":\"WebSite\",\"@id\":\"https:\/\/newsslash.com\/n\/#website\",\"url\":\"https:\/\/newsslash.com\/n\/\",\"name\":\"Newsslash\",\"description\":\"Trending News on Movies, Series, OTT, Gaming\",\"publisher\":{\"@id\":\"https:\/\/newsslash.com\/n\/#organization\"},\"potentialAction\":[{\"@type\":\"SearchAction\",\"target\":{\"@type\":\"EntryPoint\",\"urlTemplate\":\"https:\/\/newsslash.com\/n\/?s={search_term_string}\"},\"query-input\":{\"@type\":\"PropertyValueSpecification\",\"valueRequired\":true,\"valueName\":\"search_term_string\"}}],\"inLanguage\":\"en-US\"},{\"@type\":\"Organization\",\"@id\":\"https:\/\/newsslash.com\/n\/#organization\",\"name\":\"Newsslash\",\"url\":\"https:\/\/newsslash.com\/n\/\",\"logo\":{\"@type\":\"ImageObject\",\"inLanguage\":\"en-US\",\"@id\":\"https:\/\/newsslash.com\/n\/#\/schema\/logo\/image\/\",\"url\":\"https:\/\/newsslash.com\/n\/wp-content\/uploads\/2025\/04\/cropped-Newsslash-logo-Fevicon.png\",\"contentUrl\":\"https:\/\/newsslash.com\/n\/wp-content\/uploads\/2025\/04\/cropped-Newsslash-logo-Fevicon.png\",\"width\":512,\"height\":512,\"caption\":\"Newsslash\"},\"image\":{\"@id\":\"https:\/\/newsslash.com\/n\/#\/schema\/logo\/image\/\"}},{\"@type\":\"Person\",\"@id\":\"https:\/\/newsslash.com\/n\/#\/schema\/person\/9710bfacfd5579c2b307825ddaad6c46\",\"name\":\"Viktor Pulz\",\"sameAs\":[\"https:\/\/newsslash.com\"],\"url\":\"https:\/\/newsslash.com\/n\/author\/viktor_pulz\/\"}]}<\/script>\n<!-- \/ Yoast SEO plugin. -->","yoast_head_json":{"title":"BILD-Herausgeber Kai Diekmann beendet T\u00c3\u00a4tigkeit f\u00c3\u00bcr Axe... - Newsslash","robots":{"index":"noindex","follow":"follow"},"og_locale":"en_US","og_type":"article","og_title":"BILD-Herausgeber Kai Diekmann beendet T\u00c3\u00a4tigkeit f\u00c3\u00bcr Axe... - Newsslash","og_description":"Kai Diekmann, Herausgeber der BILD-Gruppe, hat auf eigenem Wunsch das Unternehmen zum 31. Januar 2017 verlassen und wird sich nun... Mehr auf Newsslash.com!","og_url":"https:\/\/newsslash.com\/n\/8914-bild-herausgeber-kai-diekmann-beendet-taetigkeit-fuer-axel-springer\/","og_site_name":"Newsslash","article_published_time":"2017-01-02T18:43:25+00:00","og_image":[{"width":1280,"height":854,"url":"https:\/\/newsslash.com\/n\/wp-content\/uploads\/2025\/04\/NewsSlash-Featured-Image.jpg","type":"image\/jpeg"}],"author":"Viktor Pulz","twitter_card":"summary_large_image","twitter_misc":{"Written by":"Viktor Pulz","Est. reading time":"1 minute"},"schema":{"@context":"https:\/\/schema.org","@graph":[{"@type":"Article","@id":"https:\/\/newsslash.com\/n\/8914-bild-herausgeber-kai-diekmann-beendet-taetigkeit-fuer-axel-springer\/#article","isPartOf":{"@id":"https:\/\/newsslash.com\/n\/8914-bild-herausgeber-kai-diekmann-beendet-taetigkeit-fuer-axel-springer\/"},"author":{"name":"Viktor Pulz","@id":"https:\/\/newsslash.com\/n\/#\/schema\/person\/9710bfacfd5579c2b307825ddaad6c46"},"headline":"BILD-Herausgeber Kai Diekmann beendet T\u00c3\u00a4tigkeit f\u00c3\u00bcr Axe&#8230;","datePublished":"2017-01-02T18:43:25+00:00","mainEntityOfPage":{"@id":"https:\/\/newsslash.com\/n\/8914-bild-herausgeber-kai-diekmann-beendet-taetigkeit-fuer-axel-springer\/"},"wordCount":304,"commentCount":0,"publisher":{"@id":"https:\/\/newsslash.com\/n\/#organization"},"image":{"@id":"https:\/\/newsslash.com\/n\/8914-bild-herausgeber-kai-diekmann-beendet-taetigkeit-fuer-axel-springer\/#primaryimage"},"thumbnailUrl":"https:\/\/newsslash.com\/n\/wp-content\/uploads\/2025\/04\/NewsSlash-Featured-Image.jpg","articleSection":["Blog"],"inLanguage":"en-US","potentialAction":[{"@type":"CommentAction","name":"Comment","target":["https:\/\/newsslash.com\/n\/8914-bild-herausgeber-kai-diekmann-beendet-taetigkeit-fuer-axel-springer\/#respond"]}]},{"@type":"WebPage","@id":"https:\/\/newsslash.com\/n\/8914-bild-herausgeber-kai-diekmann-beendet-taetigkeit-fuer-axel-springer\/","url":"https:\/\/newsslash.com\/n\/8914-bild-herausgeber-kai-diekmann-beendet-taetigkeit-fuer-axel-springer\/","name":"BILD-Herausgeber Kai Diekmann beendet T\u00c3\u00a4tigkeit f\u00c3\u00bcr Axe... - Newsslash","isPartOf":{"@id":"https:\/\/newsslash.com\/n\/#website"},"primaryImageOfPage":{"@id":"https:\/\/newsslash.com\/n\/8914-bild-herausgeber-kai-diekmann-beendet-taetigkeit-fuer-axel-springer\/#primaryimage"},"image":{"@id":"https:\/\/newsslash.com\/n\/8914-bild-herausgeber-kai-diekmann-beendet-taetigkeit-fuer-axel-springer\/#primaryimage"},"thumbnailUrl":"https:\/\/newsslash.com\/n\/wp-content\/uploads\/2025\/04\/NewsSlash-Featured-Image.jpg","datePublished":"2017-01-02T18:43:25+00:00","breadcrumb":{"@id":"https:\/\/newsslash.com\/n\/8914-bild-herausgeber-kai-diekmann-beendet-taetigkeit-fuer-axel-springer\/#breadcrumb"},"inLanguage":"en-US","potentialAction":[{"@type":"ReadAction","target":["https:\/\/newsslash.com\/n\/8914-bild-herausgeber-kai-diekmann-beendet-taetigkeit-fuer-axel-springer\/"]}]},{"@type":"ImageObject","inLanguage":"en-US","@id":"https:\/\/newsslash.com\/n\/8914-bild-herausgeber-kai-diekmann-beendet-taetigkeit-fuer-axel-springer\/#primaryimage","url":"https:\/\/newsslash.com\/n\/wp-content\/uploads\/2025\/04\/NewsSlash-Featured-Image.jpg","contentUrl":"https:\/\/newsslash.com\/n\/wp-content\/uploads\/2025\/04\/NewsSlash-Featured-Image.jpg","width":1280,"height":854},{"@type":"BreadcrumbList","@id":"https:\/\/newsslash.com\/n\/8914-bild-herausgeber-kai-diekmann-beendet-taetigkeit-fuer-axel-springer\/#breadcrumb","itemListElement":[{"@type":"ListItem","position":1,"name":"Home","item":"https:\/\/newsslash.com\/n\/"},{"@type":"ListItem","position":2,"name":"BILD-Herausgeber Kai Diekmann beendet T\u00c3\u00a4tigkeit f\u00c3\u00bcr Axe&#8230;"}]},{"@type":"WebSite","@id":"https:\/\/newsslash.com\/n\/#website","url":"https:\/\/newsslash.com\/n\/","name":"Newsslash","description":"Trending News on Movies, Series, OTT, Gaming","publisher":{"@id":"https:\/\/newsslash.com\/n\/#organization"},"potentialAction":[{"@type":"SearchAction","target":{"@type":"EntryPoint","urlTemplate":"https:\/\/newsslash.com\/n\/?s={search_term_string}"},"query-input":{"@type":"PropertyValueSpecification","valueRequired":true,"valueName":"search_term_string"}}],"inLanguage":"en-US"},{"@type":"Organization","@id":"https:\/\/newsslash.com\/n\/#organization","name":"Newsslash","url":"https:\/\/newsslash.com\/n\/","logo":{"@type":"ImageObject","inLanguage":"en-US","@id":"https:\/\/newsslash.com\/n\/#\/schema\/logo\/image\/","url":"https:\/\/newsslash.com\/n\/wp-content\/uploads\/2025\/04\/cropped-Newsslash-logo-Fevicon.png","contentUrl":"https:\/\/newsslash.com\/n\/wp-content\/uploads\/2025\/04\/cropped-Newsslash-logo-Fevicon.png","width":512,"height":512,"caption":"Newsslash"},"image":{"@id":"https:\/\/newsslash.com\/n\/#\/schema\/logo\/image\/"}},{"@type":"Person","@id":"https:\/\/newsslash.com\/n\/#\/schema\/person\/9710bfacfd5579c2b307825ddaad6c46","name":"Viktor Pulz","sameAs":["https:\/\/newsslash.com"],"url":"https:\/\/newsslash.com\/n\/author\/viktor_pulz\/"}]}},"_links":{"self":[{"href":"https:\/\/newsslash.com\/n\/wp-json\/wp\/v2\/posts\/11922","targetHints":{"allow":["GET"]}}],"collection":[{"href":"https:\/\/newsslash.com\/n\/wp-json\/wp\/v2\/posts"}],"about":[{"href":"https:\/\/newsslash.com\/n\/wp-json\/wp\/v2\/types\/post"}],"author":[{"embeddable":true,"href":"https:\/\/newsslash.com\/n\/wp-json\/wp\/v2\/users\/2"}],"replies":[{"embeddable":true,"href":"https:\/\/newsslash.com\/n\/wp-json\/wp\/v2\/comments?post=11922"}],"version-history":[{"count":0,"href":"https:\/\/newsslash.com\/n\/wp-json\/wp\/v2\/posts\/11922\/revisions"}],"wp:featuredmedia":[{"embeddable":true,"href":"https:\/\/newsslash.com\/n\/wp-json\/wp\/v2\/media\/21974"}],"wp:attachment":[{"href":"https:\/\/newsslash.com\/n\/wp-json\/wp\/v2\/media?parent=11922"}],"curies":[{"name":"wp","href":"https:\/\/api.w.org\/{rel}","templated":true}]}}