{"id":11998,"date":"2017-01-14T14:42:00","date_gmt":"2017-01-14T14:42:00","guid":{"rendered":"https:\/\/newsslash.com\/n\/8978-wann-kommt-the-man-in-the-high-castle-staffel-3-auf-amazon-prime\/"},"modified":"2017-01-14T14:42:00","modified_gmt":"2017-01-14T14:42:00","slug":"8978-wann-kommt-the-man-in-the-high-castle-staffel-3-auf-amazon-prime","status":"publish","type":"post","link":"https:\/\/newsslash.com\/n\/8978-wann-kommt-the-man-in-the-high-castle-staffel-3-auf-amazon-prime\/","title":{"rendered":"Wann kommt The Man in the High Castle Staffel 3 auf Amazo&#8230;"},"content":{"rendered":"<p>Dass die Serie die meist gestreamte Amazon Original Produktion sein w\u00c3\u00bcrde h\u00c3\u00a4tte wohl zuvor nicht jeder gedacht, doch geben die verfilmten Drehb\u00c3\u00bccher basierend auf dem Roman Das Orakel vom Berge von Philip K. Dick aus dem Jahr 1962 schlichtweg genug Stoff her, um weitere Staffeln des gut produzierten Mix aus Hitler-Hakenkreuz-Vibes und Propaganda-Widerstandskampf abzudrehen. Seit dem 13. Januar ist nun endlich die zweite Staffel von The Man in the High Castle auch in deutscher Fassung f\u00c3\u00bcr Fans verf\u00c3\u00bcgbar und schon fragen sich die Anh\u00c3\u00a4nger wann wohl die dritte Staffel des gleichnahmigen Amazon-Serienerfolgs kommt. Eine dritte Staffel wird es geben &#8211; dieses Mal jedoch gesplittet. Amazon Prime hatte Anfang des neuen Jahres bekanntgegeben, dass Teil 1 der dritten Staffel von The Man in the High Castle gegen Ende 2017 zu erwarten sei w\u00c3\u00a4hrend Teil 2 erst 2018 komme. Wann genau das sein wird ist noch nicht klar. Aller Wahrscheinlichkeit nach wird die neue Staffel Mitte Dezember 2017, also genau ein Jahr nach der O-Ton Fassung von Staffel 2 released. Nachdem Frank Spotnitz das Set aus kreativen Meinungsverschiedenheiten mit Amazon verlie\u00c3\u0178 und sich auch Ridley Scott anderen Projekten widmet, f\u00c3\u00bchrt nun Eric Overmyer Regie. Der 65-j\u00c3\u00a4hrige Showrunner und Executive Producer (The Wire, Law &amp; Order, Bosch, The Affair) ist kein Unbekannter innerhalb der Serienwelt. Zuschauer sind gespannt, ob sich seine Erfahrung auch im Plot der Geschichte widerspiegeln wird. Auch die Hauptrollen f\u00c3\u00bcr den neuen dritten Teil sind bereits weitestgehend besetzt. Die Hauptrollen in The Man in the High Castle \u00c3\u00bcbernehmen Alexa Davalos (Kampf der Titanen), Rupert Evans (Hellboy), Luke Kleintank (Pretty Little Liars), DJ Qualls (The Core \u00e2\u20ac\u201c Der innere Kern), Bella Heathcote (The Neon Demon), Joel De La Fuente (Hemlock Grove), Brennan Brown (Focus), Callum Keith Rennie (Harper\u00e2\u20ac\u2122s Island), Cary-Hiroyuki Tagawa (Revenge) und Rufus Sewell (Victoria).<\/p><div class=\"newss-content\" id=\"newss-2463907236\"><script async src=\"\/\/pagead2.googlesyndication.com\/pagead\/js\/adsbygoogle.js?client=ca-pub-7733425960004873\" crossorigin=\"anonymous\"><\/script><ins class=\"adsbygoogle\" style=\"display:block;\" data-ad-client=\"ca-pub-7733425960004873\" \ndata-ad-slot=\"2582020599\" \ndata-ad-format=\"auto\"><\/ins>\n<script> \n(adsbygoogle = window.adsbygoogle || []).push({}); \n<\/script>\n<\/div><div class=\"newss-article-1\" id=\"newss-635564933\"><script async src=\"https:\/\/pagead2.googlesyndication.com\/pagead\/js\/adsbygoogle.js?client=ca-pub-7733425960004873\"\r\n     crossorigin=\"anonymous\"><\/script>\r\n<!-- Homepage2 -->\r\n<ins class=\"adsbygoogle\"\r\n     style=\"display:block\"\r\n     data-ad-client=\"ca-pub-7733425960004873\"\r\n     data-ad-slot=\"2582020599\"\r\n     data-ad-format=\"auto\"\r\n     data-full-width-responsive=\"true\"><\/ins>\r\n<script>\r\n     (adsbygoogle = window.adsbygoogle || []).push({});\r\n<\/script><\/div>\n","protected":false},"excerpt":{"rendered":"<p>Das The Man in the High Castle eine dritte Staffel bekommt ist sicher. Neben dem Wechsel des Regisseurs und einem erfolgreichen&#8230; Mehr auf Newsslash.com!<\/p>\n","protected":false},"author":6,"featured_media":21974,"comment_status":"open","ping_status":"open","sticky":false,"template":"","format":"standard","meta":{"_et_pb_use_builder":"","_et_pb_old_content":"","_et_gb_content_width":"","footnotes":""},"class_list":["post-11998","post","type-post","status-publish","format-standard","has-post-thumbnail","hentry","category-blog"],"yoast_head":"<!-- This site is optimized with the Yoast SEO plugin v24.8.1 - https:\/\/yoast.com\/wordpress\/plugins\/seo\/ -->\n<title>Wann kommt The Man in the High Castle Staffel 3 auf Amazo... - Newsslash<\/title>\n<meta name=\"robots\" content=\"noindex, follow\" \/>\n<meta property=\"og:locale\" content=\"en_US\" \/>\n<meta property=\"og:type\" content=\"article\" \/>\n<meta property=\"og:title\" content=\"Wann kommt The Man in the High Castle Staffel 3 auf Amazo... - Newsslash\" \/>\n<meta property=\"og:description\" content=\"Das The Man in the High Castle eine dritte Staffel bekommt ist sicher. Neben dem Wechsel des Regisseurs und einem erfolgreichen... Mehr auf Newsslash.com!\" \/>\n<meta property=\"og:url\" content=\"https:\/\/newsslash.com\/n\/8978-wann-kommt-the-man-in-the-high-castle-staffel-3-auf-amazon-prime\/\" \/>\n<meta property=\"og:site_name\" content=\"Newsslash\" \/>\n<meta property=\"article:published_time\" content=\"2017-01-14T14:42:00+00:00\" \/>\n<meta property=\"og:image\" content=\"https:\/\/newsslash.com\/n\/wp-content\/uploads\/2025\/04\/NewsSlash-Featured-Image.jpg\" \/>\n\t<meta property=\"og:image:width\" content=\"1280\" \/>\n\t<meta property=\"og:image:height\" content=\"854\" \/>\n\t<meta property=\"og:image:type\" content=\"image\/jpeg\" \/>\n<meta name=\"author\" content=\"Daniel S\" \/>\n<meta name=\"twitter:card\" content=\"summary_large_image\" \/>\n<meta name=\"twitter:label1\" content=\"Written by\" \/>\n\t<meta name=\"twitter:data1\" content=\"Daniel S\" \/>\n\t<meta name=\"twitter:label2\" content=\"Est. reading time\" \/>\n\t<meta name=\"twitter:data2\" content=\"1 minute\" \/>\n<script type=\"application\/ld+json\" class=\"yoast-schema-graph\">{\"@context\":\"https:\/\/schema.org\",\"@graph\":[{\"@type\":\"Article\",\"@id\":\"https:\/\/newsslash.com\/n\/8978-wann-kommt-the-man-in-the-high-castle-staffel-3-auf-amazon-prime\/#article\",\"isPartOf\":{\"@id\":\"https:\/\/newsslash.com\/n\/8978-wann-kommt-the-man-in-the-high-castle-staffel-3-auf-amazon-prime\/\"},\"author\":{\"name\":\"Daniel S\",\"@id\":\"https:\/\/newsslash.com\/n\/#\/schema\/person\/80a404decadf9e49aa360e11977c32f2\"},\"headline\":\"Wann kommt The Man in the High Castle Staffel 3 auf Amazo&#8230;\",\"datePublished\":\"2017-01-14T14:42:00+00:00\",\"mainEntityOfPage\":{\"@id\":\"https:\/\/newsslash.com\/n\/8978-wann-kommt-the-man-in-the-high-castle-staffel-3-auf-amazon-prime\/\"},\"wordCount\":308,\"commentCount\":0,\"publisher\":{\"@id\":\"https:\/\/newsslash.com\/n\/#organization\"},\"image\":{\"@id\":\"https:\/\/newsslash.com\/n\/8978-wann-kommt-the-man-in-the-high-castle-staffel-3-auf-amazon-prime\/#primaryimage\"},\"thumbnailUrl\":\"https:\/\/newsslash.com\/n\/wp-content\/uploads\/2025\/04\/NewsSlash-Featured-Image.jpg\",\"articleSection\":[\"Blog\"],\"inLanguage\":\"en-US\",\"potentialAction\":[{\"@type\":\"CommentAction\",\"name\":\"Comment\",\"target\":[\"https:\/\/newsslash.com\/n\/8978-wann-kommt-the-man-in-the-high-castle-staffel-3-auf-amazon-prime\/#respond\"]}]},{\"@type\":\"WebPage\",\"@id\":\"https:\/\/newsslash.com\/n\/8978-wann-kommt-the-man-in-the-high-castle-staffel-3-auf-amazon-prime\/\",\"url\":\"https:\/\/newsslash.com\/n\/8978-wann-kommt-the-man-in-the-high-castle-staffel-3-auf-amazon-prime\/\",\"name\":\"Wann kommt The Man in the High Castle Staffel 3 auf Amazo... - Newsslash\",\"isPartOf\":{\"@id\":\"https:\/\/newsslash.com\/n\/#website\"},\"primaryImageOfPage\":{\"@id\":\"https:\/\/newsslash.com\/n\/8978-wann-kommt-the-man-in-the-high-castle-staffel-3-auf-amazon-prime\/#primaryimage\"},\"image\":{\"@id\":\"https:\/\/newsslash.com\/n\/8978-wann-kommt-the-man-in-the-high-castle-staffel-3-auf-amazon-prime\/#primaryimage\"},\"thumbnailUrl\":\"https:\/\/newsslash.com\/n\/wp-content\/uploads\/2025\/04\/NewsSlash-Featured-Image.jpg\",\"datePublished\":\"2017-01-14T14:42:00+00:00\",\"breadcrumb\":{\"@id\":\"https:\/\/newsslash.com\/n\/8978-wann-kommt-the-man-in-the-high-castle-staffel-3-auf-amazon-prime\/#breadcrumb\"},\"inLanguage\":\"en-US\",\"potentialAction\":[{\"@type\":\"ReadAction\",\"target\":[\"https:\/\/newsslash.com\/n\/8978-wann-kommt-the-man-in-the-high-castle-staffel-3-auf-amazon-prime\/\"]}]},{\"@type\":\"ImageObject\",\"inLanguage\":\"en-US\",\"@id\":\"https:\/\/newsslash.com\/n\/8978-wann-kommt-the-man-in-the-high-castle-staffel-3-auf-amazon-prime\/#primaryimage\",\"url\":\"https:\/\/newsslash.com\/n\/wp-content\/uploads\/2025\/04\/NewsSlash-Featured-Image.jpg\",\"contentUrl\":\"https:\/\/newsslash.com\/n\/wp-content\/uploads\/2025\/04\/NewsSlash-Featured-Image.jpg\",\"width\":1280,\"height\":854},{\"@type\":\"BreadcrumbList\",\"@id\":\"https:\/\/newsslash.com\/n\/8978-wann-kommt-the-man-in-the-high-castle-staffel-3-auf-amazon-prime\/#breadcrumb\",\"itemListElement\":[{\"@type\":\"ListItem\",\"position\":1,\"name\":\"Home\",\"item\":\"https:\/\/newsslash.com\/n\/\"},{\"@type\":\"ListItem\",\"position\":2,\"name\":\"Wann kommt The Man in the High Castle Staffel 3 auf Amazo&#8230;\"}]},{\"@type\":\"WebSite\",\"@id\":\"https:\/\/newsslash.com\/n\/#website\",\"url\":\"https:\/\/newsslash.com\/n\/\",\"name\":\"Newsslash\",\"description\":\"Trending News on Movies, Series, OTT, Gaming\",\"publisher\":{\"@id\":\"https:\/\/newsslash.com\/n\/#organization\"},\"potentialAction\":[{\"@type\":\"SearchAction\",\"target\":{\"@type\":\"EntryPoint\",\"urlTemplate\":\"https:\/\/newsslash.com\/n\/?s={search_term_string}\"},\"query-input\":{\"@type\":\"PropertyValueSpecification\",\"valueRequired\":true,\"valueName\":\"search_term_string\"}}],\"inLanguage\":\"en-US\"},{\"@type\":\"Organization\",\"@id\":\"https:\/\/newsslash.com\/n\/#organization\",\"name\":\"Newsslash\",\"url\":\"https:\/\/newsslash.com\/n\/\",\"logo\":{\"@type\":\"ImageObject\",\"inLanguage\":\"en-US\",\"@id\":\"https:\/\/newsslash.com\/n\/#\/schema\/logo\/image\/\",\"url\":\"https:\/\/newsslash.com\/n\/wp-content\/uploads\/2025\/04\/cropped-Newsslash-logo-Fevicon.png\",\"contentUrl\":\"https:\/\/newsslash.com\/n\/wp-content\/uploads\/2025\/04\/cropped-Newsslash-logo-Fevicon.png\",\"width\":512,\"height\":512,\"caption\":\"Newsslash\"},\"image\":{\"@id\":\"https:\/\/newsslash.com\/n\/#\/schema\/logo\/image\/\"}},{\"@type\":\"Person\",\"@id\":\"https:\/\/newsslash.com\/n\/#\/schema\/person\/80a404decadf9e49aa360e11977c32f2\",\"name\":\"Daniel S\",\"sameAs\":[\"https:\/\/newsslash.com\"],\"url\":\"https:\/\/newsslash.com\/n\/author\/daniel_s\/\"}]}<\/script>\n<!-- \/ Yoast SEO plugin. -->","yoast_head_json":{"title":"Wann kommt The Man in the High Castle Staffel 3 auf Amazo... - Newsslash","robots":{"index":"noindex","follow":"follow"},"og_locale":"en_US","og_type":"article","og_title":"Wann kommt The Man in the High Castle Staffel 3 auf Amazo... - Newsslash","og_description":"Das The Man in the High Castle eine dritte Staffel bekommt ist sicher. Neben dem Wechsel des Regisseurs und einem erfolgreichen... Mehr auf Newsslash.com!","og_url":"https:\/\/newsslash.com\/n\/8978-wann-kommt-the-man-in-the-high-castle-staffel-3-auf-amazon-prime\/","og_site_name":"Newsslash","article_published_time":"2017-01-14T14:42:00+00:00","og_image":[{"width":1280,"height":854,"url":"https:\/\/newsslash.com\/n\/wp-content\/uploads\/2025\/04\/NewsSlash-Featured-Image.jpg","type":"image\/jpeg"}],"author":"Daniel S","twitter_card":"summary_large_image","twitter_misc":{"Written by":"Daniel S","Est. reading time":"1 minute"},"schema":{"@context":"https:\/\/schema.org","@graph":[{"@type":"Article","@id":"https:\/\/newsslash.com\/n\/8978-wann-kommt-the-man-in-the-high-castle-staffel-3-auf-amazon-prime\/#article","isPartOf":{"@id":"https:\/\/newsslash.com\/n\/8978-wann-kommt-the-man-in-the-high-castle-staffel-3-auf-amazon-prime\/"},"author":{"name":"Daniel S","@id":"https:\/\/newsslash.com\/n\/#\/schema\/person\/80a404decadf9e49aa360e11977c32f2"},"headline":"Wann kommt The Man in the High Castle Staffel 3 auf Amazo&#8230;","datePublished":"2017-01-14T14:42:00+00:00","mainEntityOfPage":{"@id":"https:\/\/newsslash.com\/n\/8978-wann-kommt-the-man-in-the-high-castle-staffel-3-auf-amazon-prime\/"},"wordCount":308,"commentCount":0,"publisher":{"@id":"https:\/\/newsslash.com\/n\/#organization"},"image":{"@id":"https:\/\/newsslash.com\/n\/8978-wann-kommt-the-man-in-the-high-castle-staffel-3-auf-amazon-prime\/#primaryimage"},"thumbnailUrl":"https:\/\/newsslash.com\/n\/wp-content\/uploads\/2025\/04\/NewsSlash-Featured-Image.jpg","articleSection":["Blog"],"inLanguage":"en-US","potentialAction":[{"@type":"CommentAction","name":"Comment","target":["https:\/\/newsslash.com\/n\/8978-wann-kommt-the-man-in-the-high-castle-staffel-3-auf-amazon-prime\/#respond"]}]},{"@type":"WebPage","@id":"https:\/\/newsslash.com\/n\/8978-wann-kommt-the-man-in-the-high-castle-staffel-3-auf-amazon-prime\/","url":"https:\/\/newsslash.com\/n\/8978-wann-kommt-the-man-in-the-high-castle-staffel-3-auf-amazon-prime\/","name":"Wann kommt The Man in the High Castle Staffel 3 auf Amazo... - Newsslash","isPartOf":{"@id":"https:\/\/newsslash.com\/n\/#website"},"primaryImageOfPage":{"@id":"https:\/\/newsslash.com\/n\/8978-wann-kommt-the-man-in-the-high-castle-staffel-3-auf-amazon-prime\/#primaryimage"},"image":{"@id":"https:\/\/newsslash.com\/n\/8978-wann-kommt-the-man-in-the-high-castle-staffel-3-auf-amazon-prime\/#primaryimage"},"thumbnailUrl":"https:\/\/newsslash.com\/n\/wp-content\/uploads\/2025\/04\/NewsSlash-Featured-Image.jpg","datePublished":"2017-01-14T14:42:00+00:00","breadcrumb":{"@id":"https:\/\/newsslash.com\/n\/8978-wann-kommt-the-man-in-the-high-castle-staffel-3-auf-amazon-prime\/#breadcrumb"},"inLanguage":"en-US","potentialAction":[{"@type":"ReadAction","target":["https:\/\/newsslash.com\/n\/8978-wann-kommt-the-man-in-the-high-castle-staffel-3-auf-amazon-prime\/"]}]},{"@type":"ImageObject","inLanguage":"en-US","@id":"https:\/\/newsslash.com\/n\/8978-wann-kommt-the-man-in-the-high-castle-staffel-3-auf-amazon-prime\/#primaryimage","url":"https:\/\/newsslash.com\/n\/wp-content\/uploads\/2025\/04\/NewsSlash-Featured-Image.jpg","contentUrl":"https:\/\/newsslash.com\/n\/wp-content\/uploads\/2025\/04\/NewsSlash-Featured-Image.jpg","width":1280,"height":854},{"@type":"BreadcrumbList","@id":"https:\/\/newsslash.com\/n\/8978-wann-kommt-the-man-in-the-high-castle-staffel-3-auf-amazon-prime\/#breadcrumb","itemListElement":[{"@type":"ListItem","position":1,"name":"Home","item":"https:\/\/newsslash.com\/n\/"},{"@type":"ListItem","position":2,"name":"Wann kommt The Man in the High Castle Staffel 3 auf Amazo&#8230;"}]},{"@type":"WebSite","@id":"https:\/\/newsslash.com\/n\/#website","url":"https:\/\/newsslash.com\/n\/","name":"Newsslash","description":"Trending News on Movies, Series, OTT, Gaming","publisher":{"@id":"https:\/\/newsslash.com\/n\/#organization"},"potentialAction":[{"@type":"SearchAction","target":{"@type":"EntryPoint","urlTemplate":"https:\/\/newsslash.com\/n\/?s={search_term_string}"},"query-input":{"@type":"PropertyValueSpecification","valueRequired":true,"valueName":"search_term_string"}}],"inLanguage":"en-US"},{"@type":"Organization","@id":"https:\/\/newsslash.com\/n\/#organization","name":"Newsslash","url":"https:\/\/newsslash.com\/n\/","logo":{"@type":"ImageObject","inLanguage":"en-US","@id":"https:\/\/newsslash.com\/n\/#\/schema\/logo\/image\/","url":"https:\/\/newsslash.com\/n\/wp-content\/uploads\/2025\/04\/cropped-Newsslash-logo-Fevicon.png","contentUrl":"https:\/\/newsslash.com\/n\/wp-content\/uploads\/2025\/04\/cropped-Newsslash-logo-Fevicon.png","width":512,"height":512,"caption":"Newsslash"},"image":{"@id":"https:\/\/newsslash.com\/n\/#\/schema\/logo\/image\/"}},{"@type":"Person","@id":"https:\/\/newsslash.com\/n\/#\/schema\/person\/80a404decadf9e49aa360e11977c32f2","name":"Daniel S","sameAs":["https:\/\/newsslash.com"],"url":"https:\/\/newsslash.com\/n\/author\/daniel_s\/"}]}},"_links":{"self":[{"href":"https:\/\/newsslash.com\/n\/wp-json\/wp\/v2\/posts\/11998","targetHints":{"allow":["GET"]}}],"collection":[{"href":"https:\/\/newsslash.com\/n\/wp-json\/wp\/v2\/posts"}],"about":[{"href":"https:\/\/newsslash.com\/n\/wp-json\/wp\/v2\/types\/post"}],"author":[{"embeddable":true,"href":"https:\/\/newsslash.com\/n\/wp-json\/wp\/v2\/users\/6"}],"replies":[{"embeddable":true,"href":"https:\/\/newsslash.com\/n\/wp-json\/wp\/v2\/comments?post=11998"}],"version-history":[{"count":0,"href":"https:\/\/newsslash.com\/n\/wp-json\/wp\/v2\/posts\/11998\/revisions"}],"wp:featuredmedia":[{"embeddable":true,"href":"https:\/\/newsslash.com\/n\/wp-json\/wp\/v2\/media\/21974"}],"wp:attachment":[{"href":"https:\/\/newsslash.com\/n\/wp-json\/wp\/v2\/media?parent=11998"}],"curies":[{"name":"wp","href":"https:\/\/api.w.org\/{rel}","templated":true}]}}