{"id":12033,"date":"2017-01-16T20:45:00","date_gmt":"2017-01-16T20:45:00","guid":{"rendered":"https:\/\/newsslash.com\/n\/8997-you-are-wanted-startdatum-zu-amazons-schweighoefer-serie-nun-bekannt\/"},"modified":"2017-01-16T20:45:00","modified_gmt":"2017-01-16T20:45:00","slug":"8997-you-are-wanted-startdatum-zu-amazons-schweighoefer-serie-nun-bekannt","status":"publish","type":"post","link":"https:\/\/newsslash.com\/n\/8997-you-are-wanted-startdatum-zu-amazons-schweighoefer-serie-nun-bekannt\/","title":{"rendered":"You Are Wanted: Startdatum zu Amazons Schweigh\u00c3\u00b6fer-Serie&#8230;"},"content":{"rendered":"<p>Amazon gab den Starttermin f\u00c3\u00bcr die erste deutsche Serie eines Video-Streaming-Services bekannt: Alle sechs Episoden von You Are Wanted feiern am 17. M\u00c3\u00a4rz 2017 exklusiv Premiere bei Amazon Prime Video. Hauptdarsteller, Regisseur und Produzent Matthias Schweigh\u00c3\u00b6fer spielt Lukas Franke, einen jungen Hotelmanager und Familienvater, der aus seinem Alltag gerissen wird, als jemand seine pers\u00c3\u00b6nlichen Daten hackt und anf\u00c3\u00a4ngt seine Lebensgeschichte neu zu schreiben. Au\u00c3\u0178erdem geh\u00c3\u00b6ren zum Cast der Thriller-Serie ber\u00c3\u00bchmte deutsche Schauspieler wie Alexandra Maria Lara (Vier gegen die Bank, Der Untergang), Karoline Herfurth (Fack ju G\u00c3\u00b6hte, Das Parfum \u00e2\u20ac\u201c Die Geschichte eines M\u00c3\u00b6rders) und Tom Beck (Einstein, Alarm f\u00c3\u00bcr Cobra 11). Matthias Schweigh\u00c3\u00b6fer: \u00e2\u20ac\u017eIch habe mich sehr gefreut You Are Wanted zusammen mit unseren Partnern von Warner Bros. zu produzieren \u00e2\u20ac\u201c eine packende deutsche Thriller-Serie auf internationalem Produktionsniveau. Amazon hat uns eine einmalige Gelegenheit geboten, das erste deutsche Amazon Original mit einer Top-Besetzung deutscher Kinostars auf den Markt zu bringen. Ich hoffe, dass die Serie meinen Fans gef\u00c3\u00a4llt, es ist genau die Serie, die ich immer drehen wollte.\u00e2\u20ac\u0153 \u00e2\u20ac\u017eYou Are Wanted schreibt ein kleines St\u00c3\u00bcck Mediengeschichte\u00e2\u20ac\u0153, sagt Dr. Christoph Schneider, Gesch\u00c3\u00a4ftsf\u00c3\u00bchrer Amazon Video Germany. \u00e2\u20ac\u017eEs ist die erste deutsche Serie eines globalen Video-Streaming-Dienstes und die Qualit\u00c3\u00a4t ist hervorragend. You Are Wanted ist spannend, aktuell, und hochkar\u00c3\u00a4tig besetzt. Wir k\u00c3\u00b6nnen es kaum erwarten, unseren Kunden das erste deutschsprachige Amazon Original zu pr\u00c3\u00a4sentieren.\u00e2\u20ac\u0153 \u00e2\u20ac\u017eWie bei unseren gro\u00c3\u0178en Erfolgsfilmen im Kino haben wir auch bei You Are Wanted alles gegeben, um packende Unterhaltung und Spannung f\u00c3\u00bcr ein sehr breites Publikum hochwertig zu produzieren. Mit Warner und Amazon teilen wir die gemeinsame Vision gro\u00c3\u0178es Kino f\u00c3\u00bcr Video-on-Demand anzubieten&#8221;, so Dan Maag, Produzent und Gesch\u00c3\u00a4ftsf\u00c3\u00bchrer der PANTALEON Films GmbH. \u00e2\u20ac\u017eZusammen mit PANTALEON haben wir mit You Are Wanted die erste deutsche Premium Serie f\u00c3\u00bcr einen Video-Streaming-Service produziert und daf\u00c3\u00bcr mit Amazon den idealen Streaming-Partner gefunden\u00e2\u20ac\u0153 so Produzent Willi Geike, Pr\u00c3\u00a4sident und Gesch\u00c3\u00a4ftsf\u00c3\u00bchrer von Warner Bros. Entertainment GmbH. \u00e2\u20ac\u017eF\u00c3\u00bcr Warner Bros. ist dies ein weiterer Schritt im Rahmen der Strategie, zusammen mit den innovativsten und kreativsten deutschen Talenten hochwertige Spielfilme und TV-Serien zu produzieren.&#8221;<\/p><div class=\"newss-content\" id=\"newss-3410500757\"><script async src=\"\/\/pagead2.googlesyndication.com\/pagead\/js\/adsbygoogle.js?client=ca-pub-7733425960004873\" crossorigin=\"anonymous\"><\/script><ins class=\"adsbygoogle\" style=\"display:block;\" data-ad-client=\"ca-pub-7733425960004873\" \ndata-ad-slot=\"2582020599\" \ndata-ad-format=\"auto\"><\/ins>\n<script> \n(adsbygoogle = window.adsbygoogle || []).push({}); \n<\/script>\n<\/div><div class=\"newss-article-1\" id=\"newss-371835647\"><script async src=\"https:\/\/pagead2.googlesyndication.com\/pagead\/js\/adsbygoogle.js?client=ca-pub-7733425960004873\"\r\n     crossorigin=\"anonymous\"><\/script>\r\n<!-- Homepage2 -->\r\n<ins class=\"adsbygoogle\"\r\n     style=\"display:block\"\r\n     data-ad-client=\"ca-pub-7733425960004873\"\r\n     data-ad-slot=\"2582020599\"\r\n     data-ad-format=\"auto\"\r\n     data-full-width-responsive=\"true\"><\/ins>\r\n<script>\r\n     (adsbygoogle = window.adsbygoogle || []).push({});\r\n<\/script><\/div>\n","protected":false},"excerpt":{"rendered":"<p>Alle sechs Folgen der Thriller-Serie mit Matthias Schweigh\u00c3\u00b6fer sind ab M\u00c3\u00a4rz 2017 exklusiv bei Amazon Prime Video verf\u00c3\u00bcgbar. Zum&#8230; Mehr auf Newsslash.com!<\/p>\n","protected":false},"author":2,"featured_media":21974,"comment_status":"open","ping_status":"open","sticky":false,"template":"","format":"standard","meta":{"_et_pb_use_builder":"","_et_pb_old_content":"","_et_gb_content_width":"","footnotes":""},"class_list":["post-12033","post","type-post","status-publish","format-standard","has-post-thumbnail","hentry","category-blog"],"yoast_head":"<!-- This site is optimized with the Yoast SEO plugin v24.8.1 - https:\/\/yoast.com\/wordpress\/plugins\/seo\/ -->\n<title>You Are Wanted: Startdatum zu Amazons Schweigh\u00c3\u00b6fer-Serie... - Newsslash<\/title>\n<meta name=\"robots\" content=\"noindex, follow\" \/>\n<meta property=\"og:locale\" content=\"en_US\" \/>\n<meta property=\"og:type\" content=\"article\" \/>\n<meta property=\"og:title\" content=\"You Are Wanted: Startdatum zu Amazons Schweigh\u00c3\u00b6fer-Serie... - Newsslash\" \/>\n<meta property=\"og:description\" content=\"Alle sechs Folgen der Thriller-Serie mit Matthias Schweigh\u00c3\u00b6fer sind ab M\u00c3\u00a4rz 2017 exklusiv bei Amazon Prime Video verf\u00c3\u00bcgbar. Zum... Mehr auf Newsslash.com!\" \/>\n<meta property=\"og:url\" content=\"https:\/\/newsslash.com\/n\/8997-you-are-wanted-startdatum-zu-amazons-schweighoefer-serie-nun-bekannt\/\" \/>\n<meta property=\"og:site_name\" content=\"Newsslash\" \/>\n<meta property=\"article:published_time\" content=\"2017-01-16T20:45:00+00:00\" \/>\n<meta property=\"og:image\" content=\"https:\/\/newsslash.com\/n\/wp-content\/uploads\/2025\/04\/NewsSlash-Featured-Image.jpg\" \/>\n\t<meta property=\"og:image:width\" content=\"1280\" \/>\n\t<meta property=\"og:image:height\" content=\"854\" \/>\n\t<meta property=\"og:image:type\" content=\"image\/jpeg\" \/>\n<meta name=\"author\" content=\"Viktor Pulz\" \/>\n<meta name=\"twitter:card\" content=\"summary_large_image\" \/>\n<meta name=\"twitter:label1\" content=\"Written by\" \/>\n\t<meta name=\"twitter:data1\" content=\"Viktor Pulz\" \/>\n\t<meta name=\"twitter:label2\" content=\"Est. reading time\" \/>\n\t<meta name=\"twitter:data2\" content=\"2 minutes\" \/>\n<script type=\"application\/ld+json\" class=\"yoast-schema-graph\">{\"@context\":\"https:\/\/schema.org\",\"@graph\":[{\"@type\":\"Article\",\"@id\":\"https:\/\/newsslash.com\/n\/8997-you-are-wanted-startdatum-zu-amazons-schweighoefer-serie-nun-bekannt\/#article\",\"isPartOf\":{\"@id\":\"https:\/\/newsslash.com\/n\/8997-you-are-wanted-startdatum-zu-amazons-schweighoefer-serie-nun-bekannt\/\"},\"author\":{\"name\":\"Viktor Pulz\",\"@id\":\"https:\/\/newsslash.com\/n\/#\/schema\/person\/9710bfacfd5579c2b307825ddaad6c46\"},\"headline\":\"You Are Wanted: Startdatum zu Amazons Schweigh\u00c3\u00b6fer-Serie&#8230;\",\"datePublished\":\"2017-01-16T20:45:00+00:00\",\"mainEntityOfPage\":{\"@id\":\"https:\/\/newsslash.com\/n\/8997-you-are-wanted-startdatum-zu-amazons-schweighoefer-serie-nun-bekannt\/\"},\"wordCount\":374,\"commentCount\":0,\"publisher\":{\"@id\":\"https:\/\/newsslash.com\/n\/#organization\"},\"image\":{\"@id\":\"https:\/\/newsslash.com\/n\/8997-you-are-wanted-startdatum-zu-amazons-schweighoefer-serie-nun-bekannt\/#primaryimage\"},\"thumbnailUrl\":\"https:\/\/newsslash.com\/n\/wp-content\/uploads\/2025\/04\/NewsSlash-Featured-Image.jpg\",\"articleSection\":[\"Blog\"],\"inLanguage\":\"en-US\",\"potentialAction\":[{\"@type\":\"CommentAction\",\"name\":\"Comment\",\"target\":[\"https:\/\/newsslash.com\/n\/8997-you-are-wanted-startdatum-zu-amazons-schweighoefer-serie-nun-bekannt\/#respond\"]}]},{\"@type\":\"WebPage\",\"@id\":\"https:\/\/newsslash.com\/n\/8997-you-are-wanted-startdatum-zu-amazons-schweighoefer-serie-nun-bekannt\/\",\"url\":\"https:\/\/newsslash.com\/n\/8997-you-are-wanted-startdatum-zu-amazons-schweighoefer-serie-nun-bekannt\/\",\"name\":\"You Are Wanted: Startdatum zu Amazons Schweigh\u00c3\u00b6fer-Serie... - Newsslash\",\"isPartOf\":{\"@id\":\"https:\/\/newsslash.com\/n\/#website\"},\"primaryImageOfPage\":{\"@id\":\"https:\/\/newsslash.com\/n\/8997-you-are-wanted-startdatum-zu-amazons-schweighoefer-serie-nun-bekannt\/#primaryimage\"},\"image\":{\"@id\":\"https:\/\/newsslash.com\/n\/8997-you-are-wanted-startdatum-zu-amazons-schweighoefer-serie-nun-bekannt\/#primaryimage\"},\"thumbnailUrl\":\"https:\/\/newsslash.com\/n\/wp-content\/uploads\/2025\/04\/NewsSlash-Featured-Image.jpg\",\"datePublished\":\"2017-01-16T20:45:00+00:00\",\"breadcrumb\":{\"@id\":\"https:\/\/newsslash.com\/n\/8997-you-are-wanted-startdatum-zu-amazons-schweighoefer-serie-nun-bekannt\/#breadcrumb\"},\"inLanguage\":\"en-US\",\"potentialAction\":[{\"@type\":\"ReadAction\",\"target\":[\"https:\/\/newsslash.com\/n\/8997-you-are-wanted-startdatum-zu-amazons-schweighoefer-serie-nun-bekannt\/\"]}]},{\"@type\":\"ImageObject\",\"inLanguage\":\"en-US\",\"@id\":\"https:\/\/newsslash.com\/n\/8997-you-are-wanted-startdatum-zu-amazons-schweighoefer-serie-nun-bekannt\/#primaryimage\",\"url\":\"https:\/\/newsslash.com\/n\/wp-content\/uploads\/2025\/04\/NewsSlash-Featured-Image.jpg\",\"contentUrl\":\"https:\/\/newsslash.com\/n\/wp-content\/uploads\/2025\/04\/NewsSlash-Featured-Image.jpg\",\"width\":1280,\"height\":854},{\"@type\":\"BreadcrumbList\",\"@id\":\"https:\/\/newsslash.com\/n\/8997-you-are-wanted-startdatum-zu-amazons-schweighoefer-serie-nun-bekannt\/#breadcrumb\",\"itemListElement\":[{\"@type\":\"ListItem\",\"position\":1,\"name\":\"Home\",\"item\":\"https:\/\/newsslash.com\/n\/\"},{\"@type\":\"ListItem\",\"position\":2,\"name\":\"You Are Wanted: Startdatum zu Amazons Schweigh\u00c3\u00b6fer-Serie&#8230;\"}]},{\"@type\":\"WebSite\",\"@id\":\"https:\/\/newsslash.com\/n\/#website\",\"url\":\"https:\/\/newsslash.com\/n\/\",\"name\":\"Newsslash\",\"description\":\"Trending News on Movies, Series, OTT, Gaming\",\"publisher\":{\"@id\":\"https:\/\/newsslash.com\/n\/#organization\"},\"potentialAction\":[{\"@type\":\"SearchAction\",\"target\":{\"@type\":\"EntryPoint\",\"urlTemplate\":\"https:\/\/newsslash.com\/n\/?s={search_term_string}\"},\"query-input\":{\"@type\":\"PropertyValueSpecification\",\"valueRequired\":true,\"valueName\":\"search_term_string\"}}],\"inLanguage\":\"en-US\"},{\"@type\":\"Organization\",\"@id\":\"https:\/\/newsslash.com\/n\/#organization\",\"name\":\"Newsslash\",\"url\":\"https:\/\/newsslash.com\/n\/\",\"logo\":{\"@type\":\"ImageObject\",\"inLanguage\":\"en-US\",\"@id\":\"https:\/\/newsslash.com\/n\/#\/schema\/logo\/image\/\",\"url\":\"https:\/\/newsslash.com\/n\/wp-content\/uploads\/2025\/04\/cropped-Newsslash-logo-Fevicon.png\",\"contentUrl\":\"https:\/\/newsslash.com\/n\/wp-content\/uploads\/2025\/04\/cropped-Newsslash-logo-Fevicon.png\",\"width\":512,\"height\":512,\"caption\":\"Newsslash\"},\"image\":{\"@id\":\"https:\/\/newsslash.com\/n\/#\/schema\/logo\/image\/\"}},{\"@type\":\"Person\",\"@id\":\"https:\/\/newsslash.com\/n\/#\/schema\/person\/9710bfacfd5579c2b307825ddaad6c46\",\"name\":\"Viktor Pulz\",\"sameAs\":[\"https:\/\/newsslash.com\"],\"url\":\"https:\/\/newsslash.com\/n\/author\/viktor_pulz\/\"}]}<\/script>\n<!-- \/ Yoast SEO plugin. -->","yoast_head_json":{"title":"You Are Wanted: Startdatum zu Amazons Schweigh\u00c3\u00b6fer-Serie... - Newsslash","robots":{"index":"noindex","follow":"follow"},"og_locale":"en_US","og_type":"article","og_title":"You Are Wanted: Startdatum zu Amazons Schweigh\u00c3\u00b6fer-Serie... - Newsslash","og_description":"Alle sechs Folgen der Thriller-Serie mit Matthias Schweigh\u00c3\u00b6fer sind ab M\u00c3\u00a4rz 2017 exklusiv bei Amazon Prime Video verf\u00c3\u00bcgbar. Zum... Mehr auf Newsslash.com!","og_url":"https:\/\/newsslash.com\/n\/8997-you-are-wanted-startdatum-zu-amazons-schweighoefer-serie-nun-bekannt\/","og_site_name":"Newsslash","article_published_time":"2017-01-16T20:45:00+00:00","og_image":[{"width":1280,"height":854,"url":"https:\/\/newsslash.com\/n\/wp-content\/uploads\/2025\/04\/NewsSlash-Featured-Image.jpg","type":"image\/jpeg"}],"author":"Viktor Pulz","twitter_card":"summary_large_image","twitter_misc":{"Written by":"Viktor Pulz","Est. reading time":"2 minutes"},"schema":{"@context":"https:\/\/schema.org","@graph":[{"@type":"Article","@id":"https:\/\/newsslash.com\/n\/8997-you-are-wanted-startdatum-zu-amazons-schweighoefer-serie-nun-bekannt\/#article","isPartOf":{"@id":"https:\/\/newsslash.com\/n\/8997-you-are-wanted-startdatum-zu-amazons-schweighoefer-serie-nun-bekannt\/"},"author":{"name":"Viktor Pulz","@id":"https:\/\/newsslash.com\/n\/#\/schema\/person\/9710bfacfd5579c2b307825ddaad6c46"},"headline":"You Are Wanted: Startdatum zu Amazons Schweigh\u00c3\u00b6fer-Serie&#8230;","datePublished":"2017-01-16T20:45:00+00:00","mainEntityOfPage":{"@id":"https:\/\/newsslash.com\/n\/8997-you-are-wanted-startdatum-zu-amazons-schweighoefer-serie-nun-bekannt\/"},"wordCount":374,"commentCount":0,"publisher":{"@id":"https:\/\/newsslash.com\/n\/#organization"},"image":{"@id":"https:\/\/newsslash.com\/n\/8997-you-are-wanted-startdatum-zu-amazons-schweighoefer-serie-nun-bekannt\/#primaryimage"},"thumbnailUrl":"https:\/\/newsslash.com\/n\/wp-content\/uploads\/2025\/04\/NewsSlash-Featured-Image.jpg","articleSection":["Blog"],"inLanguage":"en-US","potentialAction":[{"@type":"CommentAction","name":"Comment","target":["https:\/\/newsslash.com\/n\/8997-you-are-wanted-startdatum-zu-amazons-schweighoefer-serie-nun-bekannt\/#respond"]}]},{"@type":"WebPage","@id":"https:\/\/newsslash.com\/n\/8997-you-are-wanted-startdatum-zu-amazons-schweighoefer-serie-nun-bekannt\/","url":"https:\/\/newsslash.com\/n\/8997-you-are-wanted-startdatum-zu-amazons-schweighoefer-serie-nun-bekannt\/","name":"You Are Wanted: Startdatum zu Amazons Schweigh\u00c3\u00b6fer-Serie... - Newsslash","isPartOf":{"@id":"https:\/\/newsslash.com\/n\/#website"},"primaryImageOfPage":{"@id":"https:\/\/newsslash.com\/n\/8997-you-are-wanted-startdatum-zu-amazons-schweighoefer-serie-nun-bekannt\/#primaryimage"},"image":{"@id":"https:\/\/newsslash.com\/n\/8997-you-are-wanted-startdatum-zu-amazons-schweighoefer-serie-nun-bekannt\/#primaryimage"},"thumbnailUrl":"https:\/\/newsslash.com\/n\/wp-content\/uploads\/2025\/04\/NewsSlash-Featured-Image.jpg","datePublished":"2017-01-16T20:45:00+00:00","breadcrumb":{"@id":"https:\/\/newsslash.com\/n\/8997-you-are-wanted-startdatum-zu-amazons-schweighoefer-serie-nun-bekannt\/#breadcrumb"},"inLanguage":"en-US","potentialAction":[{"@type":"ReadAction","target":["https:\/\/newsslash.com\/n\/8997-you-are-wanted-startdatum-zu-amazons-schweighoefer-serie-nun-bekannt\/"]}]},{"@type":"ImageObject","inLanguage":"en-US","@id":"https:\/\/newsslash.com\/n\/8997-you-are-wanted-startdatum-zu-amazons-schweighoefer-serie-nun-bekannt\/#primaryimage","url":"https:\/\/newsslash.com\/n\/wp-content\/uploads\/2025\/04\/NewsSlash-Featured-Image.jpg","contentUrl":"https:\/\/newsslash.com\/n\/wp-content\/uploads\/2025\/04\/NewsSlash-Featured-Image.jpg","width":1280,"height":854},{"@type":"BreadcrumbList","@id":"https:\/\/newsslash.com\/n\/8997-you-are-wanted-startdatum-zu-amazons-schweighoefer-serie-nun-bekannt\/#breadcrumb","itemListElement":[{"@type":"ListItem","position":1,"name":"Home","item":"https:\/\/newsslash.com\/n\/"},{"@type":"ListItem","position":2,"name":"You Are Wanted: Startdatum zu Amazons Schweigh\u00c3\u00b6fer-Serie&#8230;"}]},{"@type":"WebSite","@id":"https:\/\/newsslash.com\/n\/#website","url":"https:\/\/newsslash.com\/n\/","name":"Newsslash","description":"Trending News on Movies, Series, OTT, Gaming","publisher":{"@id":"https:\/\/newsslash.com\/n\/#organization"},"potentialAction":[{"@type":"SearchAction","target":{"@type":"EntryPoint","urlTemplate":"https:\/\/newsslash.com\/n\/?s={search_term_string}"},"query-input":{"@type":"PropertyValueSpecification","valueRequired":true,"valueName":"search_term_string"}}],"inLanguage":"en-US"},{"@type":"Organization","@id":"https:\/\/newsslash.com\/n\/#organization","name":"Newsslash","url":"https:\/\/newsslash.com\/n\/","logo":{"@type":"ImageObject","inLanguage":"en-US","@id":"https:\/\/newsslash.com\/n\/#\/schema\/logo\/image\/","url":"https:\/\/newsslash.com\/n\/wp-content\/uploads\/2025\/04\/cropped-Newsslash-logo-Fevicon.png","contentUrl":"https:\/\/newsslash.com\/n\/wp-content\/uploads\/2025\/04\/cropped-Newsslash-logo-Fevicon.png","width":512,"height":512,"caption":"Newsslash"},"image":{"@id":"https:\/\/newsslash.com\/n\/#\/schema\/logo\/image\/"}},{"@type":"Person","@id":"https:\/\/newsslash.com\/n\/#\/schema\/person\/9710bfacfd5579c2b307825ddaad6c46","name":"Viktor Pulz","sameAs":["https:\/\/newsslash.com"],"url":"https:\/\/newsslash.com\/n\/author\/viktor_pulz\/"}]}},"_links":{"self":[{"href":"https:\/\/newsslash.com\/n\/wp-json\/wp\/v2\/posts\/12033","targetHints":{"allow":["GET"]}}],"collection":[{"href":"https:\/\/newsslash.com\/n\/wp-json\/wp\/v2\/posts"}],"about":[{"href":"https:\/\/newsslash.com\/n\/wp-json\/wp\/v2\/types\/post"}],"author":[{"embeddable":true,"href":"https:\/\/newsslash.com\/n\/wp-json\/wp\/v2\/users\/2"}],"replies":[{"embeddable":true,"href":"https:\/\/newsslash.com\/n\/wp-json\/wp\/v2\/comments?post=12033"}],"version-history":[{"count":0,"href":"https:\/\/newsslash.com\/n\/wp-json\/wp\/v2\/posts\/12033\/revisions"}],"wp:featuredmedia":[{"embeddable":true,"href":"https:\/\/newsslash.com\/n\/wp-json\/wp\/v2\/media\/21974"}],"wp:attachment":[{"href":"https:\/\/newsslash.com\/n\/wp-json\/wp\/v2\/media?parent=12033"}],"curies":[{"name":"wp","href":"https:\/\/api.w.org\/{rel}","templated":true}]}}