{"id":12097,"date":"2017-01-24T16:08:00","date_gmt":"2017-01-24T16:08:00","guid":{"rendered":"https:\/\/newsslash.com\/n\/9045-neue-serie-jerks-startet-bei-maxdome\/"},"modified":"2017-01-24T16:08:00","modified_gmt":"2017-01-24T16:08:00","slug":"9045-neue-serie-jerks-startet-bei-maxdome","status":"publish","type":"post","link":"https:\/\/newsslash.com\/n\/9045-neue-serie-jerks-startet-bei-maxdome\/","title":{"rendered":"Neue Serie jerks. startet bei maxdome"},"content":{"rendered":"<p>Humor, der weh tut! jerks., das Herzensprojekt von Christian Ulmen, startet diesen Donnerstag, den 26. Januar, bei maxdome. Die erste deutsche Video-on-Demand-Serie erz\u00c3\u00a4hlt von der Freundschaft zwischen Christian Ulmen und Fahri Yardim und konzentriert sich dabei voll und ganz auf ihr gemeinsames Scheitern. Christian Ulmen \u00c3\u00bcber jerks.: \u00e2\u20ac\u017eDie Serie ist wie eine Therapie f\u00c3\u00bcr uns selbst. Wir durchleben die peinlichen Situationen noch einmal. Aber wir zeigen sie auch den Zuschauern \u00e2\u20ac\u201c dadurch ist das Leid quasi auf alle gleich verteilt.\u00e2\u20ac\u0153 Kollege Fahri Yardim erg\u00c3\u00a4nzt: \u00e2\u20ac\u017eWir er\u00c3\u00b6ffnen mit jerks. eine riesige Gruppentherapie! Eigentlich ist es ein Movement.\u00e2\u20ac\u0153 Der Zuschauer erlebt die Unertr\u00c3\u00a4glichkeit ihres Alltags hautnah: Das Duo l\u00c3\u00a4sst keine Peinlichkeit aus, eckt unverh\u00c3\u00a4ltnism\u00c3\u00a4\u00c3\u0178ig an und st\u00c3\u00b6\u00c3\u0178t an moralische Grenzen. Die Serie zeigt die Momente im Leben von Christian und Fahri, in denen normalerweise die Kamera aus ist \u00e2\u20ac\u201c und \u00c3\u00bcber die man sonst nicht spricht! Viele bekannte Gesichter kreuzen in den verschiedensten Situationen die Wege der Freunde \u00e2\u20ac\u201c darunter Collien Ulmen-Fernandes, Jana Pallaske, Kay One, Sido, Charlotte W\u00c3\u00bcrdig, Nora Tschirner oder Karsten Speck. Marvin Lange, Gesch\u00c3\u00a4ftsf\u00c3\u00bchrer maxdome: \u00e2\u20ac\u017eMit jerks. ist Christian Ulmen eine herausragende und mutige Serie gelungen. maxdome ist stolz darauf, seine erste Eigenproduktion und damit Deutschlands erste Video-on-Demand-Serie zu zeigen.\u00e2\u20ac\u0153<\/p><div class=\"newss-content\" id=\"newss-1381613373\"><script async src=\"\/\/pagead2.googlesyndication.com\/pagead\/js\/adsbygoogle.js?client=ca-pub-7733425960004873\" crossorigin=\"anonymous\"><\/script><ins class=\"adsbygoogle\" style=\"display:block;\" data-ad-client=\"ca-pub-7733425960004873\" \ndata-ad-slot=\"2582020599\" \ndata-ad-format=\"auto\"><\/ins>\n<script> \n(adsbygoogle = window.adsbygoogle || []).push({}); \n<\/script>\n<\/div><div class=\"newss-article-1\" id=\"newss-3043778595\"><script async src=\"https:\/\/pagead2.googlesyndication.com\/pagead\/js\/adsbygoogle.js?client=ca-pub-7733425960004873\"\r\n     crossorigin=\"anonymous\"><\/script>\r\n<!-- Homepage2 -->\r\n<ins class=\"adsbygoogle\"\r\n     style=\"display:block\"\r\n     data-ad-client=\"ca-pub-7733425960004873\"\r\n     data-ad-slot=\"2582020599\"\r\n     data-ad-format=\"auto\"\r\n     data-full-width-responsive=\"true\"><\/ins>\r\n<script>\r\n     (adsbygoogle = window.adsbygoogle || []).push({});\r\n<\/script><\/div>\n","protected":false},"excerpt":{"rendered":"<p>Die erste deutsche Video-on-Demand-Serie: jerks. mit Christian Ulmen und Fahri Yardim startet am 26. Januar. maxdome hat nun weitere&#8230; Mehr auf Newsslash.com!<\/p>\n","protected":false},"author":2,"featured_media":12076,"comment_status":"open","ping_status":"open","sticky":false,"template":"","format":"standard","meta":{"_et_pb_use_builder":"","_et_pb_old_content":"","_et_gb_content_width":"","footnotes":""},"class_list":["post-12097","post","type-post","status-publish","format-standard","has-post-thumbnail","hentry","category-blog"],"yoast_head":"<!-- This site is optimized with the Yoast SEO plugin v24.8.1 - https:\/\/yoast.com\/wordpress\/plugins\/seo\/ -->\n<title>Neue Serie jerks. startet bei maxdome - Newsslash<\/title>\n<meta name=\"robots\" content=\"noindex, follow\" \/>\n<meta property=\"og:locale\" content=\"en_US\" \/>\n<meta property=\"og:type\" content=\"article\" \/>\n<meta property=\"og:title\" content=\"Neue Serie jerks. startet bei maxdome - Newsslash\" \/>\n<meta property=\"og:description\" content=\"Die erste deutsche Video-on-Demand-Serie: jerks. mit Christian Ulmen und Fahri Yardim startet am 26. Januar. maxdome hat nun weitere... Mehr auf Newsslash.com!\" \/>\n<meta property=\"og:url\" content=\"https:\/\/newsslash.com\/n\/9045-neue-serie-jerks-startet-bei-maxdome\/\" \/>\n<meta property=\"og:site_name\" content=\"Newsslash\" \/>\n<meta property=\"article:published_time\" content=\"2017-01-24T16:08:00+00:00\" \/>\n<meta property=\"og:image\" content=\"https:\/\/newsslash.com\/n\/wp-content\/uploads\/2025\/04\/teaser_img_9045.jpg\" \/>\n\t<meta property=\"og:image:width\" content=\"617\" \/>\n\t<meta property=\"og:image:height\" content=\"349\" \/>\n\t<meta property=\"og:image:type\" content=\"image\/jpeg\" \/>\n<meta name=\"author\" content=\"Viktor Pulz\" \/>\n<meta name=\"twitter:card\" content=\"summary_large_image\" \/>\n<meta name=\"twitter:label1\" content=\"Written by\" \/>\n\t<meta name=\"twitter:data1\" content=\"Viktor Pulz\" \/>\n\t<meta name=\"twitter:label2\" content=\"Est. reading time\" \/>\n\t<meta name=\"twitter:data2\" content=\"1 minute\" \/>\n<script type=\"application\/ld+json\" class=\"yoast-schema-graph\">{\"@context\":\"https:\/\/schema.org\",\"@graph\":[{\"@type\":\"Article\",\"@id\":\"https:\/\/newsslash.com\/n\/9045-neue-serie-jerks-startet-bei-maxdome\/#article\",\"isPartOf\":{\"@id\":\"https:\/\/newsslash.com\/n\/9045-neue-serie-jerks-startet-bei-maxdome\/\"},\"author\":{\"name\":\"Viktor Pulz\",\"@id\":\"https:\/\/newsslash.com\/n\/#\/schema\/person\/9710bfacfd5579c2b307825ddaad6c46\"},\"headline\":\"Neue Serie jerks. startet bei maxdome\",\"datePublished\":\"2017-01-24T16:08:00+00:00\",\"mainEntityOfPage\":{\"@id\":\"https:\/\/newsslash.com\/n\/9045-neue-serie-jerks-startet-bei-maxdome\/\"},\"wordCount\":215,\"commentCount\":0,\"publisher\":{\"@id\":\"https:\/\/newsslash.com\/n\/#organization\"},\"image\":{\"@id\":\"https:\/\/newsslash.com\/n\/9045-neue-serie-jerks-startet-bei-maxdome\/#primaryimage\"},\"thumbnailUrl\":\"https:\/\/newsslash.com\/n\/wp-content\/uploads\/2025\/04\/teaser_img_9045.jpg\",\"articleSection\":[\"Blog\"],\"inLanguage\":\"en-US\",\"potentialAction\":[{\"@type\":\"CommentAction\",\"name\":\"Comment\",\"target\":[\"https:\/\/newsslash.com\/n\/9045-neue-serie-jerks-startet-bei-maxdome\/#respond\"]}]},{\"@type\":\"WebPage\",\"@id\":\"https:\/\/newsslash.com\/n\/9045-neue-serie-jerks-startet-bei-maxdome\/\",\"url\":\"https:\/\/newsslash.com\/n\/9045-neue-serie-jerks-startet-bei-maxdome\/\",\"name\":\"Neue Serie jerks. startet bei maxdome - Newsslash\",\"isPartOf\":{\"@id\":\"https:\/\/newsslash.com\/n\/#website\"},\"primaryImageOfPage\":{\"@id\":\"https:\/\/newsslash.com\/n\/9045-neue-serie-jerks-startet-bei-maxdome\/#primaryimage\"},\"image\":{\"@id\":\"https:\/\/newsslash.com\/n\/9045-neue-serie-jerks-startet-bei-maxdome\/#primaryimage\"},\"thumbnailUrl\":\"https:\/\/newsslash.com\/n\/wp-content\/uploads\/2025\/04\/teaser_img_9045.jpg\",\"datePublished\":\"2017-01-24T16:08:00+00:00\",\"breadcrumb\":{\"@id\":\"https:\/\/newsslash.com\/n\/9045-neue-serie-jerks-startet-bei-maxdome\/#breadcrumb\"},\"inLanguage\":\"en-US\",\"potentialAction\":[{\"@type\":\"ReadAction\",\"target\":[\"https:\/\/newsslash.com\/n\/9045-neue-serie-jerks-startet-bei-maxdome\/\"]}]},{\"@type\":\"ImageObject\",\"inLanguage\":\"en-US\",\"@id\":\"https:\/\/newsslash.com\/n\/9045-neue-serie-jerks-startet-bei-maxdome\/#primaryimage\",\"url\":\"https:\/\/newsslash.com\/n\/wp-content\/uploads\/2025\/04\/teaser_img_9045.jpg\",\"contentUrl\":\"https:\/\/newsslash.com\/n\/wp-content\/uploads\/2025\/04\/teaser_img_9045.jpg\",\"width\":617,\"height\":349},{\"@type\":\"BreadcrumbList\",\"@id\":\"https:\/\/newsslash.com\/n\/9045-neue-serie-jerks-startet-bei-maxdome\/#breadcrumb\",\"itemListElement\":[{\"@type\":\"ListItem\",\"position\":1,\"name\":\"Home\",\"item\":\"https:\/\/newsslash.com\/n\/\"},{\"@type\":\"ListItem\",\"position\":2,\"name\":\"Neue Serie jerks. startet bei maxdome\"}]},{\"@type\":\"WebSite\",\"@id\":\"https:\/\/newsslash.com\/n\/#website\",\"url\":\"https:\/\/newsslash.com\/n\/\",\"name\":\"Newsslash\",\"description\":\"Trending News on Movies, Series, OTT, Gaming\",\"publisher\":{\"@id\":\"https:\/\/newsslash.com\/n\/#organization\"},\"potentialAction\":[{\"@type\":\"SearchAction\",\"target\":{\"@type\":\"EntryPoint\",\"urlTemplate\":\"https:\/\/newsslash.com\/n\/?s={search_term_string}\"},\"query-input\":{\"@type\":\"PropertyValueSpecification\",\"valueRequired\":true,\"valueName\":\"search_term_string\"}}],\"inLanguage\":\"en-US\"},{\"@type\":\"Organization\",\"@id\":\"https:\/\/newsslash.com\/n\/#organization\",\"name\":\"Newsslash\",\"url\":\"https:\/\/newsslash.com\/n\/\",\"logo\":{\"@type\":\"ImageObject\",\"inLanguage\":\"en-US\",\"@id\":\"https:\/\/newsslash.com\/n\/#\/schema\/logo\/image\/\",\"url\":\"https:\/\/newsslash.com\/n\/wp-content\/uploads\/2025\/04\/cropped-Newsslash-logo-Fevicon.png\",\"contentUrl\":\"https:\/\/newsslash.com\/n\/wp-content\/uploads\/2025\/04\/cropped-Newsslash-logo-Fevicon.png\",\"width\":512,\"height\":512,\"caption\":\"Newsslash\"},\"image\":{\"@id\":\"https:\/\/newsslash.com\/n\/#\/schema\/logo\/image\/\"}},{\"@type\":\"Person\",\"@id\":\"https:\/\/newsslash.com\/n\/#\/schema\/person\/9710bfacfd5579c2b307825ddaad6c46\",\"name\":\"Viktor Pulz\",\"sameAs\":[\"https:\/\/newsslash.com\"],\"url\":\"https:\/\/newsslash.com\/n\/author\/viktor_pulz\/\"}]}<\/script>\n<!-- \/ Yoast SEO plugin. -->","yoast_head_json":{"title":"Neue Serie jerks. startet bei maxdome - Newsslash","robots":{"index":"noindex","follow":"follow"},"og_locale":"en_US","og_type":"article","og_title":"Neue Serie jerks. startet bei maxdome - Newsslash","og_description":"Die erste deutsche Video-on-Demand-Serie: jerks. mit Christian Ulmen und Fahri Yardim startet am 26. Januar. maxdome hat nun weitere... Mehr auf Newsslash.com!","og_url":"https:\/\/newsslash.com\/n\/9045-neue-serie-jerks-startet-bei-maxdome\/","og_site_name":"Newsslash","article_published_time":"2017-01-24T16:08:00+00:00","og_image":[{"width":617,"height":349,"url":"https:\/\/newsslash.com\/n\/wp-content\/uploads\/2025\/04\/teaser_img_9045.jpg","type":"image\/jpeg"}],"author":"Viktor Pulz","twitter_card":"summary_large_image","twitter_misc":{"Written by":"Viktor Pulz","Est. reading time":"1 minute"},"schema":{"@context":"https:\/\/schema.org","@graph":[{"@type":"Article","@id":"https:\/\/newsslash.com\/n\/9045-neue-serie-jerks-startet-bei-maxdome\/#article","isPartOf":{"@id":"https:\/\/newsslash.com\/n\/9045-neue-serie-jerks-startet-bei-maxdome\/"},"author":{"name":"Viktor Pulz","@id":"https:\/\/newsslash.com\/n\/#\/schema\/person\/9710bfacfd5579c2b307825ddaad6c46"},"headline":"Neue Serie jerks. startet bei maxdome","datePublished":"2017-01-24T16:08:00+00:00","mainEntityOfPage":{"@id":"https:\/\/newsslash.com\/n\/9045-neue-serie-jerks-startet-bei-maxdome\/"},"wordCount":215,"commentCount":0,"publisher":{"@id":"https:\/\/newsslash.com\/n\/#organization"},"image":{"@id":"https:\/\/newsslash.com\/n\/9045-neue-serie-jerks-startet-bei-maxdome\/#primaryimage"},"thumbnailUrl":"https:\/\/newsslash.com\/n\/wp-content\/uploads\/2025\/04\/teaser_img_9045.jpg","articleSection":["Blog"],"inLanguage":"en-US","potentialAction":[{"@type":"CommentAction","name":"Comment","target":["https:\/\/newsslash.com\/n\/9045-neue-serie-jerks-startet-bei-maxdome\/#respond"]}]},{"@type":"WebPage","@id":"https:\/\/newsslash.com\/n\/9045-neue-serie-jerks-startet-bei-maxdome\/","url":"https:\/\/newsslash.com\/n\/9045-neue-serie-jerks-startet-bei-maxdome\/","name":"Neue Serie jerks. startet bei maxdome - Newsslash","isPartOf":{"@id":"https:\/\/newsslash.com\/n\/#website"},"primaryImageOfPage":{"@id":"https:\/\/newsslash.com\/n\/9045-neue-serie-jerks-startet-bei-maxdome\/#primaryimage"},"image":{"@id":"https:\/\/newsslash.com\/n\/9045-neue-serie-jerks-startet-bei-maxdome\/#primaryimage"},"thumbnailUrl":"https:\/\/newsslash.com\/n\/wp-content\/uploads\/2025\/04\/teaser_img_9045.jpg","datePublished":"2017-01-24T16:08:00+00:00","breadcrumb":{"@id":"https:\/\/newsslash.com\/n\/9045-neue-serie-jerks-startet-bei-maxdome\/#breadcrumb"},"inLanguage":"en-US","potentialAction":[{"@type":"ReadAction","target":["https:\/\/newsslash.com\/n\/9045-neue-serie-jerks-startet-bei-maxdome\/"]}]},{"@type":"ImageObject","inLanguage":"en-US","@id":"https:\/\/newsslash.com\/n\/9045-neue-serie-jerks-startet-bei-maxdome\/#primaryimage","url":"https:\/\/newsslash.com\/n\/wp-content\/uploads\/2025\/04\/teaser_img_9045.jpg","contentUrl":"https:\/\/newsslash.com\/n\/wp-content\/uploads\/2025\/04\/teaser_img_9045.jpg","width":617,"height":349},{"@type":"BreadcrumbList","@id":"https:\/\/newsslash.com\/n\/9045-neue-serie-jerks-startet-bei-maxdome\/#breadcrumb","itemListElement":[{"@type":"ListItem","position":1,"name":"Home","item":"https:\/\/newsslash.com\/n\/"},{"@type":"ListItem","position":2,"name":"Neue Serie jerks. startet bei maxdome"}]},{"@type":"WebSite","@id":"https:\/\/newsslash.com\/n\/#website","url":"https:\/\/newsslash.com\/n\/","name":"Newsslash","description":"Trending News on Movies, Series, OTT, Gaming","publisher":{"@id":"https:\/\/newsslash.com\/n\/#organization"},"potentialAction":[{"@type":"SearchAction","target":{"@type":"EntryPoint","urlTemplate":"https:\/\/newsslash.com\/n\/?s={search_term_string}"},"query-input":{"@type":"PropertyValueSpecification","valueRequired":true,"valueName":"search_term_string"}}],"inLanguage":"en-US"},{"@type":"Organization","@id":"https:\/\/newsslash.com\/n\/#organization","name":"Newsslash","url":"https:\/\/newsslash.com\/n\/","logo":{"@type":"ImageObject","inLanguage":"en-US","@id":"https:\/\/newsslash.com\/n\/#\/schema\/logo\/image\/","url":"https:\/\/newsslash.com\/n\/wp-content\/uploads\/2025\/04\/cropped-Newsslash-logo-Fevicon.png","contentUrl":"https:\/\/newsslash.com\/n\/wp-content\/uploads\/2025\/04\/cropped-Newsslash-logo-Fevicon.png","width":512,"height":512,"caption":"Newsslash"},"image":{"@id":"https:\/\/newsslash.com\/n\/#\/schema\/logo\/image\/"}},{"@type":"Person","@id":"https:\/\/newsslash.com\/n\/#\/schema\/person\/9710bfacfd5579c2b307825ddaad6c46","name":"Viktor Pulz","sameAs":["https:\/\/newsslash.com"],"url":"https:\/\/newsslash.com\/n\/author\/viktor_pulz\/"}]}},"_links":{"self":[{"href":"https:\/\/newsslash.com\/n\/wp-json\/wp\/v2\/posts\/12097","targetHints":{"allow":["GET"]}}],"collection":[{"href":"https:\/\/newsslash.com\/n\/wp-json\/wp\/v2\/posts"}],"about":[{"href":"https:\/\/newsslash.com\/n\/wp-json\/wp\/v2\/types\/post"}],"author":[{"embeddable":true,"href":"https:\/\/newsslash.com\/n\/wp-json\/wp\/v2\/users\/2"}],"replies":[{"embeddable":true,"href":"https:\/\/newsslash.com\/n\/wp-json\/wp\/v2\/comments?post=12097"}],"version-history":[{"count":0,"href":"https:\/\/newsslash.com\/n\/wp-json\/wp\/v2\/posts\/12097\/revisions"}],"wp:featuredmedia":[{"embeddable":true,"href":"https:\/\/newsslash.com\/n\/wp-json\/wp\/v2\/media\/12076"}],"wp:attachment":[{"href":"https:\/\/newsslash.com\/n\/wp-json\/wp\/v2\/media?parent=12097"}],"curies":[{"name":"wp","href":"https:\/\/api.w.org\/{rel}","templated":true}]}}