{"id":12105,"date":"2017-01-25T14:51:00","date_gmt":"2017-01-25T14:51:00","guid":{"rendered":"https:\/\/newsslash.com\/n\/9053-gauselmann-wird-doch-kein-teil-des-biu\/"},"modified":"2017-01-25T14:51:00","modified_gmt":"2017-01-25T14:51:00","slug":"9053-gauselmann-wird-doch-kein-teil-des-biu","status":"publish","type":"post","link":"https:\/\/newsslash.com\/n\/9053-gauselmann-wird-doch-kein-teil-des-biu\/","title":{"rendered":"Gauselmann wird doch kein Teil des BIU"},"content":{"rendered":"<p>Vor rund einer Woche gab der BIU bekannt, dass sich dieser \u00c3\u00bcber f\u00c3\u00bcnf neue Mitglieder freut. Mit in der Liste war auch das Unternehmen Gauselmann, welches vor allem durch sein Gl\u00c3\u00bccksspielgesch\u00c3\u00a4ft bekannt ist. Nun gab der BIU \u00c3\u00bcberraschend bekannt, dass dieser das Unternehmen adp Gauselmann GmbH nach einer erneuten Pr\u00c3\u00bcfung doch nicht als Mitglied aufnehmen werde. Felix Falk gab hierzu bekannt: &#8220;Die Entscheidung f\u00c3\u00bcr die Aufnahme ist bereits 2016 gefallen [\u00e2\u20ac\u00a6]. Die Voraussetzung zur Aufnahme war 2016 die feste Zusage des Unternehmens, dass lediglich der Bereich bei BIU.Dev Mitglied wird, der sich fernab von Gl\u00c3\u00bccksspielen mit der Entwicklung von klassischen Games f\u00c3\u00bcr Smartphones und Tablets besch\u00c3\u00a4ftigt. Hierf\u00c3\u00bcr wurde zum Austausch \u00c3\u00bcber klassische Dev-Themen die Mitgliedschaft in das BIU.Dev-Netzwerk angeboten. Bei der tiefergehenden Pr\u00c3\u00bcfung hat sich aber gezeigt, dass das Unternehmen \u00c3\u00bcber keinen wesentlichen Anteil der Spieleentwicklung au\u00c3\u0178erhalb von Gl\u00c3\u00bccksspielen verf\u00c3\u00bcgt bzw. sich solche Themen nicht eindeutig von den sonstigen Gl\u00c3\u00bccksspiel-Unternehmungen trennen lassen, sodass wir uns, nach R\u00c3\u00bccksprache mit dem Vorstand, von der adp Gauselmann GmbH als Netzwerk-Mitglied mit sofortiger Wirkung getrennt haben.&#8221;<\/p><div class=\"newss-content\" id=\"newss-3179597863\"><script async src=\"\/\/pagead2.googlesyndication.com\/pagead\/js\/adsbygoogle.js?client=ca-pub-7733425960004873\" crossorigin=\"anonymous\"><\/script><ins class=\"adsbygoogle\" style=\"display:block;\" data-ad-client=\"ca-pub-7733425960004873\" \ndata-ad-slot=\"2582020599\" \ndata-ad-format=\"auto\"><\/ins>\n<script> \n(adsbygoogle = window.adsbygoogle || []).push({}); \n<\/script>\n<\/div><div class=\"newss-article-1\" id=\"newss-4137507027\"><script async src=\"https:\/\/pagead2.googlesyndication.com\/pagead\/js\/adsbygoogle.js?client=ca-pub-7733425960004873\"\r\n     crossorigin=\"anonymous\"><\/script>\r\n<!-- Homepage2 -->\r\n<ins class=\"adsbygoogle\"\r\n     style=\"display:block\"\r\n     data-ad-client=\"ca-pub-7733425960004873\"\r\n     data-ad-slot=\"2582020599\"\r\n     data-ad-format=\"auto\"\r\n     data-full-width-responsive=\"true\"><\/ins>\r\n<script>\r\n     (adsbygoogle = window.adsbygoogle || []).push({});\r\n<\/script><\/div>\n","protected":false},"excerpt":{"rendered":"<p>Die Gauselmann-Tochter adp Gauselmann GmbH wird doch kein Mitglied des BIU. Wie Felix Falk bekannt gab, hat sich der Verband von adp&#8230; Mehr auf Newsslash.com!<\/p>\n","protected":false},"author":2,"featured_media":21974,"comment_status":"open","ping_status":"open","sticky":false,"template":"","format":"standard","meta":{"_et_pb_use_builder":"","_et_pb_old_content":"","_et_gb_content_width":"","footnotes":""},"class_list":["post-12105","post","type-post","status-publish","format-standard","has-post-thumbnail","hentry","category-blog"],"yoast_head":"<!-- This site is optimized with the Yoast SEO plugin v24.8.1 - https:\/\/yoast.com\/wordpress\/plugins\/seo\/ -->\n<title>Gauselmann wird doch kein Teil des BIU - Newsslash<\/title>\n<meta name=\"robots\" content=\"noindex, follow\" \/>\n<meta property=\"og:locale\" content=\"en_US\" \/>\n<meta property=\"og:type\" content=\"article\" \/>\n<meta property=\"og:title\" content=\"Gauselmann wird doch kein Teil des BIU - Newsslash\" \/>\n<meta property=\"og:description\" content=\"Die Gauselmann-Tochter adp Gauselmann GmbH wird doch kein Mitglied des BIU. Wie Felix Falk bekannt gab, hat sich der Verband von adp... Mehr auf Newsslash.com!\" \/>\n<meta property=\"og:url\" content=\"https:\/\/newsslash.com\/n\/9053-gauselmann-wird-doch-kein-teil-des-biu\/\" \/>\n<meta property=\"og:site_name\" content=\"Newsslash\" \/>\n<meta property=\"article:published_time\" content=\"2017-01-25T14:51:00+00:00\" \/>\n<meta property=\"og:image\" content=\"https:\/\/newsslash.com\/n\/wp-content\/uploads\/2025\/04\/NewsSlash-Featured-Image.jpg\" \/>\n\t<meta property=\"og:image:width\" content=\"1280\" \/>\n\t<meta property=\"og:image:height\" content=\"854\" \/>\n\t<meta property=\"og:image:type\" content=\"image\/jpeg\" \/>\n<meta name=\"author\" content=\"Viktor Pulz\" \/>\n<meta name=\"twitter:card\" content=\"summary_large_image\" \/>\n<meta name=\"twitter:label1\" content=\"Written by\" \/>\n\t<meta name=\"twitter:data1\" content=\"Viktor Pulz\" \/>\n\t<meta name=\"twitter:label2\" content=\"Est. reading time\" \/>\n\t<meta name=\"twitter:data2\" content=\"1 minute\" \/>\n<script type=\"application\/ld+json\" class=\"yoast-schema-graph\">{\"@context\":\"https:\/\/schema.org\",\"@graph\":[{\"@type\":\"Article\",\"@id\":\"https:\/\/newsslash.com\/n\/9053-gauselmann-wird-doch-kein-teil-des-biu\/#article\",\"isPartOf\":{\"@id\":\"https:\/\/newsslash.com\/n\/9053-gauselmann-wird-doch-kein-teil-des-biu\/\"},\"author\":{\"name\":\"Viktor Pulz\",\"@id\":\"https:\/\/newsslash.com\/n\/#\/schema\/person\/9710bfacfd5579c2b307825ddaad6c46\"},\"headline\":\"Gauselmann wird doch kein Teil des BIU\",\"datePublished\":\"2017-01-25T14:51:00+00:00\",\"mainEntityOfPage\":{\"@id\":\"https:\/\/newsslash.com\/n\/9053-gauselmann-wird-doch-kein-teil-des-biu\/\"},\"wordCount\":193,\"commentCount\":0,\"publisher\":{\"@id\":\"https:\/\/newsslash.com\/n\/#organization\"},\"image\":{\"@id\":\"https:\/\/newsslash.com\/n\/9053-gauselmann-wird-doch-kein-teil-des-biu\/#primaryimage\"},\"thumbnailUrl\":\"https:\/\/newsslash.com\/n\/wp-content\/uploads\/2025\/04\/NewsSlash-Featured-Image.jpg\",\"articleSection\":[\"Blog\"],\"inLanguage\":\"en-US\",\"potentialAction\":[{\"@type\":\"CommentAction\",\"name\":\"Comment\",\"target\":[\"https:\/\/newsslash.com\/n\/9053-gauselmann-wird-doch-kein-teil-des-biu\/#respond\"]}]},{\"@type\":\"WebPage\",\"@id\":\"https:\/\/newsslash.com\/n\/9053-gauselmann-wird-doch-kein-teil-des-biu\/\",\"url\":\"https:\/\/newsslash.com\/n\/9053-gauselmann-wird-doch-kein-teil-des-biu\/\",\"name\":\"Gauselmann wird doch kein Teil des BIU - Newsslash\",\"isPartOf\":{\"@id\":\"https:\/\/newsslash.com\/n\/#website\"},\"primaryImageOfPage\":{\"@id\":\"https:\/\/newsslash.com\/n\/9053-gauselmann-wird-doch-kein-teil-des-biu\/#primaryimage\"},\"image\":{\"@id\":\"https:\/\/newsslash.com\/n\/9053-gauselmann-wird-doch-kein-teil-des-biu\/#primaryimage\"},\"thumbnailUrl\":\"https:\/\/newsslash.com\/n\/wp-content\/uploads\/2025\/04\/NewsSlash-Featured-Image.jpg\",\"datePublished\":\"2017-01-25T14:51:00+00:00\",\"breadcrumb\":{\"@id\":\"https:\/\/newsslash.com\/n\/9053-gauselmann-wird-doch-kein-teil-des-biu\/#breadcrumb\"},\"inLanguage\":\"en-US\",\"potentialAction\":[{\"@type\":\"ReadAction\",\"target\":[\"https:\/\/newsslash.com\/n\/9053-gauselmann-wird-doch-kein-teil-des-biu\/\"]}]},{\"@type\":\"ImageObject\",\"inLanguage\":\"en-US\",\"@id\":\"https:\/\/newsslash.com\/n\/9053-gauselmann-wird-doch-kein-teil-des-biu\/#primaryimage\",\"url\":\"https:\/\/newsslash.com\/n\/wp-content\/uploads\/2025\/04\/NewsSlash-Featured-Image.jpg\",\"contentUrl\":\"https:\/\/newsslash.com\/n\/wp-content\/uploads\/2025\/04\/NewsSlash-Featured-Image.jpg\",\"width\":1280,\"height\":854},{\"@type\":\"BreadcrumbList\",\"@id\":\"https:\/\/newsslash.com\/n\/9053-gauselmann-wird-doch-kein-teil-des-biu\/#breadcrumb\",\"itemListElement\":[{\"@type\":\"ListItem\",\"position\":1,\"name\":\"Home\",\"item\":\"https:\/\/newsslash.com\/n\/\"},{\"@type\":\"ListItem\",\"position\":2,\"name\":\"Gauselmann wird doch kein Teil des BIU\"}]},{\"@type\":\"WebSite\",\"@id\":\"https:\/\/newsslash.com\/n\/#website\",\"url\":\"https:\/\/newsslash.com\/n\/\",\"name\":\"Newsslash\",\"description\":\"Trending News on Movies, Series, OTT, Gaming\",\"publisher\":{\"@id\":\"https:\/\/newsslash.com\/n\/#organization\"},\"potentialAction\":[{\"@type\":\"SearchAction\",\"target\":{\"@type\":\"EntryPoint\",\"urlTemplate\":\"https:\/\/newsslash.com\/n\/?s={search_term_string}\"},\"query-input\":{\"@type\":\"PropertyValueSpecification\",\"valueRequired\":true,\"valueName\":\"search_term_string\"}}],\"inLanguage\":\"en-US\"},{\"@type\":\"Organization\",\"@id\":\"https:\/\/newsslash.com\/n\/#organization\",\"name\":\"Newsslash\",\"url\":\"https:\/\/newsslash.com\/n\/\",\"logo\":{\"@type\":\"ImageObject\",\"inLanguage\":\"en-US\",\"@id\":\"https:\/\/newsslash.com\/n\/#\/schema\/logo\/image\/\",\"url\":\"https:\/\/newsslash.com\/n\/wp-content\/uploads\/2025\/04\/cropped-Newsslash-logo-Fevicon.png\",\"contentUrl\":\"https:\/\/newsslash.com\/n\/wp-content\/uploads\/2025\/04\/cropped-Newsslash-logo-Fevicon.png\",\"width\":512,\"height\":512,\"caption\":\"Newsslash\"},\"image\":{\"@id\":\"https:\/\/newsslash.com\/n\/#\/schema\/logo\/image\/\"}},{\"@type\":\"Person\",\"@id\":\"https:\/\/newsslash.com\/n\/#\/schema\/person\/9710bfacfd5579c2b307825ddaad6c46\",\"name\":\"Viktor Pulz\",\"sameAs\":[\"https:\/\/newsslash.com\"],\"url\":\"https:\/\/newsslash.com\/n\/author\/viktor_pulz\/\"}]}<\/script>\n<!-- \/ Yoast SEO plugin. -->","yoast_head_json":{"title":"Gauselmann wird doch kein Teil des BIU - Newsslash","robots":{"index":"noindex","follow":"follow"},"og_locale":"en_US","og_type":"article","og_title":"Gauselmann wird doch kein Teil des BIU - Newsslash","og_description":"Die Gauselmann-Tochter adp Gauselmann GmbH wird doch kein Mitglied des BIU. Wie Felix Falk bekannt gab, hat sich der Verband von adp... Mehr auf Newsslash.com!","og_url":"https:\/\/newsslash.com\/n\/9053-gauselmann-wird-doch-kein-teil-des-biu\/","og_site_name":"Newsslash","article_published_time":"2017-01-25T14:51:00+00:00","og_image":[{"width":1280,"height":854,"url":"https:\/\/newsslash.com\/n\/wp-content\/uploads\/2025\/04\/NewsSlash-Featured-Image.jpg","type":"image\/jpeg"}],"author":"Viktor Pulz","twitter_card":"summary_large_image","twitter_misc":{"Written by":"Viktor Pulz","Est. reading time":"1 minute"},"schema":{"@context":"https:\/\/schema.org","@graph":[{"@type":"Article","@id":"https:\/\/newsslash.com\/n\/9053-gauselmann-wird-doch-kein-teil-des-biu\/#article","isPartOf":{"@id":"https:\/\/newsslash.com\/n\/9053-gauselmann-wird-doch-kein-teil-des-biu\/"},"author":{"name":"Viktor Pulz","@id":"https:\/\/newsslash.com\/n\/#\/schema\/person\/9710bfacfd5579c2b307825ddaad6c46"},"headline":"Gauselmann wird doch kein Teil des BIU","datePublished":"2017-01-25T14:51:00+00:00","mainEntityOfPage":{"@id":"https:\/\/newsslash.com\/n\/9053-gauselmann-wird-doch-kein-teil-des-biu\/"},"wordCount":193,"commentCount":0,"publisher":{"@id":"https:\/\/newsslash.com\/n\/#organization"},"image":{"@id":"https:\/\/newsslash.com\/n\/9053-gauselmann-wird-doch-kein-teil-des-biu\/#primaryimage"},"thumbnailUrl":"https:\/\/newsslash.com\/n\/wp-content\/uploads\/2025\/04\/NewsSlash-Featured-Image.jpg","articleSection":["Blog"],"inLanguage":"en-US","potentialAction":[{"@type":"CommentAction","name":"Comment","target":["https:\/\/newsslash.com\/n\/9053-gauselmann-wird-doch-kein-teil-des-biu\/#respond"]}]},{"@type":"WebPage","@id":"https:\/\/newsslash.com\/n\/9053-gauselmann-wird-doch-kein-teil-des-biu\/","url":"https:\/\/newsslash.com\/n\/9053-gauselmann-wird-doch-kein-teil-des-biu\/","name":"Gauselmann wird doch kein Teil des BIU - Newsslash","isPartOf":{"@id":"https:\/\/newsslash.com\/n\/#website"},"primaryImageOfPage":{"@id":"https:\/\/newsslash.com\/n\/9053-gauselmann-wird-doch-kein-teil-des-biu\/#primaryimage"},"image":{"@id":"https:\/\/newsslash.com\/n\/9053-gauselmann-wird-doch-kein-teil-des-biu\/#primaryimage"},"thumbnailUrl":"https:\/\/newsslash.com\/n\/wp-content\/uploads\/2025\/04\/NewsSlash-Featured-Image.jpg","datePublished":"2017-01-25T14:51:00+00:00","breadcrumb":{"@id":"https:\/\/newsslash.com\/n\/9053-gauselmann-wird-doch-kein-teil-des-biu\/#breadcrumb"},"inLanguage":"en-US","potentialAction":[{"@type":"ReadAction","target":["https:\/\/newsslash.com\/n\/9053-gauselmann-wird-doch-kein-teil-des-biu\/"]}]},{"@type":"ImageObject","inLanguage":"en-US","@id":"https:\/\/newsslash.com\/n\/9053-gauselmann-wird-doch-kein-teil-des-biu\/#primaryimage","url":"https:\/\/newsslash.com\/n\/wp-content\/uploads\/2025\/04\/NewsSlash-Featured-Image.jpg","contentUrl":"https:\/\/newsslash.com\/n\/wp-content\/uploads\/2025\/04\/NewsSlash-Featured-Image.jpg","width":1280,"height":854},{"@type":"BreadcrumbList","@id":"https:\/\/newsslash.com\/n\/9053-gauselmann-wird-doch-kein-teil-des-biu\/#breadcrumb","itemListElement":[{"@type":"ListItem","position":1,"name":"Home","item":"https:\/\/newsslash.com\/n\/"},{"@type":"ListItem","position":2,"name":"Gauselmann wird doch kein Teil des BIU"}]},{"@type":"WebSite","@id":"https:\/\/newsslash.com\/n\/#website","url":"https:\/\/newsslash.com\/n\/","name":"Newsslash","description":"Trending News on Movies, Series, OTT, Gaming","publisher":{"@id":"https:\/\/newsslash.com\/n\/#organization"},"potentialAction":[{"@type":"SearchAction","target":{"@type":"EntryPoint","urlTemplate":"https:\/\/newsslash.com\/n\/?s={search_term_string}"},"query-input":{"@type":"PropertyValueSpecification","valueRequired":true,"valueName":"search_term_string"}}],"inLanguage":"en-US"},{"@type":"Organization","@id":"https:\/\/newsslash.com\/n\/#organization","name":"Newsslash","url":"https:\/\/newsslash.com\/n\/","logo":{"@type":"ImageObject","inLanguage":"en-US","@id":"https:\/\/newsslash.com\/n\/#\/schema\/logo\/image\/","url":"https:\/\/newsslash.com\/n\/wp-content\/uploads\/2025\/04\/cropped-Newsslash-logo-Fevicon.png","contentUrl":"https:\/\/newsslash.com\/n\/wp-content\/uploads\/2025\/04\/cropped-Newsslash-logo-Fevicon.png","width":512,"height":512,"caption":"Newsslash"},"image":{"@id":"https:\/\/newsslash.com\/n\/#\/schema\/logo\/image\/"}},{"@type":"Person","@id":"https:\/\/newsslash.com\/n\/#\/schema\/person\/9710bfacfd5579c2b307825ddaad6c46","name":"Viktor Pulz","sameAs":["https:\/\/newsslash.com"],"url":"https:\/\/newsslash.com\/n\/author\/viktor_pulz\/"}]}},"_links":{"self":[{"href":"https:\/\/newsslash.com\/n\/wp-json\/wp\/v2\/posts\/12105","targetHints":{"allow":["GET"]}}],"collection":[{"href":"https:\/\/newsslash.com\/n\/wp-json\/wp\/v2\/posts"}],"about":[{"href":"https:\/\/newsslash.com\/n\/wp-json\/wp\/v2\/types\/post"}],"author":[{"embeddable":true,"href":"https:\/\/newsslash.com\/n\/wp-json\/wp\/v2\/users\/2"}],"replies":[{"embeddable":true,"href":"https:\/\/newsslash.com\/n\/wp-json\/wp\/v2\/comments?post=12105"}],"version-history":[{"count":0,"href":"https:\/\/newsslash.com\/n\/wp-json\/wp\/v2\/posts\/12105\/revisions"}],"wp:featuredmedia":[{"embeddable":true,"href":"https:\/\/newsslash.com\/n\/wp-json\/wp\/v2\/media\/21974"}],"wp:attachment":[{"href":"https:\/\/newsslash.com\/n\/wp-json\/wp\/v2\/media?parent=12105"}],"curies":[{"name":"wp","href":"https:\/\/api.w.org\/{rel}","templated":true}]}}