{"id":12110,"date":"2017-01-27T14:32:00","date_gmt":"2017-01-27T14:32:00","guid":{"rendered":"https:\/\/newsslash.com\/n\/9058-netflix-interview-mit-graf-olaf-aus-eine-reihe-betrueblicher-ereignisse\/"},"modified":"2017-01-27T14:32:00","modified_gmt":"2017-01-27T14:32:00","slug":"9058-netflix-interview-mit-graf-olaf-aus-eine-reihe-betrueblicher-ereignisse","status":"publish","type":"post","link":"https:\/\/newsslash.com\/n\/9058-netflix-interview-mit-graf-olaf-aus-eine-reihe-betrueblicher-ereignisse\/","title":{"rendered":"Netflix-Interview mit Graf Olaf aus Eine Reihe betr\u00c3\u00bcblic&#8230;"},"content":{"rendered":"<p>Eigenlob stinkt? Nun, das gilt wohl nicht f\u00c3\u00bcr Graf Olaf aus Netflix\u00e2\u20ac\u02dc Eine Reihe betr\u00c3\u00bcblicher Ereignisse. In diesem (zum Gl\u00c3\u00bcck) einmaligen Interview spricht er \u00c3\u00bcber die Kunst des Schauspiels, wer seine Lieblingsdarsteller sind und welche Schauspiel-Kollegen er in seinem pers\u00c3\u00b6nlichen \u00e2\u20ac\u017eMount Rushmore\u00e2\u20ac\u0153 Monument verewigen w\u00c3\u00bcrde. Wir hoffen, dass Sie sich an Graf Olaf kein Beispiel nehmen. Weder auf der B\u00c3\u00bchne, noch im wahren Leben. Eine Reihe betr\u00c3\u00bcblicher Ereignisse in Anlehnung an die internationale Bestseller-Buchreihe von Lemony Snicket (alias Daniel Handler) mit dem Emmy- und Tony-Award-Preistr\u00c3\u00a4ger Neil Patrick Harris handelt vom tragischen Schicksal der drei Geschwisterwaisen Violet, Klaus und Sunny Baudelaire, deren Vormund Graf Olaf vor nichts zur\u00c3\u00bcckschreckt, um sich das Familienverm\u00c3\u00b6gen der Kinder unter den Nagel zu rei\u00c3\u0178en. Daher m\u00c3\u00bcssen die drei Waisen Olaf auf Schritt und Tritt \u00c3\u00bcberlisten und seine zahlreichen Pl\u00c3\u00a4ne und Intrigen durchkreuzen, um dem R\u00c3\u00a4tsel um das mysteri\u00c3\u00b6se Ableben ihrer Eltern auf die Spur zu kommen. Die ausf\u00c3\u00bchrenden Produzenten der achtteiligen Serie \u00e2\u20ac\u201c einer Netflix-Originalproduktion \u00e2\u20ac\u201c sind der Emmy-Preistr\u00c3\u00a4ger Barry Sonnenfeld und Daniel Handler. Die Hauptrollen spielen Patrick Warburton (Lemony Snicket), Joan Cusack (Justice Strauss), Malina Weissmann (Violet Baudelaire) und Louis Hynes (Klaus Baudelaire). Seit 13. Januar auf Netflix. <iframe loading=\"lazy\" allowfullscreen=\"\" frameborder=\"0\" height=\"315\" src=\"https:\/\/www.youtube-nocookie.com\/embed\/inpBmCR8gfY\" width=\"100%\"><\/iframe><\/p><div class=\"newss-content\" id=\"newss-1328014935\"><script async src=\"\/\/pagead2.googlesyndication.com\/pagead\/js\/adsbygoogle.js?client=ca-pub-7733425960004873\" crossorigin=\"anonymous\"><\/script><ins class=\"adsbygoogle\" style=\"display:block;\" data-ad-client=\"ca-pub-7733425960004873\" \ndata-ad-slot=\"2582020599\" \ndata-ad-format=\"auto\"><\/ins>\n<script> \n(adsbygoogle = window.adsbygoogle || []).push({}); \n<\/script>\n<\/div><div class=\"newss-article-1\" id=\"newss-643565660\"><script async src=\"https:\/\/pagead2.googlesyndication.com\/pagead\/js\/adsbygoogle.js?client=ca-pub-7733425960004873\"\r\n     crossorigin=\"anonymous\"><\/script>\r\n<!-- Homepage2 -->\r\n<ins class=\"adsbygoogle\"\r\n     style=\"display:block\"\r\n     data-ad-client=\"ca-pub-7733425960004873\"\r\n     data-ad-slot=\"2582020599\"\r\n     data-ad-format=\"auto\"\r\n     data-full-width-responsive=\"true\"><\/ins>\r\n<script>\r\n     (adsbygoogle = window.adsbygoogle || []).push({});\r\n<\/script><\/div>\n","protected":false},"excerpt":{"rendered":"<p>Die neue Serie Eine Reihe betr\u00c3\u00bcblicher Ereignisse ist seit kurzem \u00c3\u00bcber Netflix verf\u00c3\u00bcgbar. Nun hat Neil Patrick Harris in einem&#8230; Mehr auf Newsslash.com!<\/p>\n","protected":false},"author":2,"featured_media":21974,"comment_status":"open","ping_status":"open","sticky":false,"template":"","format":"standard","meta":{"_et_pb_use_builder":"","_et_pb_old_content":"","_et_gb_content_width":"","footnotes":""},"class_list":["post-12110","post","type-post","status-publish","format-standard","has-post-thumbnail","hentry","category-blog"],"yoast_head":"<!-- This site is optimized with the Yoast SEO plugin v24.8.1 - https:\/\/yoast.com\/wordpress\/plugins\/seo\/ -->\n<title>Netflix-Interview mit Graf Olaf aus Eine Reihe betr\u00c3\u00bcblic... - Newsslash<\/title>\n<meta name=\"robots\" content=\"noindex, follow\" \/>\n<meta property=\"og:locale\" content=\"en_US\" \/>\n<meta property=\"og:type\" content=\"article\" \/>\n<meta property=\"og:title\" content=\"Netflix-Interview mit Graf Olaf aus Eine Reihe betr\u00c3\u00bcblic... - Newsslash\" \/>\n<meta property=\"og:description\" content=\"Die neue Serie Eine Reihe betr\u00c3\u00bcblicher Ereignisse ist seit kurzem \u00c3\u00bcber Netflix verf\u00c3\u00bcgbar. Nun hat Neil Patrick Harris in einem... Mehr auf Newsslash.com!\" \/>\n<meta property=\"og:url\" content=\"https:\/\/newsslash.com\/n\/9058-netflix-interview-mit-graf-olaf-aus-eine-reihe-betrueblicher-ereignisse\/\" \/>\n<meta property=\"og:site_name\" content=\"Newsslash\" \/>\n<meta property=\"article:published_time\" content=\"2017-01-27T14:32:00+00:00\" \/>\n<meta property=\"og:image\" content=\"https:\/\/newsslash.com\/n\/wp-content\/uploads\/2025\/04\/NewsSlash-Featured-Image.jpg\" \/>\n\t<meta property=\"og:image:width\" content=\"1280\" \/>\n\t<meta property=\"og:image:height\" content=\"854\" \/>\n\t<meta property=\"og:image:type\" content=\"image\/jpeg\" \/>\n<meta name=\"author\" content=\"Viktor Pulz\" \/>\n<meta name=\"twitter:card\" content=\"summary_large_image\" \/>\n<meta name=\"twitter:label1\" content=\"Written by\" \/>\n\t<meta name=\"twitter:data1\" content=\"Viktor Pulz\" \/>\n\t<meta name=\"twitter:label2\" content=\"Est. reading time\" \/>\n\t<meta name=\"twitter:data2\" content=\"1 minute\" \/>\n<script type=\"application\/ld+json\" class=\"yoast-schema-graph\">{\"@context\":\"https:\/\/schema.org\",\"@graph\":[{\"@type\":\"Article\",\"@id\":\"https:\/\/newsslash.com\/n\/9058-netflix-interview-mit-graf-olaf-aus-eine-reihe-betrueblicher-ereignisse\/#article\",\"isPartOf\":{\"@id\":\"https:\/\/newsslash.com\/n\/9058-netflix-interview-mit-graf-olaf-aus-eine-reihe-betrueblicher-ereignisse\/\"},\"author\":{\"name\":\"Viktor Pulz\",\"@id\":\"https:\/\/newsslash.com\/n\/#\/schema\/person\/9710bfacfd5579c2b307825ddaad6c46\"},\"headline\":\"Netflix-Interview mit Graf Olaf aus Eine Reihe betr\u00c3\u00bcblic&#8230;\",\"datePublished\":\"2017-01-27T14:32:00+00:00\",\"mainEntityOfPage\":{\"@id\":\"https:\/\/newsslash.com\/n\/9058-netflix-interview-mit-graf-olaf-aus-eine-reihe-betrueblicher-ereignisse\/\"},\"wordCount\":216,\"commentCount\":0,\"publisher\":{\"@id\":\"https:\/\/newsslash.com\/n\/#organization\"},\"image\":{\"@id\":\"https:\/\/newsslash.com\/n\/9058-netflix-interview-mit-graf-olaf-aus-eine-reihe-betrueblicher-ereignisse\/#primaryimage\"},\"thumbnailUrl\":\"https:\/\/newsslash.com\/n\/wp-content\/uploads\/2025\/04\/NewsSlash-Featured-Image.jpg\",\"articleSection\":[\"Blog\"],\"inLanguage\":\"en-US\",\"potentialAction\":[{\"@type\":\"CommentAction\",\"name\":\"Comment\",\"target\":[\"https:\/\/newsslash.com\/n\/9058-netflix-interview-mit-graf-olaf-aus-eine-reihe-betrueblicher-ereignisse\/#respond\"]}]},{\"@type\":\"WebPage\",\"@id\":\"https:\/\/newsslash.com\/n\/9058-netflix-interview-mit-graf-olaf-aus-eine-reihe-betrueblicher-ereignisse\/\",\"url\":\"https:\/\/newsslash.com\/n\/9058-netflix-interview-mit-graf-olaf-aus-eine-reihe-betrueblicher-ereignisse\/\",\"name\":\"Netflix-Interview mit Graf Olaf aus Eine Reihe betr\u00c3\u00bcblic... - Newsslash\",\"isPartOf\":{\"@id\":\"https:\/\/newsslash.com\/n\/#website\"},\"primaryImageOfPage\":{\"@id\":\"https:\/\/newsslash.com\/n\/9058-netflix-interview-mit-graf-olaf-aus-eine-reihe-betrueblicher-ereignisse\/#primaryimage\"},\"image\":{\"@id\":\"https:\/\/newsslash.com\/n\/9058-netflix-interview-mit-graf-olaf-aus-eine-reihe-betrueblicher-ereignisse\/#primaryimage\"},\"thumbnailUrl\":\"https:\/\/newsslash.com\/n\/wp-content\/uploads\/2025\/04\/NewsSlash-Featured-Image.jpg\",\"datePublished\":\"2017-01-27T14:32:00+00:00\",\"breadcrumb\":{\"@id\":\"https:\/\/newsslash.com\/n\/9058-netflix-interview-mit-graf-olaf-aus-eine-reihe-betrueblicher-ereignisse\/#breadcrumb\"},\"inLanguage\":\"en-US\",\"potentialAction\":[{\"@type\":\"ReadAction\",\"target\":[\"https:\/\/newsslash.com\/n\/9058-netflix-interview-mit-graf-olaf-aus-eine-reihe-betrueblicher-ereignisse\/\"]}]},{\"@type\":\"ImageObject\",\"inLanguage\":\"en-US\",\"@id\":\"https:\/\/newsslash.com\/n\/9058-netflix-interview-mit-graf-olaf-aus-eine-reihe-betrueblicher-ereignisse\/#primaryimage\",\"url\":\"https:\/\/newsslash.com\/n\/wp-content\/uploads\/2025\/04\/NewsSlash-Featured-Image.jpg\",\"contentUrl\":\"https:\/\/newsslash.com\/n\/wp-content\/uploads\/2025\/04\/NewsSlash-Featured-Image.jpg\",\"width\":1280,\"height\":854},{\"@type\":\"BreadcrumbList\",\"@id\":\"https:\/\/newsslash.com\/n\/9058-netflix-interview-mit-graf-olaf-aus-eine-reihe-betrueblicher-ereignisse\/#breadcrumb\",\"itemListElement\":[{\"@type\":\"ListItem\",\"position\":1,\"name\":\"Home\",\"item\":\"https:\/\/newsslash.com\/n\/\"},{\"@type\":\"ListItem\",\"position\":2,\"name\":\"Netflix-Interview mit Graf Olaf aus Eine Reihe betr\u00c3\u00bcblic&#8230;\"}]},{\"@type\":\"WebSite\",\"@id\":\"https:\/\/newsslash.com\/n\/#website\",\"url\":\"https:\/\/newsslash.com\/n\/\",\"name\":\"Newsslash\",\"description\":\"Trending News on Movies, Series, OTT, Gaming\",\"publisher\":{\"@id\":\"https:\/\/newsslash.com\/n\/#organization\"},\"potentialAction\":[{\"@type\":\"SearchAction\",\"target\":{\"@type\":\"EntryPoint\",\"urlTemplate\":\"https:\/\/newsslash.com\/n\/?s={search_term_string}\"},\"query-input\":{\"@type\":\"PropertyValueSpecification\",\"valueRequired\":true,\"valueName\":\"search_term_string\"}}],\"inLanguage\":\"en-US\"},{\"@type\":\"Organization\",\"@id\":\"https:\/\/newsslash.com\/n\/#organization\",\"name\":\"Newsslash\",\"url\":\"https:\/\/newsslash.com\/n\/\",\"logo\":{\"@type\":\"ImageObject\",\"inLanguage\":\"en-US\",\"@id\":\"https:\/\/newsslash.com\/n\/#\/schema\/logo\/image\/\",\"url\":\"https:\/\/newsslash.com\/n\/wp-content\/uploads\/2025\/04\/cropped-Newsslash-logo-Fevicon.png\",\"contentUrl\":\"https:\/\/newsslash.com\/n\/wp-content\/uploads\/2025\/04\/cropped-Newsslash-logo-Fevicon.png\",\"width\":512,\"height\":512,\"caption\":\"Newsslash\"},\"image\":{\"@id\":\"https:\/\/newsslash.com\/n\/#\/schema\/logo\/image\/\"}},{\"@type\":\"Person\",\"@id\":\"https:\/\/newsslash.com\/n\/#\/schema\/person\/9710bfacfd5579c2b307825ddaad6c46\",\"name\":\"Viktor Pulz\",\"sameAs\":[\"https:\/\/newsslash.com\"],\"url\":\"https:\/\/newsslash.com\/n\/author\/viktor_pulz\/\"}]}<\/script>\n<!-- \/ Yoast SEO plugin. -->","yoast_head_json":{"title":"Netflix-Interview mit Graf Olaf aus Eine Reihe betr\u00c3\u00bcblic... - Newsslash","robots":{"index":"noindex","follow":"follow"},"og_locale":"en_US","og_type":"article","og_title":"Netflix-Interview mit Graf Olaf aus Eine Reihe betr\u00c3\u00bcblic... - Newsslash","og_description":"Die neue Serie Eine Reihe betr\u00c3\u00bcblicher Ereignisse ist seit kurzem \u00c3\u00bcber Netflix verf\u00c3\u00bcgbar. Nun hat Neil Patrick Harris in einem... Mehr auf Newsslash.com!","og_url":"https:\/\/newsslash.com\/n\/9058-netflix-interview-mit-graf-olaf-aus-eine-reihe-betrueblicher-ereignisse\/","og_site_name":"Newsslash","article_published_time":"2017-01-27T14:32:00+00:00","og_image":[{"width":1280,"height":854,"url":"https:\/\/newsslash.com\/n\/wp-content\/uploads\/2025\/04\/NewsSlash-Featured-Image.jpg","type":"image\/jpeg"}],"author":"Viktor Pulz","twitter_card":"summary_large_image","twitter_misc":{"Written by":"Viktor Pulz","Est. reading time":"1 minute"},"schema":{"@context":"https:\/\/schema.org","@graph":[{"@type":"Article","@id":"https:\/\/newsslash.com\/n\/9058-netflix-interview-mit-graf-olaf-aus-eine-reihe-betrueblicher-ereignisse\/#article","isPartOf":{"@id":"https:\/\/newsslash.com\/n\/9058-netflix-interview-mit-graf-olaf-aus-eine-reihe-betrueblicher-ereignisse\/"},"author":{"name":"Viktor Pulz","@id":"https:\/\/newsslash.com\/n\/#\/schema\/person\/9710bfacfd5579c2b307825ddaad6c46"},"headline":"Netflix-Interview mit Graf Olaf aus Eine Reihe betr\u00c3\u00bcblic&#8230;","datePublished":"2017-01-27T14:32:00+00:00","mainEntityOfPage":{"@id":"https:\/\/newsslash.com\/n\/9058-netflix-interview-mit-graf-olaf-aus-eine-reihe-betrueblicher-ereignisse\/"},"wordCount":216,"commentCount":0,"publisher":{"@id":"https:\/\/newsslash.com\/n\/#organization"},"image":{"@id":"https:\/\/newsslash.com\/n\/9058-netflix-interview-mit-graf-olaf-aus-eine-reihe-betrueblicher-ereignisse\/#primaryimage"},"thumbnailUrl":"https:\/\/newsslash.com\/n\/wp-content\/uploads\/2025\/04\/NewsSlash-Featured-Image.jpg","articleSection":["Blog"],"inLanguage":"en-US","potentialAction":[{"@type":"CommentAction","name":"Comment","target":["https:\/\/newsslash.com\/n\/9058-netflix-interview-mit-graf-olaf-aus-eine-reihe-betrueblicher-ereignisse\/#respond"]}]},{"@type":"WebPage","@id":"https:\/\/newsslash.com\/n\/9058-netflix-interview-mit-graf-olaf-aus-eine-reihe-betrueblicher-ereignisse\/","url":"https:\/\/newsslash.com\/n\/9058-netflix-interview-mit-graf-olaf-aus-eine-reihe-betrueblicher-ereignisse\/","name":"Netflix-Interview mit Graf Olaf aus Eine Reihe betr\u00c3\u00bcblic... - Newsslash","isPartOf":{"@id":"https:\/\/newsslash.com\/n\/#website"},"primaryImageOfPage":{"@id":"https:\/\/newsslash.com\/n\/9058-netflix-interview-mit-graf-olaf-aus-eine-reihe-betrueblicher-ereignisse\/#primaryimage"},"image":{"@id":"https:\/\/newsslash.com\/n\/9058-netflix-interview-mit-graf-olaf-aus-eine-reihe-betrueblicher-ereignisse\/#primaryimage"},"thumbnailUrl":"https:\/\/newsslash.com\/n\/wp-content\/uploads\/2025\/04\/NewsSlash-Featured-Image.jpg","datePublished":"2017-01-27T14:32:00+00:00","breadcrumb":{"@id":"https:\/\/newsslash.com\/n\/9058-netflix-interview-mit-graf-olaf-aus-eine-reihe-betrueblicher-ereignisse\/#breadcrumb"},"inLanguage":"en-US","potentialAction":[{"@type":"ReadAction","target":["https:\/\/newsslash.com\/n\/9058-netflix-interview-mit-graf-olaf-aus-eine-reihe-betrueblicher-ereignisse\/"]}]},{"@type":"ImageObject","inLanguage":"en-US","@id":"https:\/\/newsslash.com\/n\/9058-netflix-interview-mit-graf-olaf-aus-eine-reihe-betrueblicher-ereignisse\/#primaryimage","url":"https:\/\/newsslash.com\/n\/wp-content\/uploads\/2025\/04\/NewsSlash-Featured-Image.jpg","contentUrl":"https:\/\/newsslash.com\/n\/wp-content\/uploads\/2025\/04\/NewsSlash-Featured-Image.jpg","width":1280,"height":854},{"@type":"BreadcrumbList","@id":"https:\/\/newsslash.com\/n\/9058-netflix-interview-mit-graf-olaf-aus-eine-reihe-betrueblicher-ereignisse\/#breadcrumb","itemListElement":[{"@type":"ListItem","position":1,"name":"Home","item":"https:\/\/newsslash.com\/n\/"},{"@type":"ListItem","position":2,"name":"Netflix-Interview mit Graf Olaf aus Eine Reihe betr\u00c3\u00bcblic&#8230;"}]},{"@type":"WebSite","@id":"https:\/\/newsslash.com\/n\/#website","url":"https:\/\/newsslash.com\/n\/","name":"Newsslash","description":"Trending News on Movies, Series, OTT, Gaming","publisher":{"@id":"https:\/\/newsslash.com\/n\/#organization"},"potentialAction":[{"@type":"SearchAction","target":{"@type":"EntryPoint","urlTemplate":"https:\/\/newsslash.com\/n\/?s={search_term_string}"},"query-input":{"@type":"PropertyValueSpecification","valueRequired":true,"valueName":"search_term_string"}}],"inLanguage":"en-US"},{"@type":"Organization","@id":"https:\/\/newsslash.com\/n\/#organization","name":"Newsslash","url":"https:\/\/newsslash.com\/n\/","logo":{"@type":"ImageObject","inLanguage":"en-US","@id":"https:\/\/newsslash.com\/n\/#\/schema\/logo\/image\/","url":"https:\/\/newsslash.com\/n\/wp-content\/uploads\/2025\/04\/cropped-Newsslash-logo-Fevicon.png","contentUrl":"https:\/\/newsslash.com\/n\/wp-content\/uploads\/2025\/04\/cropped-Newsslash-logo-Fevicon.png","width":512,"height":512,"caption":"Newsslash"},"image":{"@id":"https:\/\/newsslash.com\/n\/#\/schema\/logo\/image\/"}},{"@type":"Person","@id":"https:\/\/newsslash.com\/n\/#\/schema\/person\/9710bfacfd5579c2b307825ddaad6c46","name":"Viktor Pulz","sameAs":["https:\/\/newsslash.com"],"url":"https:\/\/newsslash.com\/n\/author\/viktor_pulz\/"}]}},"_links":{"self":[{"href":"https:\/\/newsslash.com\/n\/wp-json\/wp\/v2\/posts\/12110","targetHints":{"allow":["GET"]}}],"collection":[{"href":"https:\/\/newsslash.com\/n\/wp-json\/wp\/v2\/posts"}],"about":[{"href":"https:\/\/newsslash.com\/n\/wp-json\/wp\/v2\/types\/post"}],"author":[{"embeddable":true,"href":"https:\/\/newsslash.com\/n\/wp-json\/wp\/v2\/users\/2"}],"replies":[{"embeddable":true,"href":"https:\/\/newsslash.com\/n\/wp-json\/wp\/v2\/comments?post=12110"}],"version-history":[{"count":0,"href":"https:\/\/newsslash.com\/n\/wp-json\/wp\/v2\/posts\/12110\/revisions"}],"wp:featuredmedia":[{"embeddable":true,"href":"https:\/\/newsslash.com\/n\/wp-json\/wp\/v2\/media\/21974"}],"wp:attachment":[{"href":"https:\/\/newsslash.com\/n\/wp-json\/wp\/v2\/media?parent=12110"}],"curies":[{"name":"wp","href":"https:\/\/api.w.org\/{rel}","templated":true}]}}