{"id":12368,"date":"2017-02-20T19:42:00","date_gmt":"2017-02-20T19:42:00","guid":{"rendered":"https:\/\/newsslash.com\/n\/9261-amazon-prime-video-setzt-preisgekroente-comedyserie-pastewka-fort\/"},"modified":"2017-02-20T19:42:00","modified_gmt":"2017-02-20T19:42:00","slug":"9261-amazon-prime-video-setzt-preisgekroente-comedyserie-pastewka-fort","status":"publish","type":"post","link":"https:\/\/newsslash.com\/n\/9261-amazon-prime-video-setzt-preisgekroente-comedyserie-pastewka-fort\/","title":{"rendered":"Amazon Prime Video setzt Comedyserie Pastewka fort"},"content":{"rendered":"<p>Pastewka geht weiter! Amazon Prime Video zeigt exklusiv die brandneuen Folgen der achten Staffel. Die Dreharbeiten starten im Fr\u00c3\u00bchjahr 2017. Alle Fans und Prime-Mitglieder k\u00c3\u00b6nnen sich die Wartezeit mit den Vorg\u00c3\u00a4ngerstaffeln vertreiben: Die ersten sieben Staffeln von Pastewka sind schon jetzt f\u00c3\u00bcr Prime-Kunden in Deutschland und \u00c3\u2013sterreich verf\u00c3\u00bcgbar. Pastewka von und mit Bastian Pastewka ist Amazons n\u00c3\u00a4chste exklusive deutsche Serienproduktion. Am 17. M\u00c3\u00a4rz startet mit der Thriller-Serie You Are Wanted von und mit Matthias Schweigh\u00c3\u00b6fer die erste deutsche Serie eines globalen Video-Streaming-Dienstes. Ende des Jahres kommt Michael Bully Herbigs Bullyparade \u00e2\u20ac\u201c Der Film. Bastian Pastewka: \u00e2\u20ac\u017eDie Serie Pastewka ist und bleibt ein Herzensprojekt! Das fantastische Ensemble und ich werden zur achten Staffel vollst\u00c3\u00a4ndig und hochmotiviert antreten. Ich pers\u00c3\u00b6nlich freue mich \u00c3\u00bcber die entschlossene Aufbruchsstimmung unserer neuen Partner Amazon Prime Video, die unserer kleinen bescheuerten Familienserie gerade einen willkommenen frischen Schwung verpassen. Und ich danke zugleich allen Fans, die Pastewka seit Jahren die Treue halten und uns in sozialen Netzwerken fies beschimpfen, wenn wir eine Pause einlegen! Es wird uns eine Ehre sein! Viel Vergn\u00c3\u00bcgen!\u00e2\u20ac\u0153 \u00e2\u20ac\u017eBastian Pastewka bei Amazon Prime Video: Das sind sehr gute Nachrichten f\u00c3\u00bcr die vielen Pastewka-Fans in Deutschland und \u00c3\u2013sterreich. Wir sind gl\u00c3\u00bccklich, eine der beliebtesten und renommiertesten deutschen Comedyserien exklusiv fortzusetzen\u00e2\u20ac\u0153, sagt Christoph Schneider, Gesch\u00c3\u00a4ftsf\u00c3\u00bchrer Amazon Video Deutschland. \u00e2\u20ac\u017eWir bauen unser exklusives, deutschsprachiges Angebot weiter aus und pr\u00c3\u00a4sentieren es zusammen mit unserem schnell wachsenden Katalog weltweit exklusiver Serien wie The Man in the High Castle, Sneaky Pete, The Grand Tour und Goliath.\u00e2\u20ac\u0153 Tobi Baumann, Gesch\u00c3\u00a4ftsf\u00c3\u00bchrer Brainpool TV GmbH und verantwortlich f\u00c3\u00bcr das neue Label \u00e2\u20ac\u017eBrainpool Pictures\u00e2\u20ac\u0153: \u00e2\u20ac\u017eMit Amazon Prime Video haben wir einen tollen Partner gefunden, um unsere Comedy-Serie Pastewka innovativ weitererz\u00c3\u00a4hlen zu k\u00c3\u00b6nnen. Bei Amazon Prime Video teilt man unsere Liebe zu au\u00c3\u0178ergew\u00c3\u00b6hnlichen Inhalten und auch die Vision f\u00c3\u00bcr neue innovative Vermarktungsstrategien. Wir bedanken uns schon jetzt bei unseren Partnern f\u00c3\u00bcr das Vertrauen und die kreative Gestaltungsfreiheit und freuen uns sehr auf die gemeinsame Arbeit.\u00e2\u20ac\u0153<\/p><div class=\"newss-content\" id=\"newss-3897158206\"><script async src=\"\/\/pagead2.googlesyndication.com\/pagead\/js\/adsbygoogle.js?client=ca-pub-7733425960004873\" crossorigin=\"anonymous\"><\/script><ins class=\"adsbygoogle\" style=\"display:block;\" data-ad-client=\"ca-pub-7733425960004873\" \ndata-ad-slot=\"2582020599\" \ndata-ad-format=\"auto\"><\/ins>\n<script> \n(adsbygoogle = window.adsbygoogle || []).push({}); \n<\/script>\n<\/div><div class=\"newss-article-1\" id=\"newss-3634637894\"><script async src=\"https:\/\/pagead2.googlesyndication.com\/pagead\/js\/adsbygoogle.js?client=ca-pub-7733425960004873\"\r\n     crossorigin=\"anonymous\"><\/script>\r\n<!-- Homepage2 -->\r\n<ins class=\"adsbygoogle\"\r\n     style=\"display:block\"\r\n     data-ad-client=\"ca-pub-7733425960004873\"\r\n     data-ad-slot=\"2582020599\"\r\n     data-ad-format=\"auto\"\r\n     data-full-width-responsive=\"true\"><\/ins>\r\n<script>\r\n     (adsbygoogle = window.adsbygoogle || []).push({});\r\n<\/script><\/div>\n","protected":false},"excerpt":{"rendered":"<p>Amazon Prime Video bringt Pastewka zur\u00c3\u00bcck: Die preisgekr\u00c3\u00b6nte Comedyserie mit der brandneuen, achten Staffel geht exklusiv bei&#8230; Mehr auf Newsslash.com!<\/p>\n","protected":false},"author":2,"featured_media":12337,"comment_status":"open","ping_status":"open","sticky":false,"template":"","format":"standard","meta":{"_et_pb_use_builder":"","_et_pb_old_content":"","_et_gb_content_width":"","footnotes":""},"class_list":["post-12368","post","type-post","status-publish","format-standard","has-post-thumbnail","hentry","category-blog"],"yoast_head":"<!-- This site is optimized with the Yoast SEO plugin v24.8.1 - https:\/\/yoast.com\/wordpress\/plugins\/seo\/ -->\n<title>Amazon Prime Video setzt Comedyserie Pastewka fort - Newsslash<\/title>\n<meta name=\"robots\" content=\"noindex, follow\" \/>\n<meta property=\"og:locale\" content=\"en_US\" \/>\n<meta property=\"og:type\" content=\"article\" \/>\n<meta property=\"og:title\" content=\"Amazon Prime Video setzt Comedyserie Pastewka fort - Newsslash\" \/>\n<meta property=\"og:description\" content=\"Amazon Prime Video bringt Pastewka zur\u00c3\u00bcck: Die preisgekr\u00c3\u00b6nte Comedyserie mit der brandneuen, achten Staffel geht exklusiv bei... Mehr auf Newsslash.com!\" \/>\n<meta property=\"og:url\" content=\"https:\/\/newsslash.com\/n\/9261-amazon-prime-video-setzt-preisgekroente-comedyserie-pastewka-fort\/\" \/>\n<meta property=\"og:site_name\" content=\"Newsslash\" \/>\n<meta property=\"article:published_time\" content=\"2017-02-20T19:42:00+00:00\" \/>\n<meta property=\"og:image\" content=\"https:\/\/newsslash.com\/n\/wp-content\/uploads\/2025\/04\/teaser_img_9261.jpg\" \/>\n\t<meta property=\"og:image:width\" content=\"617\" \/>\n\t<meta property=\"og:image:height\" content=\"349\" \/>\n\t<meta property=\"og:image:type\" content=\"image\/jpeg\" \/>\n<meta name=\"author\" content=\"Viktor Pulz\" \/>\n<meta name=\"twitter:card\" content=\"summary_large_image\" \/>\n<meta name=\"twitter:label1\" content=\"Written by\" \/>\n\t<meta name=\"twitter:data1\" content=\"Viktor Pulz\" \/>\n\t<meta name=\"twitter:label2\" content=\"Est. reading time\" \/>\n\t<meta name=\"twitter:data2\" content=\"2 minutes\" \/>\n<script type=\"application\/ld+json\" class=\"yoast-schema-graph\">{\"@context\":\"https:\/\/schema.org\",\"@graph\":[{\"@type\":\"Article\",\"@id\":\"https:\/\/newsslash.com\/n\/9261-amazon-prime-video-setzt-preisgekroente-comedyserie-pastewka-fort\/#article\",\"isPartOf\":{\"@id\":\"https:\/\/newsslash.com\/n\/9261-amazon-prime-video-setzt-preisgekroente-comedyserie-pastewka-fort\/\"},\"author\":{\"name\":\"Viktor Pulz\",\"@id\":\"https:\/\/newsslash.com\/n\/#\/schema\/person\/9710bfacfd5579c2b307825ddaad6c46\"},\"headline\":\"Amazon Prime Video setzt Comedyserie Pastewka fort\",\"datePublished\":\"2017-02-20T19:42:00+00:00\",\"mainEntityOfPage\":{\"@id\":\"https:\/\/newsslash.com\/n\/9261-amazon-prime-video-setzt-preisgekroente-comedyserie-pastewka-fort\/\"},\"wordCount\":349,\"commentCount\":0,\"publisher\":{\"@id\":\"https:\/\/newsslash.com\/n\/#organization\"},\"image\":{\"@id\":\"https:\/\/newsslash.com\/n\/9261-amazon-prime-video-setzt-preisgekroente-comedyserie-pastewka-fort\/#primaryimage\"},\"thumbnailUrl\":\"https:\/\/newsslash.com\/n\/wp-content\/uploads\/2025\/04\/teaser_img_9261.jpg\",\"articleSection\":[\"Blog\"],\"inLanguage\":\"en-US\",\"potentialAction\":[{\"@type\":\"CommentAction\",\"name\":\"Comment\",\"target\":[\"https:\/\/newsslash.com\/n\/9261-amazon-prime-video-setzt-preisgekroente-comedyserie-pastewka-fort\/#respond\"]}]},{\"@type\":\"WebPage\",\"@id\":\"https:\/\/newsslash.com\/n\/9261-amazon-prime-video-setzt-preisgekroente-comedyserie-pastewka-fort\/\",\"url\":\"https:\/\/newsslash.com\/n\/9261-amazon-prime-video-setzt-preisgekroente-comedyserie-pastewka-fort\/\",\"name\":\"Amazon Prime Video setzt Comedyserie Pastewka fort - Newsslash\",\"isPartOf\":{\"@id\":\"https:\/\/newsslash.com\/n\/#website\"},\"primaryImageOfPage\":{\"@id\":\"https:\/\/newsslash.com\/n\/9261-amazon-prime-video-setzt-preisgekroente-comedyserie-pastewka-fort\/#primaryimage\"},\"image\":{\"@id\":\"https:\/\/newsslash.com\/n\/9261-amazon-prime-video-setzt-preisgekroente-comedyserie-pastewka-fort\/#primaryimage\"},\"thumbnailUrl\":\"https:\/\/newsslash.com\/n\/wp-content\/uploads\/2025\/04\/teaser_img_9261.jpg\",\"datePublished\":\"2017-02-20T19:42:00+00:00\",\"breadcrumb\":{\"@id\":\"https:\/\/newsslash.com\/n\/9261-amazon-prime-video-setzt-preisgekroente-comedyserie-pastewka-fort\/#breadcrumb\"},\"inLanguage\":\"en-US\",\"potentialAction\":[{\"@type\":\"ReadAction\",\"target\":[\"https:\/\/newsslash.com\/n\/9261-amazon-prime-video-setzt-preisgekroente-comedyserie-pastewka-fort\/\"]}]},{\"@type\":\"ImageObject\",\"inLanguage\":\"en-US\",\"@id\":\"https:\/\/newsslash.com\/n\/9261-amazon-prime-video-setzt-preisgekroente-comedyserie-pastewka-fort\/#primaryimage\",\"url\":\"https:\/\/newsslash.com\/n\/wp-content\/uploads\/2025\/04\/teaser_img_9261.jpg\",\"contentUrl\":\"https:\/\/newsslash.com\/n\/wp-content\/uploads\/2025\/04\/teaser_img_9261.jpg\",\"width\":617,\"height\":349},{\"@type\":\"BreadcrumbList\",\"@id\":\"https:\/\/newsslash.com\/n\/9261-amazon-prime-video-setzt-preisgekroente-comedyserie-pastewka-fort\/#breadcrumb\",\"itemListElement\":[{\"@type\":\"ListItem\",\"position\":1,\"name\":\"Home\",\"item\":\"https:\/\/newsslash.com\/n\/\"},{\"@type\":\"ListItem\",\"position\":2,\"name\":\"Amazon Prime Video setzt Comedyserie Pastewka fort\"}]},{\"@type\":\"WebSite\",\"@id\":\"https:\/\/newsslash.com\/n\/#website\",\"url\":\"https:\/\/newsslash.com\/n\/\",\"name\":\"Newsslash\",\"description\":\"Trending News on Movies, Series, OTT, Gaming\",\"publisher\":{\"@id\":\"https:\/\/newsslash.com\/n\/#organization\"},\"potentialAction\":[{\"@type\":\"SearchAction\",\"target\":{\"@type\":\"EntryPoint\",\"urlTemplate\":\"https:\/\/newsslash.com\/n\/?s={search_term_string}\"},\"query-input\":{\"@type\":\"PropertyValueSpecification\",\"valueRequired\":true,\"valueName\":\"search_term_string\"}}],\"inLanguage\":\"en-US\"},{\"@type\":\"Organization\",\"@id\":\"https:\/\/newsslash.com\/n\/#organization\",\"name\":\"Newsslash\",\"url\":\"https:\/\/newsslash.com\/n\/\",\"logo\":{\"@type\":\"ImageObject\",\"inLanguage\":\"en-US\",\"@id\":\"https:\/\/newsslash.com\/n\/#\/schema\/logo\/image\/\",\"url\":\"https:\/\/newsslash.com\/n\/wp-content\/uploads\/2025\/04\/cropped-Newsslash-logo-Fevicon.png\",\"contentUrl\":\"https:\/\/newsslash.com\/n\/wp-content\/uploads\/2025\/04\/cropped-Newsslash-logo-Fevicon.png\",\"width\":512,\"height\":512,\"caption\":\"Newsslash\"},\"image\":{\"@id\":\"https:\/\/newsslash.com\/n\/#\/schema\/logo\/image\/\"}},{\"@type\":\"Person\",\"@id\":\"https:\/\/newsslash.com\/n\/#\/schema\/person\/9710bfacfd5579c2b307825ddaad6c46\",\"name\":\"Viktor Pulz\",\"sameAs\":[\"https:\/\/newsslash.com\"],\"url\":\"https:\/\/newsslash.com\/n\/author\/viktor_pulz\/\"}]}<\/script>\n<!-- \/ Yoast SEO plugin. -->","yoast_head_json":{"title":"Amazon Prime Video setzt Comedyserie Pastewka fort - Newsslash","robots":{"index":"noindex","follow":"follow"},"og_locale":"en_US","og_type":"article","og_title":"Amazon Prime Video setzt Comedyserie Pastewka fort - Newsslash","og_description":"Amazon Prime Video bringt Pastewka zur\u00c3\u00bcck: Die preisgekr\u00c3\u00b6nte Comedyserie mit der brandneuen, achten Staffel geht exklusiv bei... Mehr auf Newsslash.com!","og_url":"https:\/\/newsslash.com\/n\/9261-amazon-prime-video-setzt-preisgekroente-comedyserie-pastewka-fort\/","og_site_name":"Newsslash","article_published_time":"2017-02-20T19:42:00+00:00","og_image":[{"width":617,"height":349,"url":"https:\/\/newsslash.com\/n\/wp-content\/uploads\/2025\/04\/teaser_img_9261.jpg","type":"image\/jpeg"}],"author":"Viktor Pulz","twitter_card":"summary_large_image","twitter_misc":{"Written by":"Viktor Pulz","Est. reading time":"2 minutes"},"schema":{"@context":"https:\/\/schema.org","@graph":[{"@type":"Article","@id":"https:\/\/newsslash.com\/n\/9261-amazon-prime-video-setzt-preisgekroente-comedyserie-pastewka-fort\/#article","isPartOf":{"@id":"https:\/\/newsslash.com\/n\/9261-amazon-prime-video-setzt-preisgekroente-comedyserie-pastewka-fort\/"},"author":{"name":"Viktor Pulz","@id":"https:\/\/newsslash.com\/n\/#\/schema\/person\/9710bfacfd5579c2b307825ddaad6c46"},"headline":"Amazon Prime Video setzt Comedyserie Pastewka fort","datePublished":"2017-02-20T19:42:00+00:00","mainEntityOfPage":{"@id":"https:\/\/newsslash.com\/n\/9261-amazon-prime-video-setzt-preisgekroente-comedyserie-pastewka-fort\/"},"wordCount":349,"commentCount":0,"publisher":{"@id":"https:\/\/newsslash.com\/n\/#organization"},"image":{"@id":"https:\/\/newsslash.com\/n\/9261-amazon-prime-video-setzt-preisgekroente-comedyserie-pastewka-fort\/#primaryimage"},"thumbnailUrl":"https:\/\/newsslash.com\/n\/wp-content\/uploads\/2025\/04\/teaser_img_9261.jpg","articleSection":["Blog"],"inLanguage":"en-US","potentialAction":[{"@type":"CommentAction","name":"Comment","target":["https:\/\/newsslash.com\/n\/9261-amazon-prime-video-setzt-preisgekroente-comedyserie-pastewka-fort\/#respond"]}]},{"@type":"WebPage","@id":"https:\/\/newsslash.com\/n\/9261-amazon-prime-video-setzt-preisgekroente-comedyserie-pastewka-fort\/","url":"https:\/\/newsslash.com\/n\/9261-amazon-prime-video-setzt-preisgekroente-comedyserie-pastewka-fort\/","name":"Amazon Prime Video setzt Comedyserie Pastewka fort - Newsslash","isPartOf":{"@id":"https:\/\/newsslash.com\/n\/#website"},"primaryImageOfPage":{"@id":"https:\/\/newsslash.com\/n\/9261-amazon-prime-video-setzt-preisgekroente-comedyserie-pastewka-fort\/#primaryimage"},"image":{"@id":"https:\/\/newsslash.com\/n\/9261-amazon-prime-video-setzt-preisgekroente-comedyserie-pastewka-fort\/#primaryimage"},"thumbnailUrl":"https:\/\/newsslash.com\/n\/wp-content\/uploads\/2025\/04\/teaser_img_9261.jpg","datePublished":"2017-02-20T19:42:00+00:00","breadcrumb":{"@id":"https:\/\/newsslash.com\/n\/9261-amazon-prime-video-setzt-preisgekroente-comedyserie-pastewka-fort\/#breadcrumb"},"inLanguage":"en-US","potentialAction":[{"@type":"ReadAction","target":["https:\/\/newsslash.com\/n\/9261-amazon-prime-video-setzt-preisgekroente-comedyserie-pastewka-fort\/"]}]},{"@type":"ImageObject","inLanguage":"en-US","@id":"https:\/\/newsslash.com\/n\/9261-amazon-prime-video-setzt-preisgekroente-comedyserie-pastewka-fort\/#primaryimage","url":"https:\/\/newsslash.com\/n\/wp-content\/uploads\/2025\/04\/teaser_img_9261.jpg","contentUrl":"https:\/\/newsslash.com\/n\/wp-content\/uploads\/2025\/04\/teaser_img_9261.jpg","width":617,"height":349},{"@type":"BreadcrumbList","@id":"https:\/\/newsslash.com\/n\/9261-amazon-prime-video-setzt-preisgekroente-comedyserie-pastewka-fort\/#breadcrumb","itemListElement":[{"@type":"ListItem","position":1,"name":"Home","item":"https:\/\/newsslash.com\/n\/"},{"@type":"ListItem","position":2,"name":"Amazon Prime Video setzt Comedyserie Pastewka fort"}]},{"@type":"WebSite","@id":"https:\/\/newsslash.com\/n\/#website","url":"https:\/\/newsslash.com\/n\/","name":"Newsslash","description":"Trending News on Movies, Series, OTT, Gaming","publisher":{"@id":"https:\/\/newsslash.com\/n\/#organization"},"potentialAction":[{"@type":"SearchAction","target":{"@type":"EntryPoint","urlTemplate":"https:\/\/newsslash.com\/n\/?s={search_term_string}"},"query-input":{"@type":"PropertyValueSpecification","valueRequired":true,"valueName":"search_term_string"}}],"inLanguage":"en-US"},{"@type":"Organization","@id":"https:\/\/newsslash.com\/n\/#organization","name":"Newsslash","url":"https:\/\/newsslash.com\/n\/","logo":{"@type":"ImageObject","inLanguage":"en-US","@id":"https:\/\/newsslash.com\/n\/#\/schema\/logo\/image\/","url":"https:\/\/newsslash.com\/n\/wp-content\/uploads\/2025\/04\/cropped-Newsslash-logo-Fevicon.png","contentUrl":"https:\/\/newsslash.com\/n\/wp-content\/uploads\/2025\/04\/cropped-Newsslash-logo-Fevicon.png","width":512,"height":512,"caption":"Newsslash"},"image":{"@id":"https:\/\/newsslash.com\/n\/#\/schema\/logo\/image\/"}},{"@type":"Person","@id":"https:\/\/newsslash.com\/n\/#\/schema\/person\/9710bfacfd5579c2b307825ddaad6c46","name":"Viktor Pulz","sameAs":["https:\/\/newsslash.com"],"url":"https:\/\/newsslash.com\/n\/author\/viktor_pulz\/"}]}},"_links":{"self":[{"href":"https:\/\/newsslash.com\/n\/wp-json\/wp\/v2\/posts\/12368","targetHints":{"allow":["GET"]}}],"collection":[{"href":"https:\/\/newsslash.com\/n\/wp-json\/wp\/v2\/posts"}],"about":[{"href":"https:\/\/newsslash.com\/n\/wp-json\/wp\/v2\/types\/post"}],"author":[{"embeddable":true,"href":"https:\/\/newsslash.com\/n\/wp-json\/wp\/v2\/users\/2"}],"replies":[{"embeddable":true,"href":"https:\/\/newsslash.com\/n\/wp-json\/wp\/v2\/comments?post=12368"}],"version-history":[{"count":0,"href":"https:\/\/newsslash.com\/n\/wp-json\/wp\/v2\/posts\/12368\/revisions"}],"wp:featuredmedia":[{"embeddable":true,"href":"https:\/\/newsslash.com\/n\/wp-json\/wp\/v2\/media\/12337"}],"wp:attachment":[{"href":"https:\/\/newsslash.com\/n\/wp-json\/wp\/v2\/media?parent=12368"}],"curies":[{"name":"wp","href":"https:\/\/api.w.org\/{rel}","templated":true}]}}