{"id":12370,"date":"2017-02-20T19:53:48","date_gmt":"2017-02-20T19:53:48","guid":{"rendered":"https:\/\/newsslash.com\/n\/9263-first-they-killes-my-father-netflix-film-von-angelina-jolie-feiert-premiere\/"},"modified":"2017-02-20T19:53:48","modified_gmt":"2017-02-20T19:53:48","slug":"9263-first-they-killes-my-father-netflix-film-von-angelina-jolie-feiert-premiere","status":"publish","type":"post","link":"https:\/\/newsslash.com\/n\/9263-first-they-killes-my-father-netflix-film-von-angelina-jolie-feiert-premiere\/","title":{"rendered":"First They Killed My Father: Netflix-Film von Angelina Jo&#8230;"},"content":{"rendered":"<p>Am vergangenen Samstag, dem 18. Februar, feierte der Netflix-Original-Film First They Killed My Father, der sp\u00c3\u00a4ter in diesem Jahr weltweit auf Netflix gelauncht wird, seine kambodschanische Premiere auf der Terrasse der Elefanten im Angkor-Wat-Tempelkomplex in Siem Reap. Zu Ehren dieses au\u00c3\u0178ergew\u00c3\u00b6hnlichen Anlasses f\u00c3\u00bcr das kambodschanische Volk waren Seine Majest\u00c3\u00a4t der K\u00c3\u00b6nig von Kambodscha Norodom Sihamoni und Ihre Majest\u00c3\u00a4t die K\u00c3\u00b6niginmutter Norodom Monineath pers\u00c3\u00b6nlich anwesend. Begleitet wurden sie von Regisseurin Angelina Jolie, Menschenrechtsaktivistin Loung Ung und Produzent Rithy Panh. Unter der Regie von Angelina Jolie ist First They Killed My Father all denen gewidmet, die unter der Guerilla-Bewegung Rote Khmer den Tod fanden, sowie jenen, die sie \u00c3\u00bcberlebt haben. Der Film erz\u00c3\u00a4hlt von der Liebe und Hingabe einer kambodschanischen Familie und feiert die Sch\u00c3\u00b6nheit, die Seele und die Widerstandsf\u00c3\u00a4higkeit des kambodschanischen Volkes und seiner Kultur. First They Killed My Father ist die Adaption der ergreifenden Memoiren von Loung Ung, einer kambodschanischen Autorin und Menschenrechtsaktivistin, die es geschafft hat, das Terrorregime der Roten Khmer von 1975 bis 1978 zu \u00c3\u00bcberleben. Die Geschichte wird aus ihrer Sicht erz\u00c3\u00a4hlt und zeigt die Zeit zwischen ihrem f\u00c3\u00bcnften und neunten Lebensjahr, in der die Roten Khmer an die Macht gelangen. Der Film stellt den unbezwingbaren Willen und die Hingabe von Loung und ihrer Familie dar, die in den Jahren des Regimes mit aller Kraft versuchen zusammenzuhalten. Ung hat \u00c3\u00bcberlebt und hielt ihre Erinnerungen in dem im Jahr 2000 ver\u00c3\u00b6ffentlichten Buch First They Killed My Father: A Daughter of Cambodia Remembers fest. Nachdem Angelina Jolie Ungs Memoiren gelesen hatte, trat sie mit der Autorin in Kontakt und pflegt mit ihr seither eine enge Freundschaft. First They Killed My Father wurde von November 2015 bis Februar 2016 in Kambodscha gefilmt und produziert. Er wurde vollst\u00c3\u00a4ndig in Khmer-Sprache gedreht und ist der aufw\u00c3\u00a4ndigste Film, der jemals in dem Land entstanden ist. Kambodschanische Techniker, Handwerker und Arbeiter stellten den Gro\u00c3\u0178teil der Crew, zusammen mit \u00c3\u00bcber 3500 kambodschanischen Komparsen. Auch der Cast besteht vollst\u00c3\u00a4ndig aus kambodschanischen Schauspielern, von denen einige zum ersten Mal in einem Film zu sehen sind. Srey Moch Sareum, die die Rolle der f\u00c3\u00bcnf- bis neunj\u00c3\u00a4hrigen Loung spielt und aus deren Sichtweise die Geschichte erz\u00c3\u00a4hlt wird, wurde in einer \u00c3\u00b6rtlichen Armenschule entdeckt. Loungs Eltern, Pa und Ma, werden von Kompheak Phoeung and Socheata Sveng gespielt. Phoeung, der hauptberuflich als Dolmetscher f\u00c3\u00bcr das Khmer Rouge Tribunal t\u00c3\u00a4tig ist, war zuvor bereits in der Hauptrolle des franz\u00c3\u00b6sischen Films The Gate zu sehen. Socheata Sveng z\u00c3\u00a4hlt zu den bekanntesten Schauspielerinnen in Kambodscha. Nita und Nika Sarun (Geak), Chenda Run (Chou), Kimhak Mun (Kim), Sreyneang Oun (Keav), Sothea Khoun (Khouy) and Dara Heng (Meng) \u00c3\u00bcberzeugen in den Rollen der Geschwister von Loung.<\/p><div class=\"newss-content\" id=\"newss-337482086\"><script async src=\"\/\/pagead2.googlesyndication.com\/pagead\/js\/adsbygoogle.js?client=ca-pub-7733425960004873\" crossorigin=\"anonymous\"><\/script><ins class=\"adsbygoogle\" style=\"display:block;\" data-ad-client=\"ca-pub-7733425960004873\" \ndata-ad-slot=\"2582020599\" \ndata-ad-format=\"auto\"><\/ins>\n<script> \n(adsbygoogle = window.adsbygoogle || []).push({}); \n<\/script>\n<\/div><div class=\"newss-article-1\" id=\"newss-2542326902\"><script async src=\"https:\/\/pagead2.googlesyndication.com\/pagead\/js\/adsbygoogle.js?client=ca-pub-7733425960004873\"\r\n     crossorigin=\"anonymous\"><\/script>\r\n<!-- Homepage2 -->\r\n<ins class=\"adsbygoogle\"\r\n     style=\"display:block\"\r\n     data-ad-client=\"ca-pub-7733425960004873\"\r\n     data-ad-slot=\"2582020599\"\r\n     data-ad-format=\"auto\"\r\n     data-full-width-responsive=\"true\"><\/ins>\r\n<script>\r\n     (adsbygoogle = window.adsbygoogle || []).push({});\r\n<\/script><\/div>\n","protected":false},"excerpt":{"rendered":"<p>Der neue Netflix-Original-Film First They Killed My Father feierte vergangenen Samstag Premiere in Kambodscha. Der Film, welcher&#8230; Mehr auf Newsslash.com!<\/p>\n","protected":false},"author":2,"featured_media":12338,"comment_status":"open","ping_status":"open","sticky":false,"template":"","format":"standard","meta":{"_et_pb_use_builder":"","_et_pb_old_content":"","_et_gb_content_width":"","footnotes":""},"class_list":["post-12370","post","type-post","status-publish","format-standard","has-post-thumbnail","hentry","category-blog"],"yoast_head":"<!-- This site is optimized with the Yoast SEO plugin v24.8.1 - https:\/\/yoast.com\/wordpress\/plugins\/seo\/ -->\n<title>First They Killed My Father: Netflix-Film von Angelina Jo... - Newsslash<\/title>\n<meta name=\"robots\" content=\"noindex, follow\" \/>\n<meta property=\"og:locale\" content=\"en_US\" \/>\n<meta property=\"og:type\" content=\"article\" \/>\n<meta property=\"og:title\" content=\"First They Killed My Father: Netflix-Film von Angelina Jo... - Newsslash\" \/>\n<meta property=\"og:description\" content=\"Der neue Netflix-Original-Film First They Killed My Father feierte vergangenen Samstag Premiere in Kambodscha. Der Film, welcher... Mehr auf Newsslash.com!\" \/>\n<meta property=\"og:url\" content=\"https:\/\/newsslash.com\/n\/9263-first-they-killes-my-father-netflix-film-von-angelina-jolie-feiert-premiere\/\" \/>\n<meta property=\"og:site_name\" content=\"Newsslash\" \/>\n<meta property=\"article:published_time\" content=\"2017-02-20T19:53:48+00:00\" \/>\n<meta property=\"og:image\" content=\"https:\/\/newsslash.com\/n\/wp-content\/uploads\/2025\/04\/teaser_img_9263.jpg\" \/>\n\t<meta property=\"og:image:width\" content=\"617\" \/>\n\t<meta property=\"og:image:height\" content=\"349\" \/>\n\t<meta property=\"og:image:type\" content=\"image\/jpeg\" \/>\n<meta name=\"author\" content=\"Viktor Pulz\" \/>\n<meta name=\"twitter:card\" content=\"summary_large_image\" \/>\n<meta name=\"twitter:label1\" content=\"Written by\" \/>\n\t<meta name=\"twitter:data1\" content=\"Viktor Pulz\" \/>\n\t<meta name=\"twitter:label2\" content=\"Est. reading time\" \/>\n\t<meta name=\"twitter:data2\" content=\"2 minutes\" \/>\n<script type=\"application\/ld+json\" class=\"yoast-schema-graph\">{\"@context\":\"https:\/\/schema.org\",\"@graph\":[{\"@type\":\"Article\",\"@id\":\"https:\/\/newsslash.com\/n\/9263-first-they-killes-my-father-netflix-film-von-angelina-jolie-feiert-premiere\/#article\",\"isPartOf\":{\"@id\":\"https:\/\/newsslash.com\/n\/9263-first-they-killes-my-father-netflix-film-von-angelina-jolie-feiert-premiere\/\"},\"author\":{\"name\":\"Viktor Pulz\",\"@id\":\"https:\/\/newsslash.com\/n\/#\/schema\/person\/9710bfacfd5579c2b307825ddaad6c46\"},\"headline\":\"First They Killed My Father: Netflix-Film von Angelina Jo&#8230;\",\"datePublished\":\"2017-02-20T19:53:48+00:00\",\"mainEntityOfPage\":{\"@id\":\"https:\/\/newsslash.com\/n\/9263-first-they-killes-my-father-netflix-film-von-angelina-jolie-feiert-premiere\/\"},\"wordCount\":468,\"commentCount\":0,\"publisher\":{\"@id\":\"https:\/\/newsslash.com\/n\/#organization\"},\"image\":{\"@id\":\"https:\/\/newsslash.com\/n\/9263-first-they-killes-my-father-netflix-film-von-angelina-jolie-feiert-premiere\/#primaryimage\"},\"thumbnailUrl\":\"https:\/\/newsslash.com\/n\/wp-content\/uploads\/2025\/04\/teaser_img_9263.jpg\",\"articleSection\":[\"Blog\"],\"inLanguage\":\"en-US\",\"potentialAction\":[{\"@type\":\"CommentAction\",\"name\":\"Comment\",\"target\":[\"https:\/\/newsslash.com\/n\/9263-first-they-killes-my-father-netflix-film-von-angelina-jolie-feiert-premiere\/#respond\"]}]},{\"@type\":\"WebPage\",\"@id\":\"https:\/\/newsslash.com\/n\/9263-first-they-killes-my-father-netflix-film-von-angelina-jolie-feiert-premiere\/\",\"url\":\"https:\/\/newsslash.com\/n\/9263-first-they-killes-my-father-netflix-film-von-angelina-jolie-feiert-premiere\/\",\"name\":\"First They Killed My Father: Netflix-Film von Angelina Jo... - Newsslash\",\"isPartOf\":{\"@id\":\"https:\/\/newsslash.com\/n\/#website\"},\"primaryImageOfPage\":{\"@id\":\"https:\/\/newsslash.com\/n\/9263-first-they-killes-my-father-netflix-film-von-angelina-jolie-feiert-premiere\/#primaryimage\"},\"image\":{\"@id\":\"https:\/\/newsslash.com\/n\/9263-first-they-killes-my-father-netflix-film-von-angelina-jolie-feiert-premiere\/#primaryimage\"},\"thumbnailUrl\":\"https:\/\/newsslash.com\/n\/wp-content\/uploads\/2025\/04\/teaser_img_9263.jpg\",\"datePublished\":\"2017-02-20T19:53:48+00:00\",\"breadcrumb\":{\"@id\":\"https:\/\/newsslash.com\/n\/9263-first-they-killes-my-father-netflix-film-von-angelina-jolie-feiert-premiere\/#breadcrumb\"},\"inLanguage\":\"en-US\",\"potentialAction\":[{\"@type\":\"ReadAction\",\"target\":[\"https:\/\/newsslash.com\/n\/9263-first-they-killes-my-father-netflix-film-von-angelina-jolie-feiert-premiere\/\"]}]},{\"@type\":\"ImageObject\",\"inLanguage\":\"en-US\",\"@id\":\"https:\/\/newsslash.com\/n\/9263-first-they-killes-my-father-netflix-film-von-angelina-jolie-feiert-premiere\/#primaryimage\",\"url\":\"https:\/\/newsslash.com\/n\/wp-content\/uploads\/2025\/04\/teaser_img_9263.jpg\",\"contentUrl\":\"https:\/\/newsslash.com\/n\/wp-content\/uploads\/2025\/04\/teaser_img_9263.jpg\",\"width\":617,\"height\":349},{\"@type\":\"BreadcrumbList\",\"@id\":\"https:\/\/newsslash.com\/n\/9263-first-they-killes-my-father-netflix-film-von-angelina-jolie-feiert-premiere\/#breadcrumb\",\"itemListElement\":[{\"@type\":\"ListItem\",\"position\":1,\"name\":\"Home\",\"item\":\"https:\/\/newsslash.com\/n\/\"},{\"@type\":\"ListItem\",\"position\":2,\"name\":\"First They Killed My Father: Netflix-Film von Angelina Jo&#8230;\"}]},{\"@type\":\"WebSite\",\"@id\":\"https:\/\/newsslash.com\/n\/#website\",\"url\":\"https:\/\/newsslash.com\/n\/\",\"name\":\"Newsslash\",\"description\":\"Trending News on Movies, Series, OTT, Gaming\",\"publisher\":{\"@id\":\"https:\/\/newsslash.com\/n\/#organization\"},\"potentialAction\":[{\"@type\":\"SearchAction\",\"target\":{\"@type\":\"EntryPoint\",\"urlTemplate\":\"https:\/\/newsslash.com\/n\/?s={search_term_string}\"},\"query-input\":{\"@type\":\"PropertyValueSpecification\",\"valueRequired\":true,\"valueName\":\"search_term_string\"}}],\"inLanguage\":\"en-US\"},{\"@type\":\"Organization\",\"@id\":\"https:\/\/newsslash.com\/n\/#organization\",\"name\":\"Newsslash\",\"url\":\"https:\/\/newsslash.com\/n\/\",\"logo\":{\"@type\":\"ImageObject\",\"inLanguage\":\"en-US\",\"@id\":\"https:\/\/newsslash.com\/n\/#\/schema\/logo\/image\/\",\"url\":\"https:\/\/newsslash.com\/n\/wp-content\/uploads\/2025\/04\/cropped-Newsslash-logo-Fevicon.png\",\"contentUrl\":\"https:\/\/newsslash.com\/n\/wp-content\/uploads\/2025\/04\/cropped-Newsslash-logo-Fevicon.png\",\"width\":512,\"height\":512,\"caption\":\"Newsslash\"},\"image\":{\"@id\":\"https:\/\/newsslash.com\/n\/#\/schema\/logo\/image\/\"}},{\"@type\":\"Person\",\"@id\":\"https:\/\/newsslash.com\/n\/#\/schema\/person\/9710bfacfd5579c2b307825ddaad6c46\",\"name\":\"Viktor Pulz\",\"sameAs\":[\"https:\/\/newsslash.com\"],\"url\":\"https:\/\/newsslash.com\/n\/author\/viktor_pulz\/\"}]}<\/script>\n<!-- \/ Yoast SEO plugin. -->","yoast_head_json":{"title":"First They Killed My Father: Netflix-Film von Angelina Jo... - Newsslash","robots":{"index":"noindex","follow":"follow"},"og_locale":"en_US","og_type":"article","og_title":"First They Killed My Father: Netflix-Film von Angelina Jo... - Newsslash","og_description":"Der neue Netflix-Original-Film First They Killed My Father feierte vergangenen Samstag Premiere in Kambodscha. Der Film, welcher... Mehr auf Newsslash.com!","og_url":"https:\/\/newsslash.com\/n\/9263-first-they-killes-my-father-netflix-film-von-angelina-jolie-feiert-premiere\/","og_site_name":"Newsslash","article_published_time":"2017-02-20T19:53:48+00:00","og_image":[{"width":617,"height":349,"url":"https:\/\/newsslash.com\/n\/wp-content\/uploads\/2025\/04\/teaser_img_9263.jpg","type":"image\/jpeg"}],"author":"Viktor Pulz","twitter_card":"summary_large_image","twitter_misc":{"Written by":"Viktor Pulz","Est. reading time":"2 minutes"},"schema":{"@context":"https:\/\/schema.org","@graph":[{"@type":"Article","@id":"https:\/\/newsslash.com\/n\/9263-first-they-killes-my-father-netflix-film-von-angelina-jolie-feiert-premiere\/#article","isPartOf":{"@id":"https:\/\/newsslash.com\/n\/9263-first-they-killes-my-father-netflix-film-von-angelina-jolie-feiert-premiere\/"},"author":{"name":"Viktor Pulz","@id":"https:\/\/newsslash.com\/n\/#\/schema\/person\/9710bfacfd5579c2b307825ddaad6c46"},"headline":"First They Killed My Father: Netflix-Film von Angelina Jo&#8230;","datePublished":"2017-02-20T19:53:48+00:00","mainEntityOfPage":{"@id":"https:\/\/newsslash.com\/n\/9263-first-they-killes-my-father-netflix-film-von-angelina-jolie-feiert-premiere\/"},"wordCount":468,"commentCount":0,"publisher":{"@id":"https:\/\/newsslash.com\/n\/#organization"},"image":{"@id":"https:\/\/newsslash.com\/n\/9263-first-they-killes-my-father-netflix-film-von-angelina-jolie-feiert-premiere\/#primaryimage"},"thumbnailUrl":"https:\/\/newsslash.com\/n\/wp-content\/uploads\/2025\/04\/teaser_img_9263.jpg","articleSection":["Blog"],"inLanguage":"en-US","potentialAction":[{"@type":"CommentAction","name":"Comment","target":["https:\/\/newsslash.com\/n\/9263-first-they-killes-my-father-netflix-film-von-angelina-jolie-feiert-premiere\/#respond"]}]},{"@type":"WebPage","@id":"https:\/\/newsslash.com\/n\/9263-first-they-killes-my-father-netflix-film-von-angelina-jolie-feiert-premiere\/","url":"https:\/\/newsslash.com\/n\/9263-first-they-killes-my-father-netflix-film-von-angelina-jolie-feiert-premiere\/","name":"First They Killed My Father: Netflix-Film von Angelina Jo... - Newsslash","isPartOf":{"@id":"https:\/\/newsslash.com\/n\/#website"},"primaryImageOfPage":{"@id":"https:\/\/newsslash.com\/n\/9263-first-they-killes-my-father-netflix-film-von-angelina-jolie-feiert-premiere\/#primaryimage"},"image":{"@id":"https:\/\/newsslash.com\/n\/9263-first-they-killes-my-father-netflix-film-von-angelina-jolie-feiert-premiere\/#primaryimage"},"thumbnailUrl":"https:\/\/newsslash.com\/n\/wp-content\/uploads\/2025\/04\/teaser_img_9263.jpg","datePublished":"2017-02-20T19:53:48+00:00","breadcrumb":{"@id":"https:\/\/newsslash.com\/n\/9263-first-they-killes-my-father-netflix-film-von-angelina-jolie-feiert-premiere\/#breadcrumb"},"inLanguage":"en-US","potentialAction":[{"@type":"ReadAction","target":["https:\/\/newsslash.com\/n\/9263-first-they-killes-my-father-netflix-film-von-angelina-jolie-feiert-premiere\/"]}]},{"@type":"ImageObject","inLanguage":"en-US","@id":"https:\/\/newsslash.com\/n\/9263-first-they-killes-my-father-netflix-film-von-angelina-jolie-feiert-premiere\/#primaryimage","url":"https:\/\/newsslash.com\/n\/wp-content\/uploads\/2025\/04\/teaser_img_9263.jpg","contentUrl":"https:\/\/newsslash.com\/n\/wp-content\/uploads\/2025\/04\/teaser_img_9263.jpg","width":617,"height":349},{"@type":"BreadcrumbList","@id":"https:\/\/newsslash.com\/n\/9263-first-they-killes-my-father-netflix-film-von-angelina-jolie-feiert-premiere\/#breadcrumb","itemListElement":[{"@type":"ListItem","position":1,"name":"Home","item":"https:\/\/newsslash.com\/n\/"},{"@type":"ListItem","position":2,"name":"First They Killed My Father: Netflix-Film von Angelina Jo&#8230;"}]},{"@type":"WebSite","@id":"https:\/\/newsslash.com\/n\/#website","url":"https:\/\/newsslash.com\/n\/","name":"Newsslash","description":"Trending News on Movies, Series, OTT, Gaming","publisher":{"@id":"https:\/\/newsslash.com\/n\/#organization"},"potentialAction":[{"@type":"SearchAction","target":{"@type":"EntryPoint","urlTemplate":"https:\/\/newsslash.com\/n\/?s={search_term_string}"},"query-input":{"@type":"PropertyValueSpecification","valueRequired":true,"valueName":"search_term_string"}}],"inLanguage":"en-US"},{"@type":"Organization","@id":"https:\/\/newsslash.com\/n\/#organization","name":"Newsslash","url":"https:\/\/newsslash.com\/n\/","logo":{"@type":"ImageObject","inLanguage":"en-US","@id":"https:\/\/newsslash.com\/n\/#\/schema\/logo\/image\/","url":"https:\/\/newsslash.com\/n\/wp-content\/uploads\/2025\/04\/cropped-Newsslash-logo-Fevicon.png","contentUrl":"https:\/\/newsslash.com\/n\/wp-content\/uploads\/2025\/04\/cropped-Newsslash-logo-Fevicon.png","width":512,"height":512,"caption":"Newsslash"},"image":{"@id":"https:\/\/newsslash.com\/n\/#\/schema\/logo\/image\/"}},{"@type":"Person","@id":"https:\/\/newsslash.com\/n\/#\/schema\/person\/9710bfacfd5579c2b307825ddaad6c46","name":"Viktor Pulz","sameAs":["https:\/\/newsslash.com"],"url":"https:\/\/newsslash.com\/n\/author\/viktor_pulz\/"}]}},"_links":{"self":[{"href":"https:\/\/newsslash.com\/n\/wp-json\/wp\/v2\/posts\/12370","targetHints":{"allow":["GET"]}}],"collection":[{"href":"https:\/\/newsslash.com\/n\/wp-json\/wp\/v2\/posts"}],"about":[{"href":"https:\/\/newsslash.com\/n\/wp-json\/wp\/v2\/types\/post"}],"author":[{"embeddable":true,"href":"https:\/\/newsslash.com\/n\/wp-json\/wp\/v2\/users\/2"}],"replies":[{"embeddable":true,"href":"https:\/\/newsslash.com\/n\/wp-json\/wp\/v2\/comments?post=12370"}],"version-history":[{"count":0,"href":"https:\/\/newsslash.com\/n\/wp-json\/wp\/v2\/posts\/12370\/revisions"}],"wp:featuredmedia":[{"embeddable":true,"href":"https:\/\/newsslash.com\/n\/wp-json\/wp\/v2\/media\/12338"}],"wp:attachment":[{"href":"https:\/\/newsslash.com\/n\/wp-json\/wp\/v2\/media?parent=12370"}],"curies":[{"name":"wp","href":"https:\/\/api.w.org\/{rel}","templated":true}]}}