{"id":12386,"date":"2017-02-24T14:02:00","date_gmt":"2017-02-24T14:02:00","guid":{"rendered":"https:\/\/newsslash.com\/n\/9279-prosiebensat1-verzeichnet-2016-weiteres-rekordjahr\/"},"modified":"2017-02-24T14:02:00","modified_gmt":"2017-02-24T14:02:00","slug":"9279-prosiebensat1-verzeichnet-2016-weiteres-rekordjahr","status":"publish","type":"post","link":"https:\/\/newsslash.com\/n\/9279-prosiebensat1-verzeichnet-2016-weiteres-rekordjahr\/","title":{"rendered":"ProSiebenSat.1 verzeichnet 2016 weiteres Rekordjahr"},"content":{"rendered":"<p>Die ProSiebenSat.1 Group hat das Jahr 2016 erneut mit Rekordwerten bei Umsatz und Ergebnis abgeschlossen und ihre finanziellen Ziele erreicht: Der Konzern steigerte seinen Umsatz deutlich um 17 Prozent auf 3.799 Mio Euro (Vorjahr: 3.261 Mio Euro). Zugleich erh\u00c3\u00b6hte sich das recurring EBITDA gegen\u00c3\u00bcber dem Vorjahr um 10 Prozent auf 1.018 Mio Euro (Vorjahr: 926 Mio Euro). Der bereinigte Konzern\u00c3\u00bcberschuss (underlying net income) \u00c3\u00bcbertraf den Vorjahreswert ebenfalls um 10 Prozent und erreichte 513 Mio Euro (Vorjahr: 466 Mio Euro). Der gr\u00c3\u00b6\u00c3\u0178te Wachstumsbeitrag kam 2016 aus dem Segment Digital Ventures &amp; Commerce. Auch deshalb erwirtschaftet der Konzern bereits 47 Prozent des Konzernumsatzes au\u00c3\u0178erhalb des TV-Werbegesch\u00c3\u00a4fts (Vorjahr: 39 %), bis 2018 soll dieser Anteil auf \u00c3\u00bcber 50 Prozent steigen. Gleichzeitig erzielt ProSiebenSat.1 steigende TV-Werbeeinnahmen. Thomas Ebeling, Vorstandsvorsitzender der ProSiebenSat.1 Media SE: &#8220;ProSiebenSat.1 hat 2016 Bestwerte bei Umsatz und Ergebnis erzielt. Dieses erneute Rekordjahr ist ein starker Beleg daf\u00c3\u00bcr, wie nachhaltig wir unser Wachstum vorantreiben. ProSiebenSat.1 ist der erste Medienkonzern, der Fernsehen, eigenproduzierten Content, digitales Entertainment sowie Commerce konsequent kombiniert und daraus resultierende Synergien nutzt. Daf\u00c3\u00bcr werden wir unser Portfolio weiter vernetzen und alle Vermarktungs- und Vertriebswege von TV \u00c3\u00bcber Digital bis Mobile einsetzen. Vor dem Hintergrund des erfolgreichen Gesch\u00c3\u00a4ftsjahres empfehlen wir dem Aufsichtsrat, der kommenden Hauptversammlung eine Dividende von 1,90 Euro f\u00c3\u00bcr 2016 vorzuschlagen und unsere Aktion\u00c3\u00a4re so erneut angemessen an unserem Wachstum zu beteiligen. Auch k\u00c3\u00bcnftig wollen wir ein verl\u00c3\u00a4sslicher Partner f\u00c3\u00bcr unsere Investoren sein und den Erfolgskurs von ProSiebenSat.1 fortsetzen.&#8221; Die externen Ums\u00c3\u00a4tze im Segment Broadcasting German-speaking erh\u00c3\u00b6hten sich im Gesch\u00c3\u00a4ftsjahr 2016 um 3 Prozent auf 2.210 Mio Euro (Vorjahr: 2.152 Mio Euro). H\u00c3\u00b6here TV-Werbeeinnahmen und das wachsende Distributionsgesch\u00c3\u00a4ft trugen zu der positiven Umsatzentwicklung bei. Das recurring EBITDA stieg parallel dazu um 3 Prozent auf 760 Mio Euro (Vorjahr: 734 Mio Euro). Das Segment Digital Entertainment steigerte seine externen Ums\u00c3\u00a4tze dynamisch um 19 Prozent auf 442 Mio Euro (Vorjahr: 371 Mio Euro). Dies reflektiert das hohe organische Wachstum im strategisch wichtigen Video-Gesch\u00c3\u00a4ft; demgegen\u00c3\u00bcber sind die Ums\u00c3\u00a4tze im Bereich Adjacent zur\u00c3\u00bcckgegangen. Zudem hat das zum Ende des zweiten Quartals 2016 entkonsolidierte Games-Gesch\u00c3\u00a4ft die Umsatzdynamik gebremst. Das recurring EBITDA im Segment Digital Entertainment lag 2016 mit 37 Mio Euro infolge wachstumsbedingt h\u00c3\u00b6herer Kosten auf Vorjahresniveau (Vorjahr: 37 Mio Euro). Die externen Ums\u00c3\u00a4tze im Segment Digital Ventures &amp; Commerce stiegen im Gesch\u00c3\u00a4ftsjahr 2016 deutlich auf 768 Mio Euro (Vorjahr: 465 Mio Euro). Dies entspricht einem Plus von 65 Prozent. Akquisitionen haben das Commerce-Portfolio erg\u00c3\u00a4nzt, wobei 2016 das Online-Flugreiseportal etraveli und das Preisvergleichsportal Verivox die gr\u00c3\u00b6\u00c3\u0178ten Wachstumsbeitr\u00c3\u00a4ge lieferten. Das recurring EBITDA legte um 33 Prozent auf 180 Mio Euro zu (Vorjahr: 136 Mio Euro). Im Segment Content Production &amp; Global Sales erh\u00c3\u00b6hten sich die externen Ums\u00c3\u00a4tze um 38 Prozent auf 362 Mio Euro (Vorjahr: 262 Mio Euro), gleichzeitig stieg das recurring EBITDA um 87 Prozent auf 47 Mio Euro (Vorjahr: 25 Mio Euro). Der Umsatzanstieg war sowohl akquisitionsbedingt als auch von organischem Wachstum gest\u00c3\u00bctzt. Dazu trug besonders das erfolgreiche US-Produktionsgesch\u00c3\u00a4ft bei.<\/p><div class=\"newss-content\" id=\"newss-1673385755\"><script async src=\"\/\/pagead2.googlesyndication.com\/pagead\/js\/adsbygoogle.js?client=ca-pub-7733425960004873\" crossorigin=\"anonymous\"><\/script><ins class=\"adsbygoogle\" style=\"display:block;\" data-ad-client=\"ca-pub-7733425960004873\" \ndata-ad-slot=\"2582020599\" \ndata-ad-format=\"auto\"><\/ins>\n<script> \n(adsbygoogle = window.adsbygoogle || []).push({}); \n<\/script>\n<\/div><div class=\"newss-article-1\" id=\"newss-4260066137\"><script async src=\"https:\/\/pagead2.googlesyndication.com\/pagead\/js\/adsbygoogle.js?client=ca-pub-7733425960004873\"\r\n     crossorigin=\"anonymous\"><\/script>\r\n<!-- Homepage2 -->\r\n<ins class=\"adsbygoogle\"\r\n     style=\"display:block\"\r\n     data-ad-client=\"ca-pub-7733425960004873\"\r\n     data-ad-slot=\"2582020599\"\r\n     data-ad-format=\"auto\"\r\n     data-full-width-responsive=\"true\"><\/ins>\r\n<script>\r\n     (adsbygoogle = window.adsbygoogle || []).push({});\r\n<\/script><\/div>\n","protected":false},"excerpt":{"rendered":"<p>ProSiebenSat.1 verzeichnete 2016 ein weiteres Rekordjahr und steigerte seinen Umsatz auf rund 3,8 Milliarden Euro. Der bereinigte&#8230; Mehr auf Newsslash.com!<\/p>\n","protected":false},"author":2,"featured_media":21974,"comment_status":"open","ping_status":"open","sticky":false,"template":"","format":"standard","meta":{"_et_pb_use_builder":"","_et_pb_old_content":"","_et_gb_content_width":"","footnotes":""},"class_list":["post-12386","post","type-post","status-publish","format-standard","has-post-thumbnail","hentry","category-blog"],"yoast_head":"<!-- This site is optimized with the Yoast SEO plugin v24.8.1 - https:\/\/yoast.com\/wordpress\/plugins\/seo\/ -->\n<title>ProSiebenSat.1 verzeichnet 2016 weiteres Rekordjahr - Newsslash<\/title>\n<meta name=\"robots\" content=\"noindex, follow\" \/>\n<meta property=\"og:locale\" content=\"en_US\" \/>\n<meta property=\"og:type\" content=\"article\" \/>\n<meta property=\"og:title\" content=\"ProSiebenSat.1 verzeichnet 2016 weiteres Rekordjahr - Newsslash\" \/>\n<meta property=\"og:description\" content=\"ProSiebenSat.1 verzeichnete 2016 ein weiteres Rekordjahr und steigerte seinen Umsatz auf rund 3,8 Milliarden Euro. Der bereinigte... Mehr auf Newsslash.com!\" \/>\n<meta property=\"og:url\" content=\"https:\/\/newsslash.com\/n\/9279-prosiebensat1-verzeichnet-2016-weiteres-rekordjahr\/\" \/>\n<meta property=\"og:site_name\" content=\"Newsslash\" \/>\n<meta property=\"article:published_time\" content=\"2017-02-24T14:02:00+00:00\" \/>\n<meta property=\"og:image\" content=\"https:\/\/newsslash.com\/n\/wp-content\/uploads\/2025\/04\/NewsSlash-Featured-Image.jpg\" \/>\n\t<meta property=\"og:image:width\" content=\"1280\" \/>\n\t<meta property=\"og:image:height\" content=\"854\" \/>\n\t<meta property=\"og:image:type\" content=\"image\/jpeg\" \/>\n<meta name=\"author\" content=\"Viktor Pulz\" \/>\n<meta name=\"twitter:card\" content=\"summary_large_image\" \/>\n<meta name=\"twitter:label1\" content=\"Written by\" \/>\n\t<meta name=\"twitter:data1\" content=\"Viktor Pulz\" \/>\n\t<meta name=\"twitter:label2\" content=\"Est. reading time\" \/>\n\t<meta name=\"twitter:data2\" content=\"2 minutes\" \/>\n<script type=\"application\/ld+json\" class=\"yoast-schema-graph\">{\"@context\":\"https:\/\/schema.org\",\"@graph\":[{\"@type\":\"Article\",\"@id\":\"https:\/\/newsslash.com\/n\/9279-prosiebensat1-verzeichnet-2016-weiteres-rekordjahr\/#article\",\"isPartOf\":{\"@id\":\"https:\/\/newsslash.com\/n\/9279-prosiebensat1-verzeichnet-2016-weiteres-rekordjahr\/\"},\"author\":{\"name\":\"Viktor Pulz\",\"@id\":\"https:\/\/newsslash.com\/n\/#\/schema\/person\/9710bfacfd5579c2b307825ddaad6c46\"},\"headline\":\"ProSiebenSat.1 verzeichnet 2016 weiteres Rekordjahr\",\"datePublished\":\"2017-02-24T14:02:00+00:00\",\"mainEntityOfPage\":{\"@id\":\"https:\/\/newsslash.com\/n\/9279-prosiebensat1-verzeichnet-2016-weiteres-rekordjahr\/\"},\"wordCount\":479,\"commentCount\":0,\"publisher\":{\"@id\":\"https:\/\/newsslash.com\/n\/#organization\"},\"image\":{\"@id\":\"https:\/\/newsslash.com\/n\/9279-prosiebensat1-verzeichnet-2016-weiteres-rekordjahr\/#primaryimage\"},\"thumbnailUrl\":\"https:\/\/newsslash.com\/n\/wp-content\/uploads\/2025\/04\/NewsSlash-Featured-Image.jpg\",\"articleSection\":[\"Blog\"],\"inLanguage\":\"en-US\",\"potentialAction\":[{\"@type\":\"CommentAction\",\"name\":\"Comment\",\"target\":[\"https:\/\/newsslash.com\/n\/9279-prosiebensat1-verzeichnet-2016-weiteres-rekordjahr\/#respond\"]}]},{\"@type\":\"WebPage\",\"@id\":\"https:\/\/newsslash.com\/n\/9279-prosiebensat1-verzeichnet-2016-weiteres-rekordjahr\/\",\"url\":\"https:\/\/newsslash.com\/n\/9279-prosiebensat1-verzeichnet-2016-weiteres-rekordjahr\/\",\"name\":\"ProSiebenSat.1 verzeichnet 2016 weiteres Rekordjahr - Newsslash\",\"isPartOf\":{\"@id\":\"https:\/\/newsslash.com\/n\/#website\"},\"primaryImageOfPage\":{\"@id\":\"https:\/\/newsslash.com\/n\/9279-prosiebensat1-verzeichnet-2016-weiteres-rekordjahr\/#primaryimage\"},\"image\":{\"@id\":\"https:\/\/newsslash.com\/n\/9279-prosiebensat1-verzeichnet-2016-weiteres-rekordjahr\/#primaryimage\"},\"thumbnailUrl\":\"https:\/\/newsslash.com\/n\/wp-content\/uploads\/2025\/04\/NewsSlash-Featured-Image.jpg\",\"datePublished\":\"2017-02-24T14:02:00+00:00\",\"breadcrumb\":{\"@id\":\"https:\/\/newsslash.com\/n\/9279-prosiebensat1-verzeichnet-2016-weiteres-rekordjahr\/#breadcrumb\"},\"inLanguage\":\"en-US\",\"potentialAction\":[{\"@type\":\"ReadAction\",\"target\":[\"https:\/\/newsslash.com\/n\/9279-prosiebensat1-verzeichnet-2016-weiteres-rekordjahr\/\"]}]},{\"@type\":\"ImageObject\",\"inLanguage\":\"en-US\",\"@id\":\"https:\/\/newsslash.com\/n\/9279-prosiebensat1-verzeichnet-2016-weiteres-rekordjahr\/#primaryimage\",\"url\":\"https:\/\/newsslash.com\/n\/wp-content\/uploads\/2025\/04\/NewsSlash-Featured-Image.jpg\",\"contentUrl\":\"https:\/\/newsslash.com\/n\/wp-content\/uploads\/2025\/04\/NewsSlash-Featured-Image.jpg\",\"width\":1280,\"height\":854},{\"@type\":\"BreadcrumbList\",\"@id\":\"https:\/\/newsslash.com\/n\/9279-prosiebensat1-verzeichnet-2016-weiteres-rekordjahr\/#breadcrumb\",\"itemListElement\":[{\"@type\":\"ListItem\",\"position\":1,\"name\":\"Home\",\"item\":\"https:\/\/newsslash.com\/n\/\"},{\"@type\":\"ListItem\",\"position\":2,\"name\":\"ProSiebenSat.1 verzeichnet 2016 weiteres Rekordjahr\"}]},{\"@type\":\"WebSite\",\"@id\":\"https:\/\/newsslash.com\/n\/#website\",\"url\":\"https:\/\/newsslash.com\/n\/\",\"name\":\"Newsslash\",\"description\":\"Trending News on Movies, Series, OTT, Gaming\",\"publisher\":{\"@id\":\"https:\/\/newsslash.com\/n\/#organization\"},\"potentialAction\":[{\"@type\":\"SearchAction\",\"target\":{\"@type\":\"EntryPoint\",\"urlTemplate\":\"https:\/\/newsslash.com\/n\/?s={search_term_string}\"},\"query-input\":{\"@type\":\"PropertyValueSpecification\",\"valueRequired\":true,\"valueName\":\"search_term_string\"}}],\"inLanguage\":\"en-US\"},{\"@type\":\"Organization\",\"@id\":\"https:\/\/newsslash.com\/n\/#organization\",\"name\":\"Newsslash\",\"url\":\"https:\/\/newsslash.com\/n\/\",\"logo\":{\"@type\":\"ImageObject\",\"inLanguage\":\"en-US\",\"@id\":\"https:\/\/newsslash.com\/n\/#\/schema\/logo\/image\/\",\"url\":\"https:\/\/newsslash.com\/n\/wp-content\/uploads\/2025\/04\/cropped-Newsslash-logo-Fevicon.png\",\"contentUrl\":\"https:\/\/newsslash.com\/n\/wp-content\/uploads\/2025\/04\/cropped-Newsslash-logo-Fevicon.png\",\"width\":512,\"height\":512,\"caption\":\"Newsslash\"},\"image\":{\"@id\":\"https:\/\/newsslash.com\/n\/#\/schema\/logo\/image\/\"}},{\"@type\":\"Person\",\"@id\":\"https:\/\/newsslash.com\/n\/#\/schema\/person\/9710bfacfd5579c2b307825ddaad6c46\",\"name\":\"Viktor Pulz\",\"sameAs\":[\"https:\/\/newsslash.com\"],\"url\":\"https:\/\/newsslash.com\/n\/author\/viktor_pulz\/\"}]}<\/script>\n<!-- \/ Yoast SEO plugin. -->","yoast_head_json":{"title":"ProSiebenSat.1 verzeichnet 2016 weiteres Rekordjahr - Newsslash","robots":{"index":"noindex","follow":"follow"},"og_locale":"en_US","og_type":"article","og_title":"ProSiebenSat.1 verzeichnet 2016 weiteres Rekordjahr - Newsslash","og_description":"ProSiebenSat.1 verzeichnete 2016 ein weiteres Rekordjahr und steigerte seinen Umsatz auf rund 3,8 Milliarden Euro. Der bereinigte... Mehr auf Newsslash.com!","og_url":"https:\/\/newsslash.com\/n\/9279-prosiebensat1-verzeichnet-2016-weiteres-rekordjahr\/","og_site_name":"Newsslash","article_published_time":"2017-02-24T14:02:00+00:00","og_image":[{"width":1280,"height":854,"url":"https:\/\/newsslash.com\/n\/wp-content\/uploads\/2025\/04\/NewsSlash-Featured-Image.jpg","type":"image\/jpeg"}],"author":"Viktor Pulz","twitter_card":"summary_large_image","twitter_misc":{"Written by":"Viktor Pulz","Est. reading time":"2 minutes"},"schema":{"@context":"https:\/\/schema.org","@graph":[{"@type":"Article","@id":"https:\/\/newsslash.com\/n\/9279-prosiebensat1-verzeichnet-2016-weiteres-rekordjahr\/#article","isPartOf":{"@id":"https:\/\/newsslash.com\/n\/9279-prosiebensat1-verzeichnet-2016-weiteres-rekordjahr\/"},"author":{"name":"Viktor Pulz","@id":"https:\/\/newsslash.com\/n\/#\/schema\/person\/9710bfacfd5579c2b307825ddaad6c46"},"headline":"ProSiebenSat.1 verzeichnet 2016 weiteres Rekordjahr","datePublished":"2017-02-24T14:02:00+00:00","mainEntityOfPage":{"@id":"https:\/\/newsslash.com\/n\/9279-prosiebensat1-verzeichnet-2016-weiteres-rekordjahr\/"},"wordCount":479,"commentCount":0,"publisher":{"@id":"https:\/\/newsslash.com\/n\/#organization"},"image":{"@id":"https:\/\/newsslash.com\/n\/9279-prosiebensat1-verzeichnet-2016-weiteres-rekordjahr\/#primaryimage"},"thumbnailUrl":"https:\/\/newsslash.com\/n\/wp-content\/uploads\/2025\/04\/NewsSlash-Featured-Image.jpg","articleSection":["Blog"],"inLanguage":"en-US","potentialAction":[{"@type":"CommentAction","name":"Comment","target":["https:\/\/newsslash.com\/n\/9279-prosiebensat1-verzeichnet-2016-weiteres-rekordjahr\/#respond"]}]},{"@type":"WebPage","@id":"https:\/\/newsslash.com\/n\/9279-prosiebensat1-verzeichnet-2016-weiteres-rekordjahr\/","url":"https:\/\/newsslash.com\/n\/9279-prosiebensat1-verzeichnet-2016-weiteres-rekordjahr\/","name":"ProSiebenSat.1 verzeichnet 2016 weiteres Rekordjahr - Newsslash","isPartOf":{"@id":"https:\/\/newsslash.com\/n\/#website"},"primaryImageOfPage":{"@id":"https:\/\/newsslash.com\/n\/9279-prosiebensat1-verzeichnet-2016-weiteres-rekordjahr\/#primaryimage"},"image":{"@id":"https:\/\/newsslash.com\/n\/9279-prosiebensat1-verzeichnet-2016-weiteres-rekordjahr\/#primaryimage"},"thumbnailUrl":"https:\/\/newsslash.com\/n\/wp-content\/uploads\/2025\/04\/NewsSlash-Featured-Image.jpg","datePublished":"2017-02-24T14:02:00+00:00","breadcrumb":{"@id":"https:\/\/newsslash.com\/n\/9279-prosiebensat1-verzeichnet-2016-weiteres-rekordjahr\/#breadcrumb"},"inLanguage":"en-US","potentialAction":[{"@type":"ReadAction","target":["https:\/\/newsslash.com\/n\/9279-prosiebensat1-verzeichnet-2016-weiteres-rekordjahr\/"]}]},{"@type":"ImageObject","inLanguage":"en-US","@id":"https:\/\/newsslash.com\/n\/9279-prosiebensat1-verzeichnet-2016-weiteres-rekordjahr\/#primaryimage","url":"https:\/\/newsslash.com\/n\/wp-content\/uploads\/2025\/04\/NewsSlash-Featured-Image.jpg","contentUrl":"https:\/\/newsslash.com\/n\/wp-content\/uploads\/2025\/04\/NewsSlash-Featured-Image.jpg","width":1280,"height":854},{"@type":"BreadcrumbList","@id":"https:\/\/newsslash.com\/n\/9279-prosiebensat1-verzeichnet-2016-weiteres-rekordjahr\/#breadcrumb","itemListElement":[{"@type":"ListItem","position":1,"name":"Home","item":"https:\/\/newsslash.com\/n\/"},{"@type":"ListItem","position":2,"name":"ProSiebenSat.1 verzeichnet 2016 weiteres Rekordjahr"}]},{"@type":"WebSite","@id":"https:\/\/newsslash.com\/n\/#website","url":"https:\/\/newsslash.com\/n\/","name":"Newsslash","description":"Trending News on Movies, Series, OTT, Gaming","publisher":{"@id":"https:\/\/newsslash.com\/n\/#organization"},"potentialAction":[{"@type":"SearchAction","target":{"@type":"EntryPoint","urlTemplate":"https:\/\/newsslash.com\/n\/?s={search_term_string}"},"query-input":{"@type":"PropertyValueSpecification","valueRequired":true,"valueName":"search_term_string"}}],"inLanguage":"en-US"},{"@type":"Organization","@id":"https:\/\/newsslash.com\/n\/#organization","name":"Newsslash","url":"https:\/\/newsslash.com\/n\/","logo":{"@type":"ImageObject","inLanguage":"en-US","@id":"https:\/\/newsslash.com\/n\/#\/schema\/logo\/image\/","url":"https:\/\/newsslash.com\/n\/wp-content\/uploads\/2025\/04\/cropped-Newsslash-logo-Fevicon.png","contentUrl":"https:\/\/newsslash.com\/n\/wp-content\/uploads\/2025\/04\/cropped-Newsslash-logo-Fevicon.png","width":512,"height":512,"caption":"Newsslash"},"image":{"@id":"https:\/\/newsslash.com\/n\/#\/schema\/logo\/image\/"}},{"@type":"Person","@id":"https:\/\/newsslash.com\/n\/#\/schema\/person\/9710bfacfd5579c2b307825ddaad6c46","name":"Viktor Pulz","sameAs":["https:\/\/newsslash.com"],"url":"https:\/\/newsslash.com\/n\/author\/viktor_pulz\/"}]}},"_links":{"self":[{"href":"https:\/\/newsslash.com\/n\/wp-json\/wp\/v2\/posts\/12386","targetHints":{"allow":["GET"]}}],"collection":[{"href":"https:\/\/newsslash.com\/n\/wp-json\/wp\/v2\/posts"}],"about":[{"href":"https:\/\/newsslash.com\/n\/wp-json\/wp\/v2\/types\/post"}],"author":[{"embeddable":true,"href":"https:\/\/newsslash.com\/n\/wp-json\/wp\/v2\/users\/2"}],"replies":[{"embeddable":true,"href":"https:\/\/newsslash.com\/n\/wp-json\/wp\/v2\/comments?post=12386"}],"version-history":[{"count":0,"href":"https:\/\/newsslash.com\/n\/wp-json\/wp\/v2\/posts\/12386\/revisions"}],"wp:featuredmedia":[{"embeddable":true,"href":"https:\/\/newsslash.com\/n\/wp-json\/wp\/v2\/media\/21974"}],"wp:attachment":[{"href":"https:\/\/newsslash.com\/n\/wp-json\/wp\/v2\/media?parent=12386"}],"curies":[{"name":"wp","href":"https:\/\/api.w.org\/{rel}","templated":true}]}}