{"id":12440,"date":"2017-02-28T21:05:54","date_gmt":"2017-02-28T21:05:54","guid":{"rendered":"https:\/\/newsslash.com\/n\/9321-deutsche-oscar-nominierung-toni-erdmann-bei-amazon-prime-video-verfuegbar\/"},"modified":"2017-02-28T21:05:54","modified_gmt":"2017-02-28T21:05:54","slug":"9321-deutsche-oscar-nominierung-toni-erdmann-bei-amazon-prime-video-verfuegbar","status":"publish","type":"post","link":"https:\/\/newsslash.com\/n\/9321-deutsche-oscar-nominierung-toni-erdmann-bei-amazon-prime-video-verfuegbar\/","title":{"rendered":"Deutsche OSCAR-Nominierung Toni Erdmann bei Amazon Prime &#8230;"},"content":{"rendered":"<p>Frisch von der OSCAR-Verleihung in Los Angeles direkt zu Amazon Prime Video: Der Film Toni Erdmann von Maren Ade ist der neueste Zugang in der Reihe exklusiver Filme bei Amazon Prime Video. Um Zuschauern in Deutschland und \u00c3\u2013sterreich schnell die M\u00c3\u00b6glichkeit zu geben, den Film anzusehen, hat Amazon ihn bereits jetzt verf\u00c3\u00bcgbar gemacht. Toni Erdmann ging bei den Academy Awards 2017 gestern Nacht als Nominierter in der Kategorie \u00e2\u20ac\u017eBester nicht-englischsprachiger Film\u00e2\u20ac\u0153 ins Rennen. \u00e2\u20ac\u017eFrisch von den OSCARS exklusiv zu den Amazon Prime Video-Mitgliedern\u00e2\u20ac\u0153, kommentiert Christoph Schneider, Gesch\u00c3\u00a4ftsf\u00c3\u00bchrer Amazon Video Deutschland. \u00e2\u20ac\u017eToni Erdmann besticht mit intelligentem Humor, emotionalem Feinsinn und einem unendlichen Gesp\u00c3\u00bcr f\u00c3\u00bcr das, was im Leben wirklich z\u00c3\u00a4hlt. Dieses filmische Meisterwerk ist das neueste Mitglied in unserem Angebot an erstklassigen TV-Serien und Filmen, die Prime-Mitglieder sich sofort ansehen k\u00c3\u00b6nnen.\u00e2\u20ac\u0153 Toni Erdmann war sowohl bei den gestrigen OSCARS als auch beiden Golden Globes als \u00e2\u20ac\u017eBester nicht-englischsprachiger Film\u00e2\u20ac\u0153 nominiert. Gestartet hatte der Film seinen Erfolgslauf im Wettbewerb beim Filmfestival von Cannes 2016, wo er viel Lob erhielt. Nach dem deutschen Kinostart im Juli 2016 r\u00c3\u00a4umte der Film f\u00c3\u00bcnf Preise beim Europ\u00c3\u00a4ischen Filmpreis 2016 ab, holte 26 andere Auszeichnungen und hielt sich neun Wochen auf Platz 1 in den Arthouse-Kinocharts. Toni Erdmann hat in Deutschland und \u00c3\u2013sterreich bereits mehr als 900.000 Kinozuschauer begeistert. Toni Erdmann erz\u00c3\u00a4hlt die Geschichte von Winfried (Peter Simonischek, Oktober November), einem Musiklehrer, und seiner Tochter Ines (Sandra H\u00c3\u00bcller, \u00c3\u0153ber uns das All), einer Unternehmensberaterin, die um die Welt reist, um Firmen zu optimieren. Da Winfried zu Hause nicht viel von seiner Tochter sieht, beschlie\u00c3\u0178t er, sie spontan in Rum\u00c3\u00a4nien zu besuchen und taucht in der Lobby ihrer Firma auf. Die Ann\u00c3\u00a4hrungsversuche des Vaters scheitern kl\u00c3\u00a4glich. Doch dann \u00c3\u00bcberrascht Winfried Ines mit einer radikalen Verwandlung in Toni Erdmann, sein schillerndes Alter Ego. Toni nimmt kein Blatt vor den Mund und mischt sich in Ines\u00e2\u20ac\u02dc Berufsleben ein. \u00c3\u0153berraschend l\u00c3\u00a4sst Ines sich auf sein Spiel ein, und Vater und Tochter machen eine verbl\u00c3\u00bcffende Entdeckung: Je h\u00c3\u00a4rter sie aneinander geraten, desto n\u00c3\u00a4her kommen sie sich\u00e2\u20ac\u00a6 In weiteren Rollen sind Michael Wittenborn (Stromberg \u00e2\u20ac\u201c Der Film) als Ines Gesch\u00c3\u00a4ftskontakt Henneberg und Thomas Loibl (Tatort, Polizeiruf 110) als ihr Chef Gerald zu sehen. Drehbuchautorin und Regisseurin ist Maren Ade (Alle anderen). Produziert wurde Toni Erdmann von Komplizen Film (Janine Jackowski, Maren Ade, Jonas Dornbach), in Koproduktion mit coop99 Filmproduktion, KNM und Missing Link Films.<\/p><div class=\"newss-content\" id=\"newss-1501565648\"><script async src=\"\/\/pagead2.googlesyndication.com\/pagead\/js\/adsbygoogle.js?client=ca-pub-7733425960004873\" crossorigin=\"anonymous\"><\/script><ins class=\"adsbygoogle\" style=\"display:block;\" data-ad-client=\"ca-pub-7733425960004873\" \ndata-ad-slot=\"2582020599\" \ndata-ad-format=\"auto\"><\/ins>\n<script> \n(adsbygoogle = window.adsbygoogle || []).push({}); \n<\/script>\n<\/div><div class=\"newss-article-1\" id=\"newss-3961964024\"><script async src=\"https:\/\/pagead2.googlesyndication.com\/pagead\/js\/adsbygoogle.js?client=ca-pub-7733425960004873\"\r\n     crossorigin=\"anonymous\"><\/script>\r\n<!-- Homepage2 -->\r\n<ins class=\"adsbygoogle\"\r\n     style=\"display:block\"\r\n     data-ad-client=\"ca-pub-7733425960004873\"\r\n     data-ad-slot=\"2582020599\"\r\n     data-ad-format=\"auto\"\r\n     data-full-width-responsive=\"true\"><\/ins>\r\n<script>\r\n     (adsbygoogle = window.adsbygoogle || []).push({});\r\n<\/script><\/div>\n","protected":false},"excerpt":{"rendered":"<p>Die deutsche OSCAR-Nominierung Toni Erdmann ist neueste Zugang in der Reihe hochwertiger Filme bei Amazon Prime Video und steht ab&#8230; Mehr auf Newsslash.com!<\/p>\n","protected":false},"author":2,"featured_media":21974,"comment_status":"open","ping_status":"open","sticky":false,"template":"","format":"standard","meta":{"_et_pb_use_builder":"","_et_pb_old_content":"","_et_gb_content_width":"","footnotes":""},"class_list":["post-12440","post","type-post","status-publish","format-standard","has-post-thumbnail","hentry","category-blog"],"yoast_head":"<!-- This site is optimized with the Yoast SEO plugin v24.8.1 - https:\/\/yoast.com\/wordpress\/plugins\/seo\/ -->\n<title>Deutsche OSCAR-Nominierung Toni Erdmann bei Amazon Prime ... - Newsslash<\/title>\n<meta name=\"robots\" content=\"noindex, follow\" \/>\n<meta property=\"og:locale\" content=\"en_US\" \/>\n<meta property=\"og:type\" content=\"article\" \/>\n<meta property=\"og:title\" content=\"Deutsche OSCAR-Nominierung Toni Erdmann bei Amazon Prime ... - Newsslash\" \/>\n<meta property=\"og:description\" content=\"Die deutsche OSCAR-Nominierung Toni Erdmann ist neueste Zugang in der Reihe hochwertiger Filme bei Amazon Prime Video und steht ab... Mehr auf Newsslash.com!\" \/>\n<meta property=\"og:url\" content=\"https:\/\/newsslash.com\/n\/9321-deutsche-oscar-nominierung-toni-erdmann-bei-amazon-prime-video-verfuegbar\/\" \/>\n<meta property=\"og:site_name\" content=\"Newsslash\" \/>\n<meta property=\"article:published_time\" content=\"2017-02-28T21:05:54+00:00\" \/>\n<meta property=\"og:image\" content=\"https:\/\/newsslash.com\/n\/wp-content\/uploads\/2025\/04\/NewsSlash-Featured-Image.jpg\" \/>\n\t<meta property=\"og:image:width\" content=\"1280\" \/>\n\t<meta property=\"og:image:height\" content=\"854\" \/>\n\t<meta property=\"og:image:type\" content=\"image\/jpeg\" \/>\n<meta name=\"author\" content=\"Viktor Pulz\" \/>\n<meta name=\"twitter:card\" content=\"summary_large_image\" \/>\n<meta name=\"twitter:label1\" content=\"Written by\" \/>\n\t<meta name=\"twitter:data1\" content=\"Viktor Pulz\" \/>\n\t<meta name=\"twitter:label2\" content=\"Est. reading time\" \/>\n\t<meta name=\"twitter:data2\" content=\"2 minutes\" \/>\n<script type=\"application\/ld+json\" class=\"yoast-schema-graph\">{\"@context\":\"https:\/\/schema.org\",\"@graph\":[{\"@type\":\"Article\",\"@id\":\"https:\/\/newsslash.com\/n\/9321-deutsche-oscar-nominierung-toni-erdmann-bei-amazon-prime-video-verfuegbar\/#article\",\"isPartOf\":{\"@id\":\"https:\/\/newsslash.com\/n\/9321-deutsche-oscar-nominierung-toni-erdmann-bei-amazon-prime-video-verfuegbar\/\"},\"author\":{\"name\":\"Viktor Pulz\",\"@id\":\"https:\/\/newsslash.com\/n\/#\/schema\/person\/9710bfacfd5579c2b307825ddaad6c46\"},\"headline\":\"Deutsche OSCAR-Nominierung Toni Erdmann bei Amazon Prime &#8230;\",\"datePublished\":\"2017-02-28T21:05:54+00:00\",\"mainEntityOfPage\":{\"@id\":\"https:\/\/newsslash.com\/n\/9321-deutsche-oscar-nominierung-toni-erdmann-bei-amazon-prime-video-verfuegbar\/\"},\"wordCount\":410,\"commentCount\":0,\"publisher\":{\"@id\":\"https:\/\/newsslash.com\/n\/#organization\"},\"image\":{\"@id\":\"https:\/\/newsslash.com\/n\/9321-deutsche-oscar-nominierung-toni-erdmann-bei-amazon-prime-video-verfuegbar\/#primaryimage\"},\"thumbnailUrl\":\"https:\/\/newsslash.com\/n\/wp-content\/uploads\/2025\/04\/NewsSlash-Featured-Image.jpg\",\"articleSection\":[\"Blog\"],\"inLanguage\":\"en-US\",\"potentialAction\":[{\"@type\":\"CommentAction\",\"name\":\"Comment\",\"target\":[\"https:\/\/newsslash.com\/n\/9321-deutsche-oscar-nominierung-toni-erdmann-bei-amazon-prime-video-verfuegbar\/#respond\"]}]},{\"@type\":\"WebPage\",\"@id\":\"https:\/\/newsslash.com\/n\/9321-deutsche-oscar-nominierung-toni-erdmann-bei-amazon-prime-video-verfuegbar\/\",\"url\":\"https:\/\/newsslash.com\/n\/9321-deutsche-oscar-nominierung-toni-erdmann-bei-amazon-prime-video-verfuegbar\/\",\"name\":\"Deutsche OSCAR-Nominierung Toni Erdmann bei Amazon Prime ... - Newsslash\",\"isPartOf\":{\"@id\":\"https:\/\/newsslash.com\/n\/#website\"},\"primaryImageOfPage\":{\"@id\":\"https:\/\/newsslash.com\/n\/9321-deutsche-oscar-nominierung-toni-erdmann-bei-amazon-prime-video-verfuegbar\/#primaryimage\"},\"image\":{\"@id\":\"https:\/\/newsslash.com\/n\/9321-deutsche-oscar-nominierung-toni-erdmann-bei-amazon-prime-video-verfuegbar\/#primaryimage\"},\"thumbnailUrl\":\"https:\/\/newsslash.com\/n\/wp-content\/uploads\/2025\/04\/NewsSlash-Featured-Image.jpg\",\"datePublished\":\"2017-02-28T21:05:54+00:00\",\"breadcrumb\":{\"@id\":\"https:\/\/newsslash.com\/n\/9321-deutsche-oscar-nominierung-toni-erdmann-bei-amazon-prime-video-verfuegbar\/#breadcrumb\"},\"inLanguage\":\"en-US\",\"potentialAction\":[{\"@type\":\"ReadAction\",\"target\":[\"https:\/\/newsslash.com\/n\/9321-deutsche-oscar-nominierung-toni-erdmann-bei-amazon-prime-video-verfuegbar\/\"]}]},{\"@type\":\"ImageObject\",\"inLanguage\":\"en-US\",\"@id\":\"https:\/\/newsslash.com\/n\/9321-deutsche-oscar-nominierung-toni-erdmann-bei-amazon-prime-video-verfuegbar\/#primaryimage\",\"url\":\"https:\/\/newsslash.com\/n\/wp-content\/uploads\/2025\/04\/NewsSlash-Featured-Image.jpg\",\"contentUrl\":\"https:\/\/newsslash.com\/n\/wp-content\/uploads\/2025\/04\/NewsSlash-Featured-Image.jpg\",\"width\":1280,\"height\":854},{\"@type\":\"BreadcrumbList\",\"@id\":\"https:\/\/newsslash.com\/n\/9321-deutsche-oscar-nominierung-toni-erdmann-bei-amazon-prime-video-verfuegbar\/#breadcrumb\",\"itemListElement\":[{\"@type\":\"ListItem\",\"position\":1,\"name\":\"Home\",\"item\":\"https:\/\/newsslash.com\/n\/\"},{\"@type\":\"ListItem\",\"position\":2,\"name\":\"Deutsche OSCAR-Nominierung Toni Erdmann bei Amazon Prime &#8230;\"}]},{\"@type\":\"WebSite\",\"@id\":\"https:\/\/newsslash.com\/n\/#website\",\"url\":\"https:\/\/newsslash.com\/n\/\",\"name\":\"Newsslash\",\"description\":\"Trending News on Movies, Series, OTT, Gaming\",\"publisher\":{\"@id\":\"https:\/\/newsslash.com\/n\/#organization\"},\"potentialAction\":[{\"@type\":\"SearchAction\",\"target\":{\"@type\":\"EntryPoint\",\"urlTemplate\":\"https:\/\/newsslash.com\/n\/?s={search_term_string}\"},\"query-input\":{\"@type\":\"PropertyValueSpecification\",\"valueRequired\":true,\"valueName\":\"search_term_string\"}}],\"inLanguage\":\"en-US\"},{\"@type\":\"Organization\",\"@id\":\"https:\/\/newsslash.com\/n\/#organization\",\"name\":\"Newsslash\",\"url\":\"https:\/\/newsslash.com\/n\/\",\"logo\":{\"@type\":\"ImageObject\",\"inLanguage\":\"en-US\",\"@id\":\"https:\/\/newsslash.com\/n\/#\/schema\/logo\/image\/\",\"url\":\"https:\/\/newsslash.com\/n\/wp-content\/uploads\/2025\/04\/cropped-Newsslash-logo-Fevicon.png\",\"contentUrl\":\"https:\/\/newsslash.com\/n\/wp-content\/uploads\/2025\/04\/cropped-Newsslash-logo-Fevicon.png\",\"width\":512,\"height\":512,\"caption\":\"Newsslash\"},\"image\":{\"@id\":\"https:\/\/newsslash.com\/n\/#\/schema\/logo\/image\/\"}},{\"@type\":\"Person\",\"@id\":\"https:\/\/newsslash.com\/n\/#\/schema\/person\/9710bfacfd5579c2b307825ddaad6c46\",\"name\":\"Viktor Pulz\",\"sameAs\":[\"https:\/\/newsslash.com\"],\"url\":\"https:\/\/newsslash.com\/n\/author\/viktor_pulz\/\"}]}<\/script>\n<!-- \/ Yoast SEO plugin. -->","yoast_head_json":{"title":"Deutsche OSCAR-Nominierung Toni Erdmann bei Amazon Prime ... - Newsslash","robots":{"index":"noindex","follow":"follow"},"og_locale":"en_US","og_type":"article","og_title":"Deutsche OSCAR-Nominierung Toni Erdmann bei Amazon Prime ... - Newsslash","og_description":"Die deutsche OSCAR-Nominierung Toni Erdmann ist neueste Zugang in der Reihe hochwertiger Filme bei Amazon Prime Video und steht ab... Mehr auf Newsslash.com!","og_url":"https:\/\/newsslash.com\/n\/9321-deutsche-oscar-nominierung-toni-erdmann-bei-amazon-prime-video-verfuegbar\/","og_site_name":"Newsslash","article_published_time":"2017-02-28T21:05:54+00:00","og_image":[{"width":1280,"height":854,"url":"https:\/\/newsslash.com\/n\/wp-content\/uploads\/2025\/04\/NewsSlash-Featured-Image.jpg","type":"image\/jpeg"}],"author":"Viktor Pulz","twitter_card":"summary_large_image","twitter_misc":{"Written by":"Viktor Pulz","Est. reading time":"2 minutes"},"schema":{"@context":"https:\/\/schema.org","@graph":[{"@type":"Article","@id":"https:\/\/newsslash.com\/n\/9321-deutsche-oscar-nominierung-toni-erdmann-bei-amazon-prime-video-verfuegbar\/#article","isPartOf":{"@id":"https:\/\/newsslash.com\/n\/9321-deutsche-oscar-nominierung-toni-erdmann-bei-amazon-prime-video-verfuegbar\/"},"author":{"name":"Viktor Pulz","@id":"https:\/\/newsslash.com\/n\/#\/schema\/person\/9710bfacfd5579c2b307825ddaad6c46"},"headline":"Deutsche OSCAR-Nominierung Toni Erdmann bei Amazon Prime &#8230;","datePublished":"2017-02-28T21:05:54+00:00","mainEntityOfPage":{"@id":"https:\/\/newsslash.com\/n\/9321-deutsche-oscar-nominierung-toni-erdmann-bei-amazon-prime-video-verfuegbar\/"},"wordCount":410,"commentCount":0,"publisher":{"@id":"https:\/\/newsslash.com\/n\/#organization"},"image":{"@id":"https:\/\/newsslash.com\/n\/9321-deutsche-oscar-nominierung-toni-erdmann-bei-amazon-prime-video-verfuegbar\/#primaryimage"},"thumbnailUrl":"https:\/\/newsslash.com\/n\/wp-content\/uploads\/2025\/04\/NewsSlash-Featured-Image.jpg","articleSection":["Blog"],"inLanguage":"en-US","potentialAction":[{"@type":"CommentAction","name":"Comment","target":["https:\/\/newsslash.com\/n\/9321-deutsche-oscar-nominierung-toni-erdmann-bei-amazon-prime-video-verfuegbar\/#respond"]}]},{"@type":"WebPage","@id":"https:\/\/newsslash.com\/n\/9321-deutsche-oscar-nominierung-toni-erdmann-bei-amazon-prime-video-verfuegbar\/","url":"https:\/\/newsslash.com\/n\/9321-deutsche-oscar-nominierung-toni-erdmann-bei-amazon-prime-video-verfuegbar\/","name":"Deutsche OSCAR-Nominierung Toni Erdmann bei Amazon Prime ... - Newsslash","isPartOf":{"@id":"https:\/\/newsslash.com\/n\/#website"},"primaryImageOfPage":{"@id":"https:\/\/newsslash.com\/n\/9321-deutsche-oscar-nominierung-toni-erdmann-bei-amazon-prime-video-verfuegbar\/#primaryimage"},"image":{"@id":"https:\/\/newsslash.com\/n\/9321-deutsche-oscar-nominierung-toni-erdmann-bei-amazon-prime-video-verfuegbar\/#primaryimage"},"thumbnailUrl":"https:\/\/newsslash.com\/n\/wp-content\/uploads\/2025\/04\/NewsSlash-Featured-Image.jpg","datePublished":"2017-02-28T21:05:54+00:00","breadcrumb":{"@id":"https:\/\/newsslash.com\/n\/9321-deutsche-oscar-nominierung-toni-erdmann-bei-amazon-prime-video-verfuegbar\/#breadcrumb"},"inLanguage":"en-US","potentialAction":[{"@type":"ReadAction","target":["https:\/\/newsslash.com\/n\/9321-deutsche-oscar-nominierung-toni-erdmann-bei-amazon-prime-video-verfuegbar\/"]}]},{"@type":"ImageObject","inLanguage":"en-US","@id":"https:\/\/newsslash.com\/n\/9321-deutsche-oscar-nominierung-toni-erdmann-bei-amazon-prime-video-verfuegbar\/#primaryimage","url":"https:\/\/newsslash.com\/n\/wp-content\/uploads\/2025\/04\/NewsSlash-Featured-Image.jpg","contentUrl":"https:\/\/newsslash.com\/n\/wp-content\/uploads\/2025\/04\/NewsSlash-Featured-Image.jpg","width":1280,"height":854},{"@type":"BreadcrumbList","@id":"https:\/\/newsslash.com\/n\/9321-deutsche-oscar-nominierung-toni-erdmann-bei-amazon-prime-video-verfuegbar\/#breadcrumb","itemListElement":[{"@type":"ListItem","position":1,"name":"Home","item":"https:\/\/newsslash.com\/n\/"},{"@type":"ListItem","position":2,"name":"Deutsche OSCAR-Nominierung Toni Erdmann bei Amazon Prime &#8230;"}]},{"@type":"WebSite","@id":"https:\/\/newsslash.com\/n\/#website","url":"https:\/\/newsslash.com\/n\/","name":"Newsslash","description":"Trending News on Movies, Series, OTT, Gaming","publisher":{"@id":"https:\/\/newsslash.com\/n\/#organization"},"potentialAction":[{"@type":"SearchAction","target":{"@type":"EntryPoint","urlTemplate":"https:\/\/newsslash.com\/n\/?s={search_term_string}"},"query-input":{"@type":"PropertyValueSpecification","valueRequired":true,"valueName":"search_term_string"}}],"inLanguage":"en-US"},{"@type":"Organization","@id":"https:\/\/newsslash.com\/n\/#organization","name":"Newsslash","url":"https:\/\/newsslash.com\/n\/","logo":{"@type":"ImageObject","inLanguage":"en-US","@id":"https:\/\/newsslash.com\/n\/#\/schema\/logo\/image\/","url":"https:\/\/newsslash.com\/n\/wp-content\/uploads\/2025\/04\/cropped-Newsslash-logo-Fevicon.png","contentUrl":"https:\/\/newsslash.com\/n\/wp-content\/uploads\/2025\/04\/cropped-Newsslash-logo-Fevicon.png","width":512,"height":512,"caption":"Newsslash"},"image":{"@id":"https:\/\/newsslash.com\/n\/#\/schema\/logo\/image\/"}},{"@type":"Person","@id":"https:\/\/newsslash.com\/n\/#\/schema\/person\/9710bfacfd5579c2b307825ddaad6c46","name":"Viktor Pulz","sameAs":["https:\/\/newsslash.com"],"url":"https:\/\/newsslash.com\/n\/author\/viktor_pulz\/"}]}},"_links":{"self":[{"href":"https:\/\/newsslash.com\/n\/wp-json\/wp\/v2\/posts\/12440","targetHints":{"allow":["GET"]}}],"collection":[{"href":"https:\/\/newsslash.com\/n\/wp-json\/wp\/v2\/posts"}],"about":[{"href":"https:\/\/newsslash.com\/n\/wp-json\/wp\/v2\/types\/post"}],"author":[{"embeddable":true,"href":"https:\/\/newsslash.com\/n\/wp-json\/wp\/v2\/users\/2"}],"replies":[{"embeddable":true,"href":"https:\/\/newsslash.com\/n\/wp-json\/wp\/v2\/comments?post=12440"}],"version-history":[{"count":0,"href":"https:\/\/newsslash.com\/n\/wp-json\/wp\/v2\/posts\/12440\/revisions"}],"wp:featuredmedia":[{"embeddable":true,"href":"https:\/\/newsslash.com\/n\/wp-json\/wp\/v2\/media\/21974"}],"wp:attachment":[{"href":"https:\/\/newsslash.com\/n\/wp-json\/wp\/v2\/media?parent=12440"}],"curies":[{"name":"wp","href":"https:\/\/api.w.org\/{rel}","templated":true}]}}