{"id":12443,"date":"2017-03-01T23:36:00","date_gmt":"2017-03-01T23:36:00","guid":{"rendered":"https:\/\/newsslash.com\/n\/9324-teaser-zu-erster-deutscher-netflix-serie-dark-online\/"},"modified":"2017-03-01T23:36:00","modified_gmt":"2017-03-01T23:36:00","slug":"9324-teaser-zu-erster-deutscher-netflix-serie-dark-online","status":"publish","type":"post","link":"https:\/\/newsslash.com\/n\/9324-teaser-zu-erster-deutscher-netflix-serie-dark-online\/","title":{"rendered":"Teaser zu erster deutscher Netflix-Serie DARK online!"},"content":{"rendered":"<p>Im Rahmen der \u00e2\u20ac\u017eNetflix See What\u00e2\u20ac\u2122s Next\u00e2\u20ac\u0153-Tradeshow am heutigen Mittwoch pr\u00c3\u00a4sentierten die CEOs von Netflix, Reed Hastings und Ted Sarandos, zusammen mit den Showrunnern Baran bo Odar und Jantje Friese sowie den Produzenten Quirin Berg, Justyna M\u00c3\u00bcsch und Max Wiedemann den ersten Teaser zu Dark. Die erste deutsche Netflix Original-Serien-Produktion ist eine 10-teilige Mystery-Serie mit globaler Anziehungskraft, die weltweit in 190 L\u00c3\u00a4ndern starten wird. Dabei setzt Dark laut Netflix neue erz\u00c3\u00a4hlerische Ma\u00c3\u0178st\u00c3\u00a4be: Ein packendes und visuell \u00c3\u00bcberw\u00c3\u00a4ltigendes Drama ist eingebettet in eine faszinierende generationen\u00c3\u00bcbergreifende Familiensaga. Regisseur Baran bo Odar und Drehbuchautorin Jantje Friese, das Kreativduo hinter dem deutschen Kinoerfolg Who Am I, \u00c3\u00bcber Dark und ihre Zusammenarbeit mit Netflix: \u00e2\u20ac\u017eDas war tats\u00c3\u00a4chlich ein Traum. Das Vertrauen, dass in uns und unsere Vision gelegt wurde war enorm. Und die Zusammenarbeit war von Anfang an ein toller und immer zielf\u00c3\u00bchrender Austausch. In Deutschland bekommt man oft gesagt: das ist aber ein wenig \u00c3\u00bcberambitioniert. Bei Netflix hie\u00c3\u0178 es, wow, das ist ja ambitioniert. Wir lieben es.\u00e2\u20ac\u009d Produziert wird Dark von Wiedemann und Berg, mehrfach ausgezeichnet f\u00c3\u00bcr erstklassige deutsche Kino- und TV-Produktionen (u.a. Willkommen bei den Hartmanns, Who Am I, Das Leben der Anderen, Mitten in Deutschland: NSU, 4 Blocks). Quirin Berg \u00c3\u00bcber die Produktion: \u00e2\u20ac\u017eNetflix hat eine neue \u00c3\u201era des Fernsehens eingel\u00c3\u00a4utet und es ist f\u00c3\u00bcr uns nat\u00c3\u00bcrlich eine gro\u00c3\u0178e Chance als Produzenten Pioniere dieser globalen Ver\u00c3\u00a4nderung in Deutschland sein zu k\u00c3\u00b6nnen. Und wir freuen uns sehr wieder mit Jantje und Bo zu arbeiten, zwei herausragenden kreativen K\u00c3\u00b6pfen. Ihre Idee, Ihre Vision zu Dark begeistert mich enorm und ich bin davon \u00c3\u00bcberzeugt, dass auch die Zuschauer in aller Welt davon fasziniert sein werden.\u00e2\u20ac\u009d Zum Cast z\u00c3\u00a4hlen: Deutsche Shootings-Stars wie Louis Hofmann und Lisa Vicari treffen auf renommierte Charakterdarsteller wie Oliver Masucci, J\u00c3\u00b6rdis Triebel, Maja Sch\u00c3\u00b6ne, Karoline Eichhorn, Sebastian Rudolph, Anatole Taubman, Mark Waschke, Stephan Kampwirth, Anne Ratte-Polle, Andreas Pietschmann, Angela Winkler, Michael Mendl u.v.a. <iframe loading=\"lazy\" allowfullscreen=\"\" frameborder=\"0\" height=\"315\" src=\"https:\/\/www.youtube-nocookie.com\/embed\/M4GIS5WoIIw\" width=\"100%\"><\/iframe><\/p><div class=\"newss-content\" id=\"newss-2190412651\"><script async src=\"\/\/pagead2.googlesyndication.com\/pagead\/js\/adsbygoogle.js?client=ca-pub-7733425960004873\" crossorigin=\"anonymous\"><\/script><ins class=\"adsbygoogle\" style=\"display:block;\" data-ad-client=\"ca-pub-7733425960004873\" \ndata-ad-slot=\"2582020599\" \ndata-ad-format=\"auto\"><\/ins>\n<script> \n(adsbygoogle = window.adsbygoogle || []).push({}); \n<\/script>\n<\/div><div class=\"newss-article-1\" id=\"newss-3236127826\"><script async src=\"https:\/\/pagead2.googlesyndication.com\/pagead\/js\/adsbygoogle.js?client=ca-pub-7733425960004873\"\r\n     crossorigin=\"anonymous\"><\/script>\r\n<!-- Homepage2 -->\r\n<ins class=\"adsbygoogle\"\r\n     style=\"display:block\"\r\n     data-ad-client=\"ca-pub-7733425960004873\"\r\n     data-ad-slot=\"2582020599\"\r\n     data-ad-format=\"auto\"\r\n     data-full-width-responsive=\"true\"><\/ins>\r\n<script>\r\n     (adsbygoogle = window.adsbygoogle || []).push({});\r\n<\/script><\/div>\n","protected":false},"excerpt":{"rendered":"<p>Netflix hat einen ersten Teaser zur kommenden Serie Dark ver\u00c3\u00b6ffentlicht. Bei Dark handelt es sich zudem um die erste deutsche&#8230; Mehr auf Newsslash.com!<\/p>\n","protected":false},"author":2,"featured_media":12404,"comment_status":"open","ping_status":"open","sticky":false,"template":"","format":"standard","meta":{"_et_pb_use_builder":"","_et_pb_old_content":"","_et_gb_content_width":"","footnotes":""},"class_list":["post-12443","post","type-post","status-publish","format-standard","has-post-thumbnail","hentry","category-blog"],"yoast_head":"<!-- This site is optimized with the Yoast SEO plugin v24.8.1 - https:\/\/yoast.com\/wordpress\/plugins\/seo\/ -->\n<title>Teaser zu erster deutscher Netflix-Serie DARK online! - Newsslash<\/title>\n<meta name=\"robots\" content=\"noindex, follow\" \/>\n<meta property=\"og:locale\" content=\"en_US\" \/>\n<meta property=\"og:type\" content=\"article\" \/>\n<meta property=\"og:title\" content=\"Teaser zu erster deutscher Netflix-Serie DARK online! - Newsslash\" \/>\n<meta property=\"og:description\" content=\"Netflix hat einen ersten Teaser zur kommenden Serie Dark ver\u00c3\u00b6ffentlicht. Bei Dark handelt es sich zudem um die erste deutsche... Mehr auf Newsslash.com!\" \/>\n<meta property=\"og:url\" content=\"https:\/\/newsslash.com\/n\/9324-teaser-zu-erster-deutscher-netflix-serie-dark-online\/\" \/>\n<meta property=\"og:site_name\" content=\"Newsslash\" \/>\n<meta property=\"article:published_time\" content=\"2017-03-01T23:36:00+00:00\" \/>\n<meta property=\"og:image\" content=\"https:\/\/newsslash.com\/n\/wp-content\/uploads\/2025\/04\/teaser_img_9324.jpg\" \/>\n\t<meta property=\"og:image:width\" content=\"617\" \/>\n\t<meta property=\"og:image:height\" content=\"349\" \/>\n\t<meta property=\"og:image:type\" content=\"image\/jpeg\" \/>\n<meta name=\"author\" content=\"Viktor Pulz\" \/>\n<meta name=\"twitter:card\" content=\"summary_large_image\" \/>\n<meta name=\"twitter:label1\" content=\"Written by\" \/>\n\t<meta name=\"twitter:data1\" content=\"Viktor Pulz\" \/>\n\t<meta name=\"twitter:label2\" content=\"Est. reading time\" \/>\n\t<meta name=\"twitter:data2\" content=\"2 minutes\" \/>\n<script type=\"application\/ld+json\" class=\"yoast-schema-graph\">{\"@context\":\"https:\/\/schema.org\",\"@graph\":[{\"@type\":\"Article\",\"@id\":\"https:\/\/newsslash.com\/n\/9324-teaser-zu-erster-deutscher-netflix-serie-dark-online\/#article\",\"isPartOf\":{\"@id\":\"https:\/\/newsslash.com\/n\/9324-teaser-zu-erster-deutscher-netflix-serie-dark-online\/\"},\"author\":{\"name\":\"Viktor Pulz\",\"@id\":\"https:\/\/newsslash.com\/n\/#\/schema\/person\/9710bfacfd5579c2b307825ddaad6c46\"},\"headline\":\"Teaser zu erster deutscher Netflix-Serie DARK online!\",\"datePublished\":\"2017-03-01T23:36:00+00:00\",\"mainEntityOfPage\":{\"@id\":\"https:\/\/newsslash.com\/n\/9324-teaser-zu-erster-deutscher-netflix-serie-dark-online\/\"},\"wordCount\":342,\"commentCount\":0,\"publisher\":{\"@id\":\"https:\/\/newsslash.com\/n\/#organization\"},\"image\":{\"@id\":\"https:\/\/newsslash.com\/n\/9324-teaser-zu-erster-deutscher-netflix-serie-dark-online\/#primaryimage\"},\"thumbnailUrl\":\"https:\/\/newsslash.com\/n\/wp-content\/uploads\/2025\/04\/teaser_img_9324.jpg\",\"articleSection\":[\"Blog\"],\"inLanguage\":\"en-US\",\"potentialAction\":[{\"@type\":\"CommentAction\",\"name\":\"Comment\",\"target\":[\"https:\/\/newsslash.com\/n\/9324-teaser-zu-erster-deutscher-netflix-serie-dark-online\/#respond\"]}]},{\"@type\":\"WebPage\",\"@id\":\"https:\/\/newsslash.com\/n\/9324-teaser-zu-erster-deutscher-netflix-serie-dark-online\/\",\"url\":\"https:\/\/newsslash.com\/n\/9324-teaser-zu-erster-deutscher-netflix-serie-dark-online\/\",\"name\":\"Teaser zu erster deutscher Netflix-Serie DARK online! - Newsslash\",\"isPartOf\":{\"@id\":\"https:\/\/newsslash.com\/n\/#website\"},\"primaryImageOfPage\":{\"@id\":\"https:\/\/newsslash.com\/n\/9324-teaser-zu-erster-deutscher-netflix-serie-dark-online\/#primaryimage\"},\"image\":{\"@id\":\"https:\/\/newsslash.com\/n\/9324-teaser-zu-erster-deutscher-netflix-serie-dark-online\/#primaryimage\"},\"thumbnailUrl\":\"https:\/\/newsslash.com\/n\/wp-content\/uploads\/2025\/04\/teaser_img_9324.jpg\",\"datePublished\":\"2017-03-01T23:36:00+00:00\",\"breadcrumb\":{\"@id\":\"https:\/\/newsslash.com\/n\/9324-teaser-zu-erster-deutscher-netflix-serie-dark-online\/#breadcrumb\"},\"inLanguage\":\"en-US\",\"potentialAction\":[{\"@type\":\"ReadAction\",\"target\":[\"https:\/\/newsslash.com\/n\/9324-teaser-zu-erster-deutscher-netflix-serie-dark-online\/\"]}]},{\"@type\":\"ImageObject\",\"inLanguage\":\"en-US\",\"@id\":\"https:\/\/newsslash.com\/n\/9324-teaser-zu-erster-deutscher-netflix-serie-dark-online\/#primaryimage\",\"url\":\"https:\/\/newsslash.com\/n\/wp-content\/uploads\/2025\/04\/teaser_img_9324.jpg\",\"contentUrl\":\"https:\/\/newsslash.com\/n\/wp-content\/uploads\/2025\/04\/teaser_img_9324.jpg\",\"width\":617,\"height\":349},{\"@type\":\"BreadcrumbList\",\"@id\":\"https:\/\/newsslash.com\/n\/9324-teaser-zu-erster-deutscher-netflix-serie-dark-online\/#breadcrumb\",\"itemListElement\":[{\"@type\":\"ListItem\",\"position\":1,\"name\":\"Home\",\"item\":\"https:\/\/newsslash.com\/n\/\"},{\"@type\":\"ListItem\",\"position\":2,\"name\":\"Teaser zu erster deutscher Netflix-Serie DARK online!\"}]},{\"@type\":\"WebSite\",\"@id\":\"https:\/\/newsslash.com\/n\/#website\",\"url\":\"https:\/\/newsslash.com\/n\/\",\"name\":\"Newsslash\",\"description\":\"Trending News on Movies, Series, OTT, Gaming\",\"publisher\":{\"@id\":\"https:\/\/newsslash.com\/n\/#organization\"},\"potentialAction\":[{\"@type\":\"SearchAction\",\"target\":{\"@type\":\"EntryPoint\",\"urlTemplate\":\"https:\/\/newsslash.com\/n\/?s={search_term_string}\"},\"query-input\":{\"@type\":\"PropertyValueSpecification\",\"valueRequired\":true,\"valueName\":\"search_term_string\"}}],\"inLanguage\":\"en-US\"},{\"@type\":\"Organization\",\"@id\":\"https:\/\/newsslash.com\/n\/#organization\",\"name\":\"Newsslash\",\"url\":\"https:\/\/newsslash.com\/n\/\",\"logo\":{\"@type\":\"ImageObject\",\"inLanguage\":\"en-US\",\"@id\":\"https:\/\/newsslash.com\/n\/#\/schema\/logo\/image\/\",\"url\":\"https:\/\/newsslash.com\/n\/wp-content\/uploads\/2025\/04\/cropped-Newsslash-logo-Fevicon.png\",\"contentUrl\":\"https:\/\/newsslash.com\/n\/wp-content\/uploads\/2025\/04\/cropped-Newsslash-logo-Fevicon.png\",\"width\":512,\"height\":512,\"caption\":\"Newsslash\"},\"image\":{\"@id\":\"https:\/\/newsslash.com\/n\/#\/schema\/logo\/image\/\"}},{\"@type\":\"Person\",\"@id\":\"https:\/\/newsslash.com\/n\/#\/schema\/person\/9710bfacfd5579c2b307825ddaad6c46\",\"name\":\"Viktor Pulz\",\"sameAs\":[\"https:\/\/newsslash.com\"],\"url\":\"https:\/\/newsslash.com\/n\/author\/viktor_pulz\/\"}]}<\/script>\n<!-- \/ Yoast SEO plugin. -->","yoast_head_json":{"title":"Teaser zu erster deutscher Netflix-Serie DARK online! - Newsslash","robots":{"index":"noindex","follow":"follow"},"og_locale":"en_US","og_type":"article","og_title":"Teaser zu erster deutscher Netflix-Serie DARK online! - Newsslash","og_description":"Netflix hat einen ersten Teaser zur kommenden Serie Dark ver\u00c3\u00b6ffentlicht. Bei Dark handelt es sich zudem um die erste deutsche... Mehr auf Newsslash.com!","og_url":"https:\/\/newsslash.com\/n\/9324-teaser-zu-erster-deutscher-netflix-serie-dark-online\/","og_site_name":"Newsslash","article_published_time":"2017-03-01T23:36:00+00:00","og_image":[{"width":617,"height":349,"url":"https:\/\/newsslash.com\/n\/wp-content\/uploads\/2025\/04\/teaser_img_9324.jpg","type":"image\/jpeg"}],"author":"Viktor Pulz","twitter_card":"summary_large_image","twitter_misc":{"Written by":"Viktor Pulz","Est. reading time":"2 minutes"},"schema":{"@context":"https:\/\/schema.org","@graph":[{"@type":"Article","@id":"https:\/\/newsslash.com\/n\/9324-teaser-zu-erster-deutscher-netflix-serie-dark-online\/#article","isPartOf":{"@id":"https:\/\/newsslash.com\/n\/9324-teaser-zu-erster-deutscher-netflix-serie-dark-online\/"},"author":{"name":"Viktor Pulz","@id":"https:\/\/newsslash.com\/n\/#\/schema\/person\/9710bfacfd5579c2b307825ddaad6c46"},"headline":"Teaser zu erster deutscher Netflix-Serie DARK online!","datePublished":"2017-03-01T23:36:00+00:00","mainEntityOfPage":{"@id":"https:\/\/newsslash.com\/n\/9324-teaser-zu-erster-deutscher-netflix-serie-dark-online\/"},"wordCount":342,"commentCount":0,"publisher":{"@id":"https:\/\/newsslash.com\/n\/#organization"},"image":{"@id":"https:\/\/newsslash.com\/n\/9324-teaser-zu-erster-deutscher-netflix-serie-dark-online\/#primaryimage"},"thumbnailUrl":"https:\/\/newsslash.com\/n\/wp-content\/uploads\/2025\/04\/teaser_img_9324.jpg","articleSection":["Blog"],"inLanguage":"en-US","potentialAction":[{"@type":"CommentAction","name":"Comment","target":["https:\/\/newsslash.com\/n\/9324-teaser-zu-erster-deutscher-netflix-serie-dark-online\/#respond"]}]},{"@type":"WebPage","@id":"https:\/\/newsslash.com\/n\/9324-teaser-zu-erster-deutscher-netflix-serie-dark-online\/","url":"https:\/\/newsslash.com\/n\/9324-teaser-zu-erster-deutscher-netflix-serie-dark-online\/","name":"Teaser zu erster deutscher Netflix-Serie DARK online! - Newsslash","isPartOf":{"@id":"https:\/\/newsslash.com\/n\/#website"},"primaryImageOfPage":{"@id":"https:\/\/newsslash.com\/n\/9324-teaser-zu-erster-deutscher-netflix-serie-dark-online\/#primaryimage"},"image":{"@id":"https:\/\/newsslash.com\/n\/9324-teaser-zu-erster-deutscher-netflix-serie-dark-online\/#primaryimage"},"thumbnailUrl":"https:\/\/newsslash.com\/n\/wp-content\/uploads\/2025\/04\/teaser_img_9324.jpg","datePublished":"2017-03-01T23:36:00+00:00","breadcrumb":{"@id":"https:\/\/newsslash.com\/n\/9324-teaser-zu-erster-deutscher-netflix-serie-dark-online\/#breadcrumb"},"inLanguage":"en-US","potentialAction":[{"@type":"ReadAction","target":["https:\/\/newsslash.com\/n\/9324-teaser-zu-erster-deutscher-netflix-serie-dark-online\/"]}]},{"@type":"ImageObject","inLanguage":"en-US","@id":"https:\/\/newsslash.com\/n\/9324-teaser-zu-erster-deutscher-netflix-serie-dark-online\/#primaryimage","url":"https:\/\/newsslash.com\/n\/wp-content\/uploads\/2025\/04\/teaser_img_9324.jpg","contentUrl":"https:\/\/newsslash.com\/n\/wp-content\/uploads\/2025\/04\/teaser_img_9324.jpg","width":617,"height":349},{"@type":"BreadcrumbList","@id":"https:\/\/newsslash.com\/n\/9324-teaser-zu-erster-deutscher-netflix-serie-dark-online\/#breadcrumb","itemListElement":[{"@type":"ListItem","position":1,"name":"Home","item":"https:\/\/newsslash.com\/n\/"},{"@type":"ListItem","position":2,"name":"Teaser zu erster deutscher Netflix-Serie DARK online!"}]},{"@type":"WebSite","@id":"https:\/\/newsslash.com\/n\/#website","url":"https:\/\/newsslash.com\/n\/","name":"Newsslash","description":"Trending News on Movies, Series, OTT, Gaming","publisher":{"@id":"https:\/\/newsslash.com\/n\/#organization"},"potentialAction":[{"@type":"SearchAction","target":{"@type":"EntryPoint","urlTemplate":"https:\/\/newsslash.com\/n\/?s={search_term_string}"},"query-input":{"@type":"PropertyValueSpecification","valueRequired":true,"valueName":"search_term_string"}}],"inLanguage":"en-US"},{"@type":"Organization","@id":"https:\/\/newsslash.com\/n\/#organization","name":"Newsslash","url":"https:\/\/newsslash.com\/n\/","logo":{"@type":"ImageObject","inLanguage":"en-US","@id":"https:\/\/newsslash.com\/n\/#\/schema\/logo\/image\/","url":"https:\/\/newsslash.com\/n\/wp-content\/uploads\/2025\/04\/cropped-Newsslash-logo-Fevicon.png","contentUrl":"https:\/\/newsslash.com\/n\/wp-content\/uploads\/2025\/04\/cropped-Newsslash-logo-Fevicon.png","width":512,"height":512,"caption":"Newsslash"},"image":{"@id":"https:\/\/newsslash.com\/n\/#\/schema\/logo\/image\/"}},{"@type":"Person","@id":"https:\/\/newsslash.com\/n\/#\/schema\/person\/9710bfacfd5579c2b307825ddaad6c46","name":"Viktor Pulz","sameAs":["https:\/\/newsslash.com"],"url":"https:\/\/newsslash.com\/n\/author\/viktor_pulz\/"}]}},"_links":{"self":[{"href":"https:\/\/newsslash.com\/n\/wp-json\/wp\/v2\/posts\/12443","targetHints":{"allow":["GET"]}}],"collection":[{"href":"https:\/\/newsslash.com\/n\/wp-json\/wp\/v2\/posts"}],"about":[{"href":"https:\/\/newsslash.com\/n\/wp-json\/wp\/v2\/types\/post"}],"author":[{"embeddable":true,"href":"https:\/\/newsslash.com\/n\/wp-json\/wp\/v2\/users\/2"}],"replies":[{"embeddable":true,"href":"https:\/\/newsslash.com\/n\/wp-json\/wp\/v2\/comments?post=12443"}],"version-history":[{"count":0,"href":"https:\/\/newsslash.com\/n\/wp-json\/wp\/v2\/posts\/12443\/revisions"}],"wp:featuredmedia":[{"embeddable":true,"href":"https:\/\/newsslash.com\/n\/wp-json\/wp\/v2\/media\/12404"}],"wp:attachment":[{"href":"https:\/\/newsslash.com\/n\/wp-json\/wp\/v2\/media?parent=12443"}],"curies":[{"name":"wp","href":"https:\/\/api.w.org\/{rel}","templated":true}]}}