{"id":12512,"date":"2017-03-09T19:23:55","date_gmt":"2017-03-09T19:23:55","guid":{"rendered":"https:\/\/newsslash.com\/n\/9381-axel-springer-positioniert-sicht-als-europas-fuerhrender-digitalverlag\/"},"modified":"2017-03-09T19:23:55","modified_gmt":"2017-03-09T19:23:55","slug":"9381-axel-springer-positioniert-sicht-als-europas-fuerhrender-digitalverlag","status":"publish","type":"post","link":"https:\/\/newsslash.com\/n\/9381-axel-springer-positioniert-sicht-als-europas-fuerhrender-digitalverlag\/","title":{"rendered":"Axel Springer positioniert sich als Europas f\u00c3\u00bchrender Di&#8230;"},"content":{"rendered":"<p>Axel Springer hat seine Konzernziele im Gesch\u00c3\u00a4ftsjahr 2016 erfolgreich erreicht. Mit Investitionen in das organische Wachstum der digitalen Gesch\u00c3\u00a4ftsmodelle und erg\u00c3\u00a4nzenden Akquisitionen baute der Konzern seine Position als Europas f\u00c3\u00bchrender digitaler Verlag weiter aus. Die digitalen Aktivit\u00c3\u00a4ten gewannen dabei weiter an Gewicht: Im Berichtsjahr erwirtschafteten sie 67,4 Prozent des Konzernumsatzes, 84,8 Prozent der Werbeerl\u00c3\u00b6se und 72,5 Prozent des Konzern-EBITDA. Konsolidierungs- und w\u00c3\u00a4hrungsbereinigt stiegen die Umsatzerl\u00c3\u00b6se der digitalen Medien um 10,7 Prozent. Durch das organische Wachstum der digitalen Gesch\u00c3\u00a4ftsmodelle legte der Konzernumsatz konsolidierungs- und w\u00c3\u00a4hrungsbereinigt um 4,1 Prozent zu. Der berichtete Konzernumsatz lag 2016 trotz erheblicher Entkonsolidierungseffekte stabil auf Vorjahresniveau. Das EBITDA erreichte mit einem Plus von 6,5 Prozent das obere Ende der Prognose. Dr. Mathias D\u00c3\u00b6pfner, Vorstandsvorsitzender der Axel Springer SE: \u00e2\u20ac\u017eIn einem erfolgreichen Jahr 2016 haben wir weiter in Wachstum investiert und unsere Position als Europas f\u00c3\u00bchrender Digitalverlag weiter ausgebaut. Diese Strategie zahlt sich aus: Axel Springer verf\u00c3\u00bcgt heute \u00c3\u00bcber das weltweit umsatzst\u00c3\u00a4rkste Rubrikenportfolio mit einer gro\u00c3\u0178en Zahl marktf\u00c3\u00bchrender Angebote. Gleichzeitig sehen wir in einer sich rapide ver\u00c3\u00a4ndernden Welt hohen Bedarf an Orientierung und Verl\u00c3\u00a4sslichkeit, die nur starke Medienmarken bieten k\u00c3\u00b6nnen. In diesem Jahr wollen wir die Potenziale unserer Aktivit\u00c3\u00a4ten noch besser aussch\u00c3\u00b6pfen und den Fokus auf weitere Ertragssteigerungen richten.\u00e2\u20ac\u0153 Dar\u00c3\u00bcber hinaus trieb das Unternehmen das Wachstum der Rubrikenangebote voran und st\u00c3\u00a4rkte die Position der Bezahlangebote. Axel Springer investierte im abgelaufenen Gesch\u00c3\u00a4ftsjahr wie angek\u00c3\u00bcndigt in die Weiterentwicklung seiner digitalen Wachstumsprojekte BUSINESS INSIDER und UPDAY sowie in die weitere Expansion der US-Aktivit\u00c3\u00a4ten der Bonial-Gruppe. Im Gesch\u00c3\u00a4ftsjahr 2017 zielt Axel Springer vorrangig auf eine weitere St\u00c3\u00a4rkung der Ertragskraft. Das Unternehmen wird sich daher in erster Linie darauf konzentrieren, die Potenziale der neu erworbenen und bestehenden Gesch\u00c3\u00a4fte optimal zu nutzen und Synergien zu heben. Axel Springer erreichte mit EUR 3.290,2 Mio. Konzernumsatzerl\u00c3\u00b6se auf Vorjahresniveau (EUR 3.294,9 Mio.) und erf\u00c3\u00bcllte damit seine Umsatzprognose. Die Entwicklung war vor allem von Entkonsolidierungseffekten gepr\u00c3\u00a4gt, unter anderem aus der Einbringung der Schweizer Aktivit\u00c3\u00a4ten in die Ringier Axel Springer Schweiz AG. Um Konsolidierungs- und W\u00c3\u00a4hrungseffekte bereinigt legte der Konzernumsatz um 4,1 Prozent zu. Das Unternehmen steigerte das EBITDA um 6,5 Prozent auf EUR 595,5 Mio. (Vj.: EUR 559,0 Mio.). Damit erreichte es das obere Ende der Prognose f\u00c3\u00bcr das Gesamtjahr. Die EBITDA-Rendite verbesserte sich auf hohem Niveau von 17,0 Prozent auf 18,1 Prozent. Umsatz- und ertragsseitig profitierte Axel Springer erneut insbesondere von dem kr\u00c3\u00a4ftigen Wachstum der Rubrikenangebote. Der Konzern\u00c3\u00bcberschuss erh\u00c3\u00b6hte sich im abgelaufenen Berichtsjahr um 47,7 Prozent auf EUR 450,0 Mio. (Vj.: EUR 304,6 Mio.).<\/p><div class=\"newss-content\" id=\"newss-2068487188\"><script async src=\"\/\/pagead2.googlesyndication.com\/pagead\/js\/adsbygoogle.js?client=ca-pub-7733425960004873\" crossorigin=\"anonymous\"><\/script><ins class=\"adsbygoogle\" style=\"display:block;\" data-ad-client=\"ca-pub-7733425960004873\" \ndata-ad-slot=\"2582020599\" \ndata-ad-format=\"auto\"><\/ins>\n<script> \n(adsbygoogle = window.adsbygoogle || []).push({}); \n<\/script>\n<\/div><div class=\"newss-article-1\" id=\"newss-1994497967\"><script async src=\"https:\/\/pagead2.googlesyndication.com\/pagead\/js\/adsbygoogle.js?client=ca-pub-7733425960004873\"\r\n     crossorigin=\"anonymous\"><\/script>\r\n<!-- Homepage2 -->\r\n<ins class=\"adsbygoogle\"\r\n     style=\"display:block\"\r\n     data-ad-client=\"ca-pub-7733425960004873\"\r\n     data-ad-slot=\"2582020599\"\r\n     data-ad-format=\"auto\"\r\n     data-full-width-responsive=\"true\"><\/ins>\r\n<script>\r\n     (adsbygoogle = window.adsbygoogle || []).push({});\r\n<\/script><\/div>\n","protected":false},"excerpt":{"rendered":"<p>Axel Springer hat seine Konzernziele im Gesch\u00c3\u00a4ftsjahr 2016 erfolgreich erreicht und konnte seinen Umsatz organisch um 4,1 Prozent&#8230; Mehr auf Newsslash.com!<\/p>\n","protected":false},"author":2,"featured_media":21974,"comment_status":"open","ping_status":"open","sticky":false,"template":"","format":"standard","meta":{"_et_pb_use_builder":"","_et_pb_old_content":"","_et_gb_content_width":"","footnotes":""},"class_list":["post-12512","post","type-post","status-publish","format-standard","has-post-thumbnail","hentry","category-blog"],"yoast_head":"<!-- This site is optimized with the Yoast SEO plugin v24.8.1 - https:\/\/yoast.com\/wordpress\/plugins\/seo\/ -->\n<title>Axel Springer positioniert sich als Europas f\u00c3\u00bchrender Di... - Newsslash<\/title>\n<meta name=\"robots\" content=\"noindex, follow\" \/>\n<meta property=\"og:locale\" content=\"en_US\" \/>\n<meta property=\"og:type\" content=\"article\" \/>\n<meta property=\"og:title\" content=\"Axel Springer positioniert sich als Europas f\u00c3\u00bchrender Di... - Newsslash\" \/>\n<meta property=\"og:description\" content=\"Axel Springer hat seine Konzernziele im Gesch\u00c3\u00a4ftsjahr 2016 erfolgreich erreicht und konnte seinen Umsatz organisch um 4,1 Prozent... Mehr auf Newsslash.com!\" \/>\n<meta property=\"og:url\" content=\"https:\/\/newsslash.com\/n\/9381-axel-springer-positioniert-sicht-als-europas-fuerhrender-digitalverlag\/\" \/>\n<meta property=\"og:site_name\" content=\"Newsslash\" \/>\n<meta property=\"article:published_time\" content=\"2017-03-09T19:23:55+00:00\" \/>\n<meta property=\"og:image\" content=\"https:\/\/newsslash.com\/n\/wp-content\/uploads\/2025\/04\/NewsSlash-Featured-Image.jpg\" \/>\n\t<meta property=\"og:image:width\" content=\"1280\" \/>\n\t<meta property=\"og:image:height\" content=\"854\" \/>\n\t<meta property=\"og:image:type\" content=\"image\/jpeg\" \/>\n<meta name=\"author\" content=\"Viktor Pulz\" \/>\n<meta name=\"twitter:card\" content=\"summary_large_image\" \/>\n<meta name=\"twitter:label1\" content=\"Written by\" \/>\n\t<meta name=\"twitter:data1\" content=\"Viktor Pulz\" \/>\n\t<meta name=\"twitter:label2\" content=\"Est. reading time\" \/>\n\t<meta name=\"twitter:data2\" content=\"2 minutes\" \/>\n<script type=\"application\/ld+json\" class=\"yoast-schema-graph\">{\"@context\":\"https:\/\/schema.org\",\"@graph\":[{\"@type\":\"Article\",\"@id\":\"https:\/\/newsslash.com\/n\/9381-axel-springer-positioniert-sicht-als-europas-fuerhrender-digitalverlag\/#article\",\"isPartOf\":{\"@id\":\"https:\/\/newsslash.com\/n\/9381-axel-springer-positioniert-sicht-als-europas-fuerhrender-digitalverlag\/\"},\"author\":{\"name\":\"Viktor Pulz\",\"@id\":\"https:\/\/newsslash.com\/n\/#\/schema\/person\/9710bfacfd5579c2b307825ddaad6c46\"},\"headline\":\"Axel Springer positioniert sich als Europas f\u00c3\u00bchrender Di&#8230;\",\"datePublished\":\"2017-03-09T19:23:55+00:00\",\"mainEntityOfPage\":{\"@id\":\"https:\/\/newsslash.com\/n\/9381-axel-springer-positioniert-sicht-als-europas-fuerhrender-digitalverlag\/\"},\"wordCount\":433,\"commentCount\":0,\"publisher\":{\"@id\":\"https:\/\/newsslash.com\/n\/#organization\"},\"image\":{\"@id\":\"https:\/\/newsslash.com\/n\/9381-axel-springer-positioniert-sicht-als-europas-fuerhrender-digitalverlag\/#primaryimage\"},\"thumbnailUrl\":\"https:\/\/newsslash.com\/n\/wp-content\/uploads\/2025\/04\/NewsSlash-Featured-Image.jpg\",\"articleSection\":[\"Blog\"],\"inLanguage\":\"en-US\",\"potentialAction\":[{\"@type\":\"CommentAction\",\"name\":\"Comment\",\"target\":[\"https:\/\/newsslash.com\/n\/9381-axel-springer-positioniert-sicht-als-europas-fuerhrender-digitalverlag\/#respond\"]}]},{\"@type\":\"WebPage\",\"@id\":\"https:\/\/newsslash.com\/n\/9381-axel-springer-positioniert-sicht-als-europas-fuerhrender-digitalverlag\/\",\"url\":\"https:\/\/newsslash.com\/n\/9381-axel-springer-positioniert-sicht-als-europas-fuerhrender-digitalverlag\/\",\"name\":\"Axel Springer positioniert sich als Europas f\u00c3\u00bchrender Di... - Newsslash\",\"isPartOf\":{\"@id\":\"https:\/\/newsslash.com\/n\/#website\"},\"primaryImageOfPage\":{\"@id\":\"https:\/\/newsslash.com\/n\/9381-axel-springer-positioniert-sicht-als-europas-fuerhrender-digitalverlag\/#primaryimage\"},\"image\":{\"@id\":\"https:\/\/newsslash.com\/n\/9381-axel-springer-positioniert-sicht-als-europas-fuerhrender-digitalverlag\/#primaryimage\"},\"thumbnailUrl\":\"https:\/\/newsslash.com\/n\/wp-content\/uploads\/2025\/04\/NewsSlash-Featured-Image.jpg\",\"datePublished\":\"2017-03-09T19:23:55+00:00\",\"breadcrumb\":{\"@id\":\"https:\/\/newsslash.com\/n\/9381-axel-springer-positioniert-sicht-als-europas-fuerhrender-digitalverlag\/#breadcrumb\"},\"inLanguage\":\"en-US\",\"potentialAction\":[{\"@type\":\"ReadAction\",\"target\":[\"https:\/\/newsslash.com\/n\/9381-axel-springer-positioniert-sicht-als-europas-fuerhrender-digitalverlag\/\"]}]},{\"@type\":\"ImageObject\",\"inLanguage\":\"en-US\",\"@id\":\"https:\/\/newsslash.com\/n\/9381-axel-springer-positioniert-sicht-als-europas-fuerhrender-digitalverlag\/#primaryimage\",\"url\":\"https:\/\/newsslash.com\/n\/wp-content\/uploads\/2025\/04\/NewsSlash-Featured-Image.jpg\",\"contentUrl\":\"https:\/\/newsslash.com\/n\/wp-content\/uploads\/2025\/04\/NewsSlash-Featured-Image.jpg\",\"width\":1280,\"height\":854},{\"@type\":\"BreadcrumbList\",\"@id\":\"https:\/\/newsslash.com\/n\/9381-axel-springer-positioniert-sicht-als-europas-fuerhrender-digitalverlag\/#breadcrumb\",\"itemListElement\":[{\"@type\":\"ListItem\",\"position\":1,\"name\":\"Home\",\"item\":\"https:\/\/newsslash.com\/n\/\"},{\"@type\":\"ListItem\",\"position\":2,\"name\":\"Axel Springer positioniert sich als Europas f\u00c3\u00bchrender Di&#8230;\"}]},{\"@type\":\"WebSite\",\"@id\":\"https:\/\/newsslash.com\/n\/#website\",\"url\":\"https:\/\/newsslash.com\/n\/\",\"name\":\"Newsslash\",\"description\":\"Trending News on Movies, Series, OTT, Gaming\",\"publisher\":{\"@id\":\"https:\/\/newsslash.com\/n\/#organization\"},\"potentialAction\":[{\"@type\":\"SearchAction\",\"target\":{\"@type\":\"EntryPoint\",\"urlTemplate\":\"https:\/\/newsslash.com\/n\/?s={search_term_string}\"},\"query-input\":{\"@type\":\"PropertyValueSpecification\",\"valueRequired\":true,\"valueName\":\"search_term_string\"}}],\"inLanguage\":\"en-US\"},{\"@type\":\"Organization\",\"@id\":\"https:\/\/newsslash.com\/n\/#organization\",\"name\":\"Newsslash\",\"url\":\"https:\/\/newsslash.com\/n\/\",\"logo\":{\"@type\":\"ImageObject\",\"inLanguage\":\"en-US\",\"@id\":\"https:\/\/newsslash.com\/n\/#\/schema\/logo\/image\/\",\"url\":\"https:\/\/newsslash.com\/n\/wp-content\/uploads\/2025\/04\/cropped-Newsslash-logo-Fevicon.png\",\"contentUrl\":\"https:\/\/newsslash.com\/n\/wp-content\/uploads\/2025\/04\/cropped-Newsslash-logo-Fevicon.png\",\"width\":512,\"height\":512,\"caption\":\"Newsslash\"},\"image\":{\"@id\":\"https:\/\/newsslash.com\/n\/#\/schema\/logo\/image\/\"}},{\"@type\":\"Person\",\"@id\":\"https:\/\/newsslash.com\/n\/#\/schema\/person\/9710bfacfd5579c2b307825ddaad6c46\",\"name\":\"Viktor Pulz\",\"sameAs\":[\"https:\/\/newsslash.com\"],\"url\":\"https:\/\/newsslash.com\/n\/author\/viktor_pulz\/\"}]}<\/script>\n<!-- \/ Yoast SEO plugin. -->","yoast_head_json":{"title":"Axel Springer positioniert sich als Europas f\u00c3\u00bchrender Di... - Newsslash","robots":{"index":"noindex","follow":"follow"},"og_locale":"en_US","og_type":"article","og_title":"Axel Springer positioniert sich als Europas f\u00c3\u00bchrender Di... - Newsslash","og_description":"Axel Springer hat seine Konzernziele im Gesch\u00c3\u00a4ftsjahr 2016 erfolgreich erreicht und konnte seinen Umsatz organisch um 4,1 Prozent... Mehr auf Newsslash.com!","og_url":"https:\/\/newsslash.com\/n\/9381-axel-springer-positioniert-sicht-als-europas-fuerhrender-digitalverlag\/","og_site_name":"Newsslash","article_published_time":"2017-03-09T19:23:55+00:00","og_image":[{"width":1280,"height":854,"url":"https:\/\/newsslash.com\/n\/wp-content\/uploads\/2025\/04\/NewsSlash-Featured-Image.jpg","type":"image\/jpeg"}],"author":"Viktor Pulz","twitter_card":"summary_large_image","twitter_misc":{"Written by":"Viktor Pulz","Est. reading time":"2 minutes"},"schema":{"@context":"https:\/\/schema.org","@graph":[{"@type":"Article","@id":"https:\/\/newsslash.com\/n\/9381-axel-springer-positioniert-sicht-als-europas-fuerhrender-digitalverlag\/#article","isPartOf":{"@id":"https:\/\/newsslash.com\/n\/9381-axel-springer-positioniert-sicht-als-europas-fuerhrender-digitalverlag\/"},"author":{"name":"Viktor Pulz","@id":"https:\/\/newsslash.com\/n\/#\/schema\/person\/9710bfacfd5579c2b307825ddaad6c46"},"headline":"Axel Springer positioniert sich als Europas f\u00c3\u00bchrender Di&#8230;","datePublished":"2017-03-09T19:23:55+00:00","mainEntityOfPage":{"@id":"https:\/\/newsslash.com\/n\/9381-axel-springer-positioniert-sicht-als-europas-fuerhrender-digitalverlag\/"},"wordCount":433,"commentCount":0,"publisher":{"@id":"https:\/\/newsslash.com\/n\/#organization"},"image":{"@id":"https:\/\/newsslash.com\/n\/9381-axel-springer-positioniert-sicht-als-europas-fuerhrender-digitalverlag\/#primaryimage"},"thumbnailUrl":"https:\/\/newsslash.com\/n\/wp-content\/uploads\/2025\/04\/NewsSlash-Featured-Image.jpg","articleSection":["Blog"],"inLanguage":"en-US","potentialAction":[{"@type":"CommentAction","name":"Comment","target":["https:\/\/newsslash.com\/n\/9381-axel-springer-positioniert-sicht-als-europas-fuerhrender-digitalverlag\/#respond"]}]},{"@type":"WebPage","@id":"https:\/\/newsslash.com\/n\/9381-axel-springer-positioniert-sicht-als-europas-fuerhrender-digitalverlag\/","url":"https:\/\/newsslash.com\/n\/9381-axel-springer-positioniert-sicht-als-europas-fuerhrender-digitalverlag\/","name":"Axel Springer positioniert sich als Europas f\u00c3\u00bchrender Di... - Newsslash","isPartOf":{"@id":"https:\/\/newsslash.com\/n\/#website"},"primaryImageOfPage":{"@id":"https:\/\/newsslash.com\/n\/9381-axel-springer-positioniert-sicht-als-europas-fuerhrender-digitalverlag\/#primaryimage"},"image":{"@id":"https:\/\/newsslash.com\/n\/9381-axel-springer-positioniert-sicht-als-europas-fuerhrender-digitalverlag\/#primaryimage"},"thumbnailUrl":"https:\/\/newsslash.com\/n\/wp-content\/uploads\/2025\/04\/NewsSlash-Featured-Image.jpg","datePublished":"2017-03-09T19:23:55+00:00","breadcrumb":{"@id":"https:\/\/newsslash.com\/n\/9381-axel-springer-positioniert-sicht-als-europas-fuerhrender-digitalverlag\/#breadcrumb"},"inLanguage":"en-US","potentialAction":[{"@type":"ReadAction","target":["https:\/\/newsslash.com\/n\/9381-axel-springer-positioniert-sicht-als-europas-fuerhrender-digitalverlag\/"]}]},{"@type":"ImageObject","inLanguage":"en-US","@id":"https:\/\/newsslash.com\/n\/9381-axel-springer-positioniert-sicht-als-europas-fuerhrender-digitalverlag\/#primaryimage","url":"https:\/\/newsslash.com\/n\/wp-content\/uploads\/2025\/04\/NewsSlash-Featured-Image.jpg","contentUrl":"https:\/\/newsslash.com\/n\/wp-content\/uploads\/2025\/04\/NewsSlash-Featured-Image.jpg","width":1280,"height":854},{"@type":"BreadcrumbList","@id":"https:\/\/newsslash.com\/n\/9381-axel-springer-positioniert-sicht-als-europas-fuerhrender-digitalverlag\/#breadcrumb","itemListElement":[{"@type":"ListItem","position":1,"name":"Home","item":"https:\/\/newsslash.com\/n\/"},{"@type":"ListItem","position":2,"name":"Axel Springer positioniert sich als Europas f\u00c3\u00bchrender Di&#8230;"}]},{"@type":"WebSite","@id":"https:\/\/newsslash.com\/n\/#website","url":"https:\/\/newsslash.com\/n\/","name":"Newsslash","description":"Trending News on Movies, Series, OTT, Gaming","publisher":{"@id":"https:\/\/newsslash.com\/n\/#organization"},"potentialAction":[{"@type":"SearchAction","target":{"@type":"EntryPoint","urlTemplate":"https:\/\/newsslash.com\/n\/?s={search_term_string}"},"query-input":{"@type":"PropertyValueSpecification","valueRequired":true,"valueName":"search_term_string"}}],"inLanguage":"en-US"},{"@type":"Organization","@id":"https:\/\/newsslash.com\/n\/#organization","name":"Newsslash","url":"https:\/\/newsslash.com\/n\/","logo":{"@type":"ImageObject","inLanguage":"en-US","@id":"https:\/\/newsslash.com\/n\/#\/schema\/logo\/image\/","url":"https:\/\/newsslash.com\/n\/wp-content\/uploads\/2025\/04\/cropped-Newsslash-logo-Fevicon.png","contentUrl":"https:\/\/newsslash.com\/n\/wp-content\/uploads\/2025\/04\/cropped-Newsslash-logo-Fevicon.png","width":512,"height":512,"caption":"Newsslash"},"image":{"@id":"https:\/\/newsslash.com\/n\/#\/schema\/logo\/image\/"}},{"@type":"Person","@id":"https:\/\/newsslash.com\/n\/#\/schema\/person\/9710bfacfd5579c2b307825ddaad6c46","name":"Viktor Pulz","sameAs":["https:\/\/newsslash.com"],"url":"https:\/\/newsslash.com\/n\/author\/viktor_pulz\/"}]}},"_links":{"self":[{"href":"https:\/\/newsslash.com\/n\/wp-json\/wp\/v2\/posts\/12512","targetHints":{"allow":["GET"]}}],"collection":[{"href":"https:\/\/newsslash.com\/n\/wp-json\/wp\/v2\/posts"}],"about":[{"href":"https:\/\/newsslash.com\/n\/wp-json\/wp\/v2\/types\/post"}],"author":[{"embeddable":true,"href":"https:\/\/newsslash.com\/n\/wp-json\/wp\/v2\/users\/2"}],"replies":[{"embeddable":true,"href":"https:\/\/newsslash.com\/n\/wp-json\/wp\/v2\/comments?post=12512"}],"version-history":[{"count":0,"href":"https:\/\/newsslash.com\/n\/wp-json\/wp\/v2\/posts\/12512\/revisions"}],"wp:featuredmedia":[{"embeddable":true,"href":"https:\/\/newsslash.com\/n\/wp-json\/wp\/v2\/media\/21974"}],"wp:attachment":[{"href":"https:\/\/newsslash.com\/n\/wp-json\/wp\/v2\/media?parent=12512"}],"curies":[{"name":"wp","href":"https:\/\/api.w.org\/{rel}","templated":true}]}}