{"id":12518,"date":"2017-03-10T18:39:58","date_gmt":"2017-03-10T18:39:58","guid":{"rendered":"https:\/\/newsslash.com\/n\/9387-teen-wolf-staffel-6-teil-1-nun-auf-amazon-prime\/"},"modified":"2017-03-10T18:39:58","modified_gmt":"2017-03-10T18:39:58","slug":"9387-teen-wolf-staffel-6-teil-1-nun-auf-amazon-prime","status":"publish","type":"post","link":"https:\/\/newsslash.com\/n\/9387-teen-wolf-staffel-6-teil-1-nun-auf-amazon-prime\/","title":{"rendered":"Teen Wolf: Staffel 6 Teil 1 nun auf Amazon Prime"},"content":{"rendered":"<p>Das gro\u00c3\u0178e Finale in Beacon Hill r\u00c3\u00bcckt n\u00c3\u00a4her! Nach dem gro\u00c3\u0178en Erfolg der f\u00c3\u00bcnften Staffel feiert am 10. M\u00c3\u00a4rz der erste Teil der finalen sechsten Staffel von Teen Wolf exklusiv Premiere bei Amazon Prime Video. Fans in Deutschland und \u00c3\u2013sterreich genie\u00c3\u0178en die ersten zehn Episoden in deutscher Synchronfassung oder englischer Originalversion. In Staffel sechs stehen Scott (Tyler Posey) und seine Freunde Feinden gegen\u00c3\u00bcber, die durch ihre besonderen Kr\u00c3\u00a4fte alles ver\u00c3\u00a4ndern \u00e2\u20ac\u201c die Ghost Rider. Sie jagen sowohl die Lebenden als auch die Toten und haben die F\u00c3\u00a4higkeit, den Menschen die Erinnerungen zu rauben. Es scheint, als w\u00c3\u00a4re Stiles (Dylan O\u00e2\u20ac\u2122Brien) ihr n\u00c3\u00a4chstes Ziel. Das letzte gro\u00c3\u0178e Abenteuer startet mit einer \u00c3\u0153berraschung f\u00c3\u00bcr Teen Wolf-Fans: Peter (Ian Bohen) kehrt aus der Psychiatrie zur\u00c3\u00bcck und ger\u00c3\u00a4t prompt ins Visier der Ghost Rider&#8230;<\/p><div class=\"newss-content\" id=\"newss-3570686886\"><script async src=\"\/\/pagead2.googlesyndication.com\/pagead\/js\/adsbygoogle.js?client=ca-pub-7733425960004873\" crossorigin=\"anonymous\"><\/script><ins class=\"adsbygoogle\" style=\"display:block;\" data-ad-client=\"ca-pub-7733425960004873\" \ndata-ad-slot=\"2582020599\" \ndata-ad-format=\"auto\"><\/ins>\n<script> \n(adsbygoogle = window.adsbygoogle || []).push({}); \n<\/script>\n<\/div><div class=\"newss-article-1\" id=\"newss-2644167901\"><script async src=\"https:\/\/pagead2.googlesyndication.com\/pagead\/js\/adsbygoogle.js?client=ca-pub-7733425960004873\"\r\n     crossorigin=\"anonymous\"><\/script>\r\n<!-- Homepage2 -->\r\n<ins class=\"adsbygoogle\"\r\n     style=\"display:block\"\r\n     data-ad-client=\"ca-pub-7733425960004873\"\r\n     data-ad-slot=\"2582020599\"\r\n     data-ad-format=\"auto\"\r\n     data-full-width-responsive=\"true\"><\/ins>\r\n<script>\r\n     (adsbygoogle = window.adsbygoogle || []).push({});\r\n<\/script><\/div>\n","protected":false},"excerpt":{"rendered":"<p>Amazon hat den ersten Teil der finalen sechsten Staffel von Teen Wolf ver\u00c3\u00b6ffentlicht. Die ersten 10 Episoden stehen ab jetzt in&#8230; Mehr auf Newsslash.com!<\/p>\n","protected":false},"author":2,"featured_media":12470,"comment_status":"open","ping_status":"open","sticky":false,"template":"","format":"standard","meta":{"_et_pb_use_builder":"","_et_pb_old_content":"","_et_gb_content_width":"","footnotes":""},"class_list":["post-12518","post","type-post","status-publish","format-standard","has-post-thumbnail","hentry","category-blog"],"yoast_head":"<!-- This site is optimized with the Yoast SEO plugin v24.8.1 - https:\/\/yoast.com\/wordpress\/plugins\/seo\/ -->\n<title>Teen Wolf: Staffel 6 Teil 1 nun auf Amazon Prime - Newsslash<\/title>\n<meta name=\"robots\" content=\"noindex, follow\" \/>\n<meta property=\"og:locale\" content=\"en_US\" \/>\n<meta property=\"og:type\" content=\"article\" \/>\n<meta property=\"og:title\" content=\"Teen Wolf: Staffel 6 Teil 1 nun auf Amazon Prime - Newsslash\" \/>\n<meta property=\"og:description\" content=\"Amazon hat den ersten Teil der finalen sechsten Staffel von Teen Wolf ver\u00c3\u00b6ffentlicht. Die ersten 10 Episoden stehen ab jetzt in... Mehr auf Newsslash.com!\" \/>\n<meta property=\"og:url\" content=\"https:\/\/newsslash.com\/n\/9387-teen-wolf-staffel-6-teil-1-nun-auf-amazon-prime\/\" \/>\n<meta property=\"og:site_name\" content=\"Newsslash\" \/>\n<meta property=\"article:published_time\" content=\"2017-03-10T18:39:58+00:00\" \/>\n<meta property=\"og:image\" content=\"https:\/\/newsslash.com\/n\/wp-content\/uploads\/2025\/04\/teaser_img_9387.jpg\" \/>\n\t<meta property=\"og:image:width\" content=\"617\" \/>\n\t<meta property=\"og:image:height\" content=\"349\" \/>\n\t<meta property=\"og:image:type\" content=\"image\/jpeg\" \/>\n<meta name=\"author\" content=\"Viktor Pulz\" \/>\n<meta name=\"twitter:card\" content=\"summary_large_image\" \/>\n<meta name=\"twitter:label1\" content=\"Written by\" \/>\n\t<meta name=\"twitter:data1\" content=\"Viktor Pulz\" \/>\n\t<meta name=\"twitter:label2\" content=\"Est. reading time\" \/>\n\t<meta name=\"twitter:data2\" content=\"1 minute\" \/>\n<script type=\"application\/ld+json\" class=\"yoast-schema-graph\">{\"@context\":\"https:\/\/schema.org\",\"@graph\":[{\"@type\":\"Article\",\"@id\":\"https:\/\/newsslash.com\/n\/9387-teen-wolf-staffel-6-teil-1-nun-auf-amazon-prime\/#article\",\"isPartOf\":{\"@id\":\"https:\/\/newsslash.com\/n\/9387-teen-wolf-staffel-6-teil-1-nun-auf-amazon-prime\/\"},\"author\":{\"name\":\"Viktor Pulz\",\"@id\":\"https:\/\/newsslash.com\/n\/#\/schema\/person\/9710bfacfd5579c2b307825ddaad6c46\"},\"headline\":\"Teen Wolf: Staffel 6 Teil 1 nun auf Amazon Prime\",\"datePublished\":\"2017-03-10T18:39:58+00:00\",\"mainEntityOfPage\":{\"@id\":\"https:\/\/newsslash.com\/n\/9387-teen-wolf-staffel-6-teil-1-nun-auf-amazon-prime\/\"},\"wordCount\":154,\"commentCount\":0,\"publisher\":{\"@id\":\"https:\/\/newsslash.com\/n\/#organization\"},\"image\":{\"@id\":\"https:\/\/newsslash.com\/n\/9387-teen-wolf-staffel-6-teil-1-nun-auf-amazon-prime\/#primaryimage\"},\"thumbnailUrl\":\"https:\/\/newsslash.com\/n\/wp-content\/uploads\/2025\/04\/teaser_img_9387.jpg\",\"articleSection\":[\"Blog\"],\"inLanguage\":\"en-US\",\"potentialAction\":[{\"@type\":\"CommentAction\",\"name\":\"Comment\",\"target\":[\"https:\/\/newsslash.com\/n\/9387-teen-wolf-staffel-6-teil-1-nun-auf-amazon-prime\/#respond\"]}]},{\"@type\":\"WebPage\",\"@id\":\"https:\/\/newsslash.com\/n\/9387-teen-wolf-staffel-6-teil-1-nun-auf-amazon-prime\/\",\"url\":\"https:\/\/newsslash.com\/n\/9387-teen-wolf-staffel-6-teil-1-nun-auf-amazon-prime\/\",\"name\":\"Teen Wolf: Staffel 6 Teil 1 nun auf Amazon Prime - Newsslash\",\"isPartOf\":{\"@id\":\"https:\/\/newsslash.com\/n\/#website\"},\"primaryImageOfPage\":{\"@id\":\"https:\/\/newsslash.com\/n\/9387-teen-wolf-staffel-6-teil-1-nun-auf-amazon-prime\/#primaryimage\"},\"image\":{\"@id\":\"https:\/\/newsslash.com\/n\/9387-teen-wolf-staffel-6-teil-1-nun-auf-amazon-prime\/#primaryimage\"},\"thumbnailUrl\":\"https:\/\/newsslash.com\/n\/wp-content\/uploads\/2025\/04\/teaser_img_9387.jpg\",\"datePublished\":\"2017-03-10T18:39:58+00:00\",\"breadcrumb\":{\"@id\":\"https:\/\/newsslash.com\/n\/9387-teen-wolf-staffel-6-teil-1-nun-auf-amazon-prime\/#breadcrumb\"},\"inLanguage\":\"en-US\",\"potentialAction\":[{\"@type\":\"ReadAction\",\"target\":[\"https:\/\/newsslash.com\/n\/9387-teen-wolf-staffel-6-teil-1-nun-auf-amazon-prime\/\"]}]},{\"@type\":\"ImageObject\",\"inLanguage\":\"en-US\",\"@id\":\"https:\/\/newsslash.com\/n\/9387-teen-wolf-staffel-6-teil-1-nun-auf-amazon-prime\/#primaryimage\",\"url\":\"https:\/\/newsslash.com\/n\/wp-content\/uploads\/2025\/04\/teaser_img_9387.jpg\",\"contentUrl\":\"https:\/\/newsslash.com\/n\/wp-content\/uploads\/2025\/04\/teaser_img_9387.jpg\",\"width\":617,\"height\":349},{\"@type\":\"BreadcrumbList\",\"@id\":\"https:\/\/newsslash.com\/n\/9387-teen-wolf-staffel-6-teil-1-nun-auf-amazon-prime\/#breadcrumb\",\"itemListElement\":[{\"@type\":\"ListItem\",\"position\":1,\"name\":\"Home\",\"item\":\"https:\/\/newsslash.com\/n\/\"},{\"@type\":\"ListItem\",\"position\":2,\"name\":\"Teen Wolf: Staffel 6 Teil 1 nun auf Amazon Prime\"}]},{\"@type\":\"WebSite\",\"@id\":\"https:\/\/newsslash.com\/n\/#website\",\"url\":\"https:\/\/newsslash.com\/n\/\",\"name\":\"Newsslash\",\"description\":\"Trending News on Movies, Series, OTT, Gaming\",\"publisher\":{\"@id\":\"https:\/\/newsslash.com\/n\/#organization\"},\"potentialAction\":[{\"@type\":\"SearchAction\",\"target\":{\"@type\":\"EntryPoint\",\"urlTemplate\":\"https:\/\/newsslash.com\/n\/?s={search_term_string}\"},\"query-input\":{\"@type\":\"PropertyValueSpecification\",\"valueRequired\":true,\"valueName\":\"search_term_string\"}}],\"inLanguage\":\"en-US\"},{\"@type\":\"Organization\",\"@id\":\"https:\/\/newsslash.com\/n\/#organization\",\"name\":\"Newsslash\",\"url\":\"https:\/\/newsslash.com\/n\/\",\"logo\":{\"@type\":\"ImageObject\",\"inLanguage\":\"en-US\",\"@id\":\"https:\/\/newsslash.com\/n\/#\/schema\/logo\/image\/\",\"url\":\"https:\/\/newsslash.com\/n\/wp-content\/uploads\/2025\/04\/cropped-Newsslash-logo-Fevicon.png\",\"contentUrl\":\"https:\/\/newsslash.com\/n\/wp-content\/uploads\/2025\/04\/cropped-Newsslash-logo-Fevicon.png\",\"width\":512,\"height\":512,\"caption\":\"Newsslash\"},\"image\":{\"@id\":\"https:\/\/newsslash.com\/n\/#\/schema\/logo\/image\/\"}},{\"@type\":\"Person\",\"@id\":\"https:\/\/newsslash.com\/n\/#\/schema\/person\/9710bfacfd5579c2b307825ddaad6c46\",\"name\":\"Viktor Pulz\",\"sameAs\":[\"https:\/\/newsslash.com\"],\"url\":\"https:\/\/newsslash.com\/n\/author\/viktor_pulz\/\"}]}<\/script>\n<!-- \/ Yoast SEO plugin. -->","yoast_head_json":{"title":"Teen Wolf: Staffel 6 Teil 1 nun auf Amazon Prime - Newsslash","robots":{"index":"noindex","follow":"follow"},"og_locale":"en_US","og_type":"article","og_title":"Teen Wolf: Staffel 6 Teil 1 nun auf Amazon Prime - Newsslash","og_description":"Amazon hat den ersten Teil der finalen sechsten Staffel von Teen Wolf ver\u00c3\u00b6ffentlicht. Die ersten 10 Episoden stehen ab jetzt in... Mehr auf Newsslash.com!","og_url":"https:\/\/newsslash.com\/n\/9387-teen-wolf-staffel-6-teil-1-nun-auf-amazon-prime\/","og_site_name":"Newsslash","article_published_time":"2017-03-10T18:39:58+00:00","og_image":[{"width":617,"height":349,"url":"https:\/\/newsslash.com\/n\/wp-content\/uploads\/2025\/04\/teaser_img_9387.jpg","type":"image\/jpeg"}],"author":"Viktor Pulz","twitter_card":"summary_large_image","twitter_misc":{"Written by":"Viktor Pulz","Est. reading time":"1 minute"},"schema":{"@context":"https:\/\/schema.org","@graph":[{"@type":"Article","@id":"https:\/\/newsslash.com\/n\/9387-teen-wolf-staffel-6-teil-1-nun-auf-amazon-prime\/#article","isPartOf":{"@id":"https:\/\/newsslash.com\/n\/9387-teen-wolf-staffel-6-teil-1-nun-auf-amazon-prime\/"},"author":{"name":"Viktor Pulz","@id":"https:\/\/newsslash.com\/n\/#\/schema\/person\/9710bfacfd5579c2b307825ddaad6c46"},"headline":"Teen Wolf: Staffel 6 Teil 1 nun auf Amazon Prime","datePublished":"2017-03-10T18:39:58+00:00","mainEntityOfPage":{"@id":"https:\/\/newsslash.com\/n\/9387-teen-wolf-staffel-6-teil-1-nun-auf-amazon-prime\/"},"wordCount":154,"commentCount":0,"publisher":{"@id":"https:\/\/newsslash.com\/n\/#organization"},"image":{"@id":"https:\/\/newsslash.com\/n\/9387-teen-wolf-staffel-6-teil-1-nun-auf-amazon-prime\/#primaryimage"},"thumbnailUrl":"https:\/\/newsslash.com\/n\/wp-content\/uploads\/2025\/04\/teaser_img_9387.jpg","articleSection":["Blog"],"inLanguage":"en-US","potentialAction":[{"@type":"CommentAction","name":"Comment","target":["https:\/\/newsslash.com\/n\/9387-teen-wolf-staffel-6-teil-1-nun-auf-amazon-prime\/#respond"]}]},{"@type":"WebPage","@id":"https:\/\/newsslash.com\/n\/9387-teen-wolf-staffel-6-teil-1-nun-auf-amazon-prime\/","url":"https:\/\/newsslash.com\/n\/9387-teen-wolf-staffel-6-teil-1-nun-auf-amazon-prime\/","name":"Teen Wolf: Staffel 6 Teil 1 nun auf Amazon Prime - Newsslash","isPartOf":{"@id":"https:\/\/newsslash.com\/n\/#website"},"primaryImageOfPage":{"@id":"https:\/\/newsslash.com\/n\/9387-teen-wolf-staffel-6-teil-1-nun-auf-amazon-prime\/#primaryimage"},"image":{"@id":"https:\/\/newsslash.com\/n\/9387-teen-wolf-staffel-6-teil-1-nun-auf-amazon-prime\/#primaryimage"},"thumbnailUrl":"https:\/\/newsslash.com\/n\/wp-content\/uploads\/2025\/04\/teaser_img_9387.jpg","datePublished":"2017-03-10T18:39:58+00:00","breadcrumb":{"@id":"https:\/\/newsslash.com\/n\/9387-teen-wolf-staffel-6-teil-1-nun-auf-amazon-prime\/#breadcrumb"},"inLanguage":"en-US","potentialAction":[{"@type":"ReadAction","target":["https:\/\/newsslash.com\/n\/9387-teen-wolf-staffel-6-teil-1-nun-auf-amazon-prime\/"]}]},{"@type":"ImageObject","inLanguage":"en-US","@id":"https:\/\/newsslash.com\/n\/9387-teen-wolf-staffel-6-teil-1-nun-auf-amazon-prime\/#primaryimage","url":"https:\/\/newsslash.com\/n\/wp-content\/uploads\/2025\/04\/teaser_img_9387.jpg","contentUrl":"https:\/\/newsslash.com\/n\/wp-content\/uploads\/2025\/04\/teaser_img_9387.jpg","width":617,"height":349},{"@type":"BreadcrumbList","@id":"https:\/\/newsslash.com\/n\/9387-teen-wolf-staffel-6-teil-1-nun-auf-amazon-prime\/#breadcrumb","itemListElement":[{"@type":"ListItem","position":1,"name":"Home","item":"https:\/\/newsslash.com\/n\/"},{"@type":"ListItem","position":2,"name":"Teen Wolf: Staffel 6 Teil 1 nun auf Amazon Prime"}]},{"@type":"WebSite","@id":"https:\/\/newsslash.com\/n\/#website","url":"https:\/\/newsslash.com\/n\/","name":"Newsslash","description":"Trending News on Movies, Series, OTT, Gaming","publisher":{"@id":"https:\/\/newsslash.com\/n\/#organization"},"potentialAction":[{"@type":"SearchAction","target":{"@type":"EntryPoint","urlTemplate":"https:\/\/newsslash.com\/n\/?s={search_term_string}"},"query-input":{"@type":"PropertyValueSpecification","valueRequired":true,"valueName":"search_term_string"}}],"inLanguage":"en-US"},{"@type":"Organization","@id":"https:\/\/newsslash.com\/n\/#organization","name":"Newsslash","url":"https:\/\/newsslash.com\/n\/","logo":{"@type":"ImageObject","inLanguage":"en-US","@id":"https:\/\/newsslash.com\/n\/#\/schema\/logo\/image\/","url":"https:\/\/newsslash.com\/n\/wp-content\/uploads\/2025\/04\/cropped-Newsslash-logo-Fevicon.png","contentUrl":"https:\/\/newsslash.com\/n\/wp-content\/uploads\/2025\/04\/cropped-Newsslash-logo-Fevicon.png","width":512,"height":512,"caption":"Newsslash"},"image":{"@id":"https:\/\/newsslash.com\/n\/#\/schema\/logo\/image\/"}},{"@type":"Person","@id":"https:\/\/newsslash.com\/n\/#\/schema\/person\/9710bfacfd5579c2b307825ddaad6c46","name":"Viktor Pulz","sameAs":["https:\/\/newsslash.com"],"url":"https:\/\/newsslash.com\/n\/author\/viktor_pulz\/"}]}},"_links":{"self":[{"href":"https:\/\/newsslash.com\/n\/wp-json\/wp\/v2\/posts\/12518","targetHints":{"allow":["GET"]}}],"collection":[{"href":"https:\/\/newsslash.com\/n\/wp-json\/wp\/v2\/posts"}],"about":[{"href":"https:\/\/newsslash.com\/n\/wp-json\/wp\/v2\/types\/post"}],"author":[{"embeddable":true,"href":"https:\/\/newsslash.com\/n\/wp-json\/wp\/v2\/users\/2"}],"replies":[{"embeddable":true,"href":"https:\/\/newsslash.com\/n\/wp-json\/wp\/v2\/comments?post=12518"}],"version-history":[{"count":0,"href":"https:\/\/newsslash.com\/n\/wp-json\/wp\/v2\/posts\/12518\/revisions"}],"wp:featuredmedia":[{"embeddable":true,"href":"https:\/\/newsslash.com\/n\/wp-json\/wp\/v2\/media\/12470"}],"wp:attachment":[{"href":"https:\/\/newsslash.com\/n\/wp-json\/wp\/v2\/media?parent=12518"}],"curies":[{"name":"wp","href":"https:\/\/api.w.org\/{rel}","templated":true}]}}