{"id":12552,"date":"2017-03-13T22:37:00","date_gmt":"2017-03-13T22:37:00","guid":{"rendered":"https:\/\/newsslash.com\/n\/9410-you-are-wanted-ab-17-maerz-bei-amazon-prime-video\/"},"modified":"2017-03-13T22:37:00","modified_gmt":"2017-03-13T22:37:00","slug":"9410-you-are-wanted-ab-17-maerz-bei-amazon-prime-video","status":"publish","type":"post","link":"https:\/\/newsslash.com\/n\/9410-you-are-wanted-ab-17-maerz-bei-amazon-prime-video\/","title":{"rendered":"You Are Wanted ab 17. M\u00c3\u00a4rz bei Amazon Prime Video"},"content":{"rendered":"<p>Noch f\u00c3\u00bcnf Tage bis zum Start der ersten deutschen Amazon Original Serie. Ab 17. M\u00c3\u00a4rz steht die sechsteilige Thriller-Serie You Are Wanted von und mit Matthias Schweigh\u00c3\u00b6fer bei Amazon Prime Video zur Verf\u00c3\u00bcgung. \u00e2\u20ac\u017eYou Are Wanted verspricht Nervenkitzel und Spannung in Serie mit einem Staraufgebot, das mich stolz macht\u00e2\u20ac\u0153, sagt Matthias Schweigh\u00c3\u00b6fer. Der 36-J\u00c3\u00a4hrige \u00c3\u00bcbernimmt nicht nur die Hauptrolle des Lukas Franke, er ist zugleich auch Regisseur und Produzent. Darsteller an seiner Seite sind u.a. Alexandra Maria Lara, Karoline Herfurth, Tom Beck, Catrin Striebeck, Edin Hasanovic, Louis Hoffmann, Kathrin Bauerfeind und Topmodel Toni Garrn in ihrer ersten Serienrolle. Schweigh\u00c3\u00b6fer: \u00e2\u20ac\u017eMit Bernhard Jasper hatte ich ein visuelles Auge an meiner Seite und Ideen lie\u00c3\u0178en sich sehr schnell umsetzen. Diese Intensit\u00c3\u00a4t und Leidenschaft, mit der unser Team produziert hat, wird auch der Zuschauer sp\u00c3\u00bcren.\u00e2\u20ac\u0153 In You Are Wanted wird der junge Hotelmanager und Familienvater Lukas Franke (Matthias Schweigh\u00c3\u00b6fer) brutal aus seinem Alltag gerissen, als jemand seine pers\u00c3\u00b6nlichen Daten hackt und beginnt, seine Lebensgeschichte umzuschreiben. Seltsame Nachrichten tauchen auf. Seine digitale Identit\u00c3\u00a4t wird ver\u00c3\u00a4ndert. Das BKA verd\u00c3\u00a4chtigt ihn, Mitglied einer terroristischen Vereinigung zu sein. Selbst seine Frau (Alexandra Maria Lara) beginnt an ihm zu zweifeln. Als schlie\u00c3\u0178lich auch noch sein Kind bedroht wird, ist f\u00c3\u00bcr Lukas klar: er muss sich wehren. Er verb\u00c3\u00bcndet sich mit Lena Arandt (Karoline Herfurth), ebenfalls ein Opfer der Hacker. Mit ihrer Hilfe versucht er, die Hacker ausfindig zu machen und zur Strecke zu bringen. Wer steckt hinter der Verschw\u00c3\u00b6rung? Warum haben sie es auf ihn abgesehen? Er muss die T\u00c3\u00a4ter finden, um seine Unschuld zu beweisen und sein altes Leben wieder zu bekommen.<\/p><div class=\"newss-content\" id=\"newss-3598954054\"><script async src=\"\/\/pagead2.googlesyndication.com\/pagead\/js\/adsbygoogle.js?client=ca-pub-7733425960004873\" crossorigin=\"anonymous\"><\/script><ins class=\"adsbygoogle\" style=\"display:block;\" data-ad-client=\"ca-pub-7733425960004873\" \ndata-ad-slot=\"2582020599\" \ndata-ad-format=\"auto\"><\/ins>\n<script> \n(adsbygoogle = window.adsbygoogle || []).push({}); \n<\/script>\n<\/div><div class=\"newss-article-1\" id=\"newss-2612163778\"><script async src=\"https:\/\/pagead2.googlesyndication.com\/pagead\/js\/adsbygoogle.js?client=ca-pub-7733425960004873\"\r\n     crossorigin=\"anonymous\"><\/script>\r\n<!-- Homepage2 -->\r\n<ins class=\"adsbygoogle\"\r\n     style=\"display:block\"\r\n     data-ad-client=\"ca-pub-7733425960004873\"\r\n     data-ad-slot=\"2582020599\"\r\n     data-ad-format=\"auto\"\r\n     data-full-width-responsive=\"true\"><\/ins>\r\n<script>\r\n     (adsbygoogle = window.adsbygoogle || []).push({});\r\n<\/script><\/div>\n","protected":false},"excerpt":{"rendered":"<p>In f\u00c3\u00bcnf Tagen startet die neue Amazon-Serie You are Wanted! Ab dem 17. M\u00c3\u00a4rz wird die erste deutsche Amazon-Serie von und mit&#8230; Mehr auf Newsslash.com!<\/p>\n","protected":false},"author":2,"featured_media":21974,"comment_status":"open","ping_status":"open","sticky":false,"template":"","format":"standard","meta":{"_et_pb_use_builder":"","_et_pb_old_content":"","_et_gb_content_width":"","footnotes":""},"class_list":["post-12552","post","type-post","status-publish","format-standard","has-post-thumbnail","hentry","category-blog"],"yoast_head":"<!-- This site is optimized with the Yoast SEO plugin v24.8.1 - https:\/\/yoast.com\/wordpress\/plugins\/seo\/ -->\n<title>You Are Wanted ab 17. M\u00c3\u00a4rz bei Amazon Prime Video - Newsslash<\/title>\n<meta name=\"robots\" content=\"noindex, follow\" \/>\n<meta property=\"og:locale\" content=\"en_US\" \/>\n<meta property=\"og:type\" content=\"article\" \/>\n<meta property=\"og:title\" content=\"You Are Wanted ab 17. M\u00c3\u00a4rz bei Amazon Prime Video - Newsslash\" \/>\n<meta property=\"og:description\" content=\"In f\u00c3\u00bcnf Tagen startet die neue Amazon-Serie You are Wanted! Ab dem 17. M\u00c3\u00a4rz wird die erste deutsche Amazon-Serie von und mit... Mehr auf Newsslash.com!\" \/>\n<meta property=\"og:url\" content=\"https:\/\/newsslash.com\/n\/9410-you-are-wanted-ab-17-maerz-bei-amazon-prime-video\/\" \/>\n<meta property=\"og:site_name\" content=\"Newsslash\" \/>\n<meta property=\"article:published_time\" content=\"2017-03-13T22:37:00+00:00\" \/>\n<meta property=\"og:image\" content=\"https:\/\/newsslash.com\/n\/wp-content\/uploads\/2025\/04\/NewsSlash-Featured-Image.jpg\" \/>\n\t<meta property=\"og:image:width\" content=\"1280\" \/>\n\t<meta property=\"og:image:height\" content=\"854\" \/>\n\t<meta property=\"og:image:type\" content=\"image\/jpeg\" \/>\n<meta name=\"author\" content=\"Viktor Pulz\" \/>\n<meta name=\"twitter:card\" content=\"summary_large_image\" \/>\n<meta name=\"twitter:label1\" content=\"Written by\" \/>\n\t<meta name=\"twitter:data1\" content=\"Viktor Pulz\" \/>\n\t<meta name=\"twitter:label2\" content=\"Est. reading time\" \/>\n\t<meta name=\"twitter:data2\" content=\"1 minute\" \/>\n<script type=\"application\/ld+json\" class=\"yoast-schema-graph\">{\"@context\":\"https:\/\/schema.org\",\"@graph\":[{\"@type\":\"Article\",\"@id\":\"https:\/\/newsslash.com\/n\/9410-you-are-wanted-ab-17-maerz-bei-amazon-prime-video\/#article\",\"isPartOf\":{\"@id\":\"https:\/\/newsslash.com\/n\/9410-you-are-wanted-ab-17-maerz-bei-amazon-prime-video\/\"},\"author\":{\"name\":\"Viktor Pulz\",\"@id\":\"https:\/\/newsslash.com\/n\/#\/schema\/person\/9710bfacfd5579c2b307825ddaad6c46\"},\"headline\":\"You Are Wanted ab 17. M\u00c3\u00a4rz bei Amazon Prime Video\",\"datePublished\":\"2017-03-13T22:37:00+00:00\",\"mainEntityOfPage\":{\"@id\":\"https:\/\/newsslash.com\/n\/9410-you-are-wanted-ab-17-maerz-bei-amazon-prime-video\/\"},\"wordCount\":295,\"commentCount\":0,\"publisher\":{\"@id\":\"https:\/\/newsslash.com\/n\/#organization\"},\"image\":{\"@id\":\"https:\/\/newsslash.com\/n\/9410-you-are-wanted-ab-17-maerz-bei-amazon-prime-video\/#primaryimage\"},\"thumbnailUrl\":\"https:\/\/newsslash.com\/n\/wp-content\/uploads\/2025\/04\/NewsSlash-Featured-Image.jpg\",\"articleSection\":[\"Blog\"],\"inLanguage\":\"en-US\",\"potentialAction\":[{\"@type\":\"CommentAction\",\"name\":\"Comment\",\"target\":[\"https:\/\/newsslash.com\/n\/9410-you-are-wanted-ab-17-maerz-bei-amazon-prime-video\/#respond\"]}]},{\"@type\":\"WebPage\",\"@id\":\"https:\/\/newsslash.com\/n\/9410-you-are-wanted-ab-17-maerz-bei-amazon-prime-video\/\",\"url\":\"https:\/\/newsslash.com\/n\/9410-you-are-wanted-ab-17-maerz-bei-amazon-prime-video\/\",\"name\":\"You Are Wanted ab 17. M\u00c3\u00a4rz bei Amazon Prime Video - Newsslash\",\"isPartOf\":{\"@id\":\"https:\/\/newsslash.com\/n\/#website\"},\"primaryImageOfPage\":{\"@id\":\"https:\/\/newsslash.com\/n\/9410-you-are-wanted-ab-17-maerz-bei-amazon-prime-video\/#primaryimage\"},\"image\":{\"@id\":\"https:\/\/newsslash.com\/n\/9410-you-are-wanted-ab-17-maerz-bei-amazon-prime-video\/#primaryimage\"},\"thumbnailUrl\":\"https:\/\/newsslash.com\/n\/wp-content\/uploads\/2025\/04\/NewsSlash-Featured-Image.jpg\",\"datePublished\":\"2017-03-13T22:37:00+00:00\",\"breadcrumb\":{\"@id\":\"https:\/\/newsslash.com\/n\/9410-you-are-wanted-ab-17-maerz-bei-amazon-prime-video\/#breadcrumb\"},\"inLanguage\":\"en-US\",\"potentialAction\":[{\"@type\":\"ReadAction\",\"target\":[\"https:\/\/newsslash.com\/n\/9410-you-are-wanted-ab-17-maerz-bei-amazon-prime-video\/\"]}]},{\"@type\":\"ImageObject\",\"inLanguage\":\"en-US\",\"@id\":\"https:\/\/newsslash.com\/n\/9410-you-are-wanted-ab-17-maerz-bei-amazon-prime-video\/#primaryimage\",\"url\":\"https:\/\/newsslash.com\/n\/wp-content\/uploads\/2025\/04\/NewsSlash-Featured-Image.jpg\",\"contentUrl\":\"https:\/\/newsslash.com\/n\/wp-content\/uploads\/2025\/04\/NewsSlash-Featured-Image.jpg\",\"width\":1280,\"height\":854},{\"@type\":\"BreadcrumbList\",\"@id\":\"https:\/\/newsslash.com\/n\/9410-you-are-wanted-ab-17-maerz-bei-amazon-prime-video\/#breadcrumb\",\"itemListElement\":[{\"@type\":\"ListItem\",\"position\":1,\"name\":\"Home\",\"item\":\"https:\/\/newsslash.com\/n\/\"},{\"@type\":\"ListItem\",\"position\":2,\"name\":\"You Are Wanted ab 17. M\u00c3\u00a4rz bei Amazon Prime Video\"}]},{\"@type\":\"WebSite\",\"@id\":\"https:\/\/newsslash.com\/n\/#website\",\"url\":\"https:\/\/newsslash.com\/n\/\",\"name\":\"Newsslash\",\"description\":\"Trending News on Movies, Series, OTT, Gaming\",\"publisher\":{\"@id\":\"https:\/\/newsslash.com\/n\/#organization\"},\"potentialAction\":[{\"@type\":\"SearchAction\",\"target\":{\"@type\":\"EntryPoint\",\"urlTemplate\":\"https:\/\/newsslash.com\/n\/?s={search_term_string}\"},\"query-input\":{\"@type\":\"PropertyValueSpecification\",\"valueRequired\":true,\"valueName\":\"search_term_string\"}}],\"inLanguage\":\"en-US\"},{\"@type\":\"Organization\",\"@id\":\"https:\/\/newsslash.com\/n\/#organization\",\"name\":\"Newsslash\",\"url\":\"https:\/\/newsslash.com\/n\/\",\"logo\":{\"@type\":\"ImageObject\",\"inLanguage\":\"en-US\",\"@id\":\"https:\/\/newsslash.com\/n\/#\/schema\/logo\/image\/\",\"url\":\"https:\/\/newsslash.com\/n\/wp-content\/uploads\/2025\/04\/cropped-Newsslash-logo-Fevicon.png\",\"contentUrl\":\"https:\/\/newsslash.com\/n\/wp-content\/uploads\/2025\/04\/cropped-Newsslash-logo-Fevicon.png\",\"width\":512,\"height\":512,\"caption\":\"Newsslash\"},\"image\":{\"@id\":\"https:\/\/newsslash.com\/n\/#\/schema\/logo\/image\/\"}},{\"@type\":\"Person\",\"@id\":\"https:\/\/newsslash.com\/n\/#\/schema\/person\/9710bfacfd5579c2b307825ddaad6c46\",\"name\":\"Viktor Pulz\",\"sameAs\":[\"https:\/\/newsslash.com\"],\"url\":\"https:\/\/newsslash.com\/n\/author\/viktor_pulz\/\"}]}<\/script>\n<!-- \/ Yoast SEO plugin. -->","yoast_head_json":{"title":"You Are Wanted ab 17. M\u00c3\u00a4rz bei Amazon Prime Video - Newsslash","robots":{"index":"noindex","follow":"follow"},"og_locale":"en_US","og_type":"article","og_title":"You Are Wanted ab 17. M\u00c3\u00a4rz bei Amazon Prime Video - Newsslash","og_description":"In f\u00c3\u00bcnf Tagen startet die neue Amazon-Serie You are Wanted! Ab dem 17. M\u00c3\u00a4rz wird die erste deutsche Amazon-Serie von und mit... Mehr auf Newsslash.com!","og_url":"https:\/\/newsslash.com\/n\/9410-you-are-wanted-ab-17-maerz-bei-amazon-prime-video\/","og_site_name":"Newsslash","article_published_time":"2017-03-13T22:37:00+00:00","og_image":[{"width":1280,"height":854,"url":"https:\/\/newsslash.com\/n\/wp-content\/uploads\/2025\/04\/NewsSlash-Featured-Image.jpg","type":"image\/jpeg"}],"author":"Viktor Pulz","twitter_card":"summary_large_image","twitter_misc":{"Written by":"Viktor Pulz","Est. reading time":"1 minute"},"schema":{"@context":"https:\/\/schema.org","@graph":[{"@type":"Article","@id":"https:\/\/newsslash.com\/n\/9410-you-are-wanted-ab-17-maerz-bei-amazon-prime-video\/#article","isPartOf":{"@id":"https:\/\/newsslash.com\/n\/9410-you-are-wanted-ab-17-maerz-bei-amazon-prime-video\/"},"author":{"name":"Viktor Pulz","@id":"https:\/\/newsslash.com\/n\/#\/schema\/person\/9710bfacfd5579c2b307825ddaad6c46"},"headline":"You Are Wanted ab 17. M\u00c3\u00a4rz bei Amazon Prime Video","datePublished":"2017-03-13T22:37:00+00:00","mainEntityOfPage":{"@id":"https:\/\/newsslash.com\/n\/9410-you-are-wanted-ab-17-maerz-bei-amazon-prime-video\/"},"wordCount":295,"commentCount":0,"publisher":{"@id":"https:\/\/newsslash.com\/n\/#organization"},"image":{"@id":"https:\/\/newsslash.com\/n\/9410-you-are-wanted-ab-17-maerz-bei-amazon-prime-video\/#primaryimage"},"thumbnailUrl":"https:\/\/newsslash.com\/n\/wp-content\/uploads\/2025\/04\/NewsSlash-Featured-Image.jpg","articleSection":["Blog"],"inLanguage":"en-US","potentialAction":[{"@type":"CommentAction","name":"Comment","target":["https:\/\/newsslash.com\/n\/9410-you-are-wanted-ab-17-maerz-bei-amazon-prime-video\/#respond"]}]},{"@type":"WebPage","@id":"https:\/\/newsslash.com\/n\/9410-you-are-wanted-ab-17-maerz-bei-amazon-prime-video\/","url":"https:\/\/newsslash.com\/n\/9410-you-are-wanted-ab-17-maerz-bei-amazon-prime-video\/","name":"You Are Wanted ab 17. M\u00c3\u00a4rz bei Amazon Prime Video - Newsslash","isPartOf":{"@id":"https:\/\/newsslash.com\/n\/#website"},"primaryImageOfPage":{"@id":"https:\/\/newsslash.com\/n\/9410-you-are-wanted-ab-17-maerz-bei-amazon-prime-video\/#primaryimage"},"image":{"@id":"https:\/\/newsslash.com\/n\/9410-you-are-wanted-ab-17-maerz-bei-amazon-prime-video\/#primaryimage"},"thumbnailUrl":"https:\/\/newsslash.com\/n\/wp-content\/uploads\/2025\/04\/NewsSlash-Featured-Image.jpg","datePublished":"2017-03-13T22:37:00+00:00","breadcrumb":{"@id":"https:\/\/newsslash.com\/n\/9410-you-are-wanted-ab-17-maerz-bei-amazon-prime-video\/#breadcrumb"},"inLanguage":"en-US","potentialAction":[{"@type":"ReadAction","target":["https:\/\/newsslash.com\/n\/9410-you-are-wanted-ab-17-maerz-bei-amazon-prime-video\/"]}]},{"@type":"ImageObject","inLanguage":"en-US","@id":"https:\/\/newsslash.com\/n\/9410-you-are-wanted-ab-17-maerz-bei-amazon-prime-video\/#primaryimage","url":"https:\/\/newsslash.com\/n\/wp-content\/uploads\/2025\/04\/NewsSlash-Featured-Image.jpg","contentUrl":"https:\/\/newsslash.com\/n\/wp-content\/uploads\/2025\/04\/NewsSlash-Featured-Image.jpg","width":1280,"height":854},{"@type":"BreadcrumbList","@id":"https:\/\/newsslash.com\/n\/9410-you-are-wanted-ab-17-maerz-bei-amazon-prime-video\/#breadcrumb","itemListElement":[{"@type":"ListItem","position":1,"name":"Home","item":"https:\/\/newsslash.com\/n\/"},{"@type":"ListItem","position":2,"name":"You Are Wanted ab 17. M\u00c3\u00a4rz bei Amazon Prime Video"}]},{"@type":"WebSite","@id":"https:\/\/newsslash.com\/n\/#website","url":"https:\/\/newsslash.com\/n\/","name":"Newsslash","description":"Trending News on Movies, Series, OTT, Gaming","publisher":{"@id":"https:\/\/newsslash.com\/n\/#organization"},"potentialAction":[{"@type":"SearchAction","target":{"@type":"EntryPoint","urlTemplate":"https:\/\/newsslash.com\/n\/?s={search_term_string}"},"query-input":{"@type":"PropertyValueSpecification","valueRequired":true,"valueName":"search_term_string"}}],"inLanguage":"en-US"},{"@type":"Organization","@id":"https:\/\/newsslash.com\/n\/#organization","name":"Newsslash","url":"https:\/\/newsslash.com\/n\/","logo":{"@type":"ImageObject","inLanguage":"en-US","@id":"https:\/\/newsslash.com\/n\/#\/schema\/logo\/image\/","url":"https:\/\/newsslash.com\/n\/wp-content\/uploads\/2025\/04\/cropped-Newsslash-logo-Fevicon.png","contentUrl":"https:\/\/newsslash.com\/n\/wp-content\/uploads\/2025\/04\/cropped-Newsslash-logo-Fevicon.png","width":512,"height":512,"caption":"Newsslash"},"image":{"@id":"https:\/\/newsslash.com\/n\/#\/schema\/logo\/image\/"}},{"@type":"Person","@id":"https:\/\/newsslash.com\/n\/#\/schema\/person\/9710bfacfd5579c2b307825ddaad6c46","name":"Viktor Pulz","sameAs":["https:\/\/newsslash.com"],"url":"https:\/\/newsslash.com\/n\/author\/viktor_pulz\/"}]}},"_links":{"self":[{"href":"https:\/\/newsslash.com\/n\/wp-json\/wp\/v2\/posts\/12552","targetHints":{"allow":["GET"]}}],"collection":[{"href":"https:\/\/newsslash.com\/n\/wp-json\/wp\/v2\/posts"}],"about":[{"href":"https:\/\/newsslash.com\/n\/wp-json\/wp\/v2\/types\/post"}],"author":[{"embeddable":true,"href":"https:\/\/newsslash.com\/n\/wp-json\/wp\/v2\/users\/2"}],"replies":[{"embeddable":true,"href":"https:\/\/newsslash.com\/n\/wp-json\/wp\/v2\/comments?post=12552"}],"version-history":[{"count":0,"href":"https:\/\/newsslash.com\/n\/wp-json\/wp\/v2\/posts\/12552\/revisions"}],"wp:featuredmedia":[{"embeddable":true,"href":"https:\/\/newsslash.com\/n\/wp-json\/wp\/v2\/media\/21974"}],"wp:attachment":[{"href":"https:\/\/newsslash.com\/n\/wp-json\/wp\/v2\/media?parent=12552"}],"curies":[{"name":"wp","href":"https:\/\/api.w.org\/{rel}","templated":true}]}}