{"id":12600,"date":"2017-03-16T16:33:48","date_gmt":"2017-03-16T16:33:48","guid":{"rendered":"https:\/\/newsslash.com\/n\/9445-telekom-startet-vertrieb-der-microsoft-cloud\/"},"modified":"2017-03-16T16:33:48","modified_gmt":"2017-03-16T16:33:48","slug":"9445-telekom-startet-vertrieb-der-microsoft-cloud","status":"publish","type":"post","link":"https:\/\/newsslash.com\/n\/9445-telekom-startet-vertrieb-der-microsoft-cloud\/","title":{"rendered":"Telekom startet Vertrieb der Microsoft Cloud"},"content":{"rendered":"<p>Die Deutsche Telekom startet ab sofort mit dem Vertrieb der Cloud-Angebote Microsoft Azure Deutschland und Office 365 Deutschland aus deutschen Rechenzentren. Das Besondere: T-Systems, die Gesch\u00c3\u00a4ftskundensparte der Telekom, fungiert dabei als Datentreuh\u00c3\u00a4nder. S\u00c3\u00a4mtliche Daten, die im Rahmen dieses Angebots in den Rechenzentren verarbeitet werden, unterliegen den strengen deutschen Datenschutzgesetzen. \u00e2\u20ac\u017eDie souver\u00c3\u00a4ne Microsoft Cloud Deutschland mit T-Systems als Datentreuh\u00c3\u00a4nder unterst\u00c3\u00bctzt deutsche Unternehmen und auch viele Kunden des \u00c3\u00b6ffentlichen Sektors bei der Erf\u00c3\u00bcllung ihrer strengen Compliance-Anforderungen\u00e2\u20ac\u0153, sagt Hagen Rickmann, Gesch\u00c3\u00a4ftsf\u00c3\u00bchrer Telekom Deutschland. \u00e2\u20ac\u0153Von kleinen, mittleren bis zu Gro\u00c3\u0178unternehmen oder der Stadtverwaltung: Wir bieten unseren Kunden die ma\u00c3\u0178geschneiderte L\u00c3\u00b6sung f\u00c3\u00bcr ihre individuellen Bedarfe rund um die Microsoft Cloud.\u00e2\u20ac\u0153 T-Systems kontrolliert als Datentreuh\u00c3\u00a4nder den Zugriff auf die Kundendaten. Ohne Zustimmung des Datentreuh\u00c3\u00a4nders oder des Kunden erh\u00c3\u00a4lt Microsoft keinen Zugriff. Wird diese Zustimmung durch den Datentreuh\u00c3\u00a4nder erteilt, greift Microsoft nur unter dessen Aufsicht zeitlich begrenzt auf die Kundendaten zu.<\/p><div class=\"newss-content\" id=\"newss-850338212\"><script async src=\"\/\/pagead2.googlesyndication.com\/pagead\/js\/adsbygoogle.js?client=ca-pub-7733425960004873\" crossorigin=\"anonymous\"><\/script><ins class=\"adsbygoogle\" style=\"display:block;\" data-ad-client=\"ca-pub-7733425960004873\" \ndata-ad-slot=\"2582020599\" \ndata-ad-format=\"auto\"><\/ins>\n<script> \n(adsbygoogle = window.adsbygoogle || []).push({}); \n<\/script>\n<\/div><div class=\"newss-article-1\" id=\"newss-3363099840\"><script async src=\"https:\/\/pagead2.googlesyndication.com\/pagead\/js\/adsbygoogle.js?client=ca-pub-7733425960004873\"\r\n     crossorigin=\"anonymous\"><\/script>\r\n<!-- Homepage2 -->\r\n<ins class=\"adsbygoogle\"\r\n     style=\"display:block\"\r\n     data-ad-client=\"ca-pub-7733425960004873\"\r\n     data-ad-slot=\"2582020599\"\r\n     data-ad-format=\"auto\"\r\n     data-full-width-responsive=\"true\"><\/ins>\r\n<script>\r\n     (adsbygoogle = window.adsbygoogle || []).push({});\r\n<\/script><\/div>\n","protected":false},"excerpt":{"rendered":"<p>Azure Deutschland und Office 365 Deutschland ab sofort bei der Telekom aus zertifizierten deutschen Rechenzentren erh\u00c3\u00a4ltlich&#8230;. Mehr auf Newsslash.com!<\/p>\n","protected":false},"author":2,"featured_media":21974,"comment_status":"open","ping_status":"open","sticky":false,"template":"","format":"standard","meta":{"_et_pb_use_builder":"","_et_pb_old_content":"","_et_gb_content_width":"","footnotes":""},"class_list":["post-12600","post","type-post","status-publish","format-standard","has-post-thumbnail","hentry","category-blog"],"yoast_head":"<!-- This site is optimized with the Yoast SEO plugin v24.8.1 - https:\/\/yoast.com\/wordpress\/plugins\/seo\/ -->\n<title>Telekom startet Vertrieb der Microsoft Cloud - Newsslash<\/title>\n<meta name=\"robots\" content=\"noindex, follow\" \/>\n<meta property=\"og:locale\" content=\"en_US\" \/>\n<meta property=\"og:type\" content=\"article\" \/>\n<meta property=\"og:title\" content=\"Telekom startet Vertrieb der Microsoft Cloud - Newsslash\" \/>\n<meta property=\"og:description\" content=\"Azure Deutschland und Office 365 Deutschland ab sofort bei der Telekom aus zertifizierten deutschen Rechenzentren erh\u00c3\u00a4ltlich.... Mehr auf Newsslash.com!\" \/>\n<meta property=\"og:url\" content=\"https:\/\/newsslash.com\/n\/9445-telekom-startet-vertrieb-der-microsoft-cloud\/\" \/>\n<meta property=\"og:site_name\" content=\"Newsslash\" \/>\n<meta property=\"article:published_time\" content=\"2017-03-16T16:33:48+00:00\" \/>\n<meta property=\"og:image\" content=\"https:\/\/newsslash.com\/n\/wp-content\/uploads\/2025\/04\/NewsSlash-Featured-Image.jpg\" \/>\n\t<meta property=\"og:image:width\" content=\"1280\" \/>\n\t<meta property=\"og:image:height\" content=\"854\" \/>\n\t<meta property=\"og:image:type\" content=\"image\/jpeg\" \/>\n<meta name=\"author\" content=\"Viktor Pulz\" \/>\n<meta name=\"twitter:card\" content=\"summary_large_image\" \/>\n<meta name=\"twitter:label1\" content=\"Written by\" \/>\n\t<meta name=\"twitter:data1\" content=\"Viktor Pulz\" \/>\n\t<meta name=\"twitter:label2\" content=\"Est. reading time\" \/>\n\t<meta name=\"twitter:data2\" content=\"1 minute\" \/>\n<script type=\"application\/ld+json\" class=\"yoast-schema-graph\">{\"@context\":\"https:\/\/schema.org\",\"@graph\":[{\"@type\":\"Article\",\"@id\":\"https:\/\/newsslash.com\/n\/9445-telekom-startet-vertrieb-der-microsoft-cloud\/#article\",\"isPartOf\":{\"@id\":\"https:\/\/newsslash.com\/n\/9445-telekom-startet-vertrieb-der-microsoft-cloud\/\"},\"author\":{\"name\":\"Viktor Pulz\",\"@id\":\"https:\/\/newsslash.com\/n\/#\/schema\/person\/9710bfacfd5579c2b307825ddaad6c46\"},\"headline\":\"Telekom startet Vertrieb der Microsoft Cloud\",\"datePublished\":\"2017-03-16T16:33:48+00:00\",\"mainEntityOfPage\":{\"@id\":\"https:\/\/newsslash.com\/n\/9445-telekom-startet-vertrieb-der-microsoft-cloud\/\"},\"wordCount\":166,\"commentCount\":0,\"publisher\":{\"@id\":\"https:\/\/newsslash.com\/n\/#organization\"},\"image\":{\"@id\":\"https:\/\/newsslash.com\/n\/9445-telekom-startet-vertrieb-der-microsoft-cloud\/#primaryimage\"},\"thumbnailUrl\":\"https:\/\/newsslash.com\/n\/wp-content\/uploads\/2025\/04\/NewsSlash-Featured-Image.jpg\",\"articleSection\":[\"Blog\"],\"inLanguage\":\"en-US\",\"potentialAction\":[{\"@type\":\"CommentAction\",\"name\":\"Comment\",\"target\":[\"https:\/\/newsslash.com\/n\/9445-telekom-startet-vertrieb-der-microsoft-cloud\/#respond\"]}]},{\"@type\":\"WebPage\",\"@id\":\"https:\/\/newsslash.com\/n\/9445-telekom-startet-vertrieb-der-microsoft-cloud\/\",\"url\":\"https:\/\/newsslash.com\/n\/9445-telekom-startet-vertrieb-der-microsoft-cloud\/\",\"name\":\"Telekom startet Vertrieb der Microsoft Cloud - Newsslash\",\"isPartOf\":{\"@id\":\"https:\/\/newsslash.com\/n\/#website\"},\"primaryImageOfPage\":{\"@id\":\"https:\/\/newsslash.com\/n\/9445-telekom-startet-vertrieb-der-microsoft-cloud\/#primaryimage\"},\"image\":{\"@id\":\"https:\/\/newsslash.com\/n\/9445-telekom-startet-vertrieb-der-microsoft-cloud\/#primaryimage\"},\"thumbnailUrl\":\"https:\/\/newsslash.com\/n\/wp-content\/uploads\/2025\/04\/NewsSlash-Featured-Image.jpg\",\"datePublished\":\"2017-03-16T16:33:48+00:00\",\"breadcrumb\":{\"@id\":\"https:\/\/newsslash.com\/n\/9445-telekom-startet-vertrieb-der-microsoft-cloud\/#breadcrumb\"},\"inLanguage\":\"en-US\",\"potentialAction\":[{\"@type\":\"ReadAction\",\"target\":[\"https:\/\/newsslash.com\/n\/9445-telekom-startet-vertrieb-der-microsoft-cloud\/\"]}]},{\"@type\":\"ImageObject\",\"inLanguage\":\"en-US\",\"@id\":\"https:\/\/newsslash.com\/n\/9445-telekom-startet-vertrieb-der-microsoft-cloud\/#primaryimage\",\"url\":\"https:\/\/newsslash.com\/n\/wp-content\/uploads\/2025\/04\/NewsSlash-Featured-Image.jpg\",\"contentUrl\":\"https:\/\/newsslash.com\/n\/wp-content\/uploads\/2025\/04\/NewsSlash-Featured-Image.jpg\",\"width\":1280,\"height\":854},{\"@type\":\"BreadcrumbList\",\"@id\":\"https:\/\/newsslash.com\/n\/9445-telekom-startet-vertrieb-der-microsoft-cloud\/#breadcrumb\",\"itemListElement\":[{\"@type\":\"ListItem\",\"position\":1,\"name\":\"Home\",\"item\":\"https:\/\/newsslash.com\/n\/\"},{\"@type\":\"ListItem\",\"position\":2,\"name\":\"Telekom startet Vertrieb der Microsoft Cloud\"}]},{\"@type\":\"WebSite\",\"@id\":\"https:\/\/newsslash.com\/n\/#website\",\"url\":\"https:\/\/newsslash.com\/n\/\",\"name\":\"Newsslash\",\"description\":\"Trending News on Movies, Series, OTT, Gaming\",\"publisher\":{\"@id\":\"https:\/\/newsslash.com\/n\/#organization\"},\"potentialAction\":[{\"@type\":\"SearchAction\",\"target\":{\"@type\":\"EntryPoint\",\"urlTemplate\":\"https:\/\/newsslash.com\/n\/?s={search_term_string}\"},\"query-input\":{\"@type\":\"PropertyValueSpecification\",\"valueRequired\":true,\"valueName\":\"search_term_string\"}}],\"inLanguage\":\"en-US\"},{\"@type\":\"Organization\",\"@id\":\"https:\/\/newsslash.com\/n\/#organization\",\"name\":\"Newsslash\",\"url\":\"https:\/\/newsslash.com\/n\/\",\"logo\":{\"@type\":\"ImageObject\",\"inLanguage\":\"en-US\",\"@id\":\"https:\/\/newsslash.com\/n\/#\/schema\/logo\/image\/\",\"url\":\"https:\/\/newsslash.com\/n\/wp-content\/uploads\/2025\/04\/cropped-Newsslash-logo-Fevicon.png\",\"contentUrl\":\"https:\/\/newsslash.com\/n\/wp-content\/uploads\/2025\/04\/cropped-Newsslash-logo-Fevicon.png\",\"width\":512,\"height\":512,\"caption\":\"Newsslash\"},\"image\":{\"@id\":\"https:\/\/newsslash.com\/n\/#\/schema\/logo\/image\/\"}},{\"@type\":\"Person\",\"@id\":\"https:\/\/newsslash.com\/n\/#\/schema\/person\/9710bfacfd5579c2b307825ddaad6c46\",\"name\":\"Viktor Pulz\",\"sameAs\":[\"https:\/\/newsslash.com\"],\"url\":\"https:\/\/newsslash.com\/n\/author\/viktor_pulz\/\"}]}<\/script>\n<!-- \/ Yoast SEO plugin. -->","yoast_head_json":{"title":"Telekom startet Vertrieb der Microsoft Cloud - Newsslash","robots":{"index":"noindex","follow":"follow"},"og_locale":"en_US","og_type":"article","og_title":"Telekom startet Vertrieb der Microsoft Cloud - Newsslash","og_description":"Azure Deutschland und Office 365 Deutschland ab sofort bei der Telekom aus zertifizierten deutschen Rechenzentren erh\u00c3\u00a4ltlich.... Mehr auf Newsslash.com!","og_url":"https:\/\/newsslash.com\/n\/9445-telekom-startet-vertrieb-der-microsoft-cloud\/","og_site_name":"Newsslash","article_published_time":"2017-03-16T16:33:48+00:00","og_image":[{"width":1280,"height":854,"url":"https:\/\/newsslash.com\/n\/wp-content\/uploads\/2025\/04\/NewsSlash-Featured-Image.jpg","type":"image\/jpeg"}],"author":"Viktor Pulz","twitter_card":"summary_large_image","twitter_misc":{"Written by":"Viktor Pulz","Est. reading time":"1 minute"},"schema":{"@context":"https:\/\/schema.org","@graph":[{"@type":"Article","@id":"https:\/\/newsslash.com\/n\/9445-telekom-startet-vertrieb-der-microsoft-cloud\/#article","isPartOf":{"@id":"https:\/\/newsslash.com\/n\/9445-telekom-startet-vertrieb-der-microsoft-cloud\/"},"author":{"name":"Viktor Pulz","@id":"https:\/\/newsslash.com\/n\/#\/schema\/person\/9710bfacfd5579c2b307825ddaad6c46"},"headline":"Telekom startet Vertrieb der Microsoft Cloud","datePublished":"2017-03-16T16:33:48+00:00","mainEntityOfPage":{"@id":"https:\/\/newsslash.com\/n\/9445-telekom-startet-vertrieb-der-microsoft-cloud\/"},"wordCount":166,"commentCount":0,"publisher":{"@id":"https:\/\/newsslash.com\/n\/#organization"},"image":{"@id":"https:\/\/newsslash.com\/n\/9445-telekom-startet-vertrieb-der-microsoft-cloud\/#primaryimage"},"thumbnailUrl":"https:\/\/newsslash.com\/n\/wp-content\/uploads\/2025\/04\/NewsSlash-Featured-Image.jpg","articleSection":["Blog"],"inLanguage":"en-US","potentialAction":[{"@type":"CommentAction","name":"Comment","target":["https:\/\/newsslash.com\/n\/9445-telekom-startet-vertrieb-der-microsoft-cloud\/#respond"]}]},{"@type":"WebPage","@id":"https:\/\/newsslash.com\/n\/9445-telekom-startet-vertrieb-der-microsoft-cloud\/","url":"https:\/\/newsslash.com\/n\/9445-telekom-startet-vertrieb-der-microsoft-cloud\/","name":"Telekom startet Vertrieb der Microsoft Cloud - Newsslash","isPartOf":{"@id":"https:\/\/newsslash.com\/n\/#website"},"primaryImageOfPage":{"@id":"https:\/\/newsslash.com\/n\/9445-telekom-startet-vertrieb-der-microsoft-cloud\/#primaryimage"},"image":{"@id":"https:\/\/newsslash.com\/n\/9445-telekom-startet-vertrieb-der-microsoft-cloud\/#primaryimage"},"thumbnailUrl":"https:\/\/newsslash.com\/n\/wp-content\/uploads\/2025\/04\/NewsSlash-Featured-Image.jpg","datePublished":"2017-03-16T16:33:48+00:00","breadcrumb":{"@id":"https:\/\/newsslash.com\/n\/9445-telekom-startet-vertrieb-der-microsoft-cloud\/#breadcrumb"},"inLanguage":"en-US","potentialAction":[{"@type":"ReadAction","target":["https:\/\/newsslash.com\/n\/9445-telekom-startet-vertrieb-der-microsoft-cloud\/"]}]},{"@type":"ImageObject","inLanguage":"en-US","@id":"https:\/\/newsslash.com\/n\/9445-telekom-startet-vertrieb-der-microsoft-cloud\/#primaryimage","url":"https:\/\/newsslash.com\/n\/wp-content\/uploads\/2025\/04\/NewsSlash-Featured-Image.jpg","contentUrl":"https:\/\/newsslash.com\/n\/wp-content\/uploads\/2025\/04\/NewsSlash-Featured-Image.jpg","width":1280,"height":854},{"@type":"BreadcrumbList","@id":"https:\/\/newsslash.com\/n\/9445-telekom-startet-vertrieb-der-microsoft-cloud\/#breadcrumb","itemListElement":[{"@type":"ListItem","position":1,"name":"Home","item":"https:\/\/newsslash.com\/n\/"},{"@type":"ListItem","position":2,"name":"Telekom startet Vertrieb der Microsoft Cloud"}]},{"@type":"WebSite","@id":"https:\/\/newsslash.com\/n\/#website","url":"https:\/\/newsslash.com\/n\/","name":"Newsslash","description":"Trending News on Movies, Series, OTT, Gaming","publisher":{"@id":"https:\/\/newsslash.com\/n\/#organization"},"potentialAction":[{"@type":"SearchAction","target":{"@type":"EntryPoint","urlTemplate":"https:\/\/newsslash.com\/n\/?s={search_term_string}"},"query-input":{"@type":"PropertyValueSpecification","valueRequired":true,"valueName":"search_term_string"}}],"inLanguage":"en-US"},{"@type":"Organization","@id":"https:\/\/newsslash.com\/n\/#organization","name":"Newsslash","url":"https:\/\/newsslash.com\/n\/","logo":{"@type":"ImageObject","inLanguage":"en-US","@id":"https:\/\/newsslash.com\/n\/#\/schema\/logo\/image\/","url":"https:\/\/newsslash.com\/n\/wp-content\/uploads\/2025\/04\/cropped-Newsslash-logo-Fevicon.png","contentUrl":"https:\/\/newsslash.com\/n\/wp-content\/uploads\/2025\/04\/cropped-Newsslash-logo-Fevicon.png","width":512,"height":512,"caption":"Newsslash"},"image":{"@id":"https:\/\/newsslash.com\/n\/#\/schema\/logo\/image\/"}},{"@type":"Person","@id":"https:\/\/newsslash.com\/n\/#\/schema\/person\/9710bfacfd5579c2b307825ddaad6c46","name":"Viktor Pulz","sameAs":["https:\/\/newsslash.com"],"url":"https:\/\/newsslash.com\/n\/author\/viktor_pulz\/"}]}},"_links":{"self":[{"href":"https:\/\/newsslash.com\/n\/wp-json\/wp\/v2\/posts\/12600","targetHints":{"allow":["GET"]}}],"collection":[{"href":"https:\/\/newsslash.com\/n\/wp-json\/wp\/v2\/posts"}],"about":[{"href":"https:\/\/newsslash.com\/n\/wp-json\/wp\/v2\/types\/post"}],"author":[{"embeddable":true,"href":"https:\/\/newsslash.com\/n\/wp-json\/wp\/v2\/users\/2"}],"replies":[{"embeddable":true,"href":"https:\/\/newsslash.com\/n\/wp-json\/wp\/v2\/comments?post=12600"}],"version-history":[{"count":0,"href":"https:\/\/newsslash.com\/n\/wp-json\/wp\/v2\/posts\/12600\/revisions"}],"wp:featuredmedia":[{"embeddable":true,"href":"https:\/\/newsslash.com\/n\/wp-json\/wp\/v2\/media\/21974"}],"wp:attachment":[{"href":"https:\/\/newsslash.com\/n\/wp-json\/wp\/v2\/media?parent=12600"}],"curies":[{"name":"wp","href":"https:\/\/api.w.org\/{rel}","templated":true}]}}