{"id":12614,"date":"2017-03-19T01:21:00","date_gmt":"2017-03-19T01:21:00","guid":{"rendered":"https:\/\/newsslash.com\/n\/9459-wann-kommt-fear-the-walking-dead-staffel-2-auf-rtl\/"},"modified":"2017-03-19T01:21:00","modified_gmt":"2017-03-19T01:21:00","slug":"9459-wann-kommt-fear-the-walking-dead-staffel-2-auf-rtl","status":"publish","type":"post","link":"https:\/\/newsslash.com\/n\/9459-wann-kommt-fear-the-walking-dead-staffel-2-auf-rtl\/","title":{"rendered":"Wann kommt Fear the Walking Dead Staffel 2 auf RTL2?"},"content":{"rendered":"<p>Das The Walking Dead-Spin-Off Fear the Walking Dead schaffte es nun auch in den Free TV und feiert vor Kurzem Premiere bei RTL2. Da sich der Sender dazu entschieden hatte immer direkt mehrere Folgen der ersten Staffel hintereinander zu zeigen, war diese schnell \u00e2\u20ac\u017eabgearbeitet\u00e2\u20ac\u0153. Nun stellt sich nat\u00c3\u00bcrlich die Frage, wann Fear the Walking Dead Staffel 2 bei RTL2 erscheinen wird. Das d\u00c3\u00bcstere Drama f\u00c3\u00bchrte die Zuschauer zur\u00c3\u00bcck zum Anfang der Zombie-Apokalypse \u00e2\u20ac\u201c in eine Zeit, in der die Welt allm\u00c3\u00a4hlich zu dem grauenvollen Ort wurde, der in The Walking Dead gezeigt wird. Am Ende von Staffel eins haben Madison Clark (Kim Dickens), Travis Manawa (Cliff Curtis) und ihre Familien kurzzeitig Schutz im sicheren Anwesen von Victor Strand (Colman Domingo) an der Pazifikk\u00c3\u00bcste gesucht. W\u00c3\u00a4hrend Unruhen in der Bev\u00c3\u00b6lkerung zunehmen und die Toten Los Angeles immer mehr einnehmen, bereitet sich die Gruppe darauf vor, zur \u00e2\u20ac\u017eAbigail\u00e2\u20ac\u009d zu fl\u00c3\u00bcchten \u00e2\u20ac\u201c Strands gro\u00c3\u0178er Yacht, die vor der K\u00c3\u00bcste vor Anker liegt. Eine zweite Staffel von Fear the Walking Dead ist bereits \u00c3\u00bcber Amazon Prime Video verf\u00c3\u00bcgbar und kann zudem hier erworben werden: <a href=\"https:\/\/www.amazon.de\/Grotesk\/dp\/B01DW8ZAI8\/ref=as_li_ss_tl?ie=UTF8&amp;qid=1489866673&amp;sr=8-2&amp;keywords=fear+the+walking+dead&amp;linkCode=ll1&amp;tag=newsslash-21&amp;linkId=7db9e5542241ce27e0451f1bd59f881a\" target=\"_blank\">Fear the Walking Dead Staffel 2 bei Amazon<\/a>. Ab wann die zweite Staffel auch \u00c3\u00bcber RTL2 verf\u00c3\u00bcgbar sein wird, ist aktuell leider noch nicht bekannt, es kann aber davon ausgegangen werden, dass es rund ein Jahr dauern wird. \u00c3\u0153brigens: Eine dritte Staffel der Serie wurde ebenfalls bereits best\u00c3\u00a4tigt. Wer noch nicht genug von Zombie-Serien hat und das Original The Walking Dead noch nicht kennt, f\u00c3\u00bcr den haben wir zudem noch einen Tipp: Bereits in der kommenden Woche startet auf RTL2 die erste Staffel von The Walking Dead. Die Serie \u00c3\u00bcbernimmt hierbei den Sendeplatz von Fear the Walking Dead und startet demnach kommenden Samstag um 22:25 auf RTL2. <iframe loading=\"lazy\" allowfullscreen=\"\" frameborder=\"0\" height=\"315\" src=\"https:\/\/www.youtube-nocookie.com\/embed\/AyxTX1QA8LQ\" width=\"100%\"><\/iframe><\/p><div class=\"newss-content\" id=\"newss-1263533771\"><script async src=\"\/\/pagead2.googlesyndication.com\/pagead\/js\/adsbygoogle.js?client=ca-pub-7733425960004873\" crossorigin=\"anonymous\"><\/script><ins class=\"adsbygoogle\" style=\"display:block;\" data-ad-client=\"ca-pub-7733425960004873\" \ndata-ad-slot=\"2582020599\" \ndata-ad-format=\"auto\"><\/ins>\n<script> \n(adsbygoogle = window.adsbygoogle || []).push({}); \n<\/script>\n<\/div><div class=\"newss-article-1\" id=\"newss-1652463375\"><script async src=\"https:\/\/pagead2.googlesyndication.com\/pagead\/js\/adsbygoogle.js?client=ca-pub-7733425960004873\"\r\n     crossorigin=\"anonymous\"><\/script>\r\n<!-- Homepage2 -->\r\n<ins class=\"adsbygoogle\"\r\n     style=\"display:block\"\r\n     data-ad-client=\"ca-pub-7733425960004873\"\r\n     data-ad-slot=\"2582020599\"\r\n     data-ad-format=\"auto\"\r\n     data-full-width-responsive=\"true\"><\/ins>\r\n<script>\r\n     (adsbygoogle = window.adsbygoogle || []).push({});\r\n<\/script><\/div>\n","protected":false},"excerpt":{"rendered":"<p>RTL2 zeigte heute die finale Episode der ersten Staffel von Fear the Walking Dead Staffel 1. Doch ab wann steht Fear the Walking&#8230; Mehr auf Newsslash.com!<\/p>\n","protected":false},"author":2,"featured_media":21974,"comment_status":"open","ping_status":"open","sticky":false,"template":"","format":"standard","meta":{"_et_pb_use_builder":"","_et_pb_old_content":"","_et_gb_content_width":"","footnotes":""},"class_list":["post-12614","post","type-post","status-publish","format-standard","has-post-thumbnail","hentry","category-blog"],"yoast_head":"<!-- This site is optimized with the Yoast SEO plugin v24.8.1 - https:\/\/yoast.com\/wordpress\/plugins\/seo\/ -->\n<title>Wann kommt Fear the Walking Dead Staffel 2 auf RTL2? - Newsslash<\/title>\n<meta name=\"robots\" content=\"noindex, follow\" \/>\n<meta property=\"og:locale\" content=\"en_US\" \/>\n<meta property=\"og:type\" content=\"article\" \/>\n<meta property=\"og:title\" content=\"Wann kommt Fear the Walking Dead Staffel 2 auf RTL2? - Newsslash\" \/>\n<meta property=\"og:description\" content=\"RTL2 zeigte heute die finale Episode der ersten Staffel von Fear the Walking Dead Staffel 1. Doch ab wann steht Fear the Walking... Mehr auf Newsslash.com!\" \/>\n<meta property=\"og:url\" content=\"https:\/\/newsslash.com\/n\/9459-wann-kommt-fear-the-walking-dead-staffel-2-auf-rtl\/\" \/>\n<meta property=\"og:site_name\" content=\"Newsslash\" \/>\n<meta property=\"article:published_time\" content=\"2017-03-19T01:21:00+00:00\" \/>\n<meta property=\"og:image\" content=\"https:\/\/newsslash.com\/n\/wp-content\/uploads\/2025\/04\/NewsSlash-Featured-Image.jpg\" \/>\n\t<meta property=\"og:image:width\" content=\"1280\" \/>\n\t<meta property=\"og:image:height\" content=\"854\" \/>\n\t<meta property=\"og:image:type\" content=\"image\/jpeg\" \/>\n<meta name=\"author\" content=\"Viktor Pulz\" \/>\n<meta name=\"twitter:card\" content=\"summary_large_image\" \/>\n<meta name=\"twitter:label1\" content=\"Written by\" \/>\n\t<meta name=\"twitter:data1\" content=\"Viktor Pulz\" \/>\n\t<meta name=\"twitter:label2\" content=\"Est. reading time\" \/>\n\t<meta name=\"twitter:data2\" content=\"1 minute\" \/>\n<script type=\"application\/ld+json\" class=\"yoast-schema-graph\">{\"@context\":\"https:\/\/schema.org\",\"@graph\":[{\"@type\":\"Article\",\"@id\":\"https:\/\/newsslash.com\/n\/9459-wann-kommt-fear-the-walking-dead-staffel-2-auf-rtl\/#article\",\"isPartOf\":{\"@id\":\"https:\/\/newsslash.com\/n\/9459-wann-kommt-fear-the-walking-dead-staffel-2-auf-rtl\/\"},\"author\":{\"name\":\"Viktor Pulz\",\"@id\":\"https:\/\/newsslash.com\/n\/#\/schema\/person\/9710bfacfd5579c2b307825ddaad6c46\"},\"headline\":\"Wann kommt Fear the Walking Dead Staffel 2 auf RTL2?\",\"datePublished\":\"2017-03-19T01:21:00+00:00\",\"mainEntityOfPage\":{\"@id\":\"https:\/\/newsslash.com\/n\/9459-wann-kommt-fear-the-walking-dead-staffel-2-auf-rtl\/\"},\"wordCount\":306,\"commentCount\":0,\"publisher\":{\"@id\":\"https:\/\/newsslash.com\/n\/#organization\"},\"image\":{\"@id\":\"https:\/\/newsslash.com\/n\/9459-wann-kommt-fear-the-walking-dead-staffel-2-auf-rtl\/#primaryimage\"},\"thumbnailUrl\":\"https:\/\/newsslash.com\/n\/wp-content\/uploads\/2025\/04\/NewsSlash-Featured-Image.jpg\",\"articleSection\":[\"Blog\"],\"inLanguage\":\"en-US\",\"potentialAction\":[{\"@type\":\"CommentAction\",\"name\":\"Comment\",\"target\":[\"https:\/\/newsslash.com\/n\/9459-wann-kommt-fear-the-walking-dead-staffel-2-auf-rtl\/#respond\"]}]},{\"@type\":\"WebPage\",\"@id\":\"https:\/\/newsslash.com\/n\/9459-wann-kommt-fear-the-walking-dead-staffel-2-auf-rtl\/\",\"url\":\"https:\/\/newsslash.com\/n\/9459-wann-kommt-fear-the-walking-dead-staffel-2-auf-rtl\/\",\"name\":\"Wann kommt Fear the Walking Dead Staffel 2 auf RTL2? - Newsslash\",\"isPartOf\":{\"@id\":\"https:\/\/newsslash.com\/n\/#website\"},\"primaryImageOfPage\":{\"@id\":\"https:\/\/newsslash.com\/n\/9459-wann-kommt-fear-the-walking-dead-staffel-2-auf-rtl\/#primaryimage\"},\"image\":{\"@id\":\"https:\/\/newsslash.com\/n\/9459-wann-kommt-fear-the-walking-dead-staffel-2-auf-rtl\/#primaryimage\"},\"thumbnailUrl\":\"https:\/\/newsslash.com\/n\/wp-content\/uploads\/2025\/04\/NewsSlash-Featured-Image.jpg\",\"datePublished\":\"2017-03-19T01:21:00+00:00\",\"breadcrumb\":{\"@id\":\"https:\/\/newsslash.com\/n\/9459-wann-kommt-fear-the-walking-dead-staffel-2-auf-rtl\/#breadcrumb\"},\"inLanguage\":\"en-US\",\"potentialAction\":[{\"@type\":\"ReadAction\",\"target\":[\"https:\/\/newsslash.com\/n\/9459-wann-kommt-fear-the-walking-dead-staffel-2-auf-rtl\/\"]}]},{\"@type\":\"ImageObject\",\"inLanguage\":\"en-US\",\"@id\":\"https:\/\/newsslash.com\/n\/9459-wann-kommt-fear-the-walking-dead-staffel-2-auf-rtl\/#primaryimage\",\"url\":\"https:\/\/newsslash.com\/n\/wp-content\/uploads\/2025\/04\/NewsSlash-Featured-Image.jpg\",\"contentUrl\":\"https:\/\/newsslash.com\/n\/wp-content\/uploads\/2025\/04\/NewsSlash-Featured-Image.jpg\",\"width\":1280,\"height\":854},{\"@type\":\"BreadcrumbList\",\"@id\":\"https:\/\/newsslash.com\/n\/9459-wann-kommt-fear-the-walking-dead-staffel-2-auf-rtl\/#breadcrumb\",\"itemListElement\":[{\"@type\":\"ListItem\",\"position\":1,\"name\":\"Home\",\"item\":\"https:\/\/newsslash.com\/n\/\"},{\"@type\":\"ListItem\",\"position\":2,\"name\":\"Wann kommt Fear the Walking Dead Staffel 2 auf RTL2?\"}]},{\"@type\":\"WebSite\",\"@id\":\"https:\/\/newsslash.com\/n\/#website\",\"url\":\"https:\/\/newsslash.com\/n\/\",\"name\":\"Newsslash\",\"description\":\"Trending News on Movies, Series, OTT, Gaming\",\"publisher\":{\"@id\":\"https:\/\/newsslash.com\/n\/#organization\"},\"potentialAction\":[{\"@type\":\"SearchAction\",\"target\":{\"@type\":\"EntryPoint\",\"urlTemplate\":\"https:\/\/newsslash.com\/n\/?s={search_term_string}\"},\"query-input\":{\"@type\":\"PropertyValueSpecification\",\"valueRequired\":true,\"valueName\":\"search_term_string\"}}],\"inLanguage\":\"en-US\"},{\"@type\":\"Organization\",\"@id\":\"https:\/\/newsslash.com\/n\/#organization\",\"name\":\"Newsslash\",\"url\":\"https:\/\/newsslash.com\/n\/\",\"logo\":{\"@type\":\"ImageObject\",\"inLanguage\":\"en-US\",\"@id\":\"https:\/\/newsslash.com\/n\/#\/schema\/logo\/image\/\",\"url\":\"https:\/\/newsslash.com\/n\/wp-content\/uploads\/2025\/04\/cropped-Newsslash-logo-Fevicon.png\",\"contentUrl\":\"https:\/\/newsslash.com\/n\/wp-content\/uploads\/2025\/04\/cropped-Newsslash-logo-Fevicon.png\",\"width\":512,\"height\":512,\"caption\":\"Newsslash\"},\"image\":{\"@id\":\"https:\/\/newsslash.com\/n\/#\/schema\/logo\/image\/\"}},{\"@type\":\"Person\",\"@id\":\"https:\/\/newsslash.com\/n\/#\/schema\/person\/9710bfacfd5579c2b307825ddaad6c46\",\"name\":\"Viktor Pulz\",\"sameAs\":[\"https:\/\/newsslash.com\"],\"url\":\"https:\/\/newsslash.com\/n\/author\/viktor_pulz\/\"}]}<\/script>\n<!-- \/ Yoast SEO plugin. -->","yoast_head_json":{"title":"Wann kommt Fear the Walking Dead Staffel 2 auf RTL2? - Newsslash","robots":{"index":"noindex","follow":"follow"},"og_locale":"en_US","og_type":"article","og_title":"Wann kommt Fear the Walking Dead Staffel 2 auf RTL2? - Newsslash","og_description":"RTL2 zeigte heute die finale Episode der ersten Staffel von Fear the Walking Dead Staffel 1. Doch ab wann steht Fear the Walking... Mehr auf Newsslash.com!","og_url":"https:\/\/newsslash.com\/n\/9459-wann-kommt-fear-the-walking-dead-staffel-2-auf-rtl\/","og_site_name":"Newsslash","article_published_time":"2017-03-19T01:21:00+00:00","og_image":[{"width":1280,"height":854,"url":"https:\/\/newsslash.com\/n\/wp-content\/uploads\/2025\/04\/NewsSlash-Featured-Image.jpg","type":"image\/jpeg"}],"author":"Viktor Pulz","twitter_card":"summary_large_image","twitter_misc":{"Written by":"Viktor Pulz","Est. reading time":"1 minute"},"schema":{"@context":"https:\/\/schema.org","@graph":[{"@type":"Article","@id":"https:\/\/newsslash.com\/n\/9459-wann-kommt-fear-the-walking-dead-staffel-2-auf-rtl\/#article","isPartOf":{"@id":"https:\/\/newsslash.com\/n\/9459-wann-kommt-fear-the-walking-dead-staffel-2-auf-rtl\/"},"author":{"name":"Viktor Pulz","@id":"https:\/\/newsslash.com\/n\/#\/schema\/person\/9710bfacfd5579c2b307825ddaad6c46"},"headline":"Wann kommt Fear the Walking Dead Staffel 2 auf RTL2?","datePublished":"2017-03-19T01:21:00+00:00","mainEntityOfPage":{"@id":"https:\/\/newsslash.com\/n\/9459-wann-kommt-fear-the-walking-dead-staffel-2-auf-rtl\/"},"wordCount":306,"commentCount":0,"publisher":{"@id":"https:\/\/newsslash.com\/n\/#organization"},"image":{"@id":"https:\/\/newsslash.com\/n\/9459-wann-kommt-fear-the-walking-dead-staffel-2-auf-rtl\/#primaryimage"},"thumbnailUrl":"https:\/\/newsslash.com\/n\/wp-content\/uploads\/2025\/04\/NewsSlash-Featured-Image.jpg","articleSection":["Blog"],"inLanguage":"en-US","potentialAction":[{"@type":"CommentAction","name":"Comment","target":["https:\/\/newsslash.com\/n\/9459-wann-kommt-fear-the-walking-dead-staffel-2-auf-rtl\/#respond"]}]},{"@type":"WebPage","@id":"https:\/\/newsslash.com\/n\/9459-wann-kommt-fear-the-walking-dead-staffel-2-auf-rtl\/","url":"https:\/\/newsslash.com\/n\/9459-wann-kommt-fear-the-walking-dead-staffel-2-auf-rtl\/","name":"Wann kommt Fear the Walking Dead Staffel 2 auf RTL2? - Newsslash","isPartOf":{"@id":"https:\/\/newsslash.com\/n\/#website"},"primaryImageOfPage":{"@id":"https:\/\/newsslash.com\/n\/9459-wann-kommt-fear-the-walking-dead-staffel-2-auf-rtl\/#primaryimage"},"image":{"@id":"https:\/\/newsslash.com\/n\/9459-wann-kommt-fear-the-walking-dead-staffel-2-auf-rtl\/#primaryimage"},"thumbnailUrl":"https:\/\/newsslash.com\/n\/wp-content\/uploads\/2025\/04\/NewsSlash-Featured-Image.jpg","datePublished":"2017-03-19T01:21:00+00:00","breadcrumb":{"@id":"https:\/\/newsslash.com\/n\/9459-wann-kommt-fear-the-walking-dead-staffel-2-auf-rtl\/#breadcrumb"},"inLanguage":"en-US","potentialAction":[{"@type":"ReadAction","target":["https:\/\/newsslash.com\/n\/9459-wann-kommt-fear-the-walking-dead-staffel-2-auf-rtl\/"]}]},{"@type":"ImageObject","inLanguage":"en-US","@id":"https:\/\/newsslash.com\/n\/9459-wann-kommt-fear-the-walking-dead-staffel-2-auf-rtl\/#primaryimage","url":"https:\/\/newsslash.com\/n\/wp-content\/uploads\/2025\/04\/NewsSlash-Featured-Image.jpg","contentUrl":"https:\/\/newsslash.com\/n\/wp-content\/uploads\/2025\/04\/NewsSlash-Featured-Image.jpg","width":1280,"height":854},{"@type":"BreadcrumbList","@id":"https:\/\/newsslash.com\/n\/9459-wann-kommt-fear-the-walking-dead-staffel-2-auf-rtl\/#breadcrumb","itemListElement":[{"@type":"ListItem","position":1,"name":"Home","item":"https:\/\/newsslash.com\/n\/"},{"@type":"ListItem","position":2,"name":"Wann kommt Fear the Walking Dead Staffel 2 auf RTL2?"}]},{"@type":"WebSite","@id":"https:\/\/newsslash.com\/n\/#website","url":"https:\/\/newsslash.com\/n\/","name":"Newsslash","description":"Trending News on Movies, Series, OTT, Gaming","publisher":{"@id":"https:\/\/newsslash.com\/n\/#organization"},"potentialAction":[{"@type":"SearchAction","target":{"@type":"EntryPoint","urlTemplate":"https:\/\/newsslash.com\/n\/?s={search_term_string}"},"query-input":{"@type":"PropertyValueSpecification","valueRequired":true,"valueName":"search_term_string"}}],"inLanguage":"en-US"},{"@type":"Organization","@id":"https:\/\/newsslash.com\/n\/#organization","name":"Newsslash","url":"https:\/\/newsslash.com\/n\/","logo":{"@type":"ImageObject","inLanguage":"en-US","@id":"https:\/\/newsslash.com\/n\/#\/schema\/logo\/image\/","url":"https:\/\/newsslash.com\/n\/wp-content\/uploads\/2025\/04\/cropped-Newsslash-logo-Fevicon.png","contentUrl":"https:\/\/newsslash.com\/n\/wp-content\/uploads\/2025\/04\/cropped-Newsslash-logo-Fevicon.png","width":512,"height":512,"caption":"Newsslash"},"image":{"@id":"https:\/\/newsslash.com\/n\/#\/schema\/logo\/image\/"}},{"@type":"Person","@id":"https:\/\/newsslash.com\/n\/#\/schema\/person\/9710bfacfd5579c2b307825ddaad6c46","name":"Viktor Pulz","sameAs":["https:\/\/newsslash.com"],"url":"https:\/\/newsslash.com\/n\/author\/viktor_pulz\/"}]}},"_links":{"self":[{"href":"https:\/\/newsslash.com\/n\/wp-json\/wp\/v2\/posts\/12614","targetHints":{"allow":["GET"]}}],"collection":[{"href":"https:\/\/newsslash.com\/n\/wp-json\/wp\/v2\/posts"}],"about":[{"href":"https:\/\/newsslash.com\/n\/wp-json\/wp\/v2\/types\/post"}],"author":[{"embeddable":true,"href":"https:\/\/newsslash.com\/n\/wp-json\/wp\/v2\/users\/2"}],"replies":[{"embeddable":true,"href":"https:\/\/newsslash.com\/n\/wp-json\/wp\/v2\/comments?post=12614"}],"version-history":[{"count":0,"href":"https:\/\/newsslash.com\/n\/wp-json\/wp\/v2\/posts\/12614\/revisions"}],"wp:featuredmedia":[{"embeddable":true,"href":"https:\/\/newsslash.com\/n\/wp-json\/wp\/v2\/media\/21974"}],"wp:attachment":[{"href":"https:\/\/newsslash.com\/n\/wp-json\/wp\/v2\/media?parent=12614"}],"curies":[{"name":"wp","href":"https:\/\/api.w.org\/{rel}","templated":true}]}}