{"id":12638,"date":"2017-03-22T14:57:00","date_gmt":"2017-03-22T14:57:00","guid":{"rendered":"https:\/\/newsslash.com\/n\/9483-apple-stellt-iphone-7-und-iphone-7-plus-red-special-edition-vor\/"},"modified":"2017-03-22T14:57:00","modified_gmt":"2017-03-22T14:57:00","slug":"9483-apple-stellt-iphone-7-und-iphone-7-plus-red-special-edition-vor","status":"publish","type":"post","link":"https:\/\/newsslash.com\/n\/9483-apple-stellt-iphone-7-und-iphone-7-plus-red-special-edition-vor\/","title":{"rendered":"Apple stellt iPhone 7 und iPhone 7 Plus RED Special Editi&#8230;"},"content":{"rendered":"<p>Apple hat eine iPhone 7 und iPhone 7 Plus (PRODUCT)RED Special Edition in einem leuchtend roten Aluminiumgeh\u00c3\u00a4use in Anerkennung an die mehr als 10 j\u00c3\u00a4hrige Partnerschaft zwischen Apple und (RED) vorgestellt. Das Sonderedition (PRODUCT)RED iPhone wird ab Freitag, 24. M\u00c3\u00a4rz weltweit zur Onlinebestellung und in Stores verf\u00c3\u00bcgbar sein. &#8220;Seit dem Beginn der Zusammenarbeit mit (RED) vor 10 Jahren haben unsere Kunden durch den Kauf unserer Produkte ma\u00c3\u0178geblichen Anteil am Kampf gegen die Verbreitung von AIDS, von der urspr\u00c3\u00bcnglichen iPod nano (PRODUCT)RED Special Edition bis hin zum heutigen Lineup der Beats-Produkte und Zubeh\u00c3\u00b6r f\u00c3\u00bcr iPhone, iPad und Apple Watch,&#8221; sagt Tim Cook, CEO von Apple. &#8220;Die Vorstellung dieser iPhone Sonderedition in einem wundersch\u00c3\u00b6nen roten Finish ist unser bisher bedeutendstes (PRODUCT)RED-Angebot zur Feier unserer Partnerschaft mit (RED), und wir k\u00c3\u00b6nnen es kaum erwarten, diese in die H\u00c3\u00a4nde unserer Kunden zu legen.&#8221; &#8220;Apple ist der weltweit gr\u00c3\u00b6\u00c3\u0178te Spendengeber f\u00c3\u00bcr Global Fund und hat als Teil der Partnerschaft mit (RED) bisher \u00c3\u00bcber 130 Millionen US-Dollar beigesteuert&#8221;, sagt Deborah Dugan, CEO von (RED). &#8220;Durch die Kombination der globalen Reichweite des weltweit meistgeliebten Smartphones mit unserem Einsatz, Zugang zu lebensrettender ARV Medizin in Schwarzafrika zu erm\u00c3\u00b6glichen, haben Kunden durch den Kauf dieses wundersch\u00c3\u00b6nen (PRODUCT)RED iPhones jetzt eine au\u00c3\u0178ergew\u00c3\u00b6hnliche M\u00c3\u00b6glichkeit ihren Beitrag zum Global Fund zu leisten.&#8221;<\/p><div class=\"newss-content\" id=\"newss-791471846\"><script async src=\"\/\/pagead2.googlesyndication.com\/pagead\/js\/adsbygoogle.js?client=ca-pub-7733425960004873\" crossorigin=\"anonymous\"><\/script><ins class=\"adsbygoogle\" style=\"display:block;\" data-ad-client=\"ca-pub-7733425960004873\" \ndata-ad-slot=\"2582020599\" \ndata-ad-format=\"auto\"><\/ins>\n<script> \n(adsbygoogle = window.adsbygoogle || []).push({}); \n<\/script>\n<\/div><div class=\"newss-article-1\" id=\"newss-576429208\"><script async src=\"https:\/\/pagead2.googlesyndication.com\/pagead\/js\/adsbygoogle.js?client=ca-pub-7733425960004873\"\r\n     crossorigin=\"anonymous\"><\/script>\r\n<!-- Homepage2 -->\r\n<ins class=\"adsbygoogle\"\r\n     style=\"display:block\"\r\n     data-ad-client=\"ca-pub-7733425960004873\"\r\n     data-ad-slot=\"2582020599\"\r\n     data-ad-format=\"auto\"\r\n     data-full-width-responsive=\"true\"><\/ins>\r\n<script>\r\n     (adsbygoogle = window.adsbygoogle || []).push({});\r\n<\/script><\/div>\n","protected":false},"excerpt":{"rendered":"<p>Apple-Kunden k\u00c3\u00b6nnen das iPhone 7 und das iPhone 7 Plus ab sofort in einem neuen Finish erwerben und damit einen Beitrag zum Global&#8230; Mehr auf Newsslash.com!<\/p>\n","protected":false},"author":2,"featured_media":12594,"comment_status":"open","ping_status":"open","sticky":false,"template":"","format":"standard","meta":{"_et_pb_use_builder":"","_et_pb_old_content":"","_et_gb_content_width":"","footnotes":""},"class_list":["post-12638","post","type-post","status-publish","format-standard","has-post-thumbnail","hentry","category-blog"],"yoast_head":"<!-- This site is optimized with the Yoast SEO plugin v24.8.1 - https:\/\/yoast.com\/wordpress\/plugins\/seo\/ -->\n<title>Apple stellt iPhone 7 und iPhone 7 Plus RED Special Editi... - Newsslash<\/title>\n<meta name=\"robots\" content=\"noindex, follow\" \/>\n<meta property=\"og:locale\" content=\"en_US\" \/>\n<meta property=\"og:type\" content=\"article\" \/>\n<meta property=\"og:title\" content=\"Apple stellt iPhone 7 und iPhone 7 Plus RED Special Editi... - Newsslash\" \/>\n<meta property=\"og:description\" content=\"Apple-Kunden k\u00c3\u00b6nnen das iPhone 7 und das iPhone 7 Plus ab sofort in einem neuen Finish erwerben und damit einen Beitrag zum Global... Mehr auf Newsslash.com!\" \/>\n<meta property=\"og:url\" content=\"https:\/\/newsslash.com\/n\/9483-apple-stellt-iphone-7-und-iphone-7-plus-red-special-edition-vor\/\" \/>\n<meta property=\"og:site_name\" content=\"Newsslash\" \/>\n<meta property=\"article:published_time\" content=\"2017-03-22T14:57:00+00:00\" \/>\n<meta property=\"og:image\" content=\"https:\/\/newsslash.com\/n\/wp-content\/uploads\/2025\/04\/teaser_img_9483.jpg\" \/>\n\t<meta property=\"og:image:width\" content=\"617\" \/>\n\t<meta property=\"og:image:height\" content=\"349\" \/>\n\t<meta property=\"og:image:type\" content=\"image\/jpeg\" \/>\n<meta name=\"author\" content=\"Viktor Pulz\" \/>\n<meta name=\"twitter:card\" content=\"summary_large_image\" \/>\n<meta name=\"twitter:label1\" content=\"Written by\" \/>\n\t<meta name=\"twitter:data1\" content=\"Viktor Pulz\" \/>\n\t<meta name=\"twitter:label2\" content=\"Est. reading time\" \/>\n\t<meta name=\"twitter:data2\" content=\"1 minute\" \/>\n<script type=\"application\/ld+json\" class=\"yoast-schema-graph\">{\"@context\":\"https:\/\/schema.org\",\"@graph\":[{\"@type\":\"Article\",\"@id\":\"https:\/\/newsslash.com\/n\/9483-apple-stellt-iphone-7-und-iphone-7-plus-red-special-edition-vor\/#article\",\"isPartOf\":{\"@id\":\"https:\/\/newsslash.com\/n\/9483-apple-stellt-iphone-7-und-iphone-7-plus-red-special-edition-vor\/\"},\"author\":{\"name\":\"Viktor Pulz\",\"@id\":\"https:\/\/newsslash.com\/n\/#\/schema\/person\/9710bfacfd5579c2b307825ddaad6c46\"},\"headline\":\"Apple stellt iPhone 7 und iPhone 7 Plus RED Special Editi&#8230;\",\"datePublished\":\"2017-03-22T14:57:00+00:00\",\"mainEntityOfPage\":{\"@id\":\"https:\/\/newsslash.com\/n\/9483-apple-stellt-iphone-7-und-iphone-7-plus-red-special-edition-vor\/\"},\"wordCount\":236,\"commentCount\":0,\"publisher\":{\"@id\":\"https:\/\/newsslash.com\/n\/#organization\"},\"image\":{\"@id\":\"https:\/\/newsslash.com\/n\/9483-apple-stellt-iphone-7-und-iphone-7-plus-red-special-edition-vor\/#primaryimage\"},\"thumbnailUrl\":\"https:\/\/newsslash.com\/n\/wp-content\/uploads\/2025\/04\/teaser_img_9483.jpg\",\"articleSection\":[\"Blog\"],\"inLanguage\":\"en-US\",\"potentialAction\":[{\"@type\":\"CommentAction\",\"name\":\"Comment\",\"target\":[\"https:\/\/newsslash.com\/n\/9483-apple-stellt-iphone-7-und-iphone-7-plus-red-special-edition-vor\/#respond\"]}]},{\"@type\":\"WebPage\",\"@id\":\"https:\/\/newsslash.com\/n\/9483-apple-stellt-iphone-7-und-iphone-7-plus-red-special-edition-vor\/\",\"url\":\"https:\/\/newsslash.com\/n\/9483-apple-stellt-iphone-7-und-iphone-7-plus-red-special-edition-vor\/\",\"name\":\"Apple stellt iPhone 7 und iPhone 7 Plus RED Special Editi... - Newsslash\",\"isPartOf\":{\"@id\":\"https:\/\/newsslash.com\/n\/#website\"},\"primaryImageOfPage\":{\"@id\":\"https:\/\/newsslash.com\/n\/9483-apple-stellt-iphone-7-und-iphone-7-plus-red-special-edition-vor\/#primaryimage\"},\"image\":{\"@id\":\"https:\/\/newsslash.com\/n\/9483-apple-stellt-iphone-7-und-iphone-7-plus-red-special-edition-vor\/#primaryimage\"},\"thumbnailUrl\":\"https:\/\/newsslash.com\/n\/wp-content\/uploads\/2025\/04\/teaser_img_9483.jpg\",\"datePublished\":\"2017-03-22T14:57:00+00:00\",\"breadcrumb\":{\"@id\":\"https:\/\/newsslash.com\/n\/9483-apple-stellt-iphone-7-und-iphone-7-plus-red-special-edition-vor\/#breadcrumb\"},\"inLanguage\":\"en-US\",\"potentialAction\":[{\"@type\":\"ReadAction\",\"target\":[\"https:\/\/newsslash.com\/n\/9483-apple-stellt-iphone-7-und-iphone-7-plus-red-special-edition-vor\/\"]}]},{\"@type\":\"ImageObject\",\"inLanguage\":\"en-US\",\"@id\":\"https:\/\/newsslash.com\/n\/9483-apple-stellt-iphone-7-und-iphone-7-plus-red-special-edition-vor\/#primaryimage\",\"url\":\"https:\/\/newsslash.com\/n\/wp-content\/uploads\/2025\/04\/teaser_img_9483.jpg\",\"contentUrl\":\"https:\/\/newsslash.com\/n\/wp-content\/uploads\/2025\/04\/teaser_img_9483.jpg\",\"width\":617,\"height\":349},{\"@type\":\"BreadcrumbList\",\"@id\":\"https:\/\/newsslash.com\/n\/9483-apple-stellt-iphone-7-und-iphone-7-plus-red-special-edition-vor\/#breadcrumb\",\"itemListElement\":[{\"@type\":\"ListItem\",\"position\":1,\"name\":\"Home\",\"item\":\"https:\/\/newsslash.com\/n\/\"},{\"@type\":\"ListItem\",\"position\":2,\"name\":\"Apple stellt iPhone 7 und iPhone 7 Plus RED Special Editi&#8230;\"}]},{\"@type\":\"WebSite\",\"@id\":\"https:\/\/newsslash.com\/n\/#website\",\"url\":\"https:\/\/newsslash.com\/n\/\",\"name\":\"Newsslash\",\"description\":\"Trending News on Movies, Series, OTT, Gaming\",\"publisher\":{\"@id\":\"https:\/\/newsslash.com\/n\/#organization\"},\"potentialAction\":[{\"@type\":\"SearchAction\",\"target\":{\"@type\":\"EntryPoint\",\"urlTemplate\":\"https:\/\/newsslash.com\/n\/?s={search_term_string}\"},\"query-input\":{\"@type\":\"PropertyValueSpecification\",\"valueRequired\":true,\"valueName\":\"search_term_string\"}}],\"inLanguage\":\"en-US\"},{\"@type\":\"Organization\",\"@id\":\"https:\/\/newsslash.com\/n\/#organization\",\"name\":\"Newsslash\",\"url\":\"https:\/\/newsslash.com\/n\/\",\"logo\":{\"@type\":\"ImageObject\",\"inLanguage\":\"en-US\",\"@id\":\"https:\/\/newsslash.com\/n\/#\/schema\/logo\/image\/\",\"url\":\"https:\/\/newsslash.com\/n\/wp-content\/uploads\/2025\/04\/cropped-Newsslash-logo-Fevicon.png\",\"contentUrl\":\"https:\/\/newsslash.com\/n\/wp-content\/uploads\/2025\/04\/cropped-Newsslash-logo-Fevicon.png\",\"width\":512,\"height\":512,\"caption\":\"Newsslash\"},\"image\":{\"@id\":\"https:\/\/newsslash.com\/n\/#\/schema\/logo\/image\/\"}},{\"@type\":\"Person\",\"@id\":\"https:\/\/newsslash.com\/n\/#\/schema\/person\/9710bfacfd5579c2b307825ddaad6c46\",\"name\":\"Viktor Pulz\",\"sameAs\":[\"https:\/\/newsslash.com\"],\"url\":\"https:\/\/newsslash.com\/n\/author\/viktor_pulz\/\"}]}<\/script>\n<!-- \/ Yoast SEO plugin. -->","yoast_head_json":{"title":"Apple stellt iPhone 7 und iPhone 7 Plus RED Special Editi... - Newsslash","robots":{"index":"noindex","follow":"follow"},"og_locale":"en_US","og_type":"article","og_title":"Apple stellt iPhone 7 und iPhone 7 Plus RED Special Editi... - Newsslash","og_description":"Apple-Kunden k\u00c3\u00b6nnen das iPhone 7 und das iPhone 7 Plus ab sofort in einem neuen Finish erwerben und damit einen Beitrag zum Global... Mehr auf Newsslash.com!","og_url":"https:\/\/newsslash.com\/n\/9483-apple-stellt-iphone-7-und-iphone-7-plus-red-special-edition-vor\/","og_site_name":"Newsslash","article_published_time":"2017-03-22T14:57:00+00:00","og_image":[{"width":617,"height":349,"url":"https:\/\/newsslash.com\/n\/wp-content\/uploads\/2025\/04\/teaser_img_9483.jpg","type":"image\/jpeg"}],"author":"Viktor Pulz","twitter_card":"summary_large_image","twitter_misc":{"Written by":"Viktor Pulz","Est. reading time":"1 minute"},"schema":{"@context":"https:\/\/schema.org","@graph":[{"@type":"Article","@id":"https:\/\/newsslash.com\/n\/9483-apple-stellt-iphone-7-und-iphone-7-plus-red-special-edition-vor\/#article","isPartOf":{"@id":"https:\/\/newsslash.com\/n\/9483-apple-stellt-iphone-7-und-iphone-7-plus-red-special-edition-vor\/"},"author":{"name":"Viktor Pulz","@id":"https:\/\/newsslash.com\/n\/#\/schema\/person\/9710bfacfd5579c2b307825ddaad6c46"},"headline":"Apple stellt iPhone 7 und iPhone 7 Plus RED Special Editi&#8230;","datePublished":"2017-03-22T14:57:00+00:00","mainEntityOfPage":{"@id":"https:\/\/newsslash.com\/n\/9483-apple-stellt-iphone-7-und-iphone-7-plus-red-special-edition-vor\/"},"wordCount":236,"commentCount":0,"publisher":{"@id":"https:\/\/newsslash.com\/n\/#organization"},"image":{"@id":"https:\/\/newsslash.com\/n\/9483-apple-stellt-iphone-7-und-iphone-7-plus-red-special-edition-vor\/#primaryimage"},"thumbnailUrl":"https:\/\/newsslash.com\/n\/wp-content\/uploads\/2025\/04\/teaser_img_9483.jpg","articleSection":["Blog"],"inLanguage":"en-US","potentialAction":[{"@type":"CommentAction","name":"Comment","target":["https:\/\/newsslash.com\/n\/9483-apple-stellt-iphone-7-und-iphone-7-plus-red-special-edition-vor\/#respond"]}]},{"@type":"WebPage","@id":"https:\/\/newsslash.com\/n\/9483-apple-stellt-iphone-7-und-iphone-7-plus-red-special-edition-vor\/","url":"https:\/\/newsslash.com\/n\/9483-apple-stellt-iphone-7-und-iphone-7-plus-red-special-edition-vor\/","name":"Apple stellt iPhone 7 und iPhone 7 Plus RED Special Editi... - Newsslash","isPartOf":{"@id":"https:\/\/newsslash.com\/n\/#website"},"primaryImageOfPage":{"@id":"https:\/\/newsslash.com\/n\/9483-apple-stellt-iphone-7-und-iphone-7-plus-red-special-edition-vor\/#primaryimage"},"image":{"@id":"https:\/\/newsslash.com\/n\/9483-apple-stellt-iphone-7-und-iphone-7-plus-red-special-edition-vor\/#primaryimage"},"thumbnailUrl":"https:\/\/newsslash.com\/n\/wp-content\/uploads\/2025\/04\/teaser_img_9483.jpg","datePublished":"2017-03-22T14:57:00+00:00","breadcrumb":{"@id":"https:\/\/newsslash.com\/n\/9483-apple-stellt-iphone-7-und-iphone-7-plus-red-special-edition-vor\/#breadcrumb"},"inLanguage":"en-US","potentialAction":[{"@type":"ReadAction","target":["https:\/\/newsslash.com\/n\/9483-apple-stellt-iphone-7-und-iphone-7-plus-red-special-edition-vor\/"]}]},{"@type":"ImageObject","inLanguage":"en-US","@id":"https:\/\/newsslash.com\/n\/9483-apple-stellt-iphone-7-und-iphone-7-plus-red-special-edition-vor\/#primaryimage","url":"https:\/\/newsslash.com\/n\/wp-content\/uploads\/2025\/04\/teaser_img_9483.jpg","contentUrl":"https:\/\/newsslash.com\/n\/wp-content\/uploads\/2025\/04\/teaser_img_9483.jpg","width":617,"height":349},{"@type":"BreadcrumbList","@id":"https:\/\/newsslash.com\/n\/9483-apple-stellt-iphone-7-und-iphone-7-plus-red-special-edition-vor\/#breadcrumb","itemListElement":[{"@type":"ListItem","position":1,"name":"Home","item":"https:\/\/newsslash.com\/n\/"},{"@type":"ListItem","position":2,"name":"Apple stellt iPhone 7 und iPhone 7 Plus RED Special Editi&#8230;"}]},{"@type":"WebSite","@id":"https:\/\/newsslash.com\/n\/#website","url":"https:\/\/newsslash.com\/n\/","name":"Newsslash","description":"Trending News on Movies, Series, OTT, Gaming","publisher":{"@id":"https:\/\/newsslash.com\/n\/#organization"},"potentialAction":[{"@type":"SearchAction","target":{"@type":"EntryPoint","urlTemplate":"https:\/\/newsslash.com\/n\/?s={search_term_string}"},"query-input":{"@type":"PropertyValueSpecification","valueRequired":true,"valueName":"search_term_string"}}],"inLanguage":"en-US"},{"@type":"Organization","@id":"https:\/\/newsslash.com\/n\/#organization","name":"Newsslash","url":"https:\/\/newsslash.com\/n\/","logo":{"@type":"ImageObject","inLanguage":"en-US","@id":"https:\/\/newsslash.com\/n\/#\/schema\/logo\/image\/","url":"https:\/\/newsslash.com\/n\/wp-content\/uploads\/2025\/04\/cropped-Newsslash-logo-Fevicon.png","contentUrl":"https:\/\/newsslash.com\/n\/wp-content\/uploads\/2025\/04\/cropped-Newsslash-logo-Fevicon.png","width":512,"height":512,"caption":"Newsslash"},"image":{"@id":"https:\/\/newsslash.com\/n\/#\/schema\/logo\/image\/"}},{"@type":"Person","@id":"https:\/\/newsslash.com\/n\/#\/schema\/person\/9710bfacfd5579c2b307825ddaad6c46","name":"Viktor Pulz","sameAs":["https:\/\/newsslash.com"],"url":"https:\/\/newsslash.com\/n\/author\/viktor_pulz\/"}]}},"_links":{"self":[{"href":"https:\/\/newsslash.com\/n\/wp-json\/wp\/v2\/posts\/12638","targetHints":{"allow":["GET"]}}],"collection":[{"href":"https:\/\/newsslash.com\/n\/wp-json\/wp\/v2\/posts"}],"about":[{"href":"https:\/\/newsslash.com\/n\/wp-json\/wp\/v2\/types\/post"}],"author":[{"embeddable":true,"href":"https:\/\/newsslash.com\/n\/wp-json\/wp\/v2\/users\/2"}],"replies":[{"embeddable":true,"href":"https:\/\/newsslash.com\/n\/wp-json\/wp\/v2\/comments?post=12638"}],"version-history":[{"count":0,"href":"https:\/\/newsslash.com\/n\/wp-json\/wp\/v2\/posts\/12638\/revisions"}],"wp:featuredmedia":[{"embeddable":true,"href":"https:\/\/newsslash.com\/n\/wp-json\/wp\/v2\/media\/12594"}],"wp:attachment":[{"href":"https:\/\/newsslash.com\/n\/wp-json\/wp\/v2\/media?parent=12638"}],"curies":[{"name":"wp","href":"https:\/\/api.w.org\/{rel}","templated":true}]}}