{"id":12640,"date":"2017-03-22T17:59:14","date_gmt":"2017-03-22T17:59:14","guid":{"rendered":"https:\/\/newsslash.com\/n\/9485-you-are-wanted-staffel-2-bestaetigt\/"},"modified":"2017-03-22T17:59:14","modified_gmt":"2017-03-22T17:59:14","slug":"9485-you-are-wanted-staffel-2-bestaetigt","status":"publish","type":"post","link":"https:\/\/newsslash.com\/n\/9485-you-are-wanted-staffel-2-bestaetigt\/","title":{"rendered":"You Are Wanted: Staffel 2 best\u00c3\u00a4tigt"},"content":{"rendered":"<p>Das erste deutsche Amazon Original feiert das st\u00c3\u00a4rkste Startwochenende einer Serie in der Geschichte von Amazon Prime Video in Deutschland. Schon kurz nach dem Start bewerten You Are Wanted auf Amazon mehr Kunden mit f\u00c3\u00bcnf von f\u00c3\u00bcnf Sternen als jede andere Serie zuvor in der Geschichte von Amazon Prime Video in Deutschland. Auch international legt die Serie einen gl\u00c3\u00a4nzenden Start hin: In 70 L\u00c3\u00a4ndern geh\u00c3\u00b6rt You Are Wanted zu den f\u00c3\u00bcnf meist gesehenen Serien des Wochenendes, darunter Kanada, Mexiko, Brasilien, Frankreich, Italien und Spanien. Amazon gab nun eine weitere Staffel von You Are Wanted mit Matthias Schweigh\u00c3\u00b6fer in Auftrag, wie die erste Staffel produziert von Pantaleon Films GmbH, Warner Bros. Entertainment GmbH und Warner Bros. International Television Production Deutschland GmbH. Matthias Schweigh\u00c3\u00b6fer: \u00e2\u20ac\u017eWir freuen uns sehr \u00c3\u00bcber diesen gro\u00c3\u0178en Erfolg bei Amazon Prime Video. Die Resonanzen aus der ganzen Welt sind gro\u00c3\u0178artig. Ich freue mich, gemeinsam mit Amazon, PANTALEON Films und Warner Bros. die Geschichte in einer zweiten Staffel weiterzuerz\u00c3\u00a4hlen.\u00e2\u20ac\u0153 \u00e2\u20ac\u017eBei Amazon h\u00c3\u00b6ren wir unseren Kunden sehr genau zu. Sie haben gesprochen und unsere erste deutsche Amazon Original Serie zum erfolgreichsten Start aller Zeiten gemacht\u00e2\u20ac\u0153, sagt Dr. Christoph Schneider, Gesch\u00c3\u00a4ftsf\u00c3\u00bchrer Amazon Video Deutschland. \u00e2\u20ac\u017eWir freuen uns darauf, Staffel zwei noch gr\u00c3\u00b6\u00c3\u0178er und noch besser zu machen.\u00e2\u20ac\u0153<\/p><div class=\"newss-content\" id=\"newss-596904637\"><script async src=\"\/\/pagead2.googlesyndication.com\/pagead\/js\/adsbygoogle.js?client=ca-pub-7733425960004873\" crossorigin=\"anonymous\"><\/script><ins class=\"adsbygoogle\" style=\"display:block;\" data-ad-client=\"ca-pub-7733425960004873\" \ndata-ad-slot=\"2582020599\" \ndata-ad-format=\"auto\"><\/ins>\n<script> \n(adsbygoogle = window.adsbygoogle || []).push({}); \n<\/script>\n<\/div><div class=\"newss-article-1\" id=\"newss-2706147761\"><script async src=\"https:\/\/pagead2.googlesyndication.com\/pagead\/js\/adsbygoogle.js?client=ca-pub-7733425960004873\"\r\n     crossorigin=\"anonymous\"><\/script>\r\n<!-- Homepage2 -->\r\n<ins class=\"adsbygoogle\"\r\n     style=\"display:block\"\r\n     data-ad-client=\"ca-pub-7733425960004873\"\r\n     data-ad-slot=\"2582020599\"\r\n     data-ad-format=\"auto\"\r\n     data-full-width-responsive=\"true\"><\/ins>\r\n<script>\r\n     (adsbygoogle = window.adsbygoogle || []).push({});\r\n<\/script><\/div>\n","protected":false},"excerpt":{"rendered":"<p>Amazon hat heute bekannt gegeben, dass die Serie You Are Wanted erfolgreich starten konnte und nun eine zweite Staffel in Auftrag&#8230; Mehr auf Newsslash.com!<\/p>\n","protected":false},"author":2,"featured_media":21974,"comment_status":"open","ping_status":"open","sticky":false,"template":"","format":"standard","meta":{"_et_pb_use_builder":"","_et_pb_old_content":"","_et_gb_content_width":"","footnotes":""},"class_list":["post-12640","post","type-post","status-publish","format-standard","has-post-thumbnail","hentry","category-blog"],"yoast_head":"<!-- This site is optimized with the Yoast SEO plugin v24.8.1 - https:\/\/yoast.com\/wordpress\/plugins\/seo\/ -->\n<title>You Are Wanted: Staffel 2 best\u00c3\u00a4tigt - Newsslash<\/title>\n<meta name=\"robots\" content=\"noindex, follow\" \/>\n<meta property=\"og:locale\" content=\"en_US\" \/>\n<meta property=\"og:type\" content=\"article\" \/>\n<meta property=\"og:title\" content=\"You Are Wanted: Staffel 2 best\u00c3\u00a4tigt - Newsslash\" \/>\n<meta property=\"og:description\" content=\"Amazon hat heute bekannt gegeben, dass die Serie You Are Wanted erfolgreich starten konnte und nun eine zweite Staffel in Auftrag... Mehr auf Newsslash.com!\" \/>\n<meta property=\"og:url\" content=\"https:\/\/newsslash.com\/n\/9485-you-are-wanted-staffel-2-bestaetigt\/\" \/>\n<meta property=\"og:site_name\" content=\"Newsslash\" \/>\n<meta property=\"article:published_time\" content=\"2017-03-22T17:59:14+00:00\" \/>\n<meta property=\"og:image\" content=\"https:\/\/newsslash.com\/n\/wp-content\/uploads\/2025\/04\/NewsSlash-Featured-Image.jpg\" \/>\n\t<meta property=\"og:image:width\" content=\"1280\" \/>\n\t<meta property=\"og:image:height\" content=\"854\" \/>\n\t<meta property=\"og:image:type\" content=\"image\/jpeg\" \/>\n<meta name=\"author\" content=\"Viktor Pulz\" \/>\n<meta name=\"twitter:card\" content=\"summary_large_image\" \/>\n<meta name=\"twitter:label1\" content=\"Written by\" \/>\n\t<meta name=\"twitter:data1\" content=\"Viktor Pulz\" \/>\n\t<meta name=\"twitter:label2\" content=\"Est. reading time\" \/>\n\t<meta name=\"twitter:data2\" content=\"1 minute\" \/>\n<script type=\"application\/ld+json\" class=\"yoast-schema-graph\">{\"@context\":\"https:\/\/schema.org\",\"@graph\":[{\"@type\":\"Article\",\"@id\":\"https:\/\/newsslash.com\/n\/9485-you-are-wanted-staffel-2-bestaetigt\/#article\",\"isPartOf\":{\"@id\":\"https:\/\/newsslash.com\/n\/9485-you-are-wanted-staffel-2-bestaetigt\/\"},\"author\":{\"name\":\"Viktor Pulz\",\"@id\":\"https:\/\/newsslash.com\/n\/#\/schema\/person\/9710bfacfd5579c2b307825ddaad6c46\"},\"headline\":\"You Are Wanted: Staffel 2 best\u00c3\u00a4tigt\",\"datePublished\":\"2017-03-22T17:59:14+00:00\",\"mainEntityOfPage\":{\"@id\":\"https:\/\/newsslash.com\/n\/9485-you-are-wanted-staffel-2-bestaetigt\/\"},\"wordCount\":227,\"commentCount\":0,\"publisher\":{\"@id\":\"https:\/\/newsslash.com\/n\/#organization\"},\"image\":{\"@id\":\"https:\/\/newsslash.com\/n\/9485-you-are-wanted-staffel-2-bestaetigt\/#primaryimage\"},\"thumbnailUrl\":\"https:\/\/newsslash.com\/n\/wp-content\/uploads\/2025\/04\/NewsSlash-Featured-Image.jpg\",\"articleSection\":[\"Blog\"],\"inLanguage\":\"en-US\",\"potentialAction\":[{\"@type\":\"CommentAction\",\"name\":\"Comment\",\"target\":[\"https:\/\/newsslash.com\/n\/9485-you-are-wanted-staffel-2-bestaetigt\/#respond\"]}]},{\"@type\":\"WebPage\",\"@id\":\"https:\/\/newsslash.com\/n\/9485-you-are-wanted-staffel-2-bestaetigt\/\",\"url\":\"https:\/\/newsslash.com\/n\/9485-you-are-wanted-staffel-2-bestaetigt\/\",\"name\":\"You Are Wanted: Staffel 2 best\u00c3\u00a4tigt - Newsslash\",\"isPartOf\":{\"@id\":\"https:\/\/newsslash.com\/n\/#website\"},\"primaryImageOfPage\":{\"@id\":\"https:\/\/newsslash.com\/n\/9485-you-are-wanted-staffel-2-bestaetigt\/#primaryimage\"},\"image\":{\"@id\":\"https:\/\/newsslash.com\/n\/9485-you-are-wanted-staffel-2-bestaetigt\/#primaryimage\"},\"thumbnailUrl\":\"https:\/\/newsslash.com\/n\/wp-content\/uploads\/2025\/04\/NewsSlash-Featured-Image.jpg\",\"datePublished\":\"2017-03-22T17:59:14+00:00\",\"breadcrumb\":{\"@id\":\"https:\/\/newsslash.com\/n\/9485-you-are-wanted-staffel-2-bestaetigt\/#breadcrumb\"},\"inLanguage\":\"en-US\",\"potentialAction\":[{\"@type\":\"ReadAction\",\"target\":[\"https:\/\/newsslash.com\/n\/9485-you-are-wanted-staffel-2-bestaetigt\/\"]}]},{\"@type\":\"ImageObject\",\"inLanguage\":\"en-US\",\"@id\":\"https:\/\/newsslash.com\/n\/9485-you-are-wanted-staffel-2-bestaetigt\/#primaryimage\",\"url\":\"https:\/\/newsslash.com\/n\/wp-content\/uploads\/2025\/04\/NewsSlash-Featured-Image.jpg\",\"contentUrl\":\"https:\/\/newsslash.com\/n\/wp-content\/uploads\/2025\/04\/NewsSlash-Featured-Image.jpg\",\"width\":1280,\"height\":854},{\"@type\":\"BreadcrumbList\",\"@id\":\"https:\/\/newsslash.com\/n\/9485-you-are-wanted-staffel-2-bestaetigt\/#breadcrumb\",\"itemListElement\":[{\"@type\":\"ListItem\",\"position\":1,\"name\":\"Home\",\"item\":\"https:\/\/newsslash.com\/n\/\"},{\"@type\":\"ListItem\",\"position\":2,\"name\":\"You Are Wanted: Staffel 2 best\u00c3\u00a4tigt\"}]},{\"@type\":\"WebSite\",\"@id\":\"https:\/\/newsslash.com\/n\/#website\",\"url\":\"https:\/\/newsslash.com\/n\/\",\"name\":\"Newsslash\",\"description\":\"Trending News on Movies, Series, OTT, Gaming\",\"publisher\":{\"@id\":\"https:\/\/newsslash.com\/n\/#organization\"},\"potentialAction\":[{\"@type\":\"SearchAction\",\"target\":{\"@type\":\"EntryPoint\",\"urlTemplate\":\"https:\/\/newsslash.com\/n\/?s={search_term_string}\"},\"query-input\":{\"@type\":\"PropertyValueSpecification\",\"valueRequired\":true,\"valueName\":\"search_term_string\"}}],\"inLanguage\":\"en-US\"},{\"@type\":\"Organization\",\"@id\":\"https:\/\/newsslash.com\/n\/#organization\",\"name\":\"Newsslash\",\"url\":\"https:\/\/newsslash.com\/n\/\",\"logo\":{\"@type\":\"ImageObject\",\"inLanguage\":\"en-US\",\"@id\":\"https:\/\/newsslash.com\/n\/#\/schema\/logo\/image\/\",\"url\":\"https:\/\/newsslash.com\/n\/wp-content\/uploads\/2025\/04\/cropped-Newsslash-logo-Fevicon.png\",\"contentUrl\":\"https:\/\/newsslash.com\/n\/wp-content\/uploads\/2025\/04\/cropped-Newsslash-logo-Fevicon.png\",\"width\":512,\"height\":512,\"caption\":\"Newsslash\"},\"image\":{\"@id\":\"https:\/\/newsslash.com\/n\/#\/schema\/logo\/image\/\"}},{\"@type\":\"Person\",\"@id\":\"https:\/\/newsslash.com\/n\/#\/schema\/person\/9710bfacfd5579c2b307825ddaad6c46\",\"name\":\"Viktor Pulz\",\"sameAs\":[\"https:\/\/newsslash.com\"],\"url\":\"https:\/\/newsslash.com\/n\/author\/viktor_pulz\/\"}]}<\/script>\n<!-- \/ Yoast SEO plugin. -->","yoast_head_json":{"title":"You Are Wanted: Staffel 2 best\u00c3\u00a4tigt - Newsslash","robots":{"index":"noindex","follow":"follow"},"og_locale":"en_US","og_type":"article","og_title":"You Are Wanted: Staffel 2 best\u00c3\u00a4tigt - Newsslash","og_description":"Amazon hat heute bekannt gegeben, dass die Serie You Are Wanted erfolgreich starten konnte und nun eine zweite Staffel in Auftrag... Mehr auf Newsslash.com!","og_url":"https:\/\/newsslash.com\/n\/9485-you-are-wanted-staffel-2-bestaetigt\/","og_site_name":"Newsslash","article_published_time":"2017-03-22T17:59:14+00:00","og_image":[{"width":1280,"height":854,"url":"https:\/\/newsslash.com\/n\/wp-content\/uploads\/2025\/04\/NewsSlash-Featured-Image.jpg","type":"image\/jpeg"}],"author":"Viktor Pulz","twitter_card":"summary_large_image","twitter_misc":{"Written by":"Viktor Pulz","Est. reading time":"1 minute"},"schema":{"@context":"https:\/\/schema.org","@graph":[{"@type":"Article","@id":"https:\/\/newsslash.com\/n\/9485-you-are-wanted-staffel-2-bestaetigt\/#article","isPartOf":{"@id":"https:\/\/newsslash.com\/n\/9485-you-are-wanted-staffel-2-bestaetigt\/"},"author":{"name":"Viktor Pulz","@id":"https:\/\/newsslash.com\/n\/#\/schema\/person\/9710bfacfd5579c2b307825ddaad6c46"},"headline":"You Are Wanted: Staffel 2 best\u00c3\u00a4tigt","datePublished":"2017-03-22T17:59:14+00:00","mainEntityOfPage":{"@id":"https:\/\/newsslash.com\/n\/9485-you-are-wanted-staffel-2-bestaetigt\/"},"wordCount":227,"commentCount":0,"publisher":{"@id":"https:\/\/newsslash.com\/n\/#organization"},"image":{"@id":"https:\/\/newsslash.com\/n\/9485-you-are-wanted-staffel-2-bestaetigt\/#primaryimage"},"thumbnailUrl":"https:\/\/newsslash.com\/n\/wp-content\/uploads\/2025\/04\/NewsSlash-Featured-Image.jpg","articleSection":["Blog"],"inLanguage":"en-US","potentialAction":[{"@type":"CommentAction","name":"Comment","target":["https:\/\/newsslash.com\/n\/9485-you-are-wanted-staffel-2-bestaetigt\/#respond"]}]},{"@type":"WebPage","@id":"https:\/\/newsslash.com\/n\/9485-you-are-wanted-staffel-2-bestaetigt\/","url":"https:\/\/newsslash.com\/n\/9485-you-are-wanted-staffel-2-bestaetigt\/","name":"You Are Wanted: Staffel 2 best\u00c3\u00a4tigt - Newsslash","isPartOf":{"@id":"https:\/\/newsslash.com\/n\/#website"},"primaryImageOfPage":{"@id":"https:\/\/newsslash.com\/n\/9485-you-are-wanted-staffel-2-bestaetigt\/#primaryimage"},"image":{"@id":"https:\/\/newsslash.com\/n\/9485-you-are-wanted-staffel-2-bestaetigt\/#primaryimage"},"thumbnailUrl":"https:\/\/newsslash.com\/n\/wp-content\/uploads\/2025\/04\/NewsSlash-Featured-Image.jpg","datePublished":"2017-03-22T17:59:14+00:00","breadcrumb":{"@id":"https:\/\/newsslash.com\/n\/9485-you-are-wanted-staffel-2-bestaetigt\/#breadcrumb"},"inLanguage":"en-US","potentialAction":[{"@type":"ReadAction","target":["https:\/\/newsslash.com\/n\/9485-you-are-wanted-staffel-2-bestaetigt\/"]}]},{"@type":"ImageObject","inLanguage":"en-US","@id":"https:\/\/newsslash.com\/n\/9485-you-are-wanted-staffel-2-bestaetigt\/#primaryimage","url":"https:\/\/newsslash.com\/n\/wp-content\/uploads\/2025\/04\/NewsSlash-Featured-Image.jpg","contentUrl":"https:\/\/newsslash.com\/n\/wp-content\/uploads\/2025\/04\/NewsSlash-Featured-Image.jpg","width":1280,"height":854},{"@type":"BreadcrumbList","@id":"https:\/\/newsslash.com\/n\/9485-you-are-wanted-staffel-2-bestaetigt\/#breadcrumb","itemListElement":[{"@type":"ListItem","position":1,"name":"Home","item":"https:\/\/newsslash.com\/n\/"},{"@type":"ListItem","position":2,"name":"You Are Wanted: Staffel 2 best\u00c3\u00a4tigt"}]},{"@type":"WebSite","@id":"https:\/\/newsslash.com\/n\/#website","url":"https:\/\/newsslash.com\/n\/","name":"Newsslash","description":"Trending News on Movies, Series, OTT, Gaming","publisher":{"@id":"https:\/\/newsslash.com\/n\/#organization"},"potentialAction":[{"@type":"SearchAction","target":{"@type":"EntryPoint","urlTemplate":"https:\/\/newsslash.com\/n\/?s={search_term_string}"},"query-input":{"@type":"PropertyValueSpecification","valueRequired":true,"valueName":"search_term_string"}}],"inLanguage":"en-US"},{"@type":"Organization","@id":"https:\/\/newsslash.com\/n\/#organization","name":"Newsslash","url":"https:\/\/newsslash.com\/n\/","logo":{"@type":"ImageObject","inLanguage":"en-US","@id":"https:\/\/newsslash.com\/n\/#\/schema\/logo\/image\/","url":"https:\/\/newsslash.com\/n\/wp-content\/uploads\/2025\/04\/cropped-Newsslash-logo-Fevicon.png","contentUrl":"https:\/\/newsslash.com\/n\/wp-content\/uploads\/2025\/04\/cropped-Newsslash-logo-Fevicon.png","width":512,"height":512,"caption":"Newsslash"},"image":{"@id":"https:\/\/newsslash.com\/n\/#\/schema\/logo\/image\/"}},{"@type":"Person","@id":"https:\/\/newsslash.com\/n\/#\/schema\/person\/9710bfacfd5579c2b307825ddaad6c46","name":"Viktor Pulz","sameAs":["https:\/\/newsslash.com"],"url":"https:\/\/newsslash.com\/n\/author\/viktor_pulz\/"}]}},"_links":{"self":[{"href":"https:\/\/newsslash.com\/n\/wp-json\/wp\/v2\/posts\/12640","targetHints":{"allow":["GET"]}}],"collection":[{"href":"https:\/\/newsslash.com\/n\/wp-json\/wp\/v2\/posts"}],"about":[{"href":"https:\/\/newsslash.com\/n\/wp-json\/wp\/v2\/types\/post"}],"author":[{"embeddable":true,"href":"https:\/\/newsslash.com\/n\/wp-json\/wp\/v2\/users\/2"}],"replies":[{"embeddable":true,"href":"https:\/\/newsslash.com\/n\/wp-json\/wp\/v2\/comments?post=12640"}],"version-history":[{"count":0,"href":"https:\/\/newsslash.com\/n\/wp-json\/wp\/v2\/posts\/12640\/revisions"}],"wp:featuredmedia":[{"embeddable":true,"href":"https:\/\/newsslash.com\/n\/wp-json\/wp\/v2\/media\/21974"}],"wp:attachment":[{"href":"https:\/\/newsslash.com\/n\/wp-json\/wp\/v2\/media?parent=12640"}],"curies":[{"name":"wp","href":"https:\/\/api.w.org\/{rel}","templated":true}]}}