{"id":12641,"date":"2017-03-22T18:16:12","date_gmt":"2017-03-22T18:16:12","guid":{"rendered":"https:\/\/newsslash.com\/n\/9486-bosch-staffel-3-startet-im-april-in-der-deutschen-synchronfassung\/"},"modified":"2017-03-22T18:16:12","modified_gmt":"2017-03-22T18:16:12","slug":"9486-bosch-staffel-3-startet-im-april-in-der-deutschen-synchronfassung","status":"publish","type":"post","link":"https:\/\/newsslash.com\/n\/9486-bosch-staffel-3-startet-im-april-in-der-deutschen-synchronfassung\/","title":{"rendered":"Bosch: Staffel 3 startet im April in der deutschen Synchr&#8230;"},"content":{"rendered":"<p>Crime-Fans k\u00c3\u00b6nnen aufatmen: Die dritte Staffel des Amazon Originals Bosch feiert am 21. April in der deutschen Synchronfassung Premiere bei Amazon Prime Video. Letztes Jahr wurde au\u00c3\u0178erdem die vierte Staffel f\u00c3\u00bcr Bosch angek\u00c3\u00bcndigt und wird damit zum Amazon Original mit der l\u00c3\u00a4ngsten Laufzeit. Die einst\u00c3\u00bcndige Serie basiert auf den Bestseller-Romanen von Michael Conelly. Die Hauptrollen \u00c3\u00bcbernehmen Titus Welliver (Lost) als Detective Harry Bosch, Jamie Hector (The Wire) als Jerry Edgar, Amy Aquino (Being Human) als Lieutenant Grace Billets, Madison Lintz (The Walking Dead) als Maddie Bosch und Lance Reddick (The Wire) als Deputy Chief Irvin Irving. Bosch wurde entwickelt von Eric Overmyer (Treme, The Wire, Homicide: Life on the Streets). Als Executive Producer fungieren Overmyer, Henrik Bastin (The 100 Code, American Odyssey, The Comedians) von Fabrik Entertainment (ein Unternehmen der Red Arrow Entertainment Group), Pieter Jan Brugge (Heat, The Insider, The Clearing) und Michael Conelly. Titus Welliver ist nicht nur Hauptdarsteller, sondern auch Produzent. Bosch wird von Fabrik Entertainment produziert, einem Unternehmen der Red Arrow Entertainment Group.<\/p><div class=\"newss-content\" id=\"newss-1539345884\"><script async src=\"\/\/pagead2.googlesyndication.com\/pagead\/js\/adsbygoogle.js?client=ca-pub-7733425960004873\" crossorigin=\"anonymous\"><\/script><ins class=\"adsbygoogle\" style=\"display:block;\" data-ad-client=\"ca-pub-7733425960004873\" \ndata-ad-slot=\"2582020599\" \ndata-ad-format=\"auto\"><\/ins>\n<script> \n(adsbygoogle = window.adsbygoogle || []).push({}); \n<\/script>\n<\/div><div class=\"newss-article-1\" id=\"newss-3786064429\"><script async src=\"https:\/\/pagead2.googlesyndication.com\/pagead\/js\/adsbygoogle.js?client=ca-pub-7733425960004873\"\r\n     crossorigin=\"anonymous\"><\/script>\r\n<!-- Homepage2 -->\r\n<ins class=\"adsbygoogle\"\r\n     style=\"display:block\"\r\n     data-ad-client=\"ca-pub-7733425960004873\"\r\n     data-ad-slot=\"2582020599\"\r\n     data-ad-format=\"auto\"\r\n     data-full-width-responsive=\"true\"><\/ins>\r\n<script>\r\n     (adsbygoogle = window.adsbygoogle || []).push({});\r\n<\/script><\/div>\n","protected":false},"excerpt":{"rendered":"<p>Die dritte Staffel der Serie Bosch feiert im April in der deutschen Synchronfassung Premiere bei Amazon Prime Video. Eine vierte&#8230; Mehr auf Newsslash.com!<\/p>\n","protected":false},"author":2,"featured_media":21974,"comment_status":"open","ping_status":"open","sticky":false,"template":"","format":"standard","meta":{"_et_pb_use_builder":"","_et_pb_old_content":"","_et_gb_content_width":"","footnotes":""},"class_list":["post-12641","post","type-post","status-publish","format-standard","has-post-thumbnail","hentry","category-blog"],"yoast_head":"<!-- This site is optimized with the Yoast SEO plugin v24.8.1 - https:\/\/yoast.com\/wordpress\/plugins\/seo\/ -->\n<title>Bosch: Staffel 3 startet im April in der deutschen Synchr... - Newsslash<\/title>\n<meta name=\"robots\" content=\"noindex, follow\" \/>\n<meta property=\"og:locale\" content=\"en_US\" \/>\n<meta property=\"og:type\" content=\"article\" \/>\n<meta property=\"og:title\" content=\"Bosch: Staffel 3 startet im April in der deutschen Synchr... - Newsslash\" \/>\n<meta property=\"og:description\" content=\"Die dritte Staffel der Serie Bosch feiert im April in der deutschen Synchronfassung Premiere bei Amazon Prime Video. Eine vierte... Mehr auf Newsslash.com!\" \/>\n<meta property=\"og:url\" content=\"https:\/\/newsslash.com\/n\/9486-bosch-staffel-3-startet-im-april-in-der-deutschen-synchronfassung\/\" \/>\n<meta property=\"og:site_name\" content=\"Newsslash\" \/>\n<meta property=\"article:published_time\" content=\"2017-03-22T18:16:12+00:00\" \/>\n<meta property=\"og:image\" content=\"https:\/\/newsslash.com\/n\/wp-content\/uploads\/2025\/04\/NewsSlash-Featured-Image.jpg\" \/>\n\t<meta property=\"og:image:width\" content=\"1280\" \/>\n\t<meta property=\"og:image:height\" content=\"854\" \/>\n\t<meta property=\"og:image:type\" content=\"image\/jpeg\" \/>\n<meta name=\"author\" content=\"Viktor Pulz\" \/>\n<meta name=\"twitter:card\" content=\"summary_large_image\" \/>\n<meta name=\"twitter:label1\" content=\"Written by\" \/>\n\t<meta name=\"twitter:data1\" content=\"Viktor Pulz\" \/>\n\t<meta name=\"twitter:label2\" content=\"Est. reading time\" \/>\n\t<meta name=\"twitter:data2\" content=\"1 minute\" \/>\n<script type=\"application\/ld+json\" class=\"yoast-schema-graph\">{\"@context\":\"https:\/\/schema.org\",\"@graph\":[{\"@type\":\"Article\",\"@id\":\"https:\/\/newsslash.com\/n\/9486-bosch-staffel-3-startet-im-april-in-der-deutschen-synchronfassung\/#article\",\"isPartOf\":{\"@id\":\"https:\/\/newsslash.com\/n\/9486-bosch-staffel-3-startet-im-april-in-der-deutschen-synchronfassung\/\"},\"author\":{\"name\":\"Viktor Pulz\",\"@id\":\"https:\/\/newsslash.com\/n\/#\/schema\/person\/9710bfacfd5579c2b307825ddaad6c46\"},\"headline\":\"Bosch: Staffel 3 startet im April in der deutschen Synchr&#8230;\",\"datePublished\":\"2017-03-22T18:16:12+00:00\",\"mainEntityOfPage\":{\"@id\":\"https:\/\/newsslash.com\/n\/9486-bosch-staffel-3-startet-im-april-in-der-deutschen-synchronfassung\/\"},\"wordCount\":180,\"commentCount\":0,\"publisher\":{\"@id\":\"https:\/\/newsslash.com\/n\/#organization\"},\"image\":{\"@id\":\"https:\/\/newsslash.com\/n\/9486-bosch-staffel-3-startet-im-april-in-der-deutschen-synchronfassung\/#primaryimage\"},\"thumbnailUrl\":\"https:\/\/newsslash.com\/n\/wp-content\/uploads\/2025\/04\/NewsSlash-Featured-Image.jpg\",\"articleSection\":[\"Blog\"],\"inLanguage\":\"en-US\",\"potentialAction\":[{\"@type\":\"CommentAction\",\"name\":\"Comment\",\"target\":[\"https:\/\/newsslash.com\/n\/9486-bosch-staffel-3-startet-im-april-in-der-deutschen-synchronfassung\/#respond\"]}]},{\"@type\":\"WebPage\",\"@id\":\"https:\/\/newsslash.com\/n\/9486-bosch-staffel-3-startet-im-april-in-der-deutschen-synchronfassung\/\",\"url\":\"https:\/\/newsslash.com\/n\/9486-bosch-staffel-3-startet-im-april-in-der-deutschen-synchronfassung\/\",\"name\":\"Bosch: Staffel 3 startet im April in der deutschen Synchr... - Newsslash\",\"isPartOf\":{\"@id\":\"https:\/\/newsslash.com\/n\/#website\"},\"primaryImageOfPage\":{\"@id\":\"https:\/\/newsslash.com\/n\/9486-bosch-staffel-3-startet-im-april-in-der-deutschen-synchronfassung\/#primaryimage\"},\"image\":{\"@id\":\"https:\/\/newsslash.com\/n\/9486-bosch-staffel-3-startet-im-april-in-der-deutschen-synchronfassung\/#primaryimage\"},\"thumbnailUrl\":\"https:\/\/newsslash.com\/n\/wp-content\/uploads\/2025\/04\/NewsSlash-Featured-Image.jpg\",\"datePublished\":\"2017-03-22T18:16:12+00:00\",\"breadcrumb\":{\"@id\":\"https:\/\/newsslash.com\/n\/9486-bosch-staffel-3-startet-im-april-in-der-deutschen-synchronfassung\/#breadcrumb\"},\"inLanguage\":\"en-US\",\"potentialAction\":[{\"@type\":\"ReadAction\",\"target\":[\"https:\/\/newsslash.com\/n\/9486-bosch-staffel-3-startet-im-april-in-der-deutschen-synchronfassung\/\"]}]},{\"@type\":\"ImageObject\",\"inLanguage\":\"en-US\",\"@id\":\"https:\/\/newsslash.com\/n\/9486-bosch-staffel-3-startet-im-april-in-der-deutschen-synchronfassung\/#primaryimage\",\"url\":\"https:\/\/newsslash.com\/n\/wp-content\/uploads\/2025\/04\/NewsSlash-Featured-Image.jpg\",\"contentUrl\":\"https:\/\/newsslash.com\/n\/wp-content\/uploads\/2025\/04\/NewsSlash-Featured-Image.jpg\",\"width\":1280,\"height\":854},{\"@type\":\"BreadcrumbList\",\"@id\":\"https:\/\/newsslash.com\/n\/9486-bosch-staffel-3-startet-im-april-in-der-deutschen-synchronfassung\/#breadcrumb\",\"itemListElement\":[{\"@type\":\"ListItem\",\"position\":1,\"name\":\"Home\",\"item\":\"https:\/\/newsslash.com\/n\/\"},{\"@type\":\"ListItem\",\"position\":2,\"name\":\"Bosch: Staffel 3 startet im April in der deutschen Synchr&#8230;\"}]},{\"@type\":\"WebSite\",\"@id\":\"https:\/\/newsslash.com\/n\/#website\",\"url\":\"https:\/\/newsslash.com\/n\/\",\"name\":\"Newsslash\",\"description\":\"Trending News on Movies, Series, OTT, Gaming\",\"publisher\":{\"@id\":\"https:\/\/newsslash.com\/n\/#organization\"},\"potentialAction\":[{\"@type\":\"SearchAction\",\"target\":{\"@type\":\"EntryPoint\",\"urlTemplate\":\"https:\/\/newsslash.com\/n\/?s={search_term_string}\"},\"query-input\":{\"@type\":\"PropertyValueSpecification\",\"valueRequired\":true,\"valueName\":\"search_term_string\"}}],\"inLanguage\":\"en-US\"},{\"@type\":\"Organization\",\"@id\":\"https:\/\/newsslash.com\/n\/#organization\",\"name\":\"Newsslash\",\"url\":\"https:\/\/newsslash.com\/n\/\",\"logo\":{\"@type\":\"ImageObject\",\"inLanguage\":\"en-US\",\"@id\":\"https:\/\/newsslash.com\/n\/#\/schema\/logo\/image\/\",\"url\":\"https:\/\/newsslash.com\/n\/wp-content\/uploads\/2025\/04\/cropped-Newsslash-logo-Fevicon.png\",\"contentUrl\":\"https:\/\/newsslash.com\/n\/wp-content\/uploads\/2025\/04\/cropped-Newsslash-logo-Fevicon.png\",\"width\":512,\"height\":512,\"caption\":\"Newsslash\"},\"image\":{\"@id\":\"https:\/\/newsslash.com\/n\/#\/schema\/logo\/image\/\"}},{\"@type\":\"Person\",\"@id\":\"https:\/\/newsslash.com\/n\/#\/schema\/person\/9710bfacfd5579c2b307825ddaad6c46\",\"name\":\"Viktor Pulz\",\"sameAs\":[\"https:\/\/newsslash.com\"],\"url\":\"https:\/\/newsslash.com\/n\/author\/viktor_pulz\/\"}]}<\/script>\n<!-- \/ Yoast SEO plugin. -->","yoast_head_json":{"title":"Bosch: Staffel 3 startet im April in der deutschen Synchr... - Newsslash","robots":{"index":"noindex","follow":"follow"},"og_locale":"en_US","og_type":"article","og_title":"Bosch: Staffel 3 startet im April in der deutschen Synchr... - Newsslash","og_description":"Die dritte Staffel der Serie Bosch feiert im April in der deutschen Synchronfassung Premiere bei Amazon Prime Video. Eine vierte... Mehr auf Newsslash.com!","og_url":"https:\/\/newsslash.com\/n\/9486-bosch-staffel-3-startet-im-april-in-der-deutschen-synchronfassung\/","og_site_name":"Newsslash","article_published_time":"2017-03-22T18:16:12+00:00","og_image":[{"width":1280,"height":854,"url":"https:\/\/newsslash.com\/n\/wp-content\/uploads\/2025\/04\/NewsSlash-Featured-Image.jpg","type":"image\/jpeg"}],"author":"Viktor Pulz","twitter_card":"summary_large_image","twitter_misc":{"Written by":"Viktor Pulz","Est. reading time":"1 minute"},"schema":{"@context":"https:\/\/schema.org","@graph":[{"@type":"Article","@id":"https:\/\/newsslash.com\/n\/9486-bosch-staffel-3-startet-im-april-in-der-deutschen-synchronfassung\/#article","isPartOf":{"@id":"https:\/\/newsslash.com\/n\/9486-bosch-staffel-3-startet-im-april-in-der-deutschen-synchronfassung\/"},"author":{"name":"Viktor Pulz","@id":"https:\/\/newsslash.com\/n\/#\/schema\/person\/9710bfacfd5579c2b307825ddaad6c46"},"headline":"Bosch: Staffel 3 startet im April in der deutschen Synchr&#8230;","datePublished":"2017-03-22T18:16:12+00:00","mainEntityOfPage":{"@id":"https:\/\/newsslash.com\/n\/9486-bosch-staffel-3-startet-im-april-in-der-deutschen-synchronfassung\/"},"wordCount":180,"commentCount":0,"publisher":{"@id":"https:\/\/newsslash.com\/n\/#organization"},"image":{"@id":"https:\/\/newsslash.com\/n\/9486-bosch-staffel-3-startet-im-april-in-der-deutschen-synchronfassung\/#primaryimage"},"thumbnailUrl":"https:\/\/newsslash.com\/n\/wp-content\/uploads\/2025\/04\/NewsSlash-Featured-Image.jpg","articleSection":["Blog"],"inLanguage":"en-US","potentialAction":[{"@type":"CommentAction","name":"Comment","target":["https:\/\/newsslash.com\/n\/9486-bosch-staffel-3-startet-im-april-in-der-deutschen-synchronfassung\/#respond"]}]},{"@type":"WebPage","@id":"https:\/\/newsslash.com\/n\/9486-bosch-staffel-3-startet-im-april-in-der-deutschen-synchronfassung\/","url":"https:\/\/newsslash.com\/n\/9486-bosch-staffel-3-startet-im-april-in-der-deutschen-synchronfassung\/","name":"Bosch: Staffel 3 startet im April in der deutschen Synchr... - Newsslash","isPartOf":{"@id":"https:\/\/newsslash.com\/n\/#website"},"primaryImageOfPage":{"@id":"https:\/\/newsslash.com\/n\/9486-bosch-staffel-3-startet-im-april-in-der-deutschen-synchronfassung\/#primaryimage"},"image":{"@id":"https:\/\/newsslash.com\/n\/9486-bosch-staffel-3-startet-im-april-in-der-deutschen-synchronfassung\/#primaryimage"},"thumbnailUrl":"https:\/\/newsslash.com\/n\/wp-content\/uploads\/2025\/04\/NewsSlash-Featured-Image.jpg","datePublished":"2017-03-22T18:16:12+00:00","breadcrumb":{"@id":"https:\/\/newsslash.com\/n\/9486-bosch-staffel-3-startet-im-april-in-der-deutschen-synchronfassung\/#breadcrumb"},"inLanguage":"en-US","potentialAction":[{"@type":"ReadAction","target":["https:\/\/newsslash.com\/n\/9486-bosch-staffel-3-startet-im-april-in-der-deutschen-synchronfassung\/"]}]},{"@type":"ImageObject","inLanguage":"en-US","@id":"https:\/\/newsslash.com\/n\/9486-bosch-staffel-3-startet-im-april-in-der-deutschen-synchronfassung\/#primaryimage","url":"https:\/\/newsslash.com\/n\/wp-content\/uploads\/2025\/04\/NewsSlash-Featured-Image.jpg","contentUrl":"https:\/\/newsslash.com\/n\/wp-content\/uploads\/2025\/04\/NewsSlash-Featured-Image.jpg","width":1280,"height":854},{"@type":"BreadcrumbList","@id":"https:\/\/newsslash.com\/n\/9486-bosch-staffel-3-startet-im-april-in-der-deutschen-synchronfassung\/#breadcrumb","itemListElement":[{"@type":"ListItem","position":1,"name":"Home","item":"https:\/\/newsslash.com\/n\/"},{"@type":"ListItem","position":2,"name":"Bosch: Staffel 3 startet im April in der deutschen Synchr&#8230;"}]},{"@type":"WebSite","@id":"https:\/\/newsslash.com\/n\/#website","url":"https:\/\/newsslash.com\/n\/","name":"Newsslash","description":"Trending News on Movies, Series, OTT, Gaming","publisher":{"@id":"https:\/\/newsslash.com\/n\/#organization"},"potentialAction":[{"@type":"SearchAction","target":{"@type":"EntryPoint","urlTemplate":"https:\/\/newsslash.com\/n\/?s={search_term_string}"},"query-input":{"@type":"PropertyValueSpecification","valueRequired":true,"valueName":"search_term_string"}}],"inLanguage":"en-US"},{"@type":"Organization","@id":"https:\/\/newsslash.com\/n\/#organization","name":"Newsslash","url":"https:\/\/newsslash.com\/n\/","logo":{"@type":"ImageObject","inLanguage":"en-US","@id":"https:\/\/newsslash.com\/n\/#\/schema\/logo\/image\/","url":"https:\/\/newsslash.com\/n\/wp-content\/uploads\/2025\/04\/cropped-Newsslash-logo-Fevicon.png","contentUrl":"https:\/\/newsslash.com\/n\/wp-content\/uploads\/2025\/04\/cropped-Newsslash-logo-Fevicon.png","width":512,"height":512,"caption":"Newsslash"},"image":{"@id":"https:\/\/newsslash.com\/n\/#\/schema\/logo\/image\/"}},{"@type":"Person","@id":"https:\/\/newsslash.com\/n\/#\/schema\/person\/9710bfacfd5579c2b307825ddaad6c46","name":"Viktor Pulz","sameAs":["https:\/\/newsslash.com"],"url":"https:\/\/newsslash.com\/n\/author\/viktor_pulz\/"}]}},"_links":{"self":[{"href":"https:\/\/newsslash.com\/n\/wp-json\/wp\/v2\/posts\/12641","targetHints":{"allow":["GET"]}}],"collection":[{"href":"https:\/\/newsslash.com\/n\/wp-json\/wp\/v2\/posts"}],"about":[{"href":"https:\/\/newsslash.com\/n\/wp-json\/wp\/v2\/types\/post"}],"author":[{"embeddable":true,"href":"https:\/\/newsslash.com\/n\/wp-json\/wp\/v2\/users\/2"}],"replies":[{"embeddable":true,"href":"https:\/\/newsslash.com\/n\/wp-json\/wp\/v2\/comments?post=12641"}],"version-history":[{"count":0,"href":"https:\/\/newsslash.com\/n\/wp-json\/wp\/v2\/posts\/12641\/revisions"}],"wp:featuredmedia":[{"embeddable":true,"href":"https:\/\/newsslash.com\/n\/wp-json\/wp\/v2\/media\/21974"}],"wp:attachment":[{"href":"https:\/\/newsslash.com\/n\/wp-json\/wp\/v2\/media?parent=12641"}],"curies":[{"name":"wp","href":"https:\/\/api.w.org\/{rel}","templated":true}]}}