{"id":12703,"date":"2017-03-29T20:17:23","date_gmt":"2017-03-29T20:17:23","guid":{"rendered":"https:\/\/newsslash.com\/n\/9534-santa-clarita-diet-staffel-2-bestaetigt-und-neuer-trailer\/"},"modified":"2017-03-29T20:17:23","modified_gmt":"2017-03-29T20:17:23","slug":"9534-santa-clarita-diet-staffel-2-bestaetigt-und-neuer-trailer","status":"publish","type":"post","link":"https:\/\/newsslash.com\/n\/9534-santa-clarita-diet-staffel-2-bestaetigt-und-neuer-trailer\/","title":{"rendered":"Santa Clarita Diet: Staffel 2 best\u00c3\u00a4tigt und neuer Trailer"},"content":{"rendered":"<p>Netflix hat das Traumpaar Sheila (Drew Barrymore) und Joel Hammond (Timothy Olyphant) offensichtlich zum Fressen gern \u00e2\u20ac\u201c und auch die Beiden haben Appetit auf mehr! Schon in diesem Sommer beginnen die Dreharbeiten zur zweiten Staffel der Netflix Original Serie Santa Clarita Diet. Wer es aber dennoch bis zum Staffelstart nicht aush\u00c3\u00a4lt, dem servieren wir hier den offiziellen und garantiert appetitanregenden Teaser Trailer. \u00c3\u0153ber die Serie: Multitalent Drew Barrymore (\u00e2\u20ac\u017eIm Himmel tr\u00c3\u00a4gt man hohe Schuhe\u00e2\u20ac\u009d) und \u00e2\u20ac\u017eJustified\u00e2\u20ac\u0153-Star Timothy Olyphant spielen das Immobilienmakler-P\u00c3\u00a4rchen Sheila und Joel aus dem kalifornischen Vorort Santa Clarita, deren Ehe \u00c3\u00bcber die Jahre etwas an Schwung verloren hat. Eines Tages jedoch wird das Alltagsleben der beiden und ihrer pubertierenden Tochter Abby (Liv Hewson) vor eine ganz besondere Herausforderung gestellt und pl\u00c3\u00b6tzlich bekommt der Spruch \u00e2\u20ac\u017eLiebe geht durch den Magen\u00e2\u20ac\u0153 eine komplett neue Bedeutung\u00e2\u20ac\u00a6 <iframe loading=\"lazy\" allowfullscreen=\"\" frameborder=\"0\" height=\"315\" src=\"https:\/\/www.youtube-nocookie.com\/embed\/GRbpaFrUNpM\" width=\"100%\"><\/iframe><\/p><div class=\"newss-content\" id=\"newss-2251861223\"><script async src=\"\/\/pagead2.googlesyndication.com\/pagead\/js\/adsbygoogle.js?client=ca-pub-7733425960004873\" crossorigin=\"anonymous\"><\/script><ins class=\"adsbygoogle\" style=\"display:block;\" data-ad-client=\"ca-pub-7733425960004873\" \ndata-ad-slot=\"2582020599\" \ndata-ad-format=\"auto\"><\/ins>\n<script> \n(adsbygoogle = window.adsbygoogle || []).push({}); \n<\/script>\n<\/div><div class=\"newss-article-1\" id=\"newss-3085292290\"><script async src=\"https:\/\/pagead2.googlesyndication.com\/pagead\/js\/adsbygoogle.js?client=ca-pub-7733425960004873\"\r\n     crossorigin=\"anonymous\"><\/script>\r\n<!-- Homepage2 -->\r\n<ins class=\"adsbygoogle\"\r\n     style=\"display:block\"\r\n     data-ad-client=\"ca-pub-7733425960004873\"\r\n     data-ad-slot=\"2582020599\"\r\n     data-ad-format=\"auto\"\r\n     data-full-width-responsive=\"true\"><\/ins>\r\n<script>\r\n     (adsbygoogle = window.adsbygoogle || []).push({});\r\n<\/script><\/div>\n","protected":false},"excerpt":{"rendered":"<p>Netflix hat heute eine zweite Staffel der Serie Santa Clarita Diet offiziell best\u00c3\u00a4tigt. Die Dreharbeiten sollen bereits in diesem&#8230; Mehr auf Newsslash.com!<\/p>\n","protected":false},"author":2,"featured_media":21974,"comment_status":"open","ping_status":"open","sticky":false,"template":"","format":"standard","meta":{"_et_pb_use_builder":"","_et_pb_old_content":"","_et_gb_content_width":"","footnotes":""},"class_list":["post-12703","post","type-post","status-publish","format-standard","has-post-thumbnail","hentry","category-blog"],"yoast_head":"<!-- This site is optimized with the Yoast SEO plugin v24.8.1 - https:\/\/yoast.com\/wordpress\/plugins\/seo\/ -->\n<title>Santa Clarita Diet: Staffel 2 best\u00c3\u00a4tigt und neuer Trailer - Newsslash<\/title>\n<meta name=\"robots\" content=\"noindex, follow\" \/>\n<meta property=\"og:locale\" content=\"en_US\" \/>\n<meta property=\"og:type\" content=\"article\" \/>\n<meta property=\"og:title\" content=\"Santa Clarita Diet: Staffel 2 best\u00c3\u00a4tigt und neuer Trailer - Newsslash\" \/>\n<meta property=\"og:description\" content=\"Netflix hat heute eine zweite Staffel der Serie Santa Clarita Diet offiziell best\u00c3\u00a4tigt. Die Dreharbeiten sollen bereits in diesem... Mehr auf Newsslash.com!\" \/>\n<meta property=\"og:url\" content=\"https:\/\/newsslash.com\/n\/9534-santa-clarita-diet-staffel-2-bestaetigt-und-neuer-trailer\/\" \/>\n<meta property=\"og:site_name\" content=\"Newsslash\" \/>\n<meta property=\"article:published_time\" content=\"2017-03-29T20:17:23+00:00\" \/>\n<meta property=\"og:image\" content=\"https:\/\/newsslash.com\/n\/wp-content\/uploads\/2025\/04\/NewsSlash-Featured-Image.jpg\" \/>\n\t<meta property=\"og:image:width\" content=\"1280\" \/>\n\t<meta property=\"og:image:height\" content=\"854\" \/>\n\t<meta property=\"og:image:type\" content=\"image\/jpeg\" \/>\n<meta name=\"author\" content=\"Viktor Pulz\" \/>\n<meta name=\"twitter:card\" content=\"summary_large_image\" \/>\n<meta name=\"twitter:label1\" content=\"Written by\" \/>\n\t<meta name=\"twitter:data1\" content=\"Viktor Pulz\" \/>\n\t<meta name=\"twitter:label2\" content=\"Est. reading time\" \/>\n\t<meta name=\"twitter:data2\" content=\"1 minute\" \/>\n<script type=\"application\/ld+json\" class=\"yoast-schema-graph\">{\"@context\":\"https:\/\/schema.org\",\"@graph\":[{\"@type\":\"Article\",\"@id\":\"https:\/\/newsslash.com\/n\/9534-santa-clarita-diet-staffel-2-bestaetigt-und-neuer-trailer\/#article\",\"isPartOf\":{\"@id\":\"https:\/\/newsslash.com\/n\/9534-santa-clarita-diet-staffel-2-bestaetigt-und-neuer-trailer\/\"},\"author\":{\"name\":\"Viktor Pulz\",\"@id\":\"https:\/\/newsslash.com\/n\/#\/schema\/person\/9710bfacfd5579c2b307825ddaad6c46\"},\"headline\":\"Santa Clarita Diet: Staffel 2 best\u00c3\u00a4tigt und neuer Trailer\",\"datePublished\":\"2017-03-29T20:17:23+00:00\",\"mainEntityOfPage\":{\"@id\":\"https:\/\/newsslash.com\/n\/9534-santa-clarita-diet-staffel-2-bestaetigt-und-neuer-trailer\/\"},\"wordCount\":148,\"commentCount\":0,\"publisher\":{\"@id\":\"https:\/\/newsslash.com\/n\/#organization\"},\"image\":{\"@id\":\"https:\/\/newsslash.com\/n\/9534-santa-clarita-diet-staffel-2-bestaetigt-und-neuer-trailer\/#primaryimage\"},\"thumbnailUrl\":\"https:\/\/newsslash.com\/n\/wp-content\/uploads\/2025\/04\/NewsSlash-Featured-Image.jpg\",\"articleSection\":[\"Blog\"],\"inLanguage\":\"en-US\",\"potentialAction\":[{\"@type\":\"CommentAction\",\"name\":\"Comment\",\"target\":[\"https:\/\/newsslash.com\/n\/9534-santa-clarita-diet-staffel-2-bestaetigt-und-neuer-trailer\/#respond\"]}]},{\"@type\":\"WebPage\",\"@id\":\"https:\/\/newsslash.com\/n\/9534-santa-clarita-diet-staffel-2-bestaetigt-und-neuer-trailer\/\",\"url\":\"https:\/\/newsslash.com\/n\/9534-santa-clarita-diet-staffel-2-bestaetigt-und-neuer-trailer\/\",\"name\":\"Santa Clarita Diet: Staffel 2 best\u00c3\u00a4tigt und neuer Trailer - Newsslash\",\"isPartOf\":{\"@id\":\"https:\/\/newsslash.com\/n\/#website\"},\"primaryImageOfPage\":{\"@id\":\"https:\/\/newsslash.com\/n\/9534-santa-clarita-diet-staffel-2-bestaetigt-und-neuer-trailer\/#primaryimage\"},\"image\":{\"@id\":\"https:\/\/newsslash.com\/n\/9534-santa-clarita-diet-staffel-2-bestaetigt-und-neuer-trailer\/#primaryimage\"},\"thumbnailUrl\":\"https:\/\/newsslash.com\/n\/wp-content\/uploads\/2025\/04\/NewsSlash-Featured-Image.jpg\",\"datePublished\":\"2017-03-29T20:17:23+00:00\",\"breadcrumb\":{\"@id\":\"https:\/\/newsslash.com\/n\/9534-santa-clarita-diet-staffel-2-bestaetigt-und-neuer-trailer\/#breadcrumb\"},\"inLanguage\":\"en-US\",\"potentialAction\":[{\"@type\":\"ReadAction\",\"target\":[\"https:\/\/newsslash.com\/n\/9534-santa-clarita-diet-staffel-2-bestaetigt-und-neuer-trailer\/\"]}]},{\"@type\":\"ImageObject\",\"inLanguage\":\"en-US\",\"@id\":\"https:\/\/newsslash.com\/n\/9534-santa-clarita-diet-staffel-2-bestaetigt-und-neuer-trailer\/#primaryimage\",\"url\":\"https:\/\/newsslash.com\/n\/wp-content\/uploads\/2025\/04\/NewsSlash-Featured-Image.jpg\",\"contentUrl\":\"https:\/\/newsslash.com\/n\/wp-content\/uploads\/2025\/04\/NewsSlash-Featured-Image.jpg\",\"width\":1280,\"height\":854},{\"@type\":\"BreadcrumbList\",\"@id\":\"https:\/\/newsslash.com\/n\/9534-santa-clarita-diet-staffel-2-bestaetigt-und-neuer-trailer\/#breadcrumb\",\"itemListElement\":[{\"@type\":\"ListItem\",\"position\":1,\"name\":\"Home\",\"item\":\"https:\/\/newsslash.com\/n\/\"},{\"@type\":\"ListItem\",\"position\":2,\"name\":\"Santa Clarita Diet: Staffel 2 best\u00c3\u00a4tigt und neuer Trailer\"}]},{\"@type\":\"WebSite\",\"@id\":\"https:\/\/newsslash.com\/n\/#website\",\"url\":\"https:\/\/newsslash.com\/n\/\",\"name\":\"Newsslash\",\"description\":\"Trending News on Movies, Series, OTT, Gaming\",\"publisher\":{\"@id\":\"https:\/\/newsslash.com\/n\/#organization\"},\"potentialAction\":[{\"@type\":\"SearchAction\",\"target\":{\"@type\":\"EntryPoint\",\"urlTemplate\":\"https:\/\/newsslash.com\/n\/?s={search_term_string}\"},\"query-input\":{\"@type\":\"PropertyValueSpecification\",\"valueRequired\":true,\"valueName\":\"search_term_string\"}}],\"inLanguage\":\"en-US\"},{\"@type\":\"Organization\",\"@id\":\"https:\/\/newsslash.com\/n\/#organization\",\"name\":\"Newsslash\",\"url\":\"https:\/\/newsslash.com\/n\/\",\"logo\":{\"@type\":\"ImageObject\",\"inLanguage\":\"en-US\",\"@id\":\"https:\/\/newsslash.com\/n\/#\/schema\/logo\/image\/\",\"url\":\"https:\/\/newsslash.com\/n\/wp-content\/uploads\/2025\/04\/cropped-Newsslash-logo-Fevicon.png\",\"contentUrl\":\"https:\/\/newsslash.com\/n\/wp-content\/uploads\/2025\/04\/cropped-Newsslash-logo-Fevicon.png\",\"width\":512,\"height\":512,\"caption\":\"Newsslash\"},\"image\":{\"@id\":\"https:\/\/newsslash.com\/n\/#\/schema\/logo\/image\/\"}},{\"@type\":\"Person\",\"@id\":\"https:\/\/newsslash.com\/n\/#\/schema\/person\/9710bfacfd5579c2b307825ddaad6c46\",\"name\":\"Viktor Pulz\",\"sameAs\":[\"https:\/\/newsslash.com\"],\"url\":\"https:\/\/newsslash.com\/n\/author\/viktor_pulz\/\"}]}<\/script>\n<!-- \/ Yoast SEO plugin. -->","yoast_head_json":{"title":"Santa Clarita Diet: Staffel 2 best\u00c3\u00a4tigt und neuer Trailer - Newsslash","robots":{"index":"noindex","follow":"follow"},"og_locale":"en_US","og_type":"article","og_title":"Santa Clarita Diet: Staffel 2 best\u00c3\u00a4tigt und neuer Trailer - Newsslash","og_description":"Netflix hat heute eine zweite Staffel der Serie Santa Clarita Diet offiziell best\u00c3\u00a4tigt. Die Dreharbeiten sollen bereits in diesem... Mehr auf Newsslash.com!","og_url":"https:\/\/newsslash.com\/n\/9534-santa-clarita-diet-staffel-2-bestaetigt-und-neuer-trailer\/","og_site_name":"Newsslash","article_published_time":"2017-03-29T20:17:23+00:00","og_image":[{"width":1280,"height":854,"url":"https:\/\/newsslash.com\/n\/wp-content\/uploads\/2025\/04\/NewsSlash-Featured-Image.jpg","type":"image\/jpeg"}],"author":"Viktor Pulz","twitter_card":"summary_large_image","twitter_misc":{"Written by":"Viktor Pulz","Est. reading time":"1 minute"},"schema":{"@context":"https:\/\/schema.org","@graph":[{"@type":"Article","@id":"https:\/\/newsslash.com\/n\/9534-santa-clarita-diet-staffel-2-bestaetigt-und-neuer-trailer\/#article","isPartOf":{"@id":"https:\/\/newsslash.com\/n\/9534-santa-clarita-diet-staffel-2-bestaetigt-und-neuer-trailer\/"},"author":{"name":"Viktor Pulz","@id":"https:\/\/newsslash.com\/n\/#\/schema\/person\/9710bfacfd5579c2b307825ddaad6c46"},"headline":"Santa Clarita Diet: Staffel 2 best\u00c3\u00a4tigt und neuer Trailer","datePublished":"2017-03-29T20:17:23+00:00","mainEntityOfPage":{"@id":"https:\/\/newsslash.com\/n\/9534-santa-clarita-diet-staffel-2-bestaetigt-und-neuer-trailer\/"},"wordCount":148,"commentCount":0,"publisher":{"@id":"https:\/\/newsslash.com\/n\/#organization"},"image":{"@id":"https:\/\/newsslash.com\/n\/9534-santa-clarita-diet-staffel-2-bestaetigt-und-neuer-trailer\/#primaryimage"},"thumbnailUrl":"https:\/\/newsslash.com\/n\/wp-content\/uploads\/2025\/04\/NewsSlash-Featured-Image.jpg","articleSection":["Blog"],"inLanguage":"en-US","potentialAction":[{"@type":"CommentAction","name":"Comment","target":["https:\/\/newsslash.com\/n\/9534-santa-clarita-diet-staffel-2-bestaetigt-und-neuer-trailer\/#respond"]}]},{"@type":"WebPage","@id":"https:\/\/newsslash.com\/n\/9534-santa-clarita-diet-staffel-2-bestaetigt-und-neuer-trailer\/","url":"https:\/\/newsslash.com\/n\/9534-santa-clarita-diet-staffel-2-bestaetigt-und-neuer-trailer\/","name":"Santa Clarita Diet: Staffel 2 best\u00c3\u00a4tigt und neuer Trailer - Newsslash","isPartOf":{"@id":"https:\/\/newsslash.com\/n\/#website"},"primaryImageOfPage":{"@id":"https:\/\/newsslash.com\/n\/9534-santa-clarita-diet-staffel-2-bestaetigt-und-neuer-trailer\/#primaryimage"},"image":{"@id":"https:\/\/newsslash.com\/n\/9534-santa-clarita-diet-staffel-2-bestaetigt-und-neuer-trailer\/#primaryimage"},"thumbnailUrl":"https:\/\/newsslash.com\/n\/wp-content\/uploads\/2025\/04\/NewsSlash-Featured-Image.jpg","datePublished":"2017-03-29T20:17:23+00:00","breadcrumb":{"@id":"https:\/\/newsslash.com\/n\/9534-santa-clarita-diet-staffel-2-bestaetigt-und-neuer-trailer\/#breadcrumb"},"inLanguage":"en-US","potentialAction":[{"@type":"ReadAction","target":["https:\/\/newsslash.com\/n\/9534-santa-clarita-diet-staffel-2-bestaetigt-und-neuer-trailer\/"]}]},{"@type":"ImageObject","inLanguage":"en-US","@id":"https:\/\/newsslash.com\/n\/9534-santa-clarita-diet-staffel-2-bestaetigt-und-neuer-trailer\/#primaryimage","url":"https:\/\/newsslash.com\/n\/wp-content\/uploads\/2025\/04\/NewsSlash-Featured-Image.jpg","contentUrl":"https:\/\/newsslash.com\/n\/wp-content\/uploads\/2025\/04\/NewsSlash-Featured-Image.jpg","width":1280,"height":854},{"@type":"BreadcrumbList","@id":"https:\/\/newsslash.com\/n\/9534-santa-clarita-diet-staffel-2-bestaetigt-und-neuer-trailer\/#breadcrumb","itemListElement":[{"@type":"ListItem","position":1,"name":"Home","item":"https:\/\/newsslash.com\/n\/"},{"@type":"ListItem","position":2,"name":"Santa Clarita Diet: Staffel 2 best\u00c3\u00a4tigt und neuer Trailer"}]},{"@type":"WebSite","@id":"https:\/\/newsslash.com\/n\/#website","url":"https:\/\/newsslash.com\/n\/","name":"Newsslash","description":"Trending News on Movies, Series, OTT, Gaming","publisher":{"@id":"https:\/\/newsslash.com\/n\/#organization"},"potentialAction":[{"@type":"SearchAction","target":{"@type":"EntryPoint","urlTemplate":"https:\/\/newsslash.com\/n\/?s={search_term_string}"},"query-input":{"@type":"PropertyValueSpecification","valueRequired":true,"valueName":"search_term_string"}}],"inLanguage":"en-US"},{"@type":"Organization","@id":"https:\/\/newsslash.com\/n\/#organization","name":"Newsslash","url":"https:\/\/newsslash.com\/n\/","logo":{"@type":"ImageObject","inLanguage":"en-US","@id":"https:\/\/newsslash.com\/n\/#\/schema\/logo\/image\/","url":"https:\/\/newsslash.com\/n\/wp-content\/uploads\/2025\/04\/cropped-Newsslash-logo-Fevicon.png","contentUrl":"https:\/\/newsslash.com\/n\/wp-content\/uploads\/2025\/04\/cropped-Newsslash-logo-Fevicon.png","width":512,"height":512,"caption":"Newsslash"},"image":{"@id":"https:\/\/newsslash.com\/n\/#\/schema\/logo\/image\/"}},{"@type":"Person","@id":"https:\/\/newsslash.com\/n\/#\/schema\/person\/9710bfacfd5579c2b307825ddaad6c46","name":"Viktor Pulz","sameAs":["https:\/\/newsslash.com"],"url":"https:\/\/newsslash.com\/n\/author\/viktor_pulz\/"}]}},"_links":{"self":[{"href":"https:\/\/newsslash.com\/n\/wp-json\/wp\/v2\/posts\/12703","targetHints":{"allow":["GET"]}}],"collection":[{"href":"https:\/\/newsslash.com\/n\/wp-json\/wp\/v2\/posts"}],"about":[{"href":"https:\/\/newsslash.com\/n\/wp-json\/wp\/v2\/types\/post"}],"author":[{"embeddable":true,"href":"https:\/\/newsslash.com\/n\/wp-json\/wp\/v2\/users\/2"}],"replies":[{"embeddable":true,"href":"https:\/\/newsslash.com\/n\/wp-json\/wp\/v2\/comments?post=12703"}],"version-history":[{"count":0,"href":"https:\/\/newsslash.com\/n\/wp-json\/wp\/v2\/posts\/12703\/revisions"}],"wp:featuredmedia":[{"embeddable":true,"href":"https:\/\/newsslash.com\/n\/wp-json\/wp\/v2\/media\/21974"}],"wp:attachment":[{"href":"https:\/\/newsslash.com\/n\/wp-json\/wp\/v2\/media?parent=12703"}],"curies":[{"name":"wp","href":"https:\/\/api.w.org\/{rel}","templated":true}]}}