{"id":12705,"date":"2017-03-30T18:42:34","date_gmt":"2017-03-30T18:42:34","guid":{"rendered":"https:\/\/newsslash.com\/n\/9536-mediakraft-blickt-auf-erfolgreichstes-jahr-in-der-firmengeschichte-zurueck\/"},"modified":"2017-03-30T18:42:34","modified_gmt":"2017-03-30T18:42:34","slug":"9536-mediakraft-blickt-auf-erfolgreichstes-jahr-in-der-firmengeschichte-zurueck","status":"publish","type":"post","link":"https:\/\/newsslash.com\/n\/9536-mediakraft-blickt-auf-erfolgreichstes-jahr-in-der-firmengeschichte-zurueck\/","title":{"rendered":"Mediakraft blickt auf erfolgreichstes Jahr der Firmengesc&#8230;"},"content":{"rendered":"<p>Mediakraft sieht sich gut aufgestellt f\u00c3\u00bcr das weitere Wachstum. Das Online-Video-Unternehmen hat das Vermarktungs-Volumen deutlich gesteigert und blickt auf 2016 als das beste Jahr der Firmengeschichte zur\u00c3\u00bcck. Das Unternehmen hat sich zudem neu positioniert, weg vom alten YouTube-MCN-Modell hin zum Social-TV-Experten mit Multi-Plattform-Strategie. Das Gesch\u00c3\u00a4ftsmodell wurde in Richtung eines Social-Media-Vermarkters und B2B-L\u00c3\u00b6sungsanbieters weiterentwickelt und parallel dazu die fr\u00c3\u00bchere Abh\u00c3\u00a4ngigkeit von exklusiven K\u00c3\u00bcnstler-Betreuungsvertr\u00c3\u00a4gen reduziert. \u00e2\u20ac\u0153Ziel ist es, als One-Stop-Shop f\u00c3\u00bcr Content-Marketing alles von der Analyse \u00c3\u00bcber die Strategie- und Konzeptentwicklung bis hin zur Umsetzung anzubieten\u00e2\u20ac\u009d, sagt Constantin Stammen, Gesch\u00c3\u00a4ftsf\u00c3\u00bchrer der Mediakraft Networks GmbH. Laut Pressemitteilung ist vor allem das strategische und praktische Know-how aus der Optimierung und Verbreitung hunderttausender Online-Video-Produktionen immer st\u00c3\u00a4rker gefragt. \u00e2\u20ac\u0153Von den heute 30 gr\u00c3\u00b6\u00c3\u0178ten deutschen YouTube-K\u00c3\u00bcnstlern schrieben rund zwei Drittel ihre Erfolgsgeschichte in der Zeit, w\u00c3\u00a4hrend der sie von Mediakraft unterst\u00c3\u00bctzt wurden,\u00e2\u20ac\u009d erl\u00c3\u00a4utert Constantin Stammen. \u00e2\u20ac\u0153Diese Expertise ist ein Alleinstellungsmerkmal von Mediakraft und sehr gefragt bei vielen Unternehmen, die beispielsweise \u00c3\u00bcber YouTube mit ihren Kunden kommunizieren.\u00e2\u20ac\u009d Mediakraft hat deshalb mit dem Aufbau eines neuen Business-Segments begonnen, welches die Expertise im Bereich der Optimierung von Online-Video-Angeboten deutschen Unternehmen als Consulting-Dienstleistung zur Verf\u00c3\u00bcgung stellt. Zu diesen Dienstleistungen geh\u00c3\u00b6ren unter anderem die Analyse vorhandener YouTube-Kan\u00c3\u00a4le und Social-Media-Strategien mit Optimierungsempfehlungen oder Konzeptentwicklung. \u00e2\u20ac\u0153Durch die Neuaufstellung von der reinen Influencer- und K\u00c3\u00bcnstler-Platzierung hin zu Zielgruppen orientierten Vermarktungskonzepten mit spannenden Geschichten ging Produktkraft 2016 aus zahlreichen Pitches als Sieger hervor\u00e2\u20ac\u009d, berichtet Doroth\u00c3\u00a9e H\u00c3\u00b6rrmann, Director Sales von Produktkraft. Zu den Kunden z\u00c3\u00a4hlen unter anderem die Sparkassen, McDonald\u00e2\u20ac\u2122s, Mondel\u00c4\u201cz sowie und L`Or\u00c3\u00a9al. Werbekunden bietet Produktkraft inzwischen nicht mehr nur K\u00c3\u00bcnstler des eigenen Netzwerks an, sondern arbeitet zus\u00c3\u00a4tzlich sowohl mit netzwerkunabh\u00c3\u00a4ngigen als auch Influencern anderer Netzwerke zusammen. Auch das Segment der Online-Video-Produktion hat im vergangenen Jahr deutlich zugelegt. Mediakraft Original-Content (fr\u00c3\u00bcher als O&amp;O-Channel bezeichnet) erzielt inzwischen international eine Reichweite von \u00c3\u00bcber 250 Millionen Video-Views monatlich. Mit der Infotainment-Produktion \u00e2\u20ac\u0153The Great War\u00e2\u20ac\u009d ist es Mediakraft erstmals gelungen, ein professionell produziertes journalistisches Bewegtbild-Projekt zum erheblichen Teil \u00c3\u00bcber Crowd-Funding zu finanzieren. Zum Ende M\u00c3\u00a4rz 2017 auslaufenden Exklusiv-Vertrag mit den Lochmann-Zwillingen erkl\u00c3\u00a4rt G\u00c3\u00bcltan: \u00e2\u20ac\u0153DieLochis und Mediakraft blicken auf eine sehr umfassende Zusammenarbeit zur\u00c3\u00bcck, deren Erfolg au\u00c3\u0178er Frage steht. Sie erm\u00c3\u00b6glicht es Heiko und Roman jetzt, ihr eigenes K\u00c3\u00bcnstlermanagement aufzubauen, wof\u00c3\u00bcr sie unsere volle Unterst\u00c3\u00bctzung erhalten haben.\u00e2\u20ac\u009d<\/p><div class=\"newss-content\" id=\"newss-953626211\"><script async src=\"\/\/pagead2.googlesyndication.com\/pagead\/js\/adsbygoogle.js?client=ca-pub-7733425960004873\" crossorigin=\"anonymous\"><\/script><ins class=\"adsbygoogle\" style=\"display:block;\" data-ad-client=\"ca-pub-7733425960004873\" \ndata-ad-slot=\"2582020599\" \ndata-ad-format=\"auto\"><\/ins>\n<script> \n(adsbygoogle = window.adsbygoogle || []).push({}); \n<\/script>\n<\/div><div class=\"newss-article-1\" id=\"newss-3342514765\"><script async src=\"https:\/\/pagead2.googlesyndication.com\/pagead\/js\/adsbygoogle.js?client=ca-pub-7733425960004873\"\r\n     crossorigin=\"anonymous\"><\/script>\r\n<!-- Homepage2 -->\r\n<ins class=\"adsbygoogle\"\r\n     style=\"display:block\"\r\n     data-ad-client=\"ca-pub-7733425960004873\"\r\n     data-ad-slot=\"2582020599\"\r\n     data-ad-format=\"auto\"\r\n     data-full-width-responsive=\"true\"><\/ins>\r\n<script>\r\n     (adsbygoogle = window.adsbygoogle || []).push({});\r\n<\/script><\/div>\n","protected":false},"excerpt":{"rendered":"<p>Mediakraft blickt auf ein erfolgreiches Jahr 2016 zur\u00c3\u00bcck und ver\u00c3\u00b6ffentlichte ein paar weitere Details zur Zukunft der Firma. Unter&#8230; Mehr auf Newsslash.com!<\/p>\n","protected":false},"author":2,"featured_media":21974,"comment_status":"open","ping_status":"open","sticky":false,"template":"","format":"standard","meta":{"_et_pb_use_builder":"","_et_pb_old_content":"","_et_gb_content_width":"","footnotes":""},"class_list":["post-12705","post","type-post","status-publish","format-standard","has-post-thumbnail","hentry","category-blog"],"yoast_head":"<!-- This site is optimized with the Yoast SEO plugin v24.8.1 - https:\/\/yoast.com\/wordpress\/plugins\/seo\/ -->\n<title>Mediakraft blickt auf erfolgreichstes Jahr der Firmengesc... - Newsslash<\/title>\n<meta name=\"robots\" content=\"noindex, follow\" \/>\n<meta property=\"og:locale\" content=\"en_US\" \/>\n<meta property=\"og:type\" content=\"article\" \/>\n<meta property=\"og:title\" content=\"Mediakraft blickt auf erfolgreichstes Jahr der Firmengesc... - Newsslash\" \/>\n<meta property=\"og:description\" content=\"Mediakraft blickt auf ein erfolgreiches Jahr 2016 zur\u00c3\u00bcck und ver\u00c3\u00b6ffentlichte ein paar weitere Details zur Zukunft der Firma. Unter... Mehr auf Newsslash.com!\" \/>\n<meta property=\"og:url\" content=\"https:\/\/newsslash.com\/n\/9536-mediakraft-blickt-auf-erfolgreichstes-jahr-in-der-firmengeschichte-zurueck\/\" \/>\n<meta property=\"og:site_name\" content=\"Newsslash\" \/>\n<meta property=\"article:published_time\" content=\"2017-03-30T18:42:34+00:00\" \/>\n<meta property=\"og:image\" content=\"https:\/\/newsslash.com\/n\/wp-content\/uploads\/2025\/04\/NewsSlash-Featured-Image.jpg\" \/>\n\t<meta property=\"og:image:width\" content=\"1280\" \/>\n\t<meta property=\"og:image:height\" content=\"854\" \/>\n\t<meta property=\"og:image:type\" content=\"image\/jpeg\" \/>\n<meta name=\"author\" content=\"Viktor Pulz\" \/>\n<meta name=\"twitter:card\" content=\"summary_large_image\" \/>\n<meta name=\"twitter:label1\" content=\"Written by\" \/>\n\t<meta name=\"twitter:data1\" content=\"Viktor Pulz\" \/>\n\t<meta name=\"twitter:label2\" content=\"Est. reading time\" \/>\n\t<meta name=\"twitter:data2\" content=\"2 minutes\" \/>\n<script type=\"application\/ld+json\" class=\"yoast-schema-graph\">{\"@context\":\"https:\/\/schema.org\",\"@graph\":[{\"@type\":\"Article\",\"@id\":\"https:\/\/newsslash.com\/n\/9536-mediakraft-blickt-auf-erfolgreichstes-jahr-in-der-firmengeschichte-zurueck\/#article\",\"isPartOf\":{\"@id\":\"https:\/\/newsslash.com\/n\/9536-mediakraft-blickt-auf-erfolgreichstes-jahr-in-der-firmengeschichte-zurueck\/\"},\"author\":{\"name\":\"Viktor Pulz\",\"@id\":\"https:\/\/newsslash.com\/n\/#\/schema\/person\/9710bfacfd5579c2b307825ddaad6c46\"},\"headline\":\"Mediakraft blickt auf erfolgreichstes Jahr der Firmengesc&#8230;\",\"datePublished\":\"2017-03-30T18:42:34+00:00\",\"mainEntityOfPage\":{\"@id\":\"https:\/\/newsslash.com\/n\/9536-mediakraft-blickt-auf-erfolgreichstes-jahr-in-der-firmengeschichte-zurueck\/\"},\"wordCount\":412,\"commentCount\":0,\"publisher\":{\"@id\":\"https:\/\/newsslash.com\/n\/#organization\"},\"image\":{\"@id\":\"https:\/\/newsslash.com\/n\/9536-mediakraft-blickt-auf-erfolgreichstes-jahr-in-der-firmengeschichte-zurueck\/#primaryimage\"},\"thumbnailUrl\":\"https:\/\/newsslash.com\/n\/wp-content\/uploads\/2025\/04\/NewsSlash-Featured-Image.jpg\",\"articleSection\":[\"Blog\"],\"inLanguage\":\"en-US\",\"potentialAction\":[{\"@type\":\"CommentAction\",\"name\":\"Comment\",\"target\":[\"https:\/\/newsslash.com\/n\/9536-mediakraft-blickt-auf-erfolgreichstes-jahr-in-der-firmengeschichte-zurueck\/#respond\"]}]},{\"@type\":\"WebPage\",\"@id\":\"https:\/\/newsslash.com\/n\/9536-mediakraft-blickt-auf-erfolgreichstes-jahr-in-der-firmengeschichte-zurueck\/\",\"url\":\"https:\/\/newsslash.com\/n\/9536-mediakraft-blickt-auf-erfolgreichstes-jahr-in-der-firmengeschichte-zurueck\/\",\"name\":\"Mediakraft blickt auf erfolgreichstes Jahr der Firmengesc... - Newsslash\",\"isPartOf\":{\"@id\":\"https:\/\/newsslash.com\/n\/#website\"},\"primaryImageOfPage\":{\"@id\":\"https:\/\/newsslash.com\/n\/9536-mediakraft-blickt-auf-erfolgreichstes-jahr-in-der-firmengeschichte-zurueck\/#primaryimage\"},\"image\":{\"@id\":\"https:\/\/newsslash.com\/n\/9536-mediakraft-blickt-auf-erfolgreichstes-jahr-in-der-firmengeschichte-zurueck\/#primaryimage\"},\"thumbnailUrl\":\"https:\/\/newsslash.com\/n\/wp-content\/uploads\/2025\/04\/NewsSlash-Featured-Image.jpg\",\"datePublished\":\"2017-03-30T18:42:34+00:00\",\"breadcrumb\":{\"@id\":\"https:\/\/newsslash.com\/n\/9536-mediakraft-blickt-auf-erfolgreichstes-jahr-in-der-firmengeschichte-zurueck\/#breadcrumb\"},\"inLanguage\":\"en-US\",\"potentialAction\":[{\"@type\":\"ReadAction\",\"target\":[\"https:\/\/newsslash.com\/n\/9536-mediakraft-blickt-auf-erfolgreichstes-jahr-in-der-firmengeschichte-zurueck\/\"]}]},{\"@type\":\"ImageObject\",\"inLanguage\":\"en-US\",\"@id\":\"https:\/\/newsslash.com\/n\/9536-mediakraft-blickt-auf-erfolgreichstes-jahr-in-der-firmengeschichte-zurueck\/#primaryimage\",\"url\":\"https:\/\/newsslash.com\/n\/wp-content\/uploads\/2025\/04\/NewsSlash-Featured-Image.jpg\",\"contentUrl\":\"https:\/\/newsslash.com\/n\/wp-content\/uploads\/2025\/04\/NewsSlash-Featured-Image.jpg\",\"width\":1280,\"height\":854},{\"@type\":\"BreadcrumbList\",\"@id\":\"https:\/\/newsslash.com\/n\/9536-mediakraft-blickt-auf-erfolgreichstes-jahr-in-der-firmengeschichte-zurueck\/#breadcrumb\",\"itemListElement\":[{\"@type\":\"ListItem\",\"position\":1,\"name\":\"Home\",\"item\":\"https:\/\/newsslash.com\/n\/\"},{\"@type\":\"ListItem\",\"position\":2,\"name\":\"Mediakraft blickt auf erfolgreichstes Jahr der Firmengesc&#8230;\"}]},{\"@type\":\"WebSite\",\"@id\":\"https:\/\/newsslash.com\/n\/#website\",\"url\":\"https:\/\/newsslash.com\/n\/\",\"name\":\"Newsslash\",\"description\":\"Trending News on Movies, Series, OTT, Gaming\",\"publisher\":{\"@id\":\"https:\/\/newsslash.com\/n\/#organization\"},\"potentialAction\":[{\"@type\":\"SearchAction\",\"target\":{\"@type\":\"EntryPoint\",\"urlTemplate\":\"https:\/\/newsslash.com\/n\/?s={search_term_string}\"},\"query-input\":{\"@type\":\"PropertyValueSpecification\",\"valueRequired\":true,\"valueName\":\"search_term_string\"}}],\"inLanguage\":\"en-US\"},{\"@type\":\"Organization\",\"@id\":\"https:\/\/newsslash.com\/n\/#organization\",\"name\":\"Newsslash\",\"url\":\"https:\/\/newsslash.com\/n\/\",\"logo\":{\"@type\":\"ImageObject\",\"inLanguage\":\"en-US\",\"@id\":\"https:\/\/newsslash.com\/n\/#\/schema\/logo\/image\/\",\"url\":\"https:\/\/newsslash.com\/n\/wp-content\/uploads\/2025\/04\/cropped-Newsslash-logo-Fevicon.png\",\"contentUrl\":\"https:\/\/newsslash.com\/n\/wp-content\/uploads\/2025\/04\/cropped-Newsslash-logo-Fevicon.png\",\"width\":512,\"height\":512,\"caption\":\"Newsslash\"},\"image\":{\"@id\":\"https:\/\/newsslash.com\/n\/#\/schema\/logo\/image\/\"}},{\"@type\":\"Person\",\"@id\":\"https:\/\/newsslash.com\/n\/#\/schema\/person\/9710bfacfd5579c2b307825ddaad6c46\",\"name\":\"Viktor Pulz\",\"sameAs\":[\"https:\/\/newsslash.com\"],\"url\":\"https:\/\/newsslash.com\/n\/author\/viktor_pulz\/\"}]}<\/script>\n<!-- \/ Yoast SEO plugin. -->","yoast_head_json":{"title":"Mediakraft blickt auf erfolgreichstes Jahr der Firmengesc... - Newsslash","robots":{"index":"noindex","follow":"follow"},"og_locale":"en_US","og_type":"article","og_title":"Mediakraft blickt auf erfolgreichstes Jahr der Firmengesc... - Newsslash","og_description":"Mediakraft blickt auf ein erfolgreiches Jahr 2016 zur\u00c3\u00bcck und ver\u00c3\u00b6ffentlichte ein paar weitere Details zur Zukunft der Firma. Unter... Mehr auf Newsslash.com!","og_url":"https:\/\/newsslash.com\/n\/9536-mediakraft-blickt-auf-erfolgreichstes-jahr-in-der-firmengeschichte-zurueck\/","og_site_name":"Newsslash","article_published_time":"2017-03-30T18:42:34+00:00","og_image":[{"width":1280,"height":854,"url":"https:\/\/newsslash.com\/n\/wp-content\/uploads\/2025\/04\/NewsSlash-Featured-Image.jpg","type":"image\/jpeg"}],"author":"Viktor Pulz","twitter_card":"summary_large_image","twitter_misc":{"Written by":"Viktor Pulz","Est. reading time":"2 minutes"},"schema":{"@context":"https:\/\/schema.org","@graph":[{"@type":"Article","@id":"https:\/\/newsslash.com\/n\/9536-mediakraft-blickt-auf-erfolgreichstes-jahr-in-der-firmengeschichte-zurueck\/#article","isPartOf":{"@id":"https:\/\/newsslash.com\/n\/9536-mediakraft-blickt-auf-erfolgreichstes-jahr-in-der-firmengeschichte-zurueck\/"},"author":{"name":"Viktor Pulz","@id":"https:\/\/newsslash.com\/n\/#\/schema\/person\/9710bfacfd5579c2b307825ddaad6c46"},"headline":"Mediakraft blickt auf erfolgreichstes Jahr der Firmengesc&#8230;","datePublished":"2017-03-30T18:42:34+00:00","mainEntityOfPage":{"@id":"https:\/\/newsslash.com\/n\/9536-mediakraft-blickt-auf-erfolgreichstes-jahr-in-der-firmengeschichte-zurueck\/"},"wordCount":412,"commentCount":0,"publisher":{"@id":"https:\/\/newsslash.com\/n\/#organization"},"image":{"@id":"https:\/\/newsslash.com\/n\/9536-mediakraft-blickt-auf-erfolgreichstes-jahr-in-der-firmengeschichte-zurueck\/#primaryimage"},"thumbnailUrl":"https:\/\/newsslash.com\/n\/wp-content\/uploads\/2025\/04\/NewsSlash-Featured-Image.jpg","articleSection":["Blog"],"inLanguage":"en-US","potentialAction":[{"@type":"CommentAction","name":"Comment","target":["https:\/\/newsslash.com\/n\/9536-mediakraft-blickt-auf-erfolgreichstes-jahr-in-der-firmengeschichte-zurueck\/#respond"]}]},{"@type":"WebPage","@id":"https:\/\/newsslash.com\/n\/9536-mediakraft-blickt-auf-erfolgreichstes-jahr-in-der-firmengeschichte-zurueck\/","url":"https:\/\/newsslash.com\/n\/9536-mediakraft-blickt-auf-erfolgreichstes-jahr-in-der-firmengeschichte-zurueck\/","name":"Mediakraft blickt auf erfolgreichstes Jahr der Firmengesc... - Newsslash","isPartOf":{"@id":"https:\/\/newsslash.com\/n\/#website"},"primaryImageOfPage":{"@id":"https:\/\/newsslash.com\/n\/9536-mediakraft-blickt-auf-erfolgreichstes-jahr-in-der-firmengeschichte-zurueck\/#primaryimage"},"image":{"@id":"https:\/\/newsslash.com\/n\/9536-mediakraft-blickt-auf-erfolgreichstes-jahr-in-der-firmengeschichte-zurueck\/#primaryimage"},"thumbnailUrl":"https:\/\/newsslash.com\/n\/wp-content\/uploads\/2025\/04\/NewsSlash-Featured-Image.jpg","datePublished":"2017-03-30T18:42:34+00:00","breadcrumb":{"@id":"https:\/\/newsslash.com\/n\/9536-mediakraft-blickt-auf-erfolgreichstes-jahr-in-der-firmengeschichte-zurueck\/#breadcrumb"},"inLanguage":"en-US","potentialAction":[{"@type":"ReadAction","target":["https:\/\/newsslash.com\/n\/9536-mediakraft-blickt-auf-erfolgreichstes-jahr-in-der-firmengeschichte-zurueck\/"]}]},{"@type":"ImageObject","inLanguage":"en-US","@id":"https:\/\/newsslash.com\/n\/9536-mediakraft-blickt-auf-erfolgreichstes-jahr-in-der-firmengeschichte-zurueck\/#primaryimage","url":"https:\/\/newsslash.com\/n\/wp-content\/uploads\/2025\/04\/NewsSlash-Featured-Image.jpg","contentUrl":"https:\/\/newsslash.com\/n\/wp-content\/uploads\/2025\/04\/NewsSlash-Featured-Image.jpg","width":1280,"height":854},{"@type":"BreadcrumbList","@id":"https:\/\/newsslash.com\/n\/9536-mediakraft-blickt-auf-erfolgreichstes-jahr-in-der-firmengeschichte-zurueck\/#breadcrumb","itemListElement":[{"@type":"ListItem","position":1,"name":"Home","item":"https:\/\/newsslash.com\/n\/"},{"@type":"ListItem","position":2,"name":"Mediakraft blickt auf erfolgreichstes Jahr der Firmengesc&#8230;"}]},{"@type":"WebSite","@id":"https:\/\/newsslash.com\/n\/#website","url":"https:\/\/newsslash.com\/n\/","name":"Newsslash","description":"Trending News on Movies, Series, OTT, Gaming","publisher":{"@id":"https:\/\/newsslash.com\/n\/#organization"},"potentialAction":[{"@type":"SearchAction","target":{"@type":"EntryPoint","urlTemplate":"https:\/\/newsslash.com\/n\/?s={search_term_string}"},"query-input":{"@type":"PropertyValueSpecification","valueRequired":true,"valueName":"search_term_string"}}],"inLanguage":"en-US"},{"@type":"Organization","@id":"https:\/\/newsslash.com\/n\/#organization","name":"Newsslash","url":"https:\/\/newsslash.com\/n\/","logo":{"@type":"ImageObject","inLanguage":"en-US","@id":"https:\/\/newsslash.com\/n\/#\/schema\/logo\/image\/","url":"https:\/\/newsslash.com\/n\/wp-content\/uploads\/2025\/04\/cropped-Newsslash-logo-Fevicon.png","contentUrl":"https:\/\/newsslash.com\/n\/wp-content\/uploads\/2025\/04\/cropped-Newsslash-logo-Fevicon.png","width":512,"height":512,"caption":"Newsslash"},"image":{"@id":"https:\/\/newsslash.com\/n\/#\/schema\/logo\/image\/"}},{"@type":"Person","@id":"https:\/\/newsslash.com\/n\/#\/schema\/person\/9710bfacfd5579c2b307825ddaad6c46","name":"Viktor Pulz","sameAs":["https:\/\/newsslash.com"],"url":"https:\/\/newsslash.com\/n\/author\/viktor_pulz\/"}]}},"_links":{"self":[{"href":"https:\/\/newsslash.com\/n\/wp-json\/wp\/v2\/posts\/12705","targetHints":{"allow":["GET"]}}],"collection":[{"href":"https:\/\/newsslash.com\/n\/wp-json\/wp\/v2\/posts"}],"about":[{"href":"https:\/\/newsslash.com\/n\/wp-json\/wp\/v2\/types\/post"}],"author":[{"embeddable":true,"href":"https:\/\/newsslash.com\/n\/wp-json\/wp\/v2\/users\/2"}],"replies":[{"embeddable":true,"href":"https:\/\/newsslash.com\/n\/wp-json\/wp\/v2\/comments?post=12705"}],"version-history":[{"count":0,"href":"https:\/\/newsslash.com\/n\/wp-json\/wp\/v2\/posts\/12705\/revisions"}],"wp:featuredmedia":[{"embeddable":true,"href":"https:\/\/newsslash.com\/n\/wp-json\/wp\/v2\/media\/21974"}],"wp:attachment":[{"href":"https:\/\/newsslash.com\/n\/wp-json\/wp\/v2\/media?parent=12705"}],"curies":[{"name":"wp","href":"https:\/\/api.w.org\/{rel}","templated":true}]}}