{"id":12720,"date":"2017-03-30T20:37:14","date_gmt":"2017-03-30T20:37:14","guid":{"rendered":"https:\/\/newsslash.com\/n\/9542-amazon-gibt-einer-neuen-mclaren-racing-dokuserie-gruenes-licht\/"},"modified":"2017-03-30T20:37:14","modified_gmt":"2017-03-30T20:37:14","slug":"9542-amazon-gibt-einer-neuen-mclaren-racing-dokuserie-gruenes-licht","status":"publish","type":"post","link":"https:\/\/newsslash.com\/n\/9542-amazon-gibt-einer-neuen-mclaren-racing-dokuserie-gruenes-licht\/","title":{"rendered":"Amazon gibt einer neuen McLaren Racing Dokuserie gr\u00c3\u00bcnes &#8230;"},"content":{"rendered":"<p>Amazon gibt eine Dokuserie \u00c3\u00bcber das McLaren Racing Team in Auftrag: Das noch unbetitelte, neue Amazon Original gibt Zuschauern laut Pressemitteilung einen nie da gewesenen Einblick in den McLaren-Rennstall beim Kampf um die FIA-Formel-1-Weltmeisterschaft 2017. Die Serie wird bei Amazon Prime Video in \u00c3\u00bcber 200 L\u00c3\u00a4ndern und Territorien zu sehen sein. Die neue Dokuserie begleitet das 1963 gegr\u00c3\u00bcndete McLaren-Team bei den Vorbereitungen auf die Weltmeisterschaft 2017 unter einem neuen Executive Director: dem fr\u00c3\u00bcheren Rennfahrer Zak Brown. Prime-Mitglieder erhalten exklusive Einblicke in die technisch anspruchsvolle und geheimnisvolle Welt des Rennsports und in das Team um die Fahrer, dem Neueinsteiger Stoffel Vandoorne und dem ehemaligen zweifachen Weltmeister Fernando Alonso. Die Serie zeigt die k\u00c3\u00b6rperliche und mentale Vorbereitung eines Formel-1-Teams, exklusives Filmmaterial \u00c3\u00bcber Konstruktion und Tests eines Formel-1-Autos und macht nie zuvor gezeigte Berichte \u00c3\u00bcber Sponsoren und Partnerschaften zug\u00c3\u00a4nglich, die das Team finanzieren. \u00e2\u20ac\u017eDie Serie zeigt Amazon Prime-Mitgliedern, was es hei\u00c3\u0178t, auf h\u00c3\u00b6chstem Level in der Formel 1 mitzuk\u00c3\u00a4mpfen\u00e2\u20ac\u0153, so Conrad Riggs, Head of Unscripted, Amazon Originals. \u00e2\u20ac\u017eDabei werden unvergleichliche Einblicke mit spannenden und dramatischen Geschichten kombiniert, die Rennsport-Fans wie Nicht-Fans gleicherma\u00c3\u0178en ansprechen.\u00e2\u20ac\u0153 \u00e2\u20ac\u017eMcLaren dominierte die Formel 1 lange Zeit und schuf Weltmeister wie Ayrton Senna und Lewis Hamilton. Aber das Team ist auch eine Familie, die durch schwierige Zeiten gehen musste \u00e2\u20ac\u201c sowohl auf der Strecke als auch hinter den Kulissen\u00e2\u20ac\u0153, sagt Executive Producer Manish Pandey. \u00e2\u20ac\u017eUnd wie alle Familien halten sie zusammen, um ihren verdienten Platz an der Spitze der F1 zur\u00c3\u00bcckzugewinnen.\u00e2\u20ac\u0153 \u00e2\u20ac\u017eBei McLaren wollen wir jedes Element der Formel 1 aufzeigen und feiern. Wir verstehen und sch\u00c3\u00a4tzen es sehr, dass die Formel-1-Fans sich tiefere Einblicke und mehr Informationen w\u00c3\u00bcnschen. Diese Serie gibt ihnen den intimsten und ehrlichsten Zugang zu einem modernen Formel-1-Team, den sie je hatten\u00e2\u20ac\u0153, sagt Zak Brown, McLaren Executive Director.<\/p><div class=\"newss-content\" id=\"newss-2811672584\"><script async src=\"\/\/pagead2.googlesyndication.com\/pagead\/js\/adsbygoogle.js?client=ca-pub-7733425960004873\" crossorigin=\"anonymous\"><\/script><ins class=\"adsbygoogle\" style=\"display:block;\" data-ad-client=\"ca-pub-7733425960004873\" \ndata-ad-slot=\"2582020599\" \ndata-ad-format=\"auto\"><\/ins>\n<script> \n(adsbygoogle = window.adsbygoogle || []).push({}); \n<\/script>\n<\/div><div class=\"newss-article-1\" id=\"newss-2757186364\"><script async src=\"https:\/\/pagead2.googlesyndication.com\/pagead\/js\/adsbygoogle.js?client=ca-pub-7733425960004873\"\r\n     crossorigin=\"anonymous\"><\/script>\r\n<!-- Homepage2 -->\r\n<ins class=\"adsbygoogle\"\r\n     style=\"display:block\"\r\n     data-ad-client=\"ca-pub-7733425960004873\"\r\n     data-ad-slot=\"2582020599\"\r\n     data-ad-format=\"auto\"\r\n     data-full-width-responsive=\"true\"><\/ins>\r\n<script>\r\n     (adsbygoogle = window.adsbygoogle || []).push({});\r\n<\/script><\/div>\n","protected":false},"excerpt":{"rendered":"<p>Amazon k\u00c3\u00bcndigte eine neue McLaren Racing Dokuserie an. Das neue Amazon Original wirft einen Blick hinter die Kulissen des&#8230; Mehr auf Newsslash.com!<\/p>\n","protected":false},"author":2,"featured_media":21974,"comment_status":"open","ping_status":"open","sticky":false,"template":"","format":"standard","meta":{"_et_pb_use_builder":"","_et_pb_old_content":"","_et_gb_content_width":"","footnotes":""},"class_list":["post-12720","post","type-post","status-publish","format-standard","has-post-thumbnail","hentry","category-blog"],"yoast_head":"<!-- This site is optimized with the Yoast SEO plugin v24.8.1 - https:\/\/yoast.com\/wordpress\/plugins\/seo\/ -->\n<title>Amazon gibt einer neuen McLaren Racing Dokuserie gr\u00c3\u00bcnes ... - Newsslash<\/title>\n<meta name=\"robots\" content=\"noindex, follow\" \/>\n<meta property=\"og:locale\" content=\"en_US\" \/>\n<meta property=\"og:type\" content=\"article\" \/>\n<meta property=\"og:title\" content=\"Amazon gibt einer neuen McLaren Racing Dokuserie gr\u00c3\u00bcnes ... - Newsslash\" \/>\n<meta property=\"og:description\" content=\"Amazon k\u00c3\u00bcndigte eine neue McLaren Racing Dokuserie an. Das neue Amazon Original wirft einen Blick hinter die Kulissen des... Mehr auf Newsslash.com!\" \/>\n<meta property=\"og:url\" content=\"https:\/\/newsslash.com\/n\/9542-amazon-gibt-einer-neuen-mclaren-racing-dokuserie-gruenes-licht\/\" \/>\n<meta property=\"og:site_name\" content=\"Newsslash\" \/>\n<meta property=\"article:published_time\" content=\"2017-03-30T20:37:14+00:00\" \/>\n<meta property=\"og:image\" content=\"https:\/\/newsslash.com\/n\/wp-content\/uploads\/2025\/04\/NewsSlash-Featured-Image.jpg\" \/>\n\t<meta property=\"og:image:width\" content=\"1280\" \/>\n\t<meta property=\"og:image:height\" content=\"854\" \/>\n\t<meta property=\"og:image:type\" content=\"image\/jpeg\" \/>\n<meta name=\"author\" content=\"Viktor Pulz\" \/>\n<meta name=\"twitter:card\" content=\"summary_large_image\" \/>\n<meta name=\"twitter:label1\" content=\"Written by\" \/>\n\t<meta name=\"twitter:data1\" content=\"Viktor Pulz\" \/>\n\t<meta name=\"twitter:label2\" content=\"Est. reading time\" \/>\n\t<meta name=\"twitter:data2\" content=\"2 minutes\" \/>\n<script type=\"application\/ld+json\" class=\"yoast-schema-graph\">{\"@context\":\"https:\/\/schema.org\",\"@graph\":[{\"@type\":\"Article\",\"@id\":\"https:\/\/newsslash.com\/n\/9542-amazon-gibt-einer-neuen-mclaren-racing-dokuserie-gruenes-licht\/#article\",\"isPartOf\":{\"@id\":\"https:\/\/newsslash.com\/n\/9542-amazon-gibt-einer-neuen-mclaren-racing-dokuserie-gruenes-licht\/\"},\"author\":{\"name\":\"Viktor Pulz\",\"@id\":\"https:\/\/newsslash.com\/n\/#\/schema\/person\/9710bfacfd5579c2b307825ddaad6c46\"},\"headline\":\"Amazon gibt einer neuen McLaren Racing Dokuserie gr\u00c3\u00bcnes &#8230;\",\"datePublished\":\"2017-03-30T20:37:14+00:00\",\"mainEntityOfPage\":{\"@id\":\"https:\/\/newsslash.com\/n\/9542-amazon-gibt-einer-neuen-mclaren-racing-dokuserie-gruenes-licht\/\"},\"wordCount\":310,\"commentCount\":0,\"publisher\":{\"@id\":\"https:\/\/newsslash.com\/n\/#organization\"},\"image\":{\"@id\":\"https:\/\/newsslash.com\/n\/9542-amazon-gibt-einer-neuen-mclaren-racing-dokuserie-gruenes-licht\/#primaryimage\"},\"thumbnailUrl\":\"https:\/\/newsslash.com\/n\/wp-content\/uploads\/2025\/04\/NewsSlash-Featured-Image.jpg\",\"articleSection\":[\"Blog\"],\"inLanguage\":\"en-US\",\"potentialAction\":[{\"@type\":\"CommentAction\",\"name\":\"Comment\",\"target\":[\"https:\/\/newsslash.com\/n\/9542-amazon-gibt-einer-neuen-mclaren-racing-dokuserie-gruenes-licht\/#respond\"]}]},{\"@type\":\"WebPage\",\"@id\":\"https:\/\/newsslash.com\/n\/9542-amazon-gibt-einer-neuen-mclaren-racing-dokuserie-gruenes-licht\/\",\"url\":\"https:\/\/newsslash.com\/n\/9542-amazon-gibt-einer-neuen-mclaren-racing-dokuserie-gruenes-licht\/\",\"name\":\"Amazon gibt einer neuen McLaren Racing Dokuserie gr\u00c3\u00bcnes ... - Newsslash\",\"isPartOf\":{\"@id\":\"https:\/\/newsslash.com\/n\/#website\"},\"primaryImageOfPage\":{\"@id\":\"https:\/\/newsslash.com\/n\/9542-amazon-gibt-einer-neuen-mclaren-racing-dokuserie-gruenes-licht\/#primaryimage\"},\"image\":{\"@id\":\"https:\/\/newsslash.com\/n\/9542-amazon-gibt-einer-neuen-mclaren-racing-dokuserie-gruenes-licht\/#primaryimage\"},\"thumbnailUrl\":\"https:\/\/newsslash.com\/n\/wp-content\/uploads\/2025\/04\/NewsSlash-Featured-Image.jpg\",\"datePublished\":\"2017-03-30T20:37:14+00:00\",\"breadcrumb\":{\"@id\":\"https:\/\/newsslash.com\/n\/9542-amazon-gibt-einer-neuen-mclaren-racing-dokuserie-gruenes-licht\/#breadcrumb\"},\"inLanguage\":\"en-US\",\"potentialAction\":[{\"@type\":\"ReadAction\",\"target\":[\"https:\/\/newsslash.com\/n\/9542-amazon-gibt-einer-neuen-mclaren-racing-dokuserie-gruenes-licht\/\"]}]},{\"@type\":\"ImageObject\",\"inLanguage\":\"en-US\",\"@id\":\"https:\/\/newsslash.com\/n\/9542-amazon-gibt-einer-neuen-mclaren-racing-dokuserie-gruenes-licht\/#primaryimage\",\"url\":\"https:\/\/newsslash.com\/n\/wp-content\/uploads\/2025\/04\/NewsSlash-Featured-Image.jpg\",\"contentUrl\":\"https:\/\/newsslash.com\/n\/wp-content\/uploads\/2025\/04\/NewsSlash-Featured-Image.jpg\",\"width\":1280,\"height\":854},{\"@type\":\"BreadcrumbList\",\"@id\":\"https:\/\/newsslash.com\/n\/9542-amazon-gibt-einer-neuen-mclaren-racing-dokuserie-gruenes-licht\/#breadcrumb\",\"itemListElement\":[{\"@type\":\"ListItem\",\"position\":1,\"name\":\"Home\",\"item\":\"https:\/\/newsslash.com\/n\/\"},{\"@type\":\"ListItem\",\"position\":2,\"name\":\"Amazon gibt einer neuen McLaren Racing Dokuserie gr\u00c3\u00bcnes &#8230;\"}]},{\"@type\":\"WebSite\",\"@id\":\"https:\/\/newsslash.com\/n\/#website\",\"url\":\"https:\/\/newsslash.com\/n\/\",\"name\":\"Newsslash\",\"description\":\"Trending News on Movies, Series, OTT, Gaming\",\"publisher\":{\"@id\":\"https:\/\/newsslash.com\/n\/#organization\"},\"potentialAction\":[{\"@type\":\"SearchAction\",\"target\":{\"@type\":\"EntryPoint\",\"urlTemplate\":\"https:\/\/newsslash.com\/n\/?s={search_term_string}\"},\"query-input\":{\"@type\":\"PropertyValueSpecification\",\"valueRequired\":true,\"valueName\":\"search_term_string\"}}],\"inLanguage\":\"en-US\"},{\"@type\":\"Organization\",\"@id\":\"https:\/\/newsslash.com\/n\/#organization\",\"name\":\"Newsslash\",\"url\":\"https:\/\/newsslash.com\/n\/\",\"logo\":{\"@type\":\"ImageObject\",\"inLanguage\":\"en-US\",\"@id\":\"https:\/\/newsslash.com\/n\/#\/schema\/logo\/image\/\",\"url\":\"https:\/\/newsslash.com\/n\/wp-content\/uploads\/2025\/04\/cropped-Newsslash-logo-Fevicon.png\",\"contentUrl\":\"https:\/\/newsslash.com\/n\/wp-content\/uploads\/2025\/04\/cropped-Newsslash-logo-Fevicon.png\",\"width\":512,\"height\":512,\"caption\":\"Newsslash\"},\"image\":{\"@id\":\"https:\/\/newsslash.com\/n\/#\/schema\/logo\/image\/\"}},{\"@type\":\"Person\",\"@id\":\"https:\/\/newsslash.com\/n\/#\/schema\/person\/9710bfacfd5579c2b307825ddaad6c46\",\"name\":\"Viktor Pulz\",\"sameAs\":[\"https:\/\/newsslash.com\"],\"url\":\"https:\/\/newsslash.com\/n\/author\/viktor_pulz\/\"}]}<\/script>\n<!-- \/ Yoast SEO plugin. -->","yoast_head_json":{"title":"Amazon gibt einer neuen McLaren Racing Dokuserie gr\u00c3\u00bcnes ... - Newsslash","robots":{"index":"noindex","follow":"follow"},"og_locale":"en_US","og_type":"article","og_title":"Amazon gibt einer neuen McLaren Racing Dokuserie gr\u00c3\u00bcnes ... - Newsslash","og_description":"Amazon k\u00c3\u00bcndigte eine neue McLaren Racing Dokuserie an. Das neue Amazon Original wirft einen Blick hinter die Kulissen des... Mehr auf Newsslash.com!","og_url":"https:\/\/newsslash.com\/n\/9542-amazon-gibt-einer-neuen-mclaren-racing-dokuserie-gruenes-licht\/","og_site_name":"Newsslash","article_published_time":"2017-03-30T20:37:14+00:00","og_image":[{"width":1280,"height":854,"url":"https:\/\/newsslash.com\/n\/wp-content\/uploads\/2025\/04\/NewsSlash-Featured-Image.jpg","type":"image\/jpeg"}],"author":"Viktor Pulz","twitter_card":"summary_large_image","twitter_misc":{"Written by":"Viktor Pulz","Est. reading time":"2 minutes"},"schema":{"@context":"https:\/\/schema.org","@graph":[{"@type":"Article","@id":"https:\/\/newsslash.com\/n\/9542-amazon-gibt-einer-neuen-mclaren-racing-dokuserie-gruenes-licht\/#article","isPartOf":{"@id":"https:\/\/newsslash.com\/n\/9542-amazon-gibt-einer-neuen-mclaren-racing-dokuserie-gruenes-licht\/"},"author":{"name":"Viktor Pulz","@id":"https:\/\/newsslash.com\/n\/#\/schema\/person\/9710bfacfd5579c2b307825ddaad6c46"},"headline":"Amazon gibt einer neuen McLaren Racing Dokuserie gr\u00c3\u00bcnes &#8230;","datePublished":"2017-03-30T20:37:14+00:00","mainEntityOfPage":{"@id":"https:\/\/newsslash.com\/n\/9542-amazon-gibt-einer-neuen-mclaren-racing-dokuserie-gruenes-licht\/"},"wordCount":310,"commentCount":0,"publisher":{"@id":"https:\/\/newsslash.com\/n\/#organization"},"image":{"@id":"https:\/\/newsslash.com\/n\/9542-amazon-gibt-einer-neuen-mclaren-racing-dokuserie-gruenes-licht\/#primaryimage"},"thumbnailUrl":"https:\/\/newsslash.com\/n\/wp-content\/uploads\/2025\/04\/NewsSlash-Featured-Image.jpg","articleSection":["Blog"],"inLanguage":"en-US","potentialAction":[{"@type":"CommentAction","name":"Comment","target":["https:\/\/newsslash.com\/n\/9542-amazon-gibt-einer-neuen-mclaren-racing-dokuserie-gruenes-licht\/#respond"]}]},{"@type":"WebPage","@id":"https:\/\/newsslash.com\/n\/9542-amazon-gibt-einer-neuen-mclaren-racing-dokuserie-gruenes-licht\/","url":"https:\/\/newsslash.com\/n\/9542-amazon-gibt-einer-neuen-mclaren-racing-dokuserie-gruenes-licht\/","name":"Amazon gibt einer neuen McLaren Racing Dokuserie gr\u00c3\u00bcnes ... - Newsslash","isPartOf":{"@id":"https:\/\/newsslash.com\/n\/#website"},"primaryImageOfPage":{"@id":"https:\/\/newsslash.com\/n\/9542-amazon-gibt-einer-neuen-mclaren-racing-dokuserie-gruenes-licht\/#primaryimage"},"image":{"@id":"https:\/\/newsslash.com\/n\/9542-amazon-gibt-einer-neuen-mclaren-racing-dokuserie-gruenes-licht\/#primaryimage"},"thumbnailUrl":"https:\/\/newsslash.com\/n\/wp-content\/uploads\/2025\/04\/NewsSlash-Featured-Image.jpg","datePublished":"2017-03-30T20:37:14+00:00","breadcrumb":{"@id":"https:\/\/newsslash.com\/n\/9542-amazon-gibt-einer-neuen-mclaren-racing-dokuserie-gruenes-licht\/#breadcrumb"},"inLanguage":"en-US","potentialAction":[{"@type":"ReadAction","target":["https:\/\/newsslash.com\/n\/9542-amazon-gibt-einer-neuen-mclaren-racing-dokuserie-gruenes-licht\/"]}]},{"@type":"ImageObject","inLanguage":"en-US","@id":"https:\/\/newsslash.com\/n\/9542-amazon-gibt-einer-neuen-mclaren-racing-dokuserie-gruenes-licht\/#primaryimage","url":"https:\/\/newsslash.com\/n\/wp-content\/uploads\/2025\/04\/NewsSlash-Featured-Image.jpg","contentUrl":"https:\/\/newsslash.com\/n\/wp-content\/uploads\/2025\/04\/NewsSlash-Featured-Image.jpg","width":1280,"height":854},{"@type":"BreadcrumbList","@id":"https:\/\/newsslash.com\/n\/9542-amazon-gibt-einer-neuen-mclaren-racing-dokuserie-gruenes-licht\/#breadcrumb","itemListElement":[{"@type":"ListItem","position":1,"name":"Home","item":"https:\/\/newsslash.com\/n\/"},{"@type":"ListItem","position":2,"name":"Amazon gibt einer neuen McLaren Racing Dokuserie gr\u00c3\u00bcnes &#8230;"}]},{"@type":"WebSite","@id":"https:\/\/newsslash.com\/n\/#website","url":"https:\/\/newsslash.com\/n\/","name":"Newsslash","description":"Trending News on Movies, Series, OTT, Gaming","publisher":{"@id":"https:\/\/newsslash.com\/n\/#organization"},"potentialAction":[{"@type":"SearchAction","target":{"@type":"EntryPoint","urlTemplate":"https:\/\/newsslash.com\/n\/?s={search_term_string}"},"query-input":{"@type":"PropertyValueSpecification","valueRequired":true,"valueName":"search_term_string"}}],"inLanguage":"en-US"},{"@type":"Organization","@id":"https:\/\/newsslash.com\/n\/#organization","name":"Newsslash","url":"https:\/\/newsslash.com\/n\/","logo":{"@type":"ImageObject","inLanguage":"en-US","@id":"https:\/\/newsslash.com\/n\/#\/schema\/logo\/image\/","url":"https:\/\/newsslash.com\/n\/wp-content\/uploads\/2025\/04\/cropped-Newsslash-logo-Fevicon.png","contentUrl":"https:\/\/newsslash.com\/n\/wp-content\/uploads\/2025\/04\/cropped-Newsslash-logo-Fevicon.png","width":512,"height":512,"caption":"Newsslash"},"image":{"@id":"https:\/\/newsslash.com\/n\/#\/schema\/logo\/image\/"}},{"@type":"Person","@id":"https:\/\/newsslash.com\/n\/#\/schema\/person\/9710bfacfd5579c2b307825ddaad6c46","name":"Viktor Pulz","sameAs":["https:\/\/newsslash.com"],"url":"https:\/\/newsslash.com\/n\/author\/viktor_pulz\/"}]}},"_links":{"self":[{"href":"https:\/\/newsslash.com\/n\/wp-json\/wp\/v2\/posts\/12720","targetHints":{"allow":["GET"]}}],"collection":[{"href":"https:\/\/newsslash.com\/n\/wp-json\/wp\/v2\/posts"}],"about":[{"href":"https:\/\/newsslash.com\/n\/wp-json\/wp\/v2\/types\/post"}],"author":[{"embeddable":true,"href":"https:\/\/newsslash.com\/n\/wp-json\/wp\/v2\/users\/2"}],"replies":[{"embeddable":true,"href":"https:\/\/newsslash.com\/n\/wp-json\/wp\/v2\/comments?post=12720"}],"version-history":[{"count":0,"href":"https:\/\/newsslash.com\/n\/wp-json\/wp\/v2\/posts\/12720\/revisions"}],"wp:featuredmedia":[{"embeddable":true,"href":"https:\/\/newsslash.com\/n\/wp-json\/wp\/v2\/media\/21974"}],"wp:attachment":[{"href":"https:\/\/newsslash.com\/n\/wp-json\/wp\/v2\/media?parent=12720"}],"curies":[{"name":"wp","href":"https:\/\/api.w.org\/{rel}","templated":true}]}}