{"id":12830,"date":"2017-04-12T20:59:16","date_gmt":"2017-04-12T20:59:16","guid":{"rendered":"https:\/\/newsslash.com\/n\/9636-orange-is-the-new-black-erster-teaser-clip-zur-5-staffel\/"},"modified":"2017-04-12T20:59:16","modified_gmt":"2017-04-12T20:59:16","slug":"9636-orange-is-the-new-black-erster-teaser-clip-zur-5-staffel","status":"publish","type":"post","link":"https:\/\/newsslash.com\/n\/9636-orange-is-the-new-black-erster-teaser-clip-zur-5-staffel\/","title":{"rendered":"Orange is the new Black: Erster Teaser Clip zur 5. Staffel"},"content":{"rendered":"<p>Die f\u00c3\u00bcnfte Staffel von Orange Is The New Black kn\u00c3\u00bcpft direkt an das nervenaufreibende, packende Finale der vierten Staffel an, in dem Wut und Trauer \u00c3\u00bcber den unerwarteten Tod von Poussey ihre Mitinsassinnen dazu bewegen, einen gewaltsamen Gef\u00c3\u00a4ngnisaufstand loszubrechen. Als Daya schlie\u00c3\u0178lich in der Schlussszene eine Pistole in die H\u00c3\u00a4nde f\u00c3\u00a4llt, ist klar, dass in Litchfield nichts mehr so sein wird wie zuvor\u00e2\u20ac\u00a6 Die neue Staffel erz\u00c3\u00a4hlt in Echtzeit von den dramatischen Ereignissen, die sich in einem Zeitraum von nur drei Tagen in Litchfield abspielen und die das Leben der Insassinnen f\u00c3\u00bcr immer ver\u00c3\u00a4ndern. Entfesselt durch den Aufstand und angestachelt durch die Macht, die sie dadurch erlangt haben, k\u00c3\u00a4mpfen sie f\u00c3\u00bcr Wiedergutmachung und f\u00c3\u00bcr den Respekt, den sie verdienen. Die f\u00c3\u00bcnfte Staffel von Orange Is The New Black startet am 9. Juni 2017 exklusiv auf Netflix. Zudem ver\u00c3\u00b6ffentlichte Netflix auch den ersten Clip zur kommenden Staffel, welchen wir euch nicht vorenthalten m\u00c3\u00b6chten. <iframe loading=\"lazy\" allowfullscreen=\"\" frameborder=\"0\" height=\"315\" src=\"https:\/\/www.youtube-nocookie.com\/embed\/zUL6p1CDS7c\" width=\"100%\"><\/iframe><\/p><div class=\"newss-content\" id=\"newss-679251322\"><script async src=\"\/\/pagead2.googlesyndication.com\/pagead\/js\/adsbygoogle.js?client=ca-pub-7733425960004873\" crossorigin=\"anonymous\"><\/script><ins class=\"adsbygoogle\" style=\"display:block;\" data-ad-client=\"ca-pub-7733425960004873\" \ndata-ad-slot=\"2582020599\" \ndata-ad-format=\"auto\"><\/ins>\n<script> \n(adsbygoogle = window.adsbygoogle || []).push({}); \n<\/script>\n<\/div><div class=\"newss-article-1\" id=\"newss-3031664424\"><script async src=\"https:\/\/pagead2.googlesyndication.com\/pagead\/js\/adsbygoogle.js?client=ca-pub-7733425960004873\"\r\n     crossorigin=\"anonymous\"><\/script>\r\n<!-- Homepage2 -->\r\n<ins class=\"adsbygoogle\"\r\n     style=\"display:block\"\r\n     data-ad-client=\"ca-pub-7733425960004873\"\r\n     data-ad-slot=\"2582020599\"\r\n     data-ad-format=\"auto\"\r\n     data-full-width-responsive=\"true\"><\/ins>\r\n<script>\r\n     (adsbygoogle = window.adsbygoogle || []).push({});\r\n<\/script><\/div>\n","protected":false},"excerpt":{"rendered":"<p>Orange Is The New Black Staffel 5 startet in wenigen Monaten. Nun hat Netflix einen neuen Trailer und ein paar Informationen zur&#8230; Mehr auf Newsslash.com!<\/p>\n","protected":false},"author":2,"featured_media":21974,"comment_status":"open","ping_status":"open","sticky":false,"template":"","format":"standard","meta":{"_et_pb_use_builder":"","_et_pb_old_content":"","_et_gb_content_width":"","footnotes":""},"class_list":["post-12830","post","type-post","status-publish","format-standard","has-post-thumbnail","hentry","category-blog"],"yoast_head":"<!-- This site is optimized with the Yoast SEO plugin v24.8.1 - https:\/\/yoast.com\/wordpress\/plugins\/seo\/ -->\n<title>Orange is the new Black: Erster Teaser Clip zur 5. Staffel - Newsslash<\/title>\n<meta name=\"robots\" content=\"noindex, follow\" \/>\n<meta property=\"og:locale\" content=\"en_US\" \/>\n<meta property=\"og:type\" content=\"article\" \/>\n<meta property=\"og:title\" content=\"Orange is the new Black: Erster Teaser Clip zur 5. Staffel - Newsslash\" \/>\n<meta property=\"og:description\" content=\"Orange Is The New Black Staffel 5 startet in wenigen Monaten. Nun hat Netflix einen neuen Trailer und ein paar Informationen zur... Mehr auf Newsslash.com!\" \/>\n<meta property=\"og:url\" content=\"https:\/\/newsslash.com\/n\/9636-orange-is-the-new-black-erster-teaser-clip-zur-5-staffel\/\" \/>\n<meta property=\"og:site_name\" content=\"Newsslash\" \/>\n<meta property=\"article:published_time\" content=\"2017-04-12T20:59:16+00:00\" \/>\n<meta property=\"og:image\" content=\"https:\/\/newsslash.com\/n\/wp-content\/uploads\/2025\/04\/NewsSlash-Featured-Image.jpg\" \/>\n\t<meta property=\"og:image:width\" content=\"1280\" \/>\n\t<meta property=\"og:image:height\" content=\"854\" \/>\n\t<meta property=\"og:image:type\" content=\"image\/jpeg\" \/>\n<meta name=\"author\" content=\"Viktor Pulz\" \/>\n<meta name=\"twitter:card\" content=\"summary_large_image\" \/>\n<meta name=\"twitter:label1\" content=\"Written by\" \/>\n\t<meta name=\"twitter:data1\" content=\"Viktor Pulz\" \/>\n\t<meta name=\"twitter:label2\" content=\"Est. reading time\" \/>\n\t<meta name=\"twitter:data2\" content=\"1 minute\" \/>\n<script type=\"application\/ld+json\" class=\"yoast-schema-graph\">{\"@context\":\"https:\/\/schema.org\",\"@graph\":[{\"@type\":\"Article\",\"@id\":\"https:\/\/newsslash.com\/n\/9636-orange-is-the-new-black-erster-teaser-clip-zur-5-staffel\/#article\",\"isPartOf\":{\"@id\":\"https:\/\/newsslash.com\/n\/9636-orange-is-the-new-black-erster-teaser-clip-zur-5-staffel\/\"},\"author\":{\"name\":\"Viktor Pulz\",\"@id\":\"https:\/\/newsslash.com\/n\/#\/schema\/person\/9710bfacfd5579c2b307825ddaad6c46\"},\"headline\":\"Orange is the new Black: Erster Teaser Clip zur 5. Staffel\",\"datePublished\":\"2017-04-12T20:59:16+00:00\",\"mainEntityOfPage\":{\"@id\":\"https:\/\/newsslash.com\/n\/9636-orange-is-the-new-black-erster-teaser-clip-zur-5-staffel\/\"},\"wordCount\":175,\"commentCount\":0,\"publisher\":{\"@id\":\"https:\/\/newsslash.com\/n\/#organization\"},\"image\":{\"@id\":\"https:\/\/newsslash.com\/n\/9636-orange-is-the-new-black-erster-teaser-clip-zur-5-staffel\/#primaryimage\"},\"thumbnailUrl\":\"https:\/\/newsslash.com\/n\/wp-content\/uploads\/2025\/04\/NewsSlash-Featured-Image.jpg\",\"articleSection\":[\"Blog\"],\"inLanguage\":\"en-US\",\"potentialAction\":[{\"@type\":\"CommentAction\",\"name\":\"Comment\",\"target\":[\"https:\/\/newsslash.com\/n\/9636-orange-is-the-new-black-erster-teaser-clip-zur-5-staffel\/#respond\"]}]},{\"@type\":\"WebPage\",\"@id\":\"https:\/\/newsslash.com\/n\/9636-orange-is-the-new-black-erster-teaser-clip-zur-5-staffel\/\",\"url\":\"https:\/\/newsslash.com\/n\/9636-orange-is-the-new-black-erster-teaser-clip-zur-5-staffel\/\",\"name\":\"Orange is the new Black: Erster Teaser Clip zur 5. Staffel - Newsslash\",\"isPartOf\":{\"@id\":\"https:\/\/newsslash.com\/n\/#website\"},\"primaryImageOfPage\":{\"@id\":\"https:\/\/newsslash.com\/n\/9636-orange-is-the-new-black-erster-teaser-clip-zur-5-staffel\/#primaryimage\"},\"image\":{\"@id\":\"https:\/\/newsslash.com\/n\/9636-orange-is-the-new-black-erster-teaser-clip-zur-5-staffel\/#primaryimage\"},\"thumbnailUrl\":\"https:\/\/newsslash.com\/n\/wp-content\/uploads\/2025\/04\/NewsSlash-Featured-Image.jpg\",\"datePublished\":\"2017-04-12T20:59:16+00:00\",\"breadcrumb\":{\"@id\":\"https:\/\/newsslash.com\/n\/9636-orange-is-the-new-black-erster-teaser-clip-zur-5-staffel\/#breadcrumb\"},\"inLanguage\":\"en-US\",\"potentialAction\":[{\"@type\":\"ReadAction\",\"target\":[\"https:\/\/newsslash.com\/n\/9636-orange-is-the-new-black-erster-teaser-clip-zur-5-staffel\/\"]}]},{\"@type\":\"ImageObject\",\"inLanguage\":\"en-US\",\"@id\":\"https:\/\/newsslash.com\/n\/9636-orange-is-the-new-black-erster-teaser-clip-zur-5-staffel\/#primaryimage\",\"url\":\"https:\/\/newsslash.com\/n\/wp-content\/uploads\/2025\/04\/NewsSlash-Featured-Image.jpg\",\"contentUrl\":\"https:\/\/newsslash.com\/n\/wp-content\/uploads\/2025\/04\/NewsSlash-Featured-Image.jpg\",\"width\":1280,\"height\":854},{\"@type\":\"BreadcrumbList\",\"@id\":\"https:\/\/newsslash.com\/n\/9636-orange-is-the-new-black-erster-teaser-clip-zur-5-staffel\/#breadcrumb\",\"itemListElement\":[{\"@type\":\"ListItem\",\"position\":1,\"name\":\"Home\",\"item\":\"https:\/\/newsslash.com\/n\/\"},{\"@type\":\"ListItem\",\"position\":2,\"name\":\"Orange is the new Black: Erster Teaser Clip zur 5. Staffel\"}]},{\"@type\":\"WebSite\",\"@id\":\"https:\/\/newsslash.com\/n\/#website\",\"url\":\"https:\/\/newsslash.com\/n\/\",\"name\":\"Newsslash\",\"description\":\"Trending News on Movies, Series, OTT, Gaming\",\"publisher\":{\"@id\":\"https:\/\/newsslash.com\/n\/#organization\"},\"potentialAction\":[{\"@type\":\"SearchAction\",\"target\":{\"@type\":\"EntryPoint\",\"urlTemplate\":\"https:\/\/newsslash.com\/n\/?s={search_term_string}\"},\"query-input\":{\"@type\":\"PropertyValueSpecification\",\"valueRequired\":true,\"valueName\":\"search_term_string\"}}],\"inLanguage\":\"en-US\"},{\"@type\":\"Organization\",\"@id\":\"https:\/\/newsslash.com\/n\/#organization\",\"name\":\"Newsslash\",\"url\":\"https:\/\/newsslash.com\/n\/\",\"logo\":{\"@type\":\"ImageObject\",\"inLanguage\":\"en-US\",\"@id\":\"https:\/\/newsslash.com\/n\/#\/schema\/logo\/image\/\",\"url\":\"https:\/\/newsslash.com\/n\/wp-content\/uploads\/2025\/04\/cropped-Newsslash-logo-Fevicon.png\",\"contentUrl\":\"https:\/\/newsslash.com\/n\/wp-content\/uploads\/2025\/04\/cropped-Newsslash-logo-Fevicon.png\",\"width\":512,\"height\":512,\"caption\":\"Newsslash\"},\"image\":{\"@id\":\"https:\/\/newsslash.com\/n\/#\/schema\/logo\/image\/\"}},{\"@type\":\"Person\",\"@id\":\"https:\/\/newsslash.com\/n\/#\/schema\/person\/9710bfacfd5579c2b307825ddaad6c46\",\"name\":\"Viktor Pulz\",\"sameAs\":[\"https:\/\/newsslash.com\"],\"url\":\"https:\/\/newsslash.com\/n\/author\/viktor_pulz\/\"}]}<\/script>\n<!-- \/ Yoast SEO plugin. -->","yoast_head_json":{"title":"Orange is the new Black: Erster Teaser Clip zur 5. Staffel - Newsslash","robots":{"index":"noindex","follow":"follow"},"og_locale":"en_US","og_type":"article","og_title":"Orange is the new Black: Erster Teaser Clip zur 5. Staffel - Newsslash","og_description":"Orange Is The New Black Staffel 5 startet in wenigen Monaten. Nun hat Netflix einen neuen Trailer und ein paar Informationen zur... Mehr auf Newsslash.com!","og_url":"https:\/\/newsslash.com\/n\/9636-orange-is-the-new-black-erster-teaser-clip-zur-5-staffel\/","og_site_name":"Newsslash","article_published_time":"2017-04-12T20:59:16+00:00","og_image":[{"width":1280,"height":854,"url":"https:\/\/newsslash.com\/n\/wp-content\/uploads\/2025\/04\/NewsSlash-Featured-Image.jpg","type":"image\/jpeg"}],"author":"Viktor Pulz","twitter_card":"summary_large_image","twitter_misc":{"Written by":"Viktor Pulz","Est. reading time":"1 minute"},"schema":{"@context":"https:\/\/schema.org","@graph":[{"@type":"Article","@id":"https:\/\/newsslash.com\/n\/9636-orange-is-the-new-black-erster-teaser-clip-zur-5-staffel\/#article","isPartOf":{"@id":"https:\/\/newsslash.com\/n\/9636-orange-is-the-new-black-erster-teaser-clip-zur-5-staffel\/"},"author":{"name":"Viktor Pulz","@id":"https:\/\/newsslash.com\/n\/#\/schema\/person\/9710bfacfd5579c2b307825ddaad6c46"},"headline":"Orange is the new Black: Erster Teaser Clip zur 5. Staffel","datePublished":"2017-04-12T20:59:16+00:00","mainEntityOfPage":{"@id":"https:\/\/newsslash.com\/n\/9636-orange-is-the-new-black-erster-teaser-clip-zur-5-staffel\/"},"wordCount":175,"commentCount":0,"publisher":{"@id":"https:\/\/newsslash.com\/n\/#organization"},"image":{"@id":"https:\/\/newsslash.com\/n\/9636-orange-is-the-new-black-erster-teaser-clip-zur-5-staffel\/#primaryimage"},"thumbnailUrl":"https:\/\/newsslash.com\/n\/wp-content\/uploads\/2025\/04\/NewsSlash-Featured-Image.jpg","articleSection":["Blog"],"inLanguage":"en-US","potentialAction":[{"@type":"CommentAction","name":"Comment","target":["https:\/\/newsslash.com\/n\/9636-orange-is-the-new-black-erster-teaser-clip-zur-5-staffel\/#respond"]}]},{"@type":"WebPage","@id":"https:\/\/newsslash.com\/n\/9636-orange-is-the-new-black-erster-teaser-clip-zur-5-staffel\/","url":"https:\/\/newsslash.com\/n\/9636-orange-is-the-new-black-erster-teaser-clip-zur-5-staffel\/","name":"Orange is the new Black: Erster Teaser Clip zur 5. Staffel - Newsslash","isPartOf":{"@id":"https:\/\/newsslash.com\/n\/#website"},"primaryImageOfPage":{"@id":"https:\/\/newsslash.com\/n\/9636-orange-is-the-new-black-erster-teaser-clip-zur-5-staffel\/#primaryimage"},"image":{"@id":"https:\/\/newsslash.com\/n\/9636-orange-is-the-new-black-erster-teaser-clip-zur-5-staffel\/#primaryimage"},"thumbnailUrl":"https:\/\/newsslash.com\/n\/wp-content\/uploads\/2025\/04\/NewsSlash-Featured-Image.jpg","datePublished":"2017-04-12T20:59:16+00:00","breadcrumb":{"@id":"https:\/\/newsslash.com\/n\/9636-orange-is-the-new-black-erster-teaser-clip-zur-5-staffel\/#breadcrumb"},"inLanguage":"en-US","potentialAction":[{"@type":"ReadAction","target":["https:\/\/newsslash.com\/n\/9636-orange-is-the-new-black-erster-teaser-clip-zur-5-staffel\/"]}]},{"@type":"ImageObject","inLanguage":"en-US","@id":"https:\/\/newsslash.com\/n\/9636-orange-is-the-new-black-erster-teaser-clip-zur-5-staffel\/#primaryimage","url":"https:\/\/newsslash.com\/n\/wp-content\/uploads\/2025\/04\/NewsSlash-Featured-Image.jpg","contentUrl":"https:\/\/newsslash.com\/n\/wp-content\/uploads\/2025\/04\/NewsSlash-Featured-Image.jpg","width":1280,"height":854},{"@type":"BreadcrumbList","@id":"https:\/\/newsslash.com\/n\/9636-orange-is-the-new-black-erster-teaser-clip-zur-5-staffel\/#breadcrumb","itemListElement":[{"@type":"ListItem","position":1,"name":"Home","item":"https:\/\/newsslash.com\/n\/"},{"@type":"ListItem","position":2,"name":"Orange is the new Black: Erster Teaser Clip zur 5. Staffel"}]},{"@type":"WebSite","@id":"https:\/\/newsslash.com\/n\/#website","url":"https:\/\/newsslash.com\/n\/","name":"Newsslash","description":"Trending News on Movies, Series, OTT, Gaming","publisher":{"@id":"https:\/\/newsslash.com\/n\/#organization"},"potentialAction":[{"@type":"SearchAction","target":{"@type":"EntryPoint","urlTemplate":"https:\/\/newsslash.com\/n\/?s={search_term_string}"},"query-input":{"@type":"PropertyValueSpecification","valueRequired":true,"valueName":"search_term_string"}}],"inLanguage":"en-US"},{"@type":"Organization","@id":"https:\/\/newsslash.com\/n\/#organization","name":"Newsslash","url":"https:\/\/newsslash.com\/n\/","logo":{"@type":"ImageObject","inLanguage":"en-US","@id":"https:\/\/newsslash.com\/n\/#\/schema\/logo\/image\/","url":"https:\/\/newsslash.com\/n\/wp-content\/uploads\/2025\/04\/cropped-Newsslash-logo-Fevicon.png","contentUrl":"https:\/\/newsslash.com\/n\/wp-content\/uploads\/2025\/04\/cropped-Newsslash-logo-Fevicon.png","width":512,"height":512,"caption":"Newsslash"},"image":{"@id":"https:\/\/newsslash.com\/n\/#\/schema\/logo\/image\/"}},{"@type":"Person","@id":"https:\/\/newsslash.com\/n\/#\/schema\/person\/9710bfacfd5579c2b307825ddaad6c46","name":"Viktor Pulz","sameAs":["https:\/\/newsslash.com"],"url":"https:\/\/newsslash.com\/n\/author\/viktor_pulz\/"}]}},"_links":{"self":[{"href":"https:\/\/newsslash.com\/n\/wp-json\/wp\/v2\/posts\/12830","targetHints":{"allow":["GET"]}}],"collection":[{"href":"https:\/\/newsslash.com\/n\/wp-json\/wp\/v2\/posts"}],"about":[{"href":"https:\/\/newsslash.com\/n\/wp-json\/wp\/v2\/types\/post"}],"author":[{"embeddable":true,"href":"https:\/\/newsslash.com\/n\/wp-json\/wp\/v2\/users\/2"}],"replies":[{"embeddable":true,"href":"https:\/\/newsslash.com\/n\/wp-json\/wp\/v2\/comments?post=12830"}],"version-history":[{"count":0,"href":"https:\/\/newsslash.com\/n\/wp-json\/wp\/v2\/posts\/12830\/revisions"}],"wp:featuredmedia":[{"embeddable":true,"href":"https:\/\/newsslash.com\/n\/wp-json\/wp\/v2\/media\/21974"}],"wp:attachment":[{"href":"https:\/\/newsslash.com\/n\/wp-json\/wp\/v2\/media?parent=12830"}],"curies":[{"name":"wp","href":"https:\/\/api.w.org\/{rel}","templated":true}]}}