{"id":12849,"date":"2017-04-16T18:42:00","date_gmt":"2017-04-16T18:42:00","guid":{"rendered":"https:\/\/newsslash.com\/n\/9647-orange-is-the-new-black-kommt-in-den-free-tv\/"},"modified":"2017-04-16T18:42:00","modified_gmt":"2017-04-16T18:42:00","slug":"9647-orange-is-the-new-black-kommt-in-den-free-tv","status":"publish","type":"post","link":"https:\/\/newsslash.com\/n\/9647-orange-is-the-new-black-kommt-in-den-free-tv\/","title":{"rendered":"Orange Is The New Black kommt in den Free-TV"},"content":{"rendered":"<p>Die US-Serie &#8220;Orange is the New Black&#8221; startet am Donnerstag, 20. April 2017, 23.30 Uhr, in ZDFneo als Free-TV-Premiere. Nach ihrer jeweiligen TV-Ausstrahlung sind die einzelnen Folgen auf funk.net und in der &#8220;funk&#8221;-App von ARD und ZDF online verf\u00c3\u00bcgbar. Ein Netflix-Abo ist demnach nicht mehr n\u00c3\u00b6tig um die erfolgreiche Serie sehen zu k\u00c3\u00b6nnen. Zehn Jahre ist es her, dass Piper Chapman (Taylor Schilling), an einer Drogengeldw\u00c3\u00a4sche beteiligt war. Ihrer fr\u00c3\u00bcheren Geliebten Alex (Laura Prepon) zuliebe hatte sich Piper, damals Collegestudentin, darauf eingelassen. Nun muss sie f\u00c3\u00bcr ihren Fehltritt b\u00c3\u00bc\u00c3\u0178en und landet f\u00c3\u00bcr ein Jahr im Frauenknast. Mittlerweile frisch verlobt mit Larry Bloom, hofft Piper zu Beginn ihrer Haftstrafe noch, ihr Leben z\u00c3\u00bcgig wieder in geordnete Bahnen zu bringen. Doch im Gef\u00c3\u00a4ngnis herrscht eine andere, ihr fremde, Realit\u00c3\u00a4t. Unter ihren Mith\u00c3\u00a4ftlingen f\u00c3\u00a4llt Piper als studierte Wei\u00c3\u0178e aus gutem Hause auf. Neid, Verrat und Mobbing geh\u00c3\u00b6ren zur Tagesordnung. In ihrer Ex-Freundin Alex, der sie im Knast wieder begegnet, findet Piper ihre einzige Vertraute. Die beiden beginnen erneut eine Aff\u00c3\u00a4re. ZDFneo strahlt 13 Folgen der ersten Staffel donnerstags in Doppelfolgen als Free-TV-Premiere aus. Staffel zwei startet gleich im Anschluss an Staffel eins, am 1. Juni 2017, 0.25 Uhr.<\/p><div class=\"newss-content\" id=\"newss-2034669438\"><script async src=\"\/\/pagead2.googlesyndication.com\/pagead\/js\/adsbygoogle.js?client=ca-pub-7733425960004873\" crossorigin=\"anonymous\"><\/script><ins class=\"adsbygoogle\" style=\"display:block;\" data-ad-client=\"ca-pub-7733425960004873\" \ndata-ad-slot=\"2582020599\" \ndata-ad-format=\"auto\"><\/ins>\n<script> \n(adsbygoogle = window.adsbygoogle || []).push({}); \n<\/script>\n<\/div><div class=\"newss-article-1\" id=\"newss-3040836146\"><script async src=\"https:\/\/pagead2.googlesyndication.com\/pagead\/js\/adsbygoogle.js?client=ca-pub-7733425960004873\"\r\n     crossorigin=\"anonymous\"><\/script>\r\n<!-- Homepage2 -->\r\n<ins class=\"adsbygoogle\"\r\n     style=\"display:block\"\r\n     data-ad-client=\"ca-pub-7733425960004873\"\r\n     data-ad-slot=\"2582020599\"\r\n     data-ad-format=\"auto\"\r\n     data-full-width-responsive=\"true\"><\/ins>\r\n<script>\r\n     (adsbygoogle = window.adsbygoogle || []).push({});\r\n<\/script><\/div>\n","protected":false},"excerpt":{"rendered":"<p>Die beliebte Serie Orange Is The New Black erobert nun auch den Free-TV und wird noch in diesem Monat auf ZDFneo gezeigt. Ein&#8230; Mehr auf Newsslash.com!<\/p>\n","protected":false},"author":2,"featured_media":21974,"comment_status":"open","ping_status":"open","sticky":false,"template":"","format":"standard","meta":{"_et_pb_use_builder":"","_et_pb_old_content":"","_et_gb_content_width":"","footnotes":""},"class_list":["post-12849","post","type-post","status-publish","format-standard","has-post-thumbnail","hentry","category-blog"],"yoast_head":"<!-- This site is optimized with the Yoast SEO plugin v24.8.1 - https:\/\/yoast.com\/wordpress\/plugins\/seo\/ -->\n<title>Orange Is The New Black kommt in den Free-TV - Newsslash<\/title>\n<meta name=\"robots\" content=\"noindex, follow\" \/>\n<meta property=\"og:locale\" content=\"en_US\" \/>\n<meta property=\"og:type\" content=\"article\" \/>\n<meta property=\"og:title\" content=\"Orange Is The New Black kommt in den Free-TV - Newsslash\" \/>\n<meta property=\"og:description\" content=\"Die beliebte Serie Orange Is The New Black erobert nun auch den Free-TV und wird noch in diesem Monat auf ZDFneo gezeigt. Ein... Mehr auf Newsslash.com!\" \/>\n<meta property=\"og:url\" content=\"https:\/\/newsslash.com\/n\/9647-orange-is-the-new-black-kommt-in-den-free-tv\/\" \/>\n<meta property=\"og:site_name\" content=\"Newsslash\" \/>\n<meta property=\"article:published_time\" content=\"2017-04-16T18:42:00+00:00\" \/>\n<meta property=\"og:image\" content=\"https:\/\/newsslash.com\/n\/wp-content\/uploads\/2025\/04\/NewsSlash-Featured-Image.jpg\" \/>\n\t<meta property=\"og:image:width\" content=\"1280\" \/>\n\t<meta property=\"og:image:height\" content=\"854\" \/>\n\t<meta property=\"og:image:type\" content=\"image\/jpeg\" \/>\n<meta name=\"author\" content=\"Viktor Pulz\" \/>\n<meta name=\"twitter:card\" content=\"summary_large_image\" \/>\n<meta name=\"twitter:label1\" content=\"Written by\" \/>\n\t<meta name=\"twitter:data1\" content=\"Viktor Pulz\" \/>\n\t<meta name=\"twitter:label2\" content=\"Est. reading time\" \/>\n\t<meta name=\"twitter:data2\" content=\"1 minute\" \/>\n<script type=\"application\/ld+json\" class=\"yoast-schema-graph\">{\"@context\":\"https:\/\/schema.org\",\"@graph\":[{\"@type\":\"Article\",\"@id\":\"https:\/\/newsslash.com\/n\/9647-orange-is-the-new-black-kommt-in-den-free-tv\/#article\",\"isPartOf\":{\"@id\":\"https:\/\/newsslash.com\/n\/9647-orange-is-the-new-black-kommt-in-den-free-tv\/\"},\"author\":{\"name\":\"Viktor Pulz\",\"@id\":\"https:\/\/newsslash.com\/n\/#\/schema\/person\/9710bfacfd5579c2b307825ddaad6c46\"},\"headline\":\"Orange Is The New Black kommt in den Free-TV\",\"datePublished\":\"2017-04-16T18:42:00+00:00\",\"mainEntityOfPage\":{\"@id\":\"https:\/\/newsslash.com\/n\/9647-orange-is-the-new-black-kommt-in-den-free-tv\/\"},\"wordCount\":215,\"commentCount\":0,\"publisher\":{\"@id\":\"https:\/\/newsslash.com\/n\/#organization\"},\"image\":{\"@id\":\"https:\/\/newsslash.com\/n\/9647-orange-is-the-new-black-kommt-in-den-free-tv\/#primaryimage\"},\"thumbnailUrl\":\"https:\/\/newsslash.com\/n\/wp-content\/uploads\/2025\/04\/NewsSlash-Featured-Image.jpg\",\"articleSection\":[\"Blog\"],\"inLanguage\":\"en-US\",\"potentialAction\":[{\"@type\":\"CommentAction\",\"name\":\"Comment\",\"target\":[\"https:\/\/newsslash.com\/n\/9647-orange-is-the-new-black-kommt-in-den-free-tv\/#respond\"]}]},{\"@type\":\"WebPage\",\"@id\":\"https:\/\/newsslash.com\/n\/9647-orange-is-the-new-black-kommt-in-den-free-tv\/\",\"url\":\"https:\/\/newsslash.com\/n\/9647-orange-is-the-new-black-kommt-in-den-free-tv\/\",\"name\":\"Orange Is The New Black kommt in den Free-TV - Newsslash\",\"isPartOf\":{\"@id\":\"https:\/\/newsslash.com\/n\/#website\"},\"primaryImageOfPage\":{\"@id\":\"https:\/\/newsslash.com\/n\/9647-orange-is-the-new-black-kommt-in-den-free-tv\/#primaryimage\"},\"image\":{\"@id\":\"https:\/\/newsslash.com\/n\/9647-orange-is-the-new-black-kommt-in-den-free-tv\/#primaryimage\"},\"thumbnailUrl\":\"https:\/\/newsslash.com\/n\/wp-content\/uploads\/2025\/04\/NewsSlash-Featured-Image.jpg\",\"datePublished\":\"2017-04-16T18:42:00+00:00\",\"breadcrumb\":{\"@id\":\"https:\/\/newsslash.com\/n\/9647-orange-is-the-new-black-kommt-in-den-free-tv\/#breadcrumb\"},\"inLanguage\":\"en-US\",\"potentialAction\":[{\"@type\":\"ReadAction\",\"target\":[\"https:\/\/newsslash.com\/n\/9647-orange-is-the-new-black-kommt-in-den-free-tv\/\"]}]},{\"@type\":\"ImageObject\",\"inLanguage\":\"en-US\",\"@id\":\"https:\/\/newsslash.com\/n\/9647-orange-is-the-new-black-kommt-in-den-free-tv\/#primaryimage\",\"url\":\"https:\/\/newsslash.com\/n\/wp-content\/uploads\/2025\/04\/NewsSlash-Featured-Image.jpg\",\"contentUrl\":\"https:\/\/newsslash.com\/n\/wp-content\/uploads\/2025\/04\/NewsSlash-Featured-Image.jpg\",\"width\":1280,\"height\":854},{\"@type\":\"BreadcrumbList\",\"@id\":\"https:\/\/newsslash.com\/n\/9647-orange-is-the-new-black-kommt-in-den-free-tv\/#breadcrumb\",\"itemListElement\":[{\"@type\":\"ListItem\",\"position\":1,\"name\":\"Home\",\"item\":\"https:\/\/newsslash.com\/n\/\"},{\"@type\":\"ListItem\",\"position\":2,\"name\":\"Orange Is The New Black kommt in den Free-TV\"}]},{\"@type\":\"WebSite\",\"@id\":\"https:\/\/newsslash.com\/n\/#website\",\"url\":\"https:\/\/newsslash.com\/n\/\",\"name\":\"Newsslash\",\"description\":\"Trending News on Movies, Series, OTT, Gaming\",\"publisher\":{\"@id\":\"https:\/\/newsslash.com\/n\/#organization\"},\"potentialAction\":[{\"@type\":\"SearchAction\",\"target\":{\"@type\":\"EntryPoint\",\"urlTemplate\":\"https:\/\/newsslash.com\/n\/?s={search_term_string}\"},\"query-input\":{\"@type\":\"PropertyValueSpecification\",\"valueRequired\":true,\"valueName\":\"search_term_string\"}}],\"inLanguage\":\"en-US\"},{\"@type\":\"Organization\",\"@id\":\"https:\/\/newsslash.com\/n\/#organization\",\"name\":\"Newsslash\",\"url\":\"https:\/\/newsslash.com\/n\/\",\"logo\":{\"@type\":\"ImageObject\",\"inLanguage\":\"en-US\",\"@id\":\"https:\/\/newsslash.com\/n\/#\/schema\/logo\/image\/\",\"url\":\"https:\/\/newsslash.com\/n\/wp-content\/uploads\/2025\/04\/cropped-Newsslash-logo-Fevicon.png\",\"contentUrl\":\"https:\/\/newsslash.com\/n\/wp-content\/uploads\/2025\/04\/cropped-Newsslash-logo-Fevicon.png\",\"width\":512,\"height\":512,\"caption\":\"Newsslash\"},\"image\":{\"@id\":\"https:\/\/newsslash.com\/n\/#\/schema\/logo\/image\/\"}},{\"@type\":\"Person\",\"@id\":\"https:\/\/newsslash.com\/n\/#\/schema\/person\/9710bfacfd5579c2b307825ddaad6c46\",\"name\":\"Viktor Pulz\",\"sameAs\":[\"https:\/\/newsslash.com\"],\"url\":\"https:\/\/newsslash.com\/n\/author\/viktor_pulz\/\"}]}<\/script>\n<!-- \/ Yoast SEO plugin. -->","yoast_head_json":{"title":"Orange Is The New Black kommt in den Free-TV - Newsslash","robots":{"index":"noindex","follow":"follow"},"og_locale":"en_US","og_type":"article","og_title":"Orange Is The New Black kommt in den Free-TV - Newsslash","og_description":"Die beliebte Serie Orange Is The New Black erobert nun auch den Free-TV und wird noch in diesem Monat auf ZDFneo gezeigt. Ein... Mehr auf Newsslash.com!","og_url":"https:\/\/newsslash.com\/n\/9647-orange-is-the-new-black-kommt-in-den-free-tv\/","og_site_name":"Newsslash","article_published_time":"2017-04-16T18:42:00+00:00","og_image":[{"width":1280,"height":854,"url":"https:\/\/newsslash.com\/n\/wp-content\/uploads\/2025\/04\/NewsSlash-Featured-Image.jpg","type":"image\/jpeg"}],"author":"Viktor Pulz","twitter_card":"summary_large_image","twitter_misc":{"Written by":"Viktor Pulz","Est. reading time":"1 minute"},"schema":{"@context":"https:\/\/schema.org","@graph":[{"@type":"Article","@id":"https:\/\/newsslash.com\/n\/9647-orange-is-the-new-black-kommt-in-den-free-tv\/#article","isPartOf":{"@id":"https:\/\/newsslash.com\/n\/9647-orange-is-the-new-black-kommt-in-den-free-tv\/"},"author":{"name":"Viktor Pulz","@id":"https:\/\/newsslash.com\/n\/#\/schema\/person\/9710bfacfd5579c2b307825ddaad6c46"},"headline":"Orange Is The New Black kommt in den Free-TV","datePublished":"2017-04-16T18:42:00+00:00","mainEntityOfPage":{"@id":"https:\/\/newsslash.com\/n\/9647-orange-is-the-new-black-kommt-in-den-free-tv\/"},"wordCount":215,"commentCount":0,"publisher":{"@id":"https:\/\/newsslash.com\/n\/#organization"},"image":{"@id":"https:\/\/newsslash.com\/n\/9647-orange-is-the-new-black-kommt-in-den-free-tv\/#primaryimage"},"thumbnailUrl":"https:\/\/newsslash.com\/n\/wp-content\/uploads\/2025\/04\/NewsSlash-Featured-Image.jpg","articleSection":["Blog"],"inLanguage":"en-US","potentialAction":[{"@type":"CommentAction","name":"Comment","target":["https:\/\/newsslash.com\/n\/9647-orange-is-the-new-black-kommt-in-den-free-tv\/#respond"]}]},{"@type":"WebPage","@id":"https:\/\/newsslash.com\/n\/9647-orange-is-the-new-black-kommt-in-den-free-tv\/","url":"https:\/\/newsslash.com\/n\/9647-orange-is-the-new-black-kommt-in-den-free-tv\/","name":"Orange Is The New Black kommt in den Free-TV - Newsslash","isPartOf":{"@id":"https:\/\/newsslash.com\/n\/#website"},"primaryImageOfPage":{"@id":"https:\/\/newsslash.com\/n\/9647-orange-is-the-new-black-kommt-in-den-free-tv\/#primaryimage"},"image":{"@id":"https:\/\/newsslash.com\/n\/9647-orange-is-the-new-black-kommt-in-den-free-tv\/#primaryimage"},"thumbnailUrl":"https:\/\/newsslash.com\/n\/wp-content\/uploads\/2025\/04\/NewsSlash-Featured-Image.jpg","datePublished":"2017-04-16T18:42:00+00:00","breadcrumb":{"@id":"https:\/\/newsslash.com\/n\/9647-orange-is-the-new-black-kommt-in-den-free-tv\/#breadcrumb"},"inLanguage":"en-US","potentialAction":[{"@type":"ReadAction","target":["https:\/\/newsslash.com\/n\/9647-orange-is-the-new-black-kommt-in-den-free-tv\/"]}]},{"@type":"ImageObject","inLanguage":"en-US","@id":"https:\/\/newsslash.com\/n\/9647-orange-is-the-new-black-kommt-in-den-free-tv\/#primaryimage","url":"https:\/\/newsslash.com\/n\/wp-content\/uploads\/2025\/04\/NewsSlash-Featured-Image.jpg","contentUrl":"https:\/\/newsslash.com\/n\/wp-content\/uploads\/2025\/04\/NewsSlash-Featured-Image.jpg","width":1280,"height":854},{"@type":"BreadcrumbList","@id":"https:\/\/newsslash.com\/n\/9647-orange-is-the-new-black-kommt-in-den-free-tv\/#breadcrumb","itemListElement":[{"@type":"ListItem","position":1,"name":"Home","item":"https:\/\/newsslash.com\/n\/"},{"@type":"ListItem","position":2,"name":"Orange Is The New Black kommt in den Free-TV"}]},{"@type":"WebSite","@id":"https:\/\/newsslash.com\/n\/#website","url":"https:\/\/newsslash.com\/n\/","name":"Newsslash","description":"Trending News on Movies, Series, OTT, Gaming","publisher":{"@id":"https:\/\/newsslash.com\/n\/#organization"},"potentialAction":[{"@type":"SearchAction","target":{"@type":"EntryPoint","urlTemplate":"https:\/\/newsslash.com\/n\/?s={search_term_string}"},"query-input":{"@type":"PropertyValueSpecification","valueRequired":true,"valueName":"search_term_string"}}],"inLanguage":"en-US"},{"@type":"Organization","@id":"https:\/\/newsslash.com\/n\/#organization","name":"Newsslash","url":"https:\/\/newsslash.com\/n\/","logo":{"@type":"ImageObject","inLanguage":"en-US","@id":"https:\/\/newsslash.com\/n\/#\/schema\/logo\/image\/","url":"https:\/\/newsslash.com\/n\/wp-content\/uploads\/2025\/04\/cropped-Newsslash-logo-Fevicon.png","contentUrl":"https:\/\/newsslash.com\/n\/wp-content\/uploads\/2025\/04\/cropped-Newsslash-logo-Fevicon.png","width":512,"height":512,"caption":"Newsslash"},"image":{"@id":"https:\/\/newsslash.com\/n\/#\/schema\/logo\/image\/"}},{"@type":"Person","@id":"https:\/\/newsslash.com\/n\/#\/schema\/person\/9710bfacfd5579c2b307825ddaad6c46","name":"Viktor Pulz","sameAs":["https:\/\/newsslash.com"],"url":"https:\/\/newsslash.com\/n\/author\/viktor_pulz\/"}]}},"_links":{"self":[{"href":"https:\/\/newsslash.com\/n\/wp-json\/wp\/v2\/posts\/12849","targetHints":{"allow":["GET"]}}],"collection":[{"href":"https:\/\/newsslash.com\/n\/wp-json\/wp\/v2\/posts"}],"about":[{"href":"https:\/\/newsslash.com\/n\/wp-json\/wp\/v2\/types\/post"}],"author":[{"embeddable":true,"href":"https:\/\/newsslash.com\/n\/wp-json\/wp\/v2\/users\/2"}],"replies":[{"embeddable":true,"href":"https:\/\/newsslash.com\/n\/wp-json\/wp\/v2\/comments?post=12849"}],"version-history":[{"count":0,"href":"https:\/\/newsslash.com\/n\/wp-json\/wp\/v2\/posts\/12849\/revisions"}],"wp:featuredmedia":[{"embeddable":true,"href":"https:\/\/newsslash.com\/n\/wp-json\/wp\/v2\/media\/21974"}],"wp:attachment":[{"href":"https:\/\/newsslash.com\/n\/wp-json\/wp\/v2\/media?parent=12849"}],"curies":[{"name":"wp","href":"https:\/\/api.w.org\/{rel}","templated":true}]}}