{"id":12887,"date":"2017-04-19T17:45:09","date_gmt":"2017-04-19T17:45:09","guid":{"rendered":"https:\/\/newsslash.com\/n\/9685-the-path-staffel-2-amazon-prime-video-gibt-startdatum-bekannt\/"},"modified":"2017-04-19T17:45:09","modified_gmt":"2017-04-19T17:45:09","slug":"9685-the-path-staffel-2-amazon-prime-video-gibt-startdatum-bekannt","status":"publish","type":"post","link":"https:\/\/newsslash.com\/n\/9685-the-path-staffel-2-amazon-prime-video-gibt-startdatum-bekannt\/","title":{"rendered":"The Path Staffel 2: Amazon Prime Video gibt Startdatum be&#8230;"},"content":{"rendered":"<p>Woran sollst Du noch glauben, wenn Du Deinen Glauben selbst infrage stellst? Die Dramaserie The Path erz\u00c3\u00a4hlt von der gef\u00c3\u00a4hrlichen Welt der sektenhaften Meyerism-Bewegung im Bundesstaat New York. Am 12. Mai feiert die zweite Staffel der provokativen Serie mit Aaron Paul (Breaking Bad), Michelle Monaghan (Kiss Kiss Bang Bang) und Hugh Dancy (Hannibal) exklusiv f\u00c3\u00bcr Prime-Mitglieder in Deutschland und \u00c3\u2013sterreich Premiere. In Staffel zwei k\u00c3\u00a4mpft Eddie Lane (Aaron Paul) mit seinem neuen Leben und wird von seltsamen Visionen verfolgt. Nach dem merkw\u00c3\u00bcrdigen Verschwinden von Dr. Steve Meyer (Keir Dullea) nimmt Eddies Frau Sarah (Michelle Monaghan) hingegen eine wichtige Rolle in der Bewegung ein: Sie dient zusammen mit Cal (Hugh Dancy) als W\u00c3\u00a4chter des Lichts \u00e2\u20ac\u201c obwohl sie Cal gegen\u00c3\u00bcber skeptisch ist. Au\u00c3\u0178erdem erg\u00c3\u00a4nzt James Remar (The Shannara Chronicles) als Kodiak, ein kontroverser Meyerist, die Besetzung der zweiten Staffel: Nachdem er in Korruptionsvorw\u00c3\u00bcrfe verwickelt war, kehrt er nun in den Kreis der Bewegung zur\u00c3\u00bcck. The Path wird vertrieben von NBCUniversal und produziert von Universal Televison und Jason Katims\u00e2\u20ac\u2122 True Jack Productions. Die Serie wurde kreiert von Jessica Goldberg, die neben James Katims und Michelle Lee von True Jack auch als Executive Producer fungiert.<\/p><div class=\"newss-content\" id=\"newss-422658748\"><script async src=\"\/\/pagead2.googlesyndication.com\/pagead\/js\/adsbygoogle.js?client=ca-pub-7733425960004873\" crossorigin=\"anonymous\"><\/script><ins class=\"adsbygoogle\" style=\"display:block;\" data-ad-client=\"ca-pub-7733425960004873\" \ndata-ad-slot=\"2582020599\" \ndata-ad-format=\"auto\"><\/ins>\n<script> \n(adsbygoogle = window.adsbygoogle || []).push({}); \n<\/script>\n<\/div><div class=\"newss-article-1\" id=\"newss-628179356\"><script async src=\"https:\/\/pagead2.googlesyndication.com\/pagead\/js\/adsbygoogle.js?client=ca-pub-7733425960004873\"\r\n     crossorigin=\"anonymous\"><\/script>\r\n<!-- Homepage2 -->\r\n<ins class=\"adsbygoogle\"\r\n     style=\"display:block\"\r\n     data-ad-client=\"ca-pub-7733425960004873\"\r\n     data-ad-slot=\"2582020599\"\r\n     data-ad-format=\"auto\"\r\n     data-full-width-responsive=\"true\"><\/ins>\r\n<script>\r\n     (adsbygoogle = window.adsbygoogle || []).push({});\r\n<\/script><\/div>\n","protected":false},"excerpt":{"rendered":"<p>Die zweite Staffel der Dramaserie The Path startet schon bald bei Amazon Prime Video. Der Anbieter hat nun nicht nur Details rund um&#8230; Mehr auf Newsslash.com!<\/p>\n","protected":false},"author":2,"featured_media":21974,"comment_status":"open","ping_status":"open","sticky":false,"template":"","format":"standard","meta":{"_et_pb_use_builder":"","_et_pb_old_content":"","_et_gb_content_width":"","footnotes":""},"class_list":["post-12887","post","type-post","status-publish","format-standard","has-post-thumbnail","hentry","category-blog"],"yoast_head":"<!-- This site is optimized with the Yoast SEO plugin v24.8.1 - https:\/\/yoast.com\/wordpress\/plugins\/seo\/ -->\n<title>The Path Staffel 2: Amazon Prime Video gibt Startdatum be... - Newsslash<\/title>\n<meta name=\"robots\" content=\"noindex, follow\" \/>\n<meta property=\"og:locale\" content=\"en_US\" \/>\n<meta property=\"og:type\" content=\"article\" \/>\n<meta property=\"og:title\" content=\"The Path Staffel 2: Amazon Prime Video gibt Startdatum be... - Newsslash\" \/>\n<meta property=\"og:description\" content=\"Die zweite Staffel der Dramaserie The Path startet schon bald bei Amazon Prime Video. Der Anbieter hat nun nicht nur Details rund um... Mehr auf Newsslash.com!\" \/>\n<meta property=\"og:url\" content=\"https:\/\/newsslash.com\/n\/9685-the-path-staffel-2-amazon-prime-video-gibt-startdatum-bekannt\/\" \/>\n<meta property=\"og:site_name\" content=\"Newsslash\" \/>\n<meta property=\"article:published_time\" content=\"2017-04-19T17:45:09+00:00\" \/>\n<meta property=\"og:image\" content=\"https:\/\/newsslash.com\/n\/wp-content\/uploads\/2025\/04\/NewsSlash-Featured-Image.jpg\" \/>\n\t<meta property=\"og:image:width\" content=\"1280\" \/>\n\t<meta property=\"og:image:height\" content=\"854\" \/>\n\t<meta property=\"og:image:type\" content=\"image\/jpeg\" \/>\n<meta name=\"author\" content=\"Viktor Pulz\" \/>\n<meta name=\"twitter:card\" content=\"summary_large_image\" \/>\n<meta name=\"twitter:label1\" content=\"Written by\" \/>\n\t<meta name=\"twitter:data1\" content=\"Viktor Pulz\" \/>\n\t<meta name=\"twitter:label2\" content=\"Est. reading time\" \/>\n\t<meta name=\"twitter:data2\" content=\"1 minute\" \/>\n<script type=\"application\/ld+json\" class=\"yoast-schema-graph\">{\"@context\":\"https:\/\/schema.org\",\"@graph\":[{\"@type\":\"Article\",\"@id\":\"https:\/\/newsslash.com\/n\/9685-the-path-staffel-2-amazon-prime-video-gibt-startdatum-bekannt\/#article\",\"isPartOf\":{\"@id\":\"https:\/\/newsslash.com\/n\/9685-the-path-staffel-2-amazon-prime-video-gibt-startdatum-bekannt\/\"},\"author\":{\"name\":\"Viktor Pulz\",\"@id\":\"https:\/\/newsslash.com\/n\/#\/schema\/person\/9710bfacfd5579c2b307825ddaad6c46\"},\"headline\":\"The Path Staffel 2: Amazon Prime Video gibt Startdatum be&#8230;\",\"datePublished\":\"2017-04-19T17:45:09+00:00\",\"mainEntityOfPage\":{\"@id\":\"https:\/\/newsslash.com\/n\/9685-the-path-staffel-2-amazon-prime-video-gibt-startdatum-bekannt\/\"},\"wordCount\":210,\"commentCount\":0,\"publisher\":{\"@id\":\"https:\/\/newsslash.com\/n\/#organization\"},\"image\":{\"@id\":\"https:\/\/newsslash.com\/n\/9685-the-path-staffel-2-amazon-prime-video-gibt-startdatum-bekannt\/#primaryimage\"},\"thumbnailUrl\":\"https:\/\/newsslash.com\/n\/wp-content\/uploads\/2025\/04\/NewsSlash-Featured-Image.jpg\",\"articleSection\":[\"Blog\"],\"inLanguage\":\"en-US\",\"potentialAction\":[{\"@type\":\"CommentAction\",\"name\":\"Comment\",\"target\":[\"https:\/\/newsslash.com\/n\/9685-the-path-staffel-2-amazon-prime-video-gibt-startdatum-bekannt\/#respond\"]}]},{\"@type\":\"WebPage\",\"@id\":\"https:\/\/newsslash.com\/n\/9685-the-path-staffel-2-amazon-prime-video-gibt-startdatum-bekannt\/\",\"url\":\"https:\/\/newsslash.com\/n\/9685-the-path-staffel-2-amazon-prime-video-gibt-startdatum-bekannt\/\",\"name\":\"The Path Staffel 2: Amazon Prime Video gibt Startdatum be... - Newsslash\",\"isPartOf\":{\"@id\":\"https:\/\/newsslash.com\/n\/#website\"},\"primaryImageOfPage\":{\"@id\":\"https:\/\/newsslash.com\/n\/9685-the-path-staffel-2-amazon-prime-video-gibt-startdatum-bekannt\/#primaryimage\"},\"image\":{\"@id\":\"https:\/\/newsslash.com\/n\/9685-the-path-staffel-2-amazon-prime-video-gibt-startdatum-bekannt\/#primaryimage\"},\"thumbnailUrl\":\"https:\/\/newsslash.com\/n\/wp-content\/uploads\/2025\/04\/NewsSlash-Featured-Image.jpg\",\"datePublished\":\"2017-04-19T17:45:09+00:00\",\"breadcrumb\":{\"@id\":\"https:\/\/newsslash.com\/n\/9685-the-path-staffel-2-amazon-prime-video-gibt-startdatum-bekannt\/#breadcrumb\"},\"inLanguage\":\"en-US\",\"potentialAction\":[{\"@type\":\"ReadAction\",\"target\":[\"https:\/\/newsslash.com\/n\/9685-the-path-staffel-2-amazon-prime-video-gibt-startdatum-bekannt\/\"]}]},{\"@type\":\"ImageObject\",\"inLanguage\":\"en-US\",\"@id\":\"https:\/\/newsslash.com\/n\/9685-the-path-staffel-2-amazon-prime-video-gibt-startdatum-bekannt\/#primaryimage\",\"url\":\"https:\/\/newsslash.com\/n\/wp-content\/uploads\/2025\/04\/NewsSlash-Featured-Image.jpg\",\"contentUrl\":\"https:\/\/newsslash.com\/n\/wp-content\/uploads\/2025\/04\/NewsSlash-Featured-Image.jpg\",\"width\":1280,\"height\":854},{\"@type\":\"BreadcrumbList\",\"@id\":\"https:\/\/newsslash.com\/n\/9685-the-path-staffel-2-amazon-prime-video-gibt-startdatum-bekannt\/#breadcrumb\",\"itemListElement\":[{\"@type\":\"ListItem\",\"position\":1,\"name\":\"Home\",\"item\":\"https:\/\/newsslash.com\/n\/\"},{\"@type\":\"ListItem\",\"position\":2,\"name\":\"The Path Staffel 2: Amazon Prime Video gibt Startdatum be&#8230;\"}]},{\"@type\":\"WebSite\",\"@id\":\"https:\/\/newsslash.com\/n\/#website\",\"url\":\"https:\/\/newsslash.com\/n\/\",\"name\":\"Newsslash\",\"description\":\"Trending News on Movies, Series, OTT, Gaming\",\"publisher\":{\"@id\":\"https:\/\/newsslash.com\/n\/#organization\"},\"potentialAction\":[{\"@type\":\"SearchAction\",\"target\":{\"@type\":\"EntryPoint\",\"urlTemplate\":\"https:\/\/newsslash.com\/n\/?s={search_term_string}\"},\"query-input\":{\"@type\":\"PropertyValueSpecification\",\"valueRequired\":true,\"valueName\":\"search_term_string\"}}],\"inLanguage\":\"en-US\"},{\"@type\":\"Organization\",\"@id\":\"https:\/\/newsslash.com\/n\/#organization\",\"name\":\"Newsslash\",\"url\":\"https:\/\/newsslash.com\/n\/\",\"logo\":{\"@type\":\"ImageObject\",\"inLanguage\":\"en-US\",\"@id\":\"https:\/\/newsslash.com\/n\/#\/schema\/logo\/image\/\",\"url\":\"https:\/\/newsslash.com\/n\/wp-content\/uploads\/2025\/04\/cropped-Newsslash-logo-Fevicon.png\",\"contentUrl\":\"https:\/\/newsslash.com\/n\/wp-content\/uploads\/2025\/04\/cropped-Newsslash-logo-Fevicon.png\",\"width\":512,\"height\":512,\"caption\":\"Newsslash\"},\"image\":{\"@id\":\"https:\/\/newsslash.com\/n\/#\/schema\/logo\/image\/\"}},{\"@type\":\"Person\",\"@id\":\"https:\/\/newsslash.com\/n\/#\/schema\/person\/9710bfacfd5579c2b307825ddaad6c46\",\"name\":\"Viktor Pulz\",\"sameAs\":[\"https:\/\/newsslash.com\"],\"url\":\"https:\/\/newsslash.com\/n\/author\/viktor_pulz\/\"}]}<\/script>\n<!-- \/ Yoast SEO plugin. -->","yoast_head_json":{"title":"The Path Staffel 2: Amazon Prime Video gibt Startdatum be... - Newsslash","robots":{"index":"noindex","follow":"follow"},"og_locale":"en_US","og_type":"article","og_title":"The Path Staffel 2: Amazon Prime Video gibt Startdatum be... - Newsslash","og_description":"Die zweite Staffel der Dramaserie The Path startet schon bald bei Amazon Prime Video. Der Anbieter hat nun nicht nur Details rund um... Mehr auf Newsslash.com!","og_url":"https:\/\/newsslash.com\/n\/9685-the-path-staffel-2-amazon-prime-video-gibt-startdatum-bekannt\/","og_site_name":"Newsslash","article_published_time":"2017-04-19T17:45:09+00:00","og_image":[{"width":1280,"height":854,"url":"https:\/\/newsslash.com\/n\/wp-content\/uploads\/2025\/04\/NewsSlash-Featured-Image.jpg","type":"image\/jpeg"}],"author":"Viktor Pulz","twitter_card":"summary_large_image","twitter_misc":{"Written by":"Viktor Pulz","Est. reading time":"1 minute"},"schema":{"@context":"https:\/\/schema.org","@graph":[{"@type":"Article","@id":"https:\/\/newsslash.com\/n\/9685-the-path-staffel-2-amazon-prime-video-gibt-startdatum-bekannt\/#article","isPartOf":{"@id":"https:\/\/newsslash.com\/n\/9685-the-path-staffel-2-amazon-prime-video-gibt-startdatum-bekannt\/"},"author":{"name":"Viktor Pulz","@id":"https:\/\/newsslash.com\/n\/#\/schema\/person\/9710bfacfd5579c2b307825ddaad6c46"},"headline":"The Path Staffel 2: Amazon Prime Video gibt Startdatum be&#8230;","datePublished":"2017-04-19T17:45:09+00:00","mainEntityOfPage":{"@id":"https:\/\/newsslash.com\/n\/9685-the-path-staffel-2-amazon-prime-video-gibt-startdatum-bekannt\/"},"wordCount":210,"commentCount":0,"publisher":{"@id":"https:\/\/newsslash.com\/n\/#organization"},"image":{"@id":"https:\/\/newsslash.com\/n\/9685-the-path-staffel-2-amazon-prime-video-gibt-startdatum-bekannt\/#primaryimage"},"thumbnailUrl":"https:\/\/newsslash.com\/n\/wp-content\/uploads\/2025\/04\/NewsSlash-Featured-Image.jpg","articleSection":["Blog"],"inLanguage":"en-US","potentialAction":[{"@type":"CommentAction","name":"Comment","target":["https:\/\/newsslash.com\/n\/9685-the-path-staffel-2-amazon-prime-video-gibt-startdatum-bekannt\/#respond"]}]},{"@type":"WebPage","@id":"https:\/\/newsslash.com\/n\/9685-the-path-staffel-2-amazon-prime-video-gibt-startdatum-bekannt\/","url":"https:\/\/newsslash.com\/n\/9685-the-path-staffel-2-amazon-prime-video-gibt-startdatum-bekannt\/","name":"The Path Staffel 2: Amazon Prime Video gibt Startdatum be... - Newsslash","isPartOf":{"@id":"https:\/\/newsslash.com\/n\/#website"},"primaryImageOfPage":{"@id":"https:\/\/newsslash.com\/n\/9685-the-path-staffel-2-amazon-prime-video-gibt-startdatum-bekannt\/#primaryimage"},"image":{"@id":"https:\/\/newsslash.com\/n\/9685-the-path-staffel-2-amazon-prime-video-gibt-startdatum-bekannt\/#primaryimage"},"thumbnailUrl":"https:\/\/newsslash.com\/n\/wp-content\/uploads\/2025\/04\/NewsSlash-Featured-Image.jpg","datePublished":"2017-04-19T17:45:09+00:00","breadcrumb":{"@id":"https:\/\/newsslash.com\/n\/9685-the-path-staffel-2-amazon-prime-video-gibt-startdatum-bekannt\/#breadcrumb"},"inLanguage":"en-US","potentialAction":[{"@type":"ReadAction","target":["https:\/\/newsslash.com\/n\/9685-the-path-staffel-2-amazon-prime-video-gibt-startdatum-bekannt\/"]}]},{"@type":"ImageObject","inLanguage":"en-US","@id":"https:\/\/newsslash.com\/n\/9685-the-path-staffel-2-amazon-prime-video-gibt-startdatum-bekannt\/#primaryimage","url":"https:\/\/newsslash.com\/n\/wp-content\/uploads\/2025\/04\/NewsSlash-Featured-Image.jpg","contentUrl":"https:\/\/newsslash.com\/n\/wp-content\/uploads\/2025\/04\/NewsSlash-Featured-Image.jpg","width":1280,"height":854},{"@type":"BreadcrumbList","@id":"https:\/\/newsslash.com\/n\/9685-the-path-staffel-2-amazon-prime-video-gibt-startdatum-bekannt\/#breadcrumb","itemListElement":[{"@type":"ListItem","position":1,"name":"Home","item":"https:\/\/newsslash.com\/n\/"},{"@type":"ListItem","position":2,"name":"The Path Staffel 2: Amazon Prime Video gibt Startdatum be&#8230;"}]},{"@type":"WebSite","@id":"https:\/\/newsslash.com\/n\/#website","url":"https:\/\/newsslash.com\/n\/","name":"Newsslash","description":"Trending News on Movies, Series, OTT, Gaming","publisher":{"@id":"https:\/\/newsslash.com\/n\/#organization"},"potentialAction":[{"@type":"SearchAction","target":{"@type":"EntryPoint","urlTemplate":"https:\/\/newsslash.com\/n\/?s={search_term_string}"},"query-input":{"@type":"PropertyValueSpecification","valueRequired":true,"valueName":"search_term_string"}}],"inLanguage":"en-US"},{"@type":"Organization","@id":"https:\/\/newsslash.com\/n\/#organization","name":"Newsslash","url":"https:\/\/newsslash.com\/n\/","logo":{"@type":"ImageObject","inLanguage":"en-US","@id":"https:\/\/newsslash.com\/n\/#\/schema\/logo\/image\/","url":"https:\/\/newsslash.com\/n\/wp-content\/uploads\/2025\/04\/cropped-Newsslash-logo-Fevicon.png","contentUrl":"https:\/\/newsslash.com\/n\/wp-content\/uploads\/2025\/04\/cropped-Newsslash-logo-Fevicon.png","width":512,"height":512,"caption":"Newsslash"},"image":{"@id":"https:\/\/newsslash.com\/n\/#\/schema\/logo\/image\/"}},{"@type":"Person","@id":"https:\/\/newsslash.com\/n\/#\/schema\/person\/9710bfacfd5579c2b307825ddaad6c46","name":"Viktor Pulz","sameAs":["https:\/\/newsslash.com"],"url":"https:\/\/newsslash.com\/n\/author\/viktor_pulz\/"}]}},"_links":{"self":[{"href":"https:\/\/newsslash.com\/n\/wp-json\/wp\/v2\/posts\/12887","targetHints":{"allow":["GET"]}}],"collection":[{"href":"https:\/\/newsslash.com\/n\/wp-json\/wp\/v2\/posts"}],"about":[{"href":"https:\/\/newsslash.com\/n\/wp-json\/wp\/v2\/types\/post"}],"author":[{"embeddable":true,"href":"https:\/\/newsslash.com\/n\/wp-json\/wp\/v2\/users\/2"}],"replies":[{"embeddable":true,"href":"https:\/\/newsslash.com\/n\/wp-json\/wp\/v2\/comments?post=12887"}],"version-history":[{"count":0,"href":"https:\/\/newsslash.com\/n\/wp-json\/wp\/v2\/posts\/12887\/revisions"}],"wp:featuredmedia":[{"embeddable":true,"href":"https:\/\/newsslash.com\/n\/wp-json\/wp\/v2\/media\/21974"}],"wp:attachment":[{"href":"https:\/\/newsslash.com\/n\/wp-json\/wp\/v2\/media?parent=12887"}],"curies":[{"name":"wp","href":"https:\/\/api.w.org\/{rel}","templated":true}]}}