{"id":13500,"date":"2017-07-11T11:14:00","date_gmt":"2017-07-11T11:14:00","guid":{"rendered":"https:\/\/newsslash.com\/n\/10168-wann-kommt-into-the-badlands-staffel-3-auf-amazon-prime-video\/"},"modified":"2017-07-11T11:14:00","modified_gmt":"2017-07-11T11:14:00","slug":"10168-wann-kommt-into-the-badlands-staffel-3-auf-amazon-prime-video","status":"publish","type":"post","link":"https:\/\/newsslash.com\/n\/10168-wann-kommt-into-the-badlands-staffel-3-auf-amazon-prime-video\/","title":{"rendered":"Wann kommt Into the Badlands Staffel 3 auf Amazon Prime V&#8230;"},"content":{"rendered":"<p>Into the Badlands ist Kult. Kult unter wenigen, denn die Serie ist eben keines jener Beispiele, bei denen es aufs Gesamtpaket ankommt. Die von Alfred Gough und Miles Millar kreierte Martial Arts Serie ist ein Gemetzel mit maximalem Kampfeinsatz, wenigen Statisten, einigen Hauptcharakteren und noch weniger Drehorten. Die Story der Serie ist herrlich flach, so flach, dass sich der Zuschauer gar keine Gedanken darum machen muss und sich vollends den von Stephen Fung und Kampfszenen-Koordinator Master Dee Dee ersonnenen Gefechten hingeben kann. <ins data-ad-client=\"ca-pub-3647021458695789\" data-ad-format=\"link\" data-ad-slot=\"7996975644\" style=\"display:block\"><\/ins> Nachdem die ersten zwei Staffeln released wurden und die zweite mit einem ordentlichen Cliffhanger versehen ist, warten Fans gespannt auf die Fortsetzung der Badlands-Reihe und fragen sich: Wann kommt Into the Badlands Staffel 3 auf Amazon Prime Video? <b>Ist das \u00c3\u00bcberhaupt spoilern?!<\/b> Nachdem am Ende der zweiten Staffel nicht nur eine, sondern gleich zwei Personen sterben, sind Fans &#8211; so wie auch die Redaktion &#8211; darauf gespannt, wie und vor allem wann es mit Staffel drei weitergeht &#8211; denn eines ist klar: Auch wenn in Into the Badlands gef\u00c3\u00bchlt jede 30 Sekunden ein Schauspieler durch Erdolchung oder sonstige Gr\u00c3\u00bcnde sein Leben lassen muss, so kann man die Serie sicher nicht dem Cliffhanger entsprechend enden lassen. <iframe loading=\"lazy\" allowfullscreen=\"\" frameborder=\"0\" height=\"315\" src=\"https:\/\/www.youtube-nocookie.com\/embed\/eB9dABjwa9o\" width=\"100%\"><\/iframe> Gl\u00c3\u00bccklicherweise hatte AMC schon vor Ende der zweiten Staffel eine Dritte verk\u00c3\u00bcndet, nicht jedoch, wann diese das Licht der Welt erblickt. Mit abnehmenden doch noch immer durchschnittlich 3,6 Millionen Zuschauern pro Episode d\u00c3\u00bcrfte sich der Fernsehsender allerdings nicht allzu sehr bitten lassen, f\u00c3\u00bcr ein vorzeitiges Release zu sorgen. Laut Den of Geeks bef\u00c3\u00a4nde sich die Serie im Ranking schon hinter den Top-Scorern &#8220;The Walking Dead,&#8221; &#8220;American Horror Story&#8221; und &#8220;Fear the Walking Dead&#8221; auf Platz 4. Soweit die Theorie. In der Praxis hat der Sender einen strengen Sendeplan und mit einer neuen Staffel wird wohl voraussichtlich erst im Fr\u00c3\u00bchling 2018 zu rechnen sein. Als kleiner Trost dient dabei das Versprechen, dass die dritte Staffel genauso viele Folgen haben wird wie die ersten beiden zusammen &#8211; n\u00c3\u00a4mlich ganze 16 St\u00c3\u00bcck! In Deutschland und somit auf Amazon Prime Video wird Into the Badlands Staffel 3 aller Voraussicht nach allerdings erst 3-4 Monate nach US-TV-Ausstrahlung gezeigt werden. Somit d\u00c3\u00bcrfen deutsche Fans wohl eher erst fr\u00c3\u00bchestens Mitte bis Ende n\u00c3\u00a4chsten Jahres mit der Serie auf Amazon Prime Video rechnen. Angesiedelt im postapokalyptischen Amerika und mit Book of Eli \u00c3\u00a4hnelndem Landschaftsbild versehen ist Into the Badlands. Die alternative Zukunft, in der die Welt von Baronen regiert und unterteilt wurde, basiert urspr\u00c3\u00bcnglich auf einem klassischen chinesischen Roman namens \u00e2\u20ac\u0153Die Reise nach Westen\u00e2\u20ac\u009d. Angereichert durch mehr oder weniger gutes Schauspiel werden dann fast schon naiv witzige Gruppierungen wie Einzelg\u00c3\u00a4nger projiziert, jeder mit Egoismus-Mentalit\u00c3\u00a4t gesegnet und ordentlich \u00e2\u20ac\u0153\u00c3\u0153berleben kann nur, wer den anderen zuerst killt\u00e2\u20ac\u009d-Dogma beschenkt.<\/p><div class=\"newss-content\" id=\"newss-3089979948\"><script async src=\"\/\/pagead2.googlesyndication.com\/pagead\/js\/adsbygoogle.js?client=ca-pub-7733425960004873\" crossorigin=\"anonymous\"><\/script><ins class=\"adsbygoogle\" style=\"display:block;\" data-ad-client=\"ca-pub-7733425960004873\" \ndata-ad-slot=\"2582020599\" \ndata-ad-format=\"auto\"><\/ins>\n<script> \n(adsbygoogle = window.adsbygoogle || []).push({}); \n<\/script>\n<\/div><div class=\"newss-article-1\" id=\"newss-918719584\"><script async src=\"https:\/\/pagead2.googlesyndication.com\/pagead\/js\/adsbygoogle.js?client=ca-pub-7733425960004873\"\r\n     crossorigin=\"anonymous\"><\/script>\r\n<!-- Homepage2 -->\r\n<ins class=\"adsbygoogle\"\r\n     style=\"display:block\"\r\n     data-ad-client=\"ca-pub-7733425960004873\"\r\n     data-ad-slot=\"2582020599\"\r\n     data-ad-format=\"auto\"\r\n     data-full-width-responsive=\"true\"><\/ins>\r\n<script>\r\n     (adsbygoogle = window.adsbygoogle || []).push({});\r\n<\/script><\/div>\n","protected":false},"excerpt":{"rendered":"<p>Eine Serie, die sich in keiner Weise um den Inhalt schert, sondern s\u00c3\u00a4mtlichen Fokus auf die einzigartigen Kampfszenen legt und&#8230; Mehr auf Newsslash.com!<\/p>\n","protected":false},"author":6,"featured_media":21974,"comment_status":"open","ping_status":"open","sticky":false,"template":"","format":"standard","meta":{"_et_pb_use_builder":"","_et_pb_old_content":"","_et_gb_content_width":"","footnotes":""},"class_list":["post-13500","post","type-post","status-publish","format-standard","has-post-thumbnail","hentry","category-blog"],"yoast_head":"<!-- This site is optimized with the Yoast SEO plugin v24.8.1 - https:\/\/yoast.com\/wordpress\/plugins\/seo\/ -->\n<title>Wann kommt Into the Badlands Staffel 3 auf Amazon Prime V... - Newsslash<\/title>\n<meta name=\"robots\" content=\"noindex, follow\" \/>\n<meta property=\"og:locale\" content=\"en_US\" \/>\n<meta property=\"og:type\" content=\"article\" \/>\n<meta property=\"og:title\" content=\"Wann kommt Into the Badlands Staffel 3 auf Amazon Prime V... - Newsslash\" \/>\n<meta property=\"og:description\" content=\"Eine Serie, die sich in keiner Weise um den Inhalt schert, sondern s\u00c3\u00a4mtlichen Fokus auf die einzigartigen Kampfszenen legt und... Mehr auf Newsslash.com!\" \/>\n<meta property=\"og:url\" content=\"https:\/\/newsslash.com\/n\/10168-wann-kommt-into-the-badlands-staffel-3-auf-amazon-prime-video\/\" \/>\n<meta property=\"og:site_name\" content=\"Newsslash\" \/>\n<meta property=\"article:published_time\" content=\"2017-07-11T11:14:00+00:00\" \/>\n<meta property=\"og:image\" content=\"https:\/\/newsslash.com\/n\/wp-content\/uploads\/2025\/04\/NewsSlash-Featured-Image.jpg\" \/>\n\t<meta property=\"og:image:width\" content=\"1280\" \/>\n\t<meta property=\"og:image:height\" content=\"854\" \/>\n\t<meta property=\"og:image:type\" content=\"image\/jpeg\" \/>\n<meta name=\"author\" content=\"Daniel S\" \/>\n<meta name=\"twitter:card\" content=\"summary_large_image\" \/>\n<meta name=\"twitter:label1\" content=\"Written by\" \/>\n\t<meta name=\"twitter:data1\" content=\"Daniel S\" \/>\n\t<meta name=\"twitter:label2\" content=\"Est. reading time\" \/>\n\t<meta name=\"twitter:data2\" content=\"2 minutes\" \/>\n<script type=\"application\/ld+json\" class=\"yoast-schema-graph\">{\"@context\":\"https:\/\/schema.org\",\"@graph\":[{\"@type\":\"Article\",\"@id\":\"https:\/\/newsslash.com\/n\/10168-wann-kommt-into-the-badlands-staffel-3-auf-amazon-prime-video\/#article\",\"isPartOf\":{\"@id\":\"https:\/\/newsslash.com\/n\/10168-wann-kommt-into-the-badlands-staffel-3-auf-amazon-prime-video\/\"},\"author\":{\"name\":\"Daniel S\",\"@id\":\"https:\/\/newsslash.com\/n\/#\/schema\/person\/80a404decadf9e49aa360e11977c32f2\"},\"headline\":\"Wann kommt Into the Badlands Staffel 3 auf Amazon Prime V&#8230;\",\"datePublished\":\"2017-07-11T11:14:00+00:00\",\"mainEntityOfPage\":{\"@id\":\"https:\/\/newsslash.com\/n\/10168-wann-kommt-into-the-badlands-staffel-3-auf-amazon-prime-video\/\"},\"wordCount\":465,\"commentCount\":0,\"publisher\":{\"@id\":\"https:\/\/newsslash.com\/n\/#organization\"},\"image\":{\"@id\":\"https:\/\/newsslash.com\/n\/10168-wann-kommt-into-the-badlands-staffel-3-auf-amazon-prime-video\/#primaryimage\"},\"thumbnailUrl\":\"https:\/\/newsslash.com\/n\/wp-content\/uploads\/2025\/04\/NewsSlash-Featured-Image.jpg\",\"articleSection\":[\"Blog\"],\"inLanguage\":\"en-US\",\"potentialAction\":[{\"@type\":\"CommentAction\",\"name\":\"Comment\",\"target\":[\"https:\/\/newsslash.com\/n\/10168-wann-kommt-into-the-badlands-staffel-3-auf-amazon-prime-video\/#respond\"]}]},{\"@type\":\"WebPage\",\"@id\":\"https:\/\/newsslash.com\/n\/10168-wann-kommt-into-the-badlands-staffel-3-auf-amazon-prime-video\/\",\"url\":\"https:\/\/newsslash.com\/n\/10168-wann-kommt-into-the-badlands-staffel-3-auf-amazon-prime-video\/\",\"name\":\"Wann kommt Into the Badlands Staffel 3 auf Amazon Prime V... - Newsslash\",\"isPartOf\":{\"@id\":\"https:\/\/newsslash.com\/n\/#website\"},\"primaryImageOfPage\":{\"@id\":\"https:\/\/newsslash.com\/n\/10168-wann-kommt-into-the-badlands-staffel-3-auf-amazon-prime-video\/#primaryimage\"},\"image\":{\"@id\":\"https:\/\/newsslash.com\/n\/10168-wann-kommt-into-the-badlands-staffel-3-auf-amazon-prime-video\/#primaryimage\"},\"thumbnailUrl\":\"https:\/\/newsslash.com\/n\/wp-content\/uploads\/2025\/04\/NewsSlash-Featured-Image.jpg\",\"datePublished\":\"2017-07-11T11:14:00+00:00\",\"breadcrumb\":{\"@id\":\"https:\/\/newsslash.com\/n\/10168-wann-kommt-into-the-badlands-staffel-3-auf-amazon-prime-video\/#breadcrumb\"},\"inLanguage\":\"en-US\",\"potentialAction\":[{\"@type\":\"ReadAction\",\"target\":[\"https:\/\/newsslash.com\/n\/10168-wann-kommt-into-the-badlands-staffel-3-auf-amazon-prime-video\/\"]}]},{\"@type\":\"ImageObject\",\"inLanguage\":\"en-US\",\"@id\":\"https:\/\/newsslash.com\/n\/10168-wann-kommt-into-the-badlands-staffel-3-auf-amazon-prime-video\/#primaryimage\",\"url\":\"https:\/\/newsslash.com\/n\/wp-content\/uploads\/2025\/04\/NewsSlash-Featured-Image.jpg\",\"contentUrl\":\"https:\/\/newsslash.com\/n\/wp-content\/uploads\/2025\/04\/NewsSlash-Featured-Image.jpg\",\"width\":1280,\"height\":854},{\"@type\":\"BreadcrumbList\",\"@id\":\"https:\/\/newsslash.com\/n\/10168-wann-kommt-into-the-badlands-staffel-3-auf-amazon-prime-video\/#breadcrumb\",\"itemListElement\":[{\"@type\":\"ListItem\",\"position\":1,\"name\":\"Home\",\"item\":\"https:\/\/newsslash.com\/n\/\"},{\"@type\":\"ListItem\",\"position\":2,\"name\":\"Wann kommt Into the Badlands Staffel 3 auf Amazon Prime V&#8230;\"}]},{\"@type\":\"WebSite\",\"@id\":\"https:\/\/newsslash.com\/n\/#website\",\"url\":\"https:\/\/newsslash.com\/n\/\",\"name\":\"Newsslash\",\"description\":\"Trending News on Movies, Series, OTT, Gaming\",\"publisher\":{\"@id\":\"https:\/\/newsslash.com\/n\/#organization\"},\"potentialAction\":[{\"@type\":\"SearchAction\",\"target\":{\"@type\":\"EntryPoint\",\"urlTemplate\":\"https:\/\/newsslash.com\/n\/?s={search_term_string}\"},\"query-input\":{\"@type\":\"PropertyValueSpecification\",\"valueRequired\":true,\"valueName\":\"search_term_string\"}}],\"inLanguage\":\"en-US\"},{\"@type\":\"Organization\",\"@id\":\"https:\/\/newsslash.com\/n\/#organization\",\"name\":\"Newsslash\",\"url\":\"https:\/\/newsslash.com\/n\/\",\"logo\":{\"@type\":\"ImageObject\",\"inLanguage\":\"en-US\",\"@id\":\"https:\/\/newsslash.com\/n\/#\/schema\/logo\/image\/\",\"url\":\"https:\/\/newsslash.com\/n\/wp-content\/uploads\/2025\/04\/cropped-Newsslash-logo-Fevicon.png\",\"contentUrl\":\"https:\/\/newsslash.com\/n\/wp-content\/uploads\/2025\/04\/cropped-Newsslash-logo-Fevicon.png\",\"width\":512,\"height\":512,\"caption\":\"Newsslash\"},\"image\":{\"@id\":\"https:\/\/newsslash.com\/n\/#\/schema\/logo\/image\/\"}},{\"@type\":\"Person\",\"@id\":\"https:\/\/newsslash.com\/n\/#\/schema\/person\/80a404decadf9e49aa360e11977c32f2\",\"name\":\"Daniel S\",\"sameAs\":[\"https:\/\/newsslash.com\"],\"url\":\"https:\/\/newsslash.com\/n\/author\/daniel_s\/\"}]}<\/script>\n<!-- \/ Yoast SEO plugin. -->","yoast_head_json":{"title":"Wann kommt Into the Badlands Staffel 3 auf Amazon Prime V... - Newsslash","robots":{"index":"noindex","follow":"follow"},"og_locale":"en_US","og_type":"article","og_title":"Wann kommt Into the Badlands Staffel 3 auf Amazon Prime V... - Newsslash","og_description":"Eine Serie, die sich in keiner Weise um den Inhalt schert, sondern s\u00c3\u00a4mtlichen Fokus auf die einzigartigen Kampfszenen legt und... Mehr auf Newsslash.com!","og_url":"https:\/\/newsslash.com\/n\/10168-wann-kommt-into-the-badlands-staffel-3-auf-amazon-prime-video\/","og_site_name":"Newsslash","article_published_time":"2017-07-11T11:14:00+00:00","og_image":[{"width":1280,"height":854,"url":"https:\/\/newsslash.com\/n\/wp-content\/uploads\/2025\/04\/NewsSlash-Featured-Image.jpg","type":"image\/jpeg"}],"author":"Daniel S","twitter_card":"summary_large_image","twitter_misc":{"Written by":"Daniel S","Est. reading time":"2 minutes"},"schema":{"@context":"https:\/\/schema.org","@graph":[{"@type":"Article","@id":"https:\/\/newsslash.com\/n\/10168-wann-kommt-into-the-badlands-staffel-3-auf-amazon-prime-video\/#article","isPartOf":{"@id":"https:\/\/newsslash.com\/n\/10168-wann-kommt-into-the-badlands-staffel-3-auf-amazon-prime-video\/"},"author":{"name":"Daniel S","@id":"https:\/\/newsslash.com\/n\/#\/schema\/person\/80a404decadf9e49aa360e11977c32f2"},"headline":"Wann kommt Into the Badlands Staffel 3 auf Amazon Prime V&#8230;","datePublished":"2017-07-11T11:14:00+00:00","mainEntityOfPage":{"@id":"https:\/\/newsslash.com\/n\/10168-wann-kommt-into-the-badlands-staffel-3-auf-amazon-prime-video\/"},"wordCount":465,"commentCount":0,"publisher":{"@id":"https:\/\/newsslash.com\/n\/#organization"},"image":{"@id":"https:\/\/newsslash.com\/n\/10168-wann-kommt-into-the-badlands-staffel-3-auf-amazon-prime-video\/#primaryimage"},"thumbnailUrl":"https:\/\/newsslash.com\/n\/wp-content\/uploads\/2025\/04\/NewsSlash-Featured-Image.jpg","articleSection":["Blog"],"inLanguage":"en-US","potentialAction":[{"@type":"CommentAction","name":"Comment","target":["https:\/\/newsslash.com\/n\/10168-wann-kommt-into-the-badlands-staffel-3-auf-amazon-prime-video\/#respond"]}]},{"@type":"WebPage","@id":"https:\/\/newsslash.com\/n\/10168-wann-kommt-into-the-badlands-staffel-3-auf-amazon-prime-video\/","url":"https:\/\/newsslash.com\/n\/10168-wann-kommt-into-the-badlands-staffel-3-auf-amazon-prime-video\/","name":"Wann kommt Into the Badlands Staffel 3 auf Amazon Prime V... - Newsslash","isPartOf":{"@id":"https:\/\/newsslash.com\/n\/#website"},"primaryImageOfPage":{"@id":"https:\/\/newsslash.com\/n\/10168-wann-kommt-into-the-badlands-staffel-3-auf-amazon-prime-video\/#primaryimage"},"image":{"@id":"https:\/\/newsslash.com\/n\/10168-wann-kommt-into-the-badlands-staffel-3-auf-amazon-prime-video\/#primaryimage"},"thumbnailUrl":"https:\/\/newsslash.com\/n\/wp-content\/uploads\/2025\/04\/NewsSlash-Featured-Image.jpg","datePublished":"2017-07-11T11:14:00+00:00","breadcrumb":{"@id":"https:\/\/newsslash.com\/n\/10168-wann-kommt-into-the-badlands-staffel-3-auf-amazon-prime-video\/#breadcrumb"},"inLanguage":"en-US","potentialAction":[{"@type":"ReadAction","target":["https:\/\/newsslash.com\/n\/10168-wann-kommt-into-the-badlands-staffel-3-auf-amazon-prime-video\/"]}]},{"@type":"ImageObject","inLanguage":"en-US","@id":"https:\/\/newsslash.com\/n\/10168-wann-kommt-into-the-badlands-staffel-3-auf-amazon-prime-video\/#primaryimage","url":"https:\/\/newsslash.com\/n\/wp-content\/uploads\/2025\/04\/NewsSlash-Featured-Image.jpg","contentUrl":"https:\/\/newsslash.com\/n\/wp-content\/uploads\/2025\/04\/NewsSlash-Featured-Image.jpg","width":1280,"height":854},{"@type":"BreadcrumbList","@id":"https:\/\/newsslash.com\/n\/10168-wann-kommt-into-the-badlands-staffel-3-auf-amazon-prime-video\/#breadcrumb","itemListElement":[{"@type":"ListItem","position":1,"name":"Home","item":"https:\/\/newsslash.com\/n\/"},{"@type":"ListItem","position":2,"name":"Wann kommt Into the Badlands Staffel 3 auf Amazon Prime V&#8230;"}]},{"@type":"WebSite","@id":"https:\/\/newsslash.com\/n\/#website","url":"https:\/\/newsslash.com\/n\/","name":"Newsslash","description":"Trending News on Movies, Series, OTT, Gaming","publisher":{"@id":"https:\/\/newsslash.com\/n\/#organization"},"potentialAction":[{"@type":"SearchAction","target":{"@type":"EntryPoint","urlTemplate":"https:\/\/newsslash.com\/n\/?s={search_term_string}"},"query-input":{"@type":"PropertyValueSpecification","valueRequired":true,"valueName":"search_term_string"}}],"inLanguage":"en-US"},{"@type":"Organization","@id":"https:\/\/newsslash.com\/n\/#organization","name":"Newsslash","url":"https:\/\/newsslash.com\/n\/","logo":{"@type":"ImageObject","inLanguage":"en-US","@id":"https:\/\/newsslash.com\/n\/#\/schema\/logo\/image\/","url":"https:\/\/newsslash.com\/n\/wp-content\/uploads\/2025\/04\/cropped-Newsslash-logo-Fevicon.png","contentUrl":"https:\/\/newsslash.com\/n\/wp-content\/uploads\/2025\/04\/cropped-Newsslash-logo-Fevicon.png","width":512,"height":512,"caption":"Newsslash"},"image":{"@id":"https:\/\/newsslash.com\/n\/#\/schema\/logo\/image\/"}},{"@type":"Person","@id":"https:\/\/newsslash.com\/n\/#\/schema\/person\/80a404decadf9e49aa360e11977c32f2","name":"Daniel S","sameAs":["https:\/\/newsslash.com"],"url":"https:\/\/newsslash.com\/n\/author\/daniel_s\/"}]}},"_links":{"self":[{"href":"https:\/\/newsslash.com\/n\/wp-json\/wp\/v2\/posts\/13500","targetHints":{"allow":["GET"]}}],"collection":[{"href":"https:\/\/newsslash.com\/n\/wp-json\/wp\/v2\/posts"}],"about":[{"href":"https:\/\/newsslash.com\/n\/wp-json\/wp\/v2\/types\/post"}],"author":[{"embeddable":true,"href":"https:\/\/newsslash.com\/n\/wp-json\/wp\/v2\/users\/6"}],"replies":[{"embeddable":true,"href":"https:\/\/newsslash.com\/n\/wp-json\/wp\/v2\/comments?post=13500"}],"version-history":[{"count":0,"href":"https:\/\/newsslash.com\/n\/wp-json\/wp\/v2\/posts\/13500\/revisions"}],"wp:featuredmedia":[{"embeddable":true,"href":"https:\/\/newsslash.com\/n\/wp-json\/wp\/v2\/media\/21974"}],"wp:attachment":[{"href":"https:\/\/newsslash.com\/n\/wp-json\/wp\/v2\/media?parent=13500"}],"curies":[{"name":"wp","href":"https:\/\/api.w.org\/{rel}","templated":true}]}}