{"id":13567,"date":"2017-07-14T16:46:00","date_gmt":"2017-07-14T16:46:00","guid":{"rendered":"https:\/\/newsslash.com\/n\/10223-facebook-senkt-erneut-den-preis-fuer-die-oculus-rift\/"},"modified":"2017-07-14T16:46:00","modified_gmt":"2017-07-14T16:46:00","slug":"10223-facebook-senkt-erneut-den-preis-fuer-die-oculus-rift","status":"publish","type":"post","link":"https:\/\/newsslash.com\/n\/10223-facebook-senkt-erneut-den-preis-fuer-die-oculus-rift\/","title":{"rendered":"Facebook senkt erneut den Preis f\u00c3\u00bcr die Oculus Rift"},"content":{"rendered":"<p>Vor drei Jahren hat Facebook den Hersteller Oculus gekauft. Das Gesch\u00c3\u00a4ft mit der VR-Brille l\u00c3\u00a4uft aber nur schleppend und bleibt deutlich hinter den Erwartungen zur\u00c3\u00bcck. Nun senkte Facebook wieder den Preis f\u00c3\u00bcr die Oculus Rift. Das Gesamtpaket mit Zubeh\u00c3\u00b6r und nat\u00c3\u00bcrlich Touch-Controllern kostet f\u00c3\u00bcr einige Zeit nur noch 450 Euro. Damit ist die Brille nun noch einmal 200 Euro billiger als nach der letzten Preissenkung zu haben. Mit der Aktion, an der Amazon, Media Markt, Saturn und Caseking teilnehmen, versucht Facebook , der Oculus Rift wieder einen Ansto\u00c3\u0178 nach vorne zu geben. Die H\u00c3\u00a4lfte ihres Startpreises kostet die Brille also nun. Eigentlich ja eine gute Nachricht f\u00c3\u00bcr potentielle K\u00c3\u00a4ufer. Aber warum ist die Oculus Rift so ein Ladenh\u00c3\u00bcter? Sie war schon recht teuer im Vergleich zu anderen VR-Brillen, aber sollte qualitativ doch gegen die anderen Anbieter \u00c3\u00bcberzeugen. Doch andere Brillen zogen l\u00c3\u00a4ssig an der Oculus vorbei. Sony zum Beispiel h\u00c3\u00a4lt mit seinen 2,3 Millionen verkauften Brillen einen Marktanteil von 18,8 Prozent. HTC\u00c2\u00b4s Vive soll bei 8,4 Prozent liegen. Die Oculus Rift kann mit einem Marktanteil von gesch\u00c3\u00a4tzten 4,4 Prozent eher weniger \u00c3\u00bcberzeugen. Diese Zahlen lassen den teuren Deal, in den soviel gesetzt wurde, doch etwas verblassen.Wer sich von der Qualit\u00c3\u00a4t der Brille nun \u00c3\u00bcberzeugen will, sollte zuschlagen. Ob die Oculus noch einmal f\u00c3\u00bcr noch weniger Geld verschleudert werden wird, k\u00c3\u00b6nnen wir nicht in unserer Glaskugel sehen.<\/p><div class=\"newss-content\" id=\"newss-4144969035\"><script async src=\"\/\/pagead2.googlesyndication.com\/pagead\/js\/adsbygoogle.js?client=ca-pub-7733425960004873\" crossorigin=\"anonymous\"><\/script><ins class=\"adsbygoogle\" style=\"display:block;\" data-ad-client=\"ca-pub-7733425960004873\" \ndata-ad-slot=\"2582020599\" \ndata-ad-format=\"auto\"><\/ins>\n<script> \n(adsbygoogle = window.adsbygoogle || []).push({}); \n<\/script>\n<\/div><div class=\"newss-article-1\" id=\"newss-1319979411\"><script async src=\"https:\/\/pagead2.googlesyndication.com\/pagead\/js\/adsbygoogle.js?client=ca-pub-7733425960004873\"\r\n     crossorigin=\"anonymous\"><\/script>\r\n<!-- Homepage2 -->\r\n<ins class=\"adsbygoogle\"\r\n     style=\"display:block\"\r\n     data-ad-client=\"ca-pub-7733425960004873\"\r\n     data-ad-slot=\"2582020599\"\r\n     data-ad-format=\"auto\"\r\n     data-full-width-responsive=\"true\"><\/ins>\r\n<script>\r\n     (adsbygoogle = window.adsbygoogle || []).push({});\r\n<\/script><\/div>\n","protected":false},"excerpt":{"rendered":"<p>450 Euro steht auf dem neuen Preisschild der Oculus Rift. Facebook hat den Preis f\u00c3\u00bcr die VR-Brille wieder einmal gesenkt. Die&#8230; Mehr auf Newsslash.com!<\/p>\n","protected":false},"author":7,"featured_media":21974,"comment_status":"open","ping_status":"open","sticky":false,"template":"","format":"standard","meta":{"_et_pb_use_builder":"","_et_pb_old_content":"","_et_gb_content_width":"","footnotes":""},"class_list":["post-13567","post","type-post","status-publish","format-standard","has-post-thumbnail","hentry","category-blog"],"yoast_head":"<!-- This site is optimized with the Yoast SEO plugin v24.8.1 - https:\/\/yoast.com\/wordpress\/plugins\/seo\/ -->\n<title>Facebook senkt erneut den Preis f\u00c3\u00bcr die Oculus Rift - Newsslash<\/title>\n<meta name=\"robots\" content=\"noindex, follow\" \/>\n<meta property=\"og:locale\" content=\"en_US\" \/>\n<meta property=\"og:type\" content=\"article\" \/>\n<meta property=\"og:title\" content=\"Facebook senkt erneut den Preis f\u00c3\u00bcr die Oculus Rift - Newsslash\" \/>\n<meta property=\"og:description\" content=\"450 Euro steht auf dem neuen Preisschild der Oculus Rift. Facebook hat den Preis f\u00c3\u00bcr die VR-Brille wieder einmal gesenkt. Die... Mehr auf Newsslash.com!\" \/>\n<meta property=\"og:url\" content=\"https:\/\/newsslash.com\/n\/10223-facebook-senkt-erneut-den-preis-fuer-die-oculus-rift\/\" \/>\n<meta property=\"og:site_name\" content=\"Newsslash\" \/>\n<meta property=\"article:published_time\" content=\"2017-07-14T16:46:00+00:00\" \/>\n<meta property=\"og:image\" content=\"https:\/\/newsslash.com\/n\/wp-content\/uploads\/2025\/04\/NewsSlash-Featured-Image.jpg\" \/>\n\t<meta property=\"og:image:width\" content=\"1280\" \/>\n\t<meta property=\"og:image:height\" content=\"854\" \/>\n\t<meta property=\"og:image:type\" content=\"image\/jpeg\" \/>\n<meta name=\"author\" content=\"Daniela H\" \/>\n<meta name=\"twitter:card\" content=\"summary_large_image\" \/>\n<meta name=\"twitter:label1\" content=\"Written by\" \/>\n\t<meta name=\"twitter:data1\" content=\"Daniela H\" \/>\n\t<meta name=\"twitter:label2\" content=\"Est. reading time\" \/>\n\t<meta name=\"twitter:data2\" content=\"1 minute\" \/>\n<script type=\"application\/ld+json\" class=\"yoast-schema-graph\">{\"@context\":\"https:\/\/schema.org\",\"@graph\":[{\"@type\":\"Article\",\"@id\":\"https:\/\/newsslash.com\/n\/10223-facebook-senkt-erneut-den-preis-fuer-die-oculus-rift\/#article\",\"isPartOf\":{\"@id\":\"https:\/\/newsslash.com\/n\/10223-facebook-senkt-erneut-den-preis-fuer-die-oculus-rift\/\"},\"author\":{\"name\":\"Daniela H\",\"@id\":\"https:\/\/newsslash.com\/n\/#\/schema\/person\/cb1381eb00b5dc4b3071475e9866df11\"},\"headline\":\"Facebook senkt erneut den Preis f\u00c3\u00bcr die Oculus Rift\",\"datePublished\":\"2017-07-14T16:46:00+00:00\",\"mainEntityOfPage\":{\"@id\":\"https:\/\/newsslash.com\/n\/10223-facebook-senkt-erneut-den-preis-fuer-die-oculus-rift\/\"},\"wordCount\":248,\"commentCount\":0,\"publisher\":{\"@id\":\"https:\/\/newsslash.com\/n\/#organization\"},\"image\":{\"@id\":\"https:\/\/newsslash.com\/n\/10223-facebook-senkt-erneut-den-preis-fuer-die-oculus-rift\/#primaryimage\"},\"thumbnailUrl\":\"https:\/\/newsslash.com\/n\/wp-content\/uploads\/2025\/04\/NewsSlash-Featured-Image.jpg\",\"articleSection\":[\"Blog\"],\"inLanguage\":\"en-US\",\"potentialAction\":[{\"@type\":\"CommentAction\",\"name\":\"Comment\",\"target\":[\"https:\/\/newsslash.com\/n\/10223-facebook-senkt-erneut-den-preis-fuer-die-oculus-rift\/#respond\"]}]},{\"@type\":\"WebPage\",\"@id\":\"https:\/\/newsslash.com\/n\/10223-facebook-senkt-erneut-den-preis-fuer-die-oculus-rift\/\",\"url\":\"https:\/\/newsslash.com\/n\/10223-facebook-senkt-erneut-den-preis-fuer-die-oculus-rift\/\",\"name\":\"Facebook senkt erneut den Preis f\u00c3\u00bcr die Oculus Rift - Newsslash\",\"isPartOf\":{\"@id\":\"https:\/\/newsslash.com\/n\/#website\"},\"primaryImageOfPage\":{\"@id\":\"https:\/\/newsslash.com\/n\/10223-facebook-senkt-erneut-den-preis-fuer-die-oculus-rift\/#primaryimage\"},\"image\":{\"@id\":\"https:\/\/newsslash.com\/n\/10223-facebook-senkt-erneut-den-preis-fuer-die-oculus-rift\/#primaryimage\"},\"thumbnailUrl\":\"https:\/\/newsslash.com\/n\/wp-content\/uploads\/2025\/04\/NewsSlash-Featured-Image.jpg\",\"datePublished\":\"2017-07-14T16:46:00+00:00\",\"breadcrumb\":{\"@id\":\"https:\/\/newsslash.com\/n\/10223-facebook-senkt-erneut-den-preis-fuer-die-oculus-rift\/#breadcrumb\"},\"inLanguage\":\"en-US\",\"potentialAction\":[{\"@type\":\"ReadAction\",\"target\":[\"https:\/\/newsslash.com\/n\/10223-facebook-senkt-erneut-den-preis-fuer-die-oculus-rift\/\"]}]},{\"@type\":\"ImageObject\",\"inLanguage\":\"en-US\",\"@id\":\"https:\/\/newsslash.com\/n\/10223-facebook-senkt-erneut-den-preis-fuer-die-oculus-rift\/#primaryimage\",\"url\":\"https:\/\/newsslash.com\/n\/wp-content\/uploads\/2025\/04\/NewsSlash-Featured-Image.jpg\",\"contentUrl\":\"https:\/\/newsslash.com\/n\/wp-content\/uploads\/2025\/04\/NewsSlash-Featured-Image.jpg\",\"width\":1280,\"height\":854},{\"@type\":\"BreadcrumbList\",\"@id\":\"https:\/\/newsslash.com\/n\/10223-facebook-senkt-erneut-den-preis-fuer-die-oculus-rift\/#breadcrumb\",\"itemListElement\":[{\"@type\":\"ListItem\",\"position\":1,\"name\":\"Home\",\"item\":\"https:\/\/newsslash.com\/n\/\"},{\"@type\":\"ListItem\",\"position\":2,\"name\":\"Facebook senkt erneut den Preis f\u00c3\u00bcr die Oculus Rift\"}]},{\"@type\":\"WebSite\",\"@id\":\"https:\/\/newsslash.com\/n\/#website\",\"url\":\"https:\/\/newsslash.com\/n\/\",\"name\":\"Newsslash\",\"description\":\"Trending News on Movies, Series, OTT, Gaming\",\"publisher\":{\"@id\":\"https:\/\/newsslash.com\/n\/#organization\"},\"potentialAction\":[{\"@type\":\"SearchAction\",\"target\":{\"@type\":\"EntryPoint\",\"urlTemplate\":\"https:\/\/newsslash.com\/n\/?s={search_term_string}\"},\"query-input\":{\"@type\":\"PropertyValueSpecification\",\"valueRequired\":true,\"valueName\":\"search_term_string\"}}],\"inLanguage\":\"en-US\"},{\"@type\":\"Organization\",\"@id\":\"https:\/\/newsslash.com\/n\/#organization\",\"name\":\"Newsslash\",\"url\":\"https:\/\/newsslash.com\/n\/\",\"logo\":{\"@type\":\"ImageObject\",\"inLanguage\":\"en-US\",\"@id\":\"https:\/\/newsslash.com\/n\/#\/schema\/logo\/image\/\",\"url\":\"https:\/\/newsslash.com\/n\/wp-content\/uploads\/2025\/04\/cropped-Newsslash-logo-Fevicon.png\",\"contentUrl\":\"https:\/\/newsslash.com\/n\/wp-content\/uploads\/2025\/04\/cropped-Newsslash-logo-Fevicon.png\",\"width\":512,\"height\":512,\"caption\":\"Newsslash\"},\"image\":{\"@id\":\"https:\/\/newsslash.com\/n\/#\/schema\/logo\/image\/\"}},{\"@type\":\"Person\",\"@id\":\"https:\/\/newsslash.com\/n\/#\/schema\/person\/cb1381eb00b5dc4b3071475e9866df11\",\"name\":\"Daniela H\",\"sameAs\":[\"https:\/\/newsslash.com\"],\"url\":\"https:\/\/newsslash.com\/n\/author\/daniela_h\/\"}]}<\/script>\n<!-- \/ Yoast SEO plugin. -->","yoast_head_json":{"title":"Facebook senkt erneut den Preis f\u00c3\u00bcr die Oculus Rift - Newsslash","robots":{"index":"noindex","follow":"follow"},"og_locale":"en_US","og_type":"article","og_title":"Facebook senkt erneut den Preis f\u00c3\u00bcr die Oculus Rift - Newsslash","og_description":"450 Euro steht auf dem neuen Preisschild der Oculus Rift. Facebook hat den Preis f\u00c3\u00bcr die VR-Brille wieder einmal gesenkt. Die... Mehr auf Newsslash.com!","og_url":"https:\/\/newsslash.com\/n\/10223-facebook-senkt-erneut-den-preis-fuer-die-oculus-rift\/","og_site_name":"Newsslash","article_published_time":"2017-07-14T16:46:00+00:00","og_image":[{"width":1280,"height":854,"url":"https:\/\/newsslash.com\/n\/wp-content\/uploads\/2025\/04\/NewsSlash-Featured-Image.jpg","type":"image\/jpeg"}],"author":"Daniela H","twitter_card":"summary_large_image","twitter_misc":{"Written by":"Daniela H","Est. reading time":"1 minute"},"schema":{"@context":"https:\/\/schema.org","@graph":[{"@type":"Article","@id":"https:\/\/newsslash.com\/n\/10223-facebook-senkt-erneut-den-preis-fuer-die-oculus-rift\/#article","isPartOf":{"@id":"https:\/\/newsslash.com\/n\/10223-facebook-senkt-erneut-den-preis-fuer-die-oculus-rift\/"},"author":{"name":"Daniela H","@id":"https:\/\/newsslash.com\/n\/#\/schema\/person\/cb1381eb00b5dc4b3071475e9866df11"},"headline":"Facebook senkt erneut den Preis f\u00c3\u00bcr die Oculus Rift","datePublished":"2017-07-14T16:46:00+00:00","mainEntityOfPage":{"@id":"https:\/\/newsslash.com\/n\/10223-facebook-senkt-erneut-den-preis-fuer-die-oculus-rift\/"},"wordCount":248,"commentCount":0,"publisher":{"@id":"https:\/\/newsslash.com\/n\/#organization"},"image":{"@id":"https:\/\/newsslash.com\/n\/10223-facebook-senkt-erneut-den-preis-fuer-die-oculus-rift\/#primaryimage"},"thumbnailUrl":"https:\/\/newsslash.com\/n\/wp-content\/uploads\/2025\/04\/NewsSlash-Featured-Image.jpg","articleSection":["Blog"],"inLanguage":"en-US","potentialAction":[{"@type":"CommentAction","name":"Comment","target":["https:\/\/newsslash.com\/n\/10223-facebook-senkt-erneut-den-preis-fuer-die-oculus-rift\/#respond"]}]},{"@type":"WebPage","@id":"https:\/\/newsslash.com\/n\/10223-facebook-senkt-erneut-den-preis-fuer-die-oculus-rift\/","url":"https:\/\/newsslash.com\/n\/10223-facebook-senkt-erneut-den-preis-fuer-die-oculus-rift\/","name":"Facebook senkt erneut den Preis f\u00c3\u00bcr die Oculus Rift - Newsslash","isPartOf":{"@id":"https:\/\/newsslash.com\/n\/#website"},"primaryImageOfPage":{"@id":"https:\/\/newsslash.com\/n\/10223-facebook-senkt-erneut-den-preis-fuer-die-oculus-rift\/#primaryimage"},"image":{"@id":"https:\/\/newsslash.com\/n\/10223-facebook-senkt-erneut-den-preis-fuer-die-oculus-rift\/#primaryimage"},"thumbnailUrl":"https:\/\/newsslash.com\/n\/wp-content\/uploads\/2025\/04\/NewsSlash-Featured-Image.jpg","datePublished":"2017-07-14T16:46:00+00:00","breadcrumb":{"@id":"https:\/\/newsslash.com\/n\/10223-facebook-senkt-erneut-den-preis-fuer-die-oculus-rift\/#breadcrumb"},"inLanguage":"en-US","potentialAction":[{"@type":"ReadAction","target":["https:\/\/newsslash.com\/n\/10223-facebook-senkt-erneut-den-preis-fuer-die-oculus-rift\/"]}]},{"@type":"ImageObject","inLanguage":"en-US","@id":"https:\/\/newsslash.com\/n\/10223-facebook-senkt-erneut-den-preis-fuer-die-oculus-rift\/#primaryimage","url":"https:\/\/newsslash.com\/n\/wp-content\/uploads\/2025\/04\/NewsSlash-Featured-Image.jpg","contentUrl":"https:\/\/newsslash.com\/n\/wp-content\/uploads\/2025\/04\/NewsSlash-Featured-Image.jpg","width":1280,"height":854},{"@type":"BreadcrumbList","@id":"https:\/\/newsslash.com\/n\/10223-facebook-senkt-erneut-den-preis-fuer-die-oculus-rift\/#breadcrumb","itemListElement":[{"@type":"ListItem","position":1,"name":"Home","item":"https:\/\/newsslash.com\/n\/"},{"@type":"ListItem","position":2,"name":"Facebook senkt erneut den Preis f\u00c3\u00bcr die Oculus Rift"}]},{"@type":"WebSite","@id":"https:\/\/newsslash.com\/n\/#website","url":"https:\/\/newsslash.com\/n\/","name":"Newsslash","description":"Trending News on Movies, Series, OTT, Gaming","publisher":{"@id":"https:\/\/newsslash.com\/n\/#organization"},"potentialAction":[{"@type":"SearchAction","target":{"@type":"EntryPoint","urlTemplate":"https:\/\/newsslash.com\/n\/?s={search_term_string}"},"query-input":{"@type":"PropertyValueSpecification","valueRequired":true,"valueName":"search_term_string"}}],"inLanguage":"en-US"},{"@type":"Organization","@id":"https:\/\/newsslash.com\/n\/#organization","name":"Newsslash","url":"https:\/\/newsslash.com\/n\/","logo":{"@type":"ImageObject","inLanguage":"en-US","@id":"https:\/\/newsslash.com\/n\/#\/schema\/logo\/image\/","url":"https:\/\/newsslash.com\/n\/wp-content\/uploads\/2025\/04\/cropped-Newsslash-logo-Fevicon.png","contentUrl":"https:\/\/newsslash.com\/n\/wp-content\/uploads\/2025\/04\/cropped-Newsslash-logo-Fevicon.png","width":512,"height":512,"caption":"Newsslash"},"image":{"@id":"https:\/\/newsslash.com\/n\/#\/schema\/logo\/image\/"}},{"@type":"Person","@id":"https:\/\/newsslash.com\/n\/#\/schema\/person\/cb1381eb00b5dc4b3071475e9866df11","name":"Daniela H","sameAs":["https:\/\/newsslash.com"],"url":"https:\/\/newsslash.com\/n\/author\/daniela_h\/"}]}},"_links":{"self":[{"href":"https:\/\/newsslash.com\/n\/wp-json\/wp\/v2\/posts\/13567","targetHints":{"allow":["GET"]}}],"collection":[{"href":"https:\/\/newsslash.com\/n\/wp-json\/wp\/v2\/posts"}],"about":[{"href":"https:\/\/newsslash.com\/n\/wp-json\/wp\/v2\/types\/post"}],"author":[{"embeddable":true,"href":"https:\/\/newsslash.com\/n\/wp-json\/wp\/v2\/users\/7"}],"replies":[{"embeddable":true,"href":"https:\/\/newsslash.com\/n\/wp-json\/wp\/v2\/comments?post=13567"}],"version-history":[{"count":0,"href":"https:\/\/newsslash.com\/n\/wp-json\/wp\/v2\/posts\/13567\/revisions"}],"wp:featuredmedia":[{"embeddable":true,"href":"https:\/\/newsslash.com\/n\/wp-json\/wp\/v2\/media\/21974"}],"wp:attachment":[{"href":"https:\/\/newsslash.com\/n\/wp-json\/wp\/v2\/media?parent=13567"}],"curies":[{"name":"wp","href":"https:\/\/api.w.org\/{rel}","templated":true}]}}