{"id":13771,"date":"2017-08-15T15:10:00","date_gmt":"2017-08-15T15:10:00","guid":{"rendered":"https:\/\/newsslash.com\/n\/10396-wann-kommt-orphan-black-staffel-6-auf-netflix\/"},"modified":"2017-08-15T15:10:00","modified_gmt":"2017-08-15T15:10:00","slug":"10396-wann-kommt-orphan-black-staffel-6-auf-netflix","status":"publish","type":"post","link":"https:\/\/newsslash.com\/n\/10396-wann-kommt-orphan-black-staffel-6-auf-netflix\/","title":{"rendered":"Wann kommt Orphan Black Staffel 6 auf Netflix?"},"content":{"rendered":"<p>Die Serie Orphan Black befindet sich in der finalen Staffel. Am 10. Juni dieses Jahres trat die Erfolgsserie ihr letztes Staffeldeb\u00c3\u00bct an. Die kanadische Klon-Serie rund um die Kleinkriminelle Sarah Manning war nicht nur \u00c3\u0153berraschungshit in Sachen Einschaltquoten, auch Kritiker befanden die Serie f\u00c3\u00bcr durchaus gut inszeniert, was ihr letztlich sogar Preise wie den People&#8217;s Choice Award, den Emmy und sogar eine Golden Globe Nominierung einbrachte. <ins data-ad-client=\"ca-pub-3647021458695789\" data-ad-format=\"link\" data-ad-slot=\"7996975644\" style=\"display:block\"><\/ins> Zun\u00c3\u00a4chst war die Serie Mitte 2016 um eine f\u00c3\u00bcnfte Staffel verl\u00c3\u00a4ngert worden, gleichzeitig hatte man auch bekannt gegeben, dass die f\u00c3\u00bcnfte Staffel auch die Letzte sein werde. Doch ist wirklich schon alles erz\u00c3\u00a4hlt? Wie viele Klonstorys lassen sich aus dem Orphan Black Konstrukt noch flechten? Gibt es eine neue Staffel? Und wenn ja, Wann kommt Orphan Black Staffel 6 auf Netflix? Die Serie selbst wurde von Graeme Manson und John Fawcett erdacht. Auf die Frage, ob diese die Serie fortf\u00c3\u00bchren wollen w\u00c3\u00bcrden, erwiderten sie gegen\u00c3\u00bcber Deadline: Man sei sehr zufrieden mit dem Gesamtwerk der vorherigen Staffeln. Au\u00c3\u0178erdem h\u00c3\u00a4tten Sie das Gef\u00c3\u00bchl, die Geschichte erz\u00c3\u00a4hlerisch zum Ende gebracht zu haben. Res\u00c3\u00bcmee aus dieser \u00c3\u0153berlegung sei das Ende der Serie, welches man lieber in W\u00c3\u00bcrde beenden wolle statt es unn\u00c3\u00b6tig zu strecken. F\u00c3\u00bcr alle Fans, die nun am Boden zerst\u00c3\u00b6rt sein m\u00c3\u00b6gen gibt es aber einen Silberstreif am Horizont, denn Orphan Black k\u00c3\u00b6nnte verfilmt werden! Es fanden bereits Gespr\u00c3\u00a4che \u00c3\u00bcber einen m\u00c3\u00b6glichen Film statt, doch sind noch keine Details zu Cast, Handlung, Regisseur und Release bekannt. Sollte sich das \u00c3\u00a4ndern, erfahrt ihr dies selbstverst\u00c3\u00a4ndlich hier bei uns! <iframe loading=\"lazy\" allowfullscreen=\"\" frameborder=\"0\" height=\"315\" src=\"https:\/\/www.youtube-nocookie.com\/embed\/QNwlUxT8nys\" width=\"100%\"><\/iframe><\/p><div class=\"newss-content\" id=\"newss-324724449\"><script async src=\"\/\/pagead2.googlesyndication.com\/pagead\/js\/adsbygoogle.js?client=ca-pub-7733425960004873\" crossorigin=\"anonymous\"><\/script><ins class=\"adsbygoogle\" style=\"display:block;\" data-ad-client=\"ca-pub-7733425960004873\" \ndata-ad-slot=\"2582020599\" \ndata-ad-format=\"auto\"><\/ins>\n<script> \n(adsbygoogle = window.adsbygoogle || []).push({}); \n<\/script>\n<\/div><div class=\"newss-article-1\" id=\"newss-4069721634\"><script async src=\"https:\/\/pagead2.googlesyndication.com\/pagead\/js\/adsbygoogle.js?client=ca-pub-7733425960004873\"\r\n     crossorigin=\"anonymous\"><\/script>\r\n<!-- Homepage2 -->\r\n<ins class=\"adsbygoogle\"\r\n     style=\"display:block\"\r\n     data-ad-client=\"ca-pub-7733425960004873\"\r\n     data-ad-slot=\"2582020599\"\r\n     data-ad-format=\"auto\"\r\n     data-full-width-responsive=\"true\"><\/ins>\r\n<script>\r\n     (adsbygoogle = window.adsbygoogle || []).push({});\r\n<\/script><\/div>\n","protected":false},"excerpt":{"rendered":"<p>Der \u00c3\u0153berraschungserfolg geht in eine neue Runde soviel ist sicher. Die nicht allzu weit hergeholte Welt aus Klonen und mehreren&#8230; Mehr auf Newsslash.com!<\/p>\n","protected":false},"author":6,"featured_media":21974,"comment_status":"open","ping_status":"open","sticky":false,"template":"","format":"standard","meta":{"_et_pb_use_builder":"","_et_pb_old_content":"","_et_gb_content_width":"","footnotes":""},"class_list":["post-13771","post","type-post","status-publish","format-standard","has-post-thumbnail","hentry","category-blog"],"yoast_head":"<!-- This site is optimized with the Yoast SEO plugin v24.8.1 - https:\/\/yoast.com\/wordpress\/plugins\/seo\/ -->\n<title>Wann kommt Orphan Black Staffel 6 auf Netflix? - Newsslash<\/title>\n<meta name=\"robots\" content=\"noindex, follow\" \/>\n<meta property=\"og:locale\" content=\"en_US\" \/>\n<meta property=\"og:type\" content=\"article\" \/>\n<meta property=\"og:title\" content=\"Wann kommt Orphan Black Staffel 6 auf Netflix? - Newsslash\" \/>\n<meta property=\"og:description\" content=\"Der \u00c3\u0153berraschungserfolg geht in eine neue Runde soviel ist sicher. Die nicht allzu weit hergeholte Welt aus Klonen und mehreren... Mehr auf Newsslash.com!\" \/>\n<meta property=\"og:url\" content=\"https:\/\/newsslash.com\/n\/10396-wann-kommt-orphan-black-staffel-6-auf-netflix\/\" \/>\n<meta property=\"og:site_name\" content=\"Newsslash\" \/>\n<meta property=\"article:published_time\" content=\"2017-08-15T15:10:00+00:00\" \/>\n<meta property=\"og:image\" content=\"https:\/\/newsslash.com\/n\/wp-content\/uploads\/2025\/04\/NewsSlash-Featured-Image.jpg\" \/>\n\t<meta property=\"og:image:width\" content=\"1280\" \/>\n\t<meta property=\"og:image:height\" content=\"854\" \/>\n\t<meta property=\"og:image:type\" content=\"image\/jpeg\" \/>\n<meta name=\"author\" content=\"Daniel S\" \/>\n<meta name=\"twitter:card\" content=\"summary_large_image\" \/>\n<meta name=\"twitter:label1\" content=\"Written by\" \/>\n\t<meta name=\"twitter:data1\" content=\"Daniel S\" \/>\n\t<meta name=\"twitter:label2\" content=\"Est. reading time\" \/>\n\t<meta name=\"twitter:data2\" content=\"1 minute\" \/>\n<script type=\"application\/ld+json\" class=\"yoast-schema-graph\">{\"@context\":\"https:\/\/schema.org\",\"@graph\":[{\"@type\":\"Article\",\"@id\":\"https:\/\/newsslash.com\/n\/10396-wann-kommt-orphan-black-staffel-6-auf-netflix\/#article\",\"isPartOf\":{\"@id\":\"https:\/\/newsslash.com\/n\/10396-wann-kommt-orphan-black-staffel-6-auf-netflix\/\"},\"author\":{\"name\":\"Daniel S\",\"@id\":\"https:\/\/newsslash.com\/n\/#\/schema\/person\/80a404decadf9e49aa360e11977c32f2\"},\"headline\":\"Wann kommt Orphan Black Staffel 6 auf Netflix?\",\"datePublished\":\"2017-08-15T15:10:00+00:00\",\"mainEntityOfPage\":{\"@id\":\"https:\/\/newsslash.com\/n\/10396-wann-kommt-orphan-black-staffel-6-auf-netflix\/\"},\"wordCount\":280,\"commentCount\":0,\"publisher\":{\"@id\":\"https:\/\/newsslash.com\/n\/#organization\"},\"image\":{\"@id\":\"https:\/\/newsslash.com\/n\/10396-wann-kommt-orphan-black-staffel-6-auf-netflix\/#primaryimage\"},\"thumbnailUrl\":\"https:\/\/newsslash.com\/n\/wp-content\/uploads\/2025\/04\/NewsSlash-Featured-Image.jpg\",\"articleSection\":[\"Blog\"],\"inLanguage\":\"en-US\",\"potentialAction\":[{\"@type\":\"CommentAction\",\"name\":\"Comment\",\"target\":[\"https:\/\/newsslash.com\/n\/10396-wann-kommt-orphan-black-staffel-6-auf-netflix\/#respond\"]}]},{\"@type\":\"WebPage\",\"@id\":\"https:\/\/newsslash.com\/n\/10396-wann-kommt-orphan-black-staffel-6-auf-netflix\/\",\"url\":\"https:\/\/newsslash.com\/n\/10396-wann-kommt-orphan-black-staffel-6-auf-netflix\/\",\"name\":\"Wann kommt Orphan Black Staffel 6 auf Netflix? - Newsslash\",\"isPartOf\":{\"@id\":\"https:\/\/newsslash.com\/n\/#website\"},\"primaryImageOfPage\":{\"@id\":\"https:\/\/newsslash.com\/n\/10396-wann-kommt-orphan-black-staffel-6-auf-netflix\/#primaryimage\"},\"image\":{\"@id\":\"https:\/\/newsslash.com\/n\/10396-wann-kommt-orphan-black-staffel-6-auf-netflix\/#primaryimage\"},\"thumbnailUrl\":\"https:\/\/newsslash.com\/n\/wp-content\/uploads\/2025\/04\/NewsSlash-Featured-Image.jpg\",\"datePublished\":\"2017-08-15T15:10:00+00:00\",\"breadcrumb\":{\"@id\":\"https:\/\/newsslash.com\/n\/10396-wann-kommt-orphan-black-staffel-6-auf-netflix\/#breadcrumb\"},\"inLanguage\":\"en-US\",\"potentialAction\":[{\"@type\":\"ReadAction\",\"target\":[\"https:\/\/newsslash.com\/n\/10396-wann-kommt-orphan-black-staffel-6-auf-netflix\/\"]}]},{\"@type\":\"ImageObject\",\"inLanguage\":\"en-US\",\"@id\":\"https:\/\/newsslash.com\/n\/10396-wann-kommt-orphan-black-staffel-6-auf-netflix\/#primaryimage\",\"url\":\"https:\/\/newsslash.com\/n\/wp-content\/uploads\/2025\/04\/NewsSlash-Featured-Image.jpg\",\"contentUrl\":\"https:\/\/newsslash.com\/n\/wp-content\/uploads\/2025\/04\/NewsSlash-Featured-Image.jpg\",\"width\":1280,\"height\":854},{\"@type\":\"BreadcrumbList\",\"@id\":\"https:\/\/newsslash.com\/n\/10396-wann-kommt-orphan-black-staffel-6-auf-netflix\/#breadcrumb\",\"itemListElement\":[{\"@type\":\"ListItem\",\"position\":1,\"name\":\"Home\",\"item\":\"https:\/\/newsslash.com\/n\/\"},{\"@type\":\"ListItem\",\"position\":2,\"name\":\"Wann kommt Orphan Black Staffel 6 auf Netflix?\"}]},{\"@type\":\"WebSite\",\"@id\":\"https:\/\/newsslash.com\/n\/#website\",\"url\":\"https:\/\/newsslash.com\/n\/\",\"name\":\"Newsslash\",\"description\":\"Trending News on Movies, Series, OTT, Gaming\",\"publisher\":{\"@id\":\"https:\/\/newsslash.com\/n\/#organization\"},\"potentialAction\":[{\"@type\":\"SearchAction\",\"target\":{\"@type\":\"EntryPoint\",\"urlTemplate\":\"https:\/\/newsslash.com\/n\/?s={search_term_string}\"},\"query-input\":{\"@type\":\"PropertyValueSpecification\",\"valueRequired\":true,\"valueName\":\"search_term_string\"}}],\"inLanguage\":\"en-US\"},{\"@type\":\"Organization\",\"@id\":\"https:\/\/newsslash.com\/n\/#organization\",\"name\":\"Newsslash\",\"url\":\"https:\/\/newsslash.com\/n\/\",\"logo\":{\"@type\":\"ImageObject\",\"inLanguage\":\"en-US\",\"@id\":\"https:\/\/newsslash.com\/n\/#\/schema\/logo\/image\/\",\"url\":\"https:\/\/newsslash.com\/n\/wp-content\/uploads\/2025\/04\/cropped-Newsslash-logo-Fevicon.png\",\"contentUrl\":\"https:\/\/newsslash.com\/n\/wp-content\/uploads\/2025\/04\/cropped-Newsslash-logo-Fevicon.png\",\"width\":512,\"height\":512,\"caption\":\"Newsslash\"},\"image\":{\"@id\":\"https:\/\/newsslash.com\/n\/#\/schema\/logo\/image\/\"}},{\"@type\":\"Person\",\"@id\":\"https:\/\/newsslash.com\/n\/#\/schema\/person\/80a404decadf9e49aa360e11977c32f2\",\"name\":\"Daniel S\",\"sameAs\":[\"https:\/\/newsslash.com\"],\"url\":\"https:\/\/newsslash.com\/n\/author\/daniel_s\/\"}]}<\/script>\n<!-- \/ Yoast SEO plugin. -->","yoast_head_json":{"title":"Wann kommt Orphan Black Staffel 6 auf Netflix? - Newsslash","robots":{"index":"noindex","follow":"follow"},"og_locale":"en_US","og_type":"article","og_title":"Wann kommt Orphan Black Staffel 6 auf Netflix? - Newsslash","og_description":"Der \u00c3\u0153berraschungserfolg geht in eine neue Runde soviel ist sicher. Die nicht allzu weit hergeholte Welt aus Klonen und mehreren... Mehr auf Newsslash.com!","og_url":"https:\/\/newsslash.com\/n\/10396-wann-kommt-orphan-black-staffel-6-auf-netflix\/","og_site_name":"Newsslash","article_published_time":"2017-08-15T15:10:00+00:00","og_image":[{"width":1280,"height":854,"url":"https:\/\/newsslash.com\/n\/wp-content\/uploads\/2025\/04\/NewsSlash-Featured-Image.jpg","type":"image\/jpeg"}],"author":"Daniel S","twitter_card":"summary_large_image","twitter_misc":{"Written by":"Daniel S","Est. reading time":"1 minute"},"schema":{"@context":"https:\/\/schema.org","@graph":[{"@type":"Article","@id":"https:\/\/newsslash.com\/n\/10396-wann-kommt-orphan-black-staffel-6-auf-netflix\/#article","isPartOf":{"@id":"https:\/\/newsslash.com\/n\/10396-wann-kommt-orphan-black-staffel-6-auf-netflix\/"},"author":{"name":"Daniel S","@id":"https:\/\/newsslash.com\/n\/#\/schema\/person\/80a404decadf9e49aa360e11977c32f2"},"headline":"Wann kommt Orphan Black Staffel 6 auf Netflix?","datePublished":"2017-08-15T15:10:00+00:00","mainEntityOfPage":{"@id":"https:\/\/newsslash.com\/n\/10396-wann-kommt-orphan-black-staffel-6-auf-netflix\/"},"wordCount":280,"commentCount":0,"publisher":{"@id":"https:\/\/newsslash.com\/n\/#organization"},"image":{"@id":"https:\/\/newsslash.com\/n\/10396-wann-kommt-orphan-black-staffel-6-auf-netflix\/#primaryimage"},"thumbnailUrl":"https:\/\/newsslash.com\/n\/wp-content\/uploads\/2025\/04\/NewsSlash-Featured-Image.jpg","articleSection":["Blog"],"inLanguage":"en-US","potentialAction":[{"@type":"CommentAction","name":"Comment","target":["https:\/\/newsslash.com\/n\/10396-wann-kommt-orphan-black-staffel-6-auf-netflix\/#respond"]}]},{"@type":"WebPage","@id":"https:\/\/newsslash.com\/n\/10396-wann-kommt-orphan-black-staffel-6-auf-netflix\/","url":"https:\/\/newsslash.com\/n\/10396-wann-kommt-orphan-black-staffel-6-auf-netflix\/","name":"Wann kommt Orphan Black Staffel 6 auf Netflix? - Newsslash","isPartOf":{"@id":"https:\/\/newsslash.com\/n\/#website"},"primaryImageOfPage":{"@id":"https:\/\/newsslash.com\/n\/10396-wann-kommt-orphan-black-staffel-6-auf-netflix\/#primaryimage"},"image":{"@id":"https:\/\/newsslash.com\/n\/10396-wann-kommt-orphan-black-staffel-6-auf-netflix\/#primaryimage"},"thumbnailUrl":"https:\/\/newsslash.com\/n\/wp-content\/uploads\/2025\/04\/NewsSlash-Featured-Image.jpg","datePublished":"2017-08-15T15:10:00+00:00","breadcrumb":{"@id":"https:\/\/newsslash.com\/n\/10396-wann-kommt-orphan-black-staffel-6-auf-netflix\/#breadcrumb"},"inLanguage":"en-US","potentialAction":[{"@type":"ReadAction","target":["https:\/\/newsslash.com\/n\/10396-wann-kommt-orphan-black-staffel-6-auf-netflix\/"]}]},{"@type":"ImageObject","inLanguage":"en-US","@id":"https:\/\/newsslash.com\/n\/10396-wann-kommt-orphan-black-staffel-6-auf-netflix\/#primaryimage","url":"https:\/\/newsslash.com\/n\/wp-content\/uploads\/2025\/04\/NewsSlash-Featured-Image.jpg","contentUrl":"https:\/\/newsslash.com\/n\/wp-content\/uploads\/2025\/04\/NewsSlash-Featured-Image.jpg","width":1280,"height":854},{"@type":"BreadcrumbList","@id":"https:\/\/newsslash.com\/n\/10396-wann-kommt-orphan-black-staffel-6-auf-netflix\/#breadcrumb","itemListElement":[{"@type":"ListItem","position":1,"name":"Home","item":"https:\/\/newsslash.com\/n\/"},{"@type":"ListItem","position":2,"name":"Wann kommt Orphan Black Staffel 6 auf Netflix?"}]},{"@type":"WebSite","@id":"https:\/\/newsslash.com\/n\/#website","url":"https:\/\/newsslash.com\/n\/","name":"Newsslash","description":"Trending News on Movies, Series, OTT, Gaming","publisher":{"@id":"https:\/\/newsslash.com\/n\/#organization"},"potentialAction":[{"@type":"SearchAction","target":{"@type":"EntryPoint","urlTemplate":"https:\/\/newsslash.com\/n\/?s={search_term_string}"},"query-input":{"@type":"PropertyValueSpecification","valueRequired":true,"valueName":"search_term_string"}}],"inLanguage":"en-US"},{"@type":"Organization","@id":"https:\/\/newsslash.com\/n\/#organization","name":"Newsslash","url":"https:\/\/newsslash.com\/n\/","logo":{"@type":"ImageObject","inLanguage":"en-US","@id":"https:\/\/newsslash.com\/n\/#\/schema\/logo\/image\/","url":"https:\/\/newsslash.com\/n\/wp-content\/uploads\/2025\/04\/cropped-Newsslash-logo-Fevicon.png","contentUrl":"https:\/\/newsslash.com\/n\/wp-content\/uploads\/2025\/04\/cropped-Newsslash-logo-Fevicon.png","width":512,"height":512,"caption":"Newsslash"},"image":{"@id":"https:\/\/newsslash.com\/n\/#\/schema\/logo\/image\/"}},{"@type":"Person","@id":"https:\/\/newsslash.com\/n\/#\/schema\/person\/80a404decadf9e49aa360e11977c32f2","name":"Daniel S","sameAs":["https:\/\/newsslash.com"],"url":"https:\/\/newsslash.com\/n\/author\/daniel_s\/"}]}},"_links":{"self":[{"href":"https:\/\/newsslash.com\/n\/wp-json\/wp\/v2\/posts\/13771","targetHints":{"allow":["GET"]}}],"collection":[{"href":"https:\/\/newsslash.com\/n\/wp-json\/wp\/v2\/posts"}],"about":[{"href":"https:\/\/newsslash.com\/n\/wp-json\/wp\/v2\/types\/post"}],"author":[{"embeddable":true,"href":"https:\/\/newsslash.com\/n\/wp-json\/wp\/v2\/users\/6"}],"replies":[{"embeddable":true,"href":"https:\/\/newsslash.com\/n\/wp-json\/wp\/v2\/comments?post=13771"}],"version-history":[{"count":0,"href":"https:\/\/newsslash.com\/n\/wp-json\/wp\/v2\/posts\/13771\/revisions"}],"wp:featuredmedia":[{"embeddable":true,"href":"https:\/\/newsslash.com\/n\/wp-json\/wp\/v2\/media\/21974"}],"wp:attachment":[{"href":"https:\/\/newsslash.com\/n\/wp-json\/wp\/v2\/media?parent=13771"}],"curies":[{"name":"wp","href":"https:\/\/api.w.org\/{rel}","templated":true}]}}