{"id":13837,"date":"2017-08-27T11:26:00","date_gmt":"2017-08-27T11:26:00","guid":{"rendered":"https:\/\/newsslash.com\/n\/10452-wann-kommt-der-nebel-staffel-2-auf-netflix\/"},"modified":"2017-08-27T11:26:00","modified_gmt":"2017-08-27T11:26:00","slug":"10452-wann-kommt-der-nebel-staffel-2-auf-netflix","status":"publish","type":"post","link":"https:\/\/newsslash.com\/n\/10452-wann-kommt-der-nebel-staffel-2-auf-netflix\/","title":{"rendered":"Wann kommt Der Nebel Staffel 2 auf Netflix?"},"content":{"rendered":"<p>Kaum ist die erste Staffel des Stephen King Remakes Der Nebel im Streamingportal, da, schon sollen weitere King Romanverfilmungen folgen. Doch bevor es soweit ist, wollen findige Fans erst einmal Antwort auf die Frage erhalten: Wann kommt Der Nebel Staffel 2 auf Netflix? Oder: Kommt da \u00c3\u00bcberhaupt noch etwas? Bevor wir uns mit der Story selbst besch\u00c3\u00a4ftigen, wollen wir kl\u00c3\u00a4ren, ob potentielle Netflixianer mit einer Fortsetzung des Erfolgsprojekts rechnen k\u00c3\u00b6nnen. The Mist, oder zu deutsch Der Nebel, durfte am 22. Juni 2017 in erster Staffel auf Spike mit 9 Episoden deb\u00c3\u00bctieren. Das Kings Roman nur f\u00c3\u00bcr einen Film ausgelegt war geschweige denn Stoff f\u00c3\u00bcr mehrere Staffeln bieten k\u00c3\u00b6nne, wird von den meisten Fans bezweifelt. <ins data-ad-client=\"ca-pub-3647021458695789\" data-ad-format=\"link\" data-ad-slot=\"5646464505\" style=\"display:block\"><\/ins> Wie dem auch sei dem entgegen steht die Aussage von Kevin Kays President of Spike\/Paramount Network in einem Interview gegen\u00c3\u00bcber Deadline. Demnach soll Der Nebel sehr wohl um eine weitere Staffel bereichert werden sofern sich das Format gut mache. Zeitpunkt f\u00c3\u00bcr eine m\u00c3\u00b6gliche 2. Staffel Der Nebel w\u00c3\u00a4re dann das n\u00c3\u00a4chste Jahr \u00e2\u20ac\u201c also Mitte 2018. Da wir wissen, das Netflix seine Zeitspannen recht penibel einzuhalten versucht und die erste Staffel mit einer zweimonatigen Verz\u00c3\u00b6gerung zum Streaming-Anbieter kam und seit dem 25.08.2017 verf\u00c3\u00bcgbar ist, l\u00c3\u00a4sst sich daraus ableiten, dass im Falle einer Fortsetzung The Mist\/Der Nebel ca. zwei Monate nach der Ver\u00c3\u00b6ffentlichung in den USA auch nach Deutschland kommen sollte. <iframe loading=\"lazy\" allowfullscreen=\"\" frameborder=\"0\" height=\"315\" src=\"https:\/\/www.youtube-nocookie.com\/embed\/liw2JCkStdw\" width=\"100%\"><\/iframe> Die Story selbst d\u00c3\u00bcrfte den meisten bekannt sein. Handlungsort ist eine Kleinstadt im \u00c3\u00bcberschaubaren Maine. Aus rein unerkl\u00c3\u00a4rlichen Gr\u00c3\u00bcnden legt sich binnen k\u00c3\u00bcrzester Zeit ein dichter undurchschaubarer Nebel \u00c3\u00bcber das Fleckchen Land namens Bridgeville. Dieser hat mit einer Wolke oder leichtem Dunst recht wenig gemein, bringt er doch neben purer Angst und Entsozialisierung auch gefr\u00c3\u00a4\u00c3\u0178ige Monster und Ungeheuer mit sich. Mitspielen d\u00c3\u00bcrfen in der ersten Staffel recht unerfahrene Schauspieler wie Luke Cosgrove als Jay Heisel, Darcy Lindzon in der Rolle des Trevor, David Wm. Marsh als Gerald, Morgan Spector als Kevin Copeland, Alyssa Sutherland als Eve Copeland und Nabeel El Khafif in seiner Rolle als Raj Al-Fayed. Als Sch\u00c3\u00b6pfer des Revivals bot sich Christian Torpe an. F\u00c3\u00bcr die Musik im ersten Teil erkl\u00c3\u00a4rte sich Giona Ostinelli bereit w\u00c3\u00a4hrend Guy J. Louthan und Amanda Segel als ausf\u00c3\u00bchrende Produzenten verantwortlich sind. <b>Wusstet ihr schon\u00e2\u20ac\u00a6?<\/b>: The Mist\/Der Nebel ist keine Neuerz\u00c3\u00a4hlung! Die Geschichte basiert auf Stephen Kings 1980 ver\u00c3\u00b6ffentlichten Novelle The Mist und wurde bereits 2007 durch Regisseur Frank Darabont erfolgreich verfilmt. Das ist jetzt schon fast 10 Jahre her und dem Horror-Juwel soll nun durch das Serienformat ein neuer Glanz verliehen werden. Ob das gelingt, m\u00c3\u00bcsst ihr selbst entscheiden. Schaut euch auch ruhig einmal die Kinoversion der King-Story an und entscheidet, was euch mehr zusagt. Alle weiteren Informationen zu Der Nebel Staffel 2 erfahrt immer aktuell hier auf Newsslash! <iframe loading=\"lazy\" allowfullscreen=\"\" frameborder=\"0\" height=\"315\" src=\"https:\/\/www.youtube-nocookie.com\/embed\/dvBjgmJrOt4\" width=\"100%\"><\/iframe><\/p><div class=\"newss-content\" id=\"newss-1912761044\"><script async src=\"\/\/pagead2.googlesyndication.com\/pagead\/js\/adsbygoogle.js?client=ca-pub-7733425960004873\" crossorigin=\"anonymous\"><\/script><ins class=\"adsbygoogle\" style=\"display:block;\" data-ad-client=\"ca-pub-7733425960004873\" \ndata-ad-slot=\"2582020599\" \ndata-ad-format=\"auto\"><\/ins>\n<script> \n(adsbygoogle = window.adsbygoogle || []).push({}); \n<\/script>\n<\/div><div class=\"newss-article-1\" id=\"newss-4023140440\"><script async src=\"https:\/\/pagead2.googlesyndication.com\/pagead\/js\/adsbygoogle.js?client=ca-pub-7733425960004873\"\r\n     crossorigin=\"anonymous\"><\/script>\r\n<!-- Homepage2 -->\r\n<ins class=\"adsbygoogle\"\r\n     style=\"display:block\"\r\n     data-ad-client=\"ca-pub-7733425960004873\"\r\n     data-ad-slot=\"2582020599\"\r\n     data-ad-format=\"auto\"\r\n     data-full-width-responsive=\"true\"><\/ins>\r\n<script>\r\n     (adsbygoogle = window.adsbygoogle || []).push({});\r\n<\/script><\/div>\n","protected":false},"excerpt":{"rendered":"<p>Wann kommt Der Nebel Staffel 2 auf Netflix? Der Stephen King Klassiker beweist einmal mehr seinen zeitlosen Charakter. W\u00c3\u00a4hrend&#8230; Mehr auf Newsslash.com!<\/p>\n","protected":false},"author":6,"featured_media":21974,"comment_status":"open","ping_status":"open","sticky":false,"template":"","format":"standard","meta":{"_et_pb_use_builder":"","_et_pb_old_content":"","_et_gb_content_width":"","footnotes":""},"class_list":["post-13837","post","type-post","status-publish","format-standard","has-post-thumbnail","hentry","category-blog"],"yoast_head":"<!-- This site is optimized with the Yoast SEO plugin v24.8.1 - https:\/\/yoast.com\/wordpress\/plugins\/seo\/ -->\n<title>Wann kommt Der Nebel Staffel 2 auf Netflix? - Newsslash<\/title>\n<meta name=\"robots\" content=\"noindex, follow\" \/>\n<meta property=\"og:locale\" content=\"en_US\" \/>\n<meta property=\"og:type\" content=\"article\" \/>\n<meta property=\"og:title\" content=\"Wann kommt Der Nebel Staffel 2 auf Netflix? - Newsslash\" \/>\n<meta property=\"og:description\" content=\"Wann kommt Der Nebel Staffel 2 auf Netflix? Der Stephen King Klassiker beweist einmal mehr seinen zeitlosen Charakter. W\u00c3\u00a4hrend... Mehr auf Newsslash.com!\" \/>\n<meta property=\"og:url\" content=\"https:\/\/newsslash.com\/n\/10452-wann-kommt-der-nebel-staffel-2-auf-netflix\/\" \/>\n<meta property=\"og:site_name\" content=\"Newsslash\" \/>\n<meta property=\"article:published_time\" content=\"2017-08-27T11:26:00+00:00\" \/>\n<meta property=\"og:image\" content=\"https:\/\/newsslash.com\/n\/wp-content\/uploads\/2025\/04\/NewsSlash-Featured-Image.jpg\" \/>\n\t<meta property=\"og:image:width\" content=\"1280\" \/>\n\t<meta property=\"og:image:height\" content=\"854\" \/>\n\t<meta property=\"og:image:type\" content=\"image\/jpeg\" \/>\n<meta name=\"author\" content=\"Daniel S\" \/>\n<meta name=\"twitter:card\" content=\"summary_large_image\" \/>\n<meta name=\"twitter:label1\" content=\"Written by\" \/>\n\t<meta name=\"twitter:data1\" content=\"Daniel S\" \/>\n\t<meta name=\"twitter:label2\" content=\"Est. reading time\" \/>\n\t<meta name=\"twitter:data2\" content=\"2 minutes\" \/>\n<script type=\"application\/ld+json\" class=\"yoast-schema-graph\">{\"@context\":\"https:\/\/schema.org\",\"@graph\":[{\"@type\":\"Article\",\"@id\":\"https:\/\/newsslash.com\/n\/10452-wann-kommt-der-nebel-staffel-2-auf-netflix\/#article\",\"isPartOf\":{\"@id\":\"https:\/\/newsslash.com\/n\/10452-wann-kommt-der-nebel-staffel-2-auf-netflix\/\"},\"author\":{\"name\":\"Daniel S\",\"@id\":\"https:\/\/newsslash.com\/n\/#\/schema\/person\/80a404decadf9e49aa360e11977c32f2\"},\"headline\":\"Wann kommt Der Nebel Staffel 2 auf Netflix?\",\"datePublished\":\"2017-08-27T11:26:00+00:00\",\"mainEntityOfPage\":{\"@id\":\"https:\/\/newsslash.com\/n\/10452-wann-kommt-der-nebel-staffel-2-auf-netflix\/\"},\"wordCount\":479,\"commentCount\":0,\"publisher\":{\"@id\":\"https:\/\/newsslash.com\/n\/#organization\"},\"image\":{\"@id\":\"https:\/\/newsslash.com\/n\/10452-wann-kommt-der-nebel-staffel-2-auf-netflix\/#primaryimage\"},\"thumbnailUrl\":\"https:\/\/newsslash.com\/n\/wp-content\/uploads\/2025\/04\/NewsSlash-Featured-Image.jpg\",\"articleSection\":[\"Blog\"],\"inLanguage\":\"en-US\",\"potentialAction\":[{\"@type\":\"CommentAction\",\"name\":\"Comment\",\"target\":[\"https:\/\/newsslash.com\/n\/10452-wann-kommt-der-nebel-staffel-2-auf-netflix\/#respond\"]}]},{\"@type\":\"WebPage\",\"@id\":\"https:\/\/newsslash.com\/n\/10452-wann-kommt-der-nebel-staffel-2-auf-netflix\/\",\"url\":\"https:\/\/newsslash.com\/n\/10452-wann-kommt-der-nebel-staffel-2-auf-netflix\/\",\"name\":\"Wann kommt Der Nebel Staffel 2 auf Netflix? - Newsslash\",\"isPartOf\":{\"@id\":\"https:\/\/newsslash.com\/n\/#website\"},\"primaryImageOfPage\":{\"@id\":\"https:\/\/newsslash.com\/n\/10452-wann-kommt-der-nebel-staffel-2-auf-netflix\/#primaryimage\"},\"image\":{\"@id\":\"https:\/\/newsslash.com\/n\/10452-wann-kommt-der-nebel-staffel-2-auf-netflix\/#primaryimage\"},\"thumbnailUrl\":\"https:\/\/newsslash.com\/n\/wp-content\/uploads\/2025\/04\/NewsSlash-Featured-Image.jpg\",\"datePublished\":\"2017-08-27T11:26:00+00:00\",\"breadcrumb\":{\"@id\":\"https:\/\/newsslash.com\/n\/10452-wann-kommt-der-nebel-staffel-2-auf-netflix\/#breadcrumb\"},\"inLanguage\":\"en-US\",\"potentialAction\":[{\"@type\":\"ReadAction\",\"target\":[\"https:\/\/newsslash.com\/n\/10452-wann-kommt-der-nebel-staffel-2-auf-netflix\/\"]}]},{\"@type\":\"ImageObject\",\"inLanguage\":\"en-US\",\"@id\":\"https:\/\/newsslash.com\/n\/10452-wann-kommt-der-nebel-staffel-2-auf-netflix\/#primaryimage\",\"url\":\"https:\/\/newsslash.com\/n\/wp-content\/uploads\/2025\/04\/NewsSlash-Featured-Image.jpg\",\"contentUrl\":\"https:\/\/newsslash.com\/n\/wp-content\/uploads\/2025\/04\/NewsSlash-Featured-Image.jpg\",\"width\":1280,\"height\":854},{\"@type\":\"BreadcrumbList\",\"@id\":\"https:\/\/newsslash.com\/n\/10452-wann-kommt-der-nebel-staffel-2-auf-netflix\/#breadcrumb\",\"itemListElement\":[{\"@type\":\"ListItem\",\"position\":1,\"name\":\"Home\",\"item\":\"https:\/\/newsslash.com\/n\/\"},{\"@type\":\"ListItem\",\"position\":2,\"name\":\"Wann kommt Der Nebel Staffel 2 auf Netflix?\"}]},{\"@type\":\"WebSite\",\"@id\":\"https:\/\/newsslash.com\/n\/#website\",\"url\":\"https:\/\/newsslash.com\/n\/\",\"name\":\"Newsslash\",\"description\":\"Trending News on Movies, Series, OTT, Gaming\",\"publisher\":{\"@id\":\"https:\/\/newsslash.com\/n\/#organization\"},\"potentialAction\":[{\"@type\":\"SearchAction\",\"target\":{\"@type\":\"EntryPoint\",\"urlTemplate\":\"https:\/\/newsslash.com\/n\/?s={search_term_string}\"},\"query-input\":{\"@type\":\"PropertyValueSpecification\",\"valueRequired\":true,\"valueName\":\"search_term_string\"}}],\"inLanguage\":\"en-US\"},{\"@type\":\"Organization\",\"@id\":\"https:\/\/newsslash.com\/n\/#organization\",\"name\":\"Newsslash\",\"url\":\"https:\/\/newsslash.com\/n\/\",\"logo\":{\"@type\":\"ImageObject\",\"inLanguage\":\"en-US\",\"@id\":\"https:\/\/newsslash.com\/n\/#\/schema\/logo\/image\/\",\"url\":\"https:\/\/newsslash.com\/n\/wp-content\/uploads\/2025\/04\/cropped-Newsslash-logo-Fevicon.png\",\"contentUrl\":\"https:\/\/newsslash.com\/n\/wp-content\/uploads\/2025\/04\/cropped-Newsslash-logo-Fevicon.png\",\"width\":512,\"height\":512,\"caption\":\"Newsslash\"},\"image\":{\"@id\":\"https:\/\/newsslash.com\/n\/#\/schema\/logo\/image\/\"}},{\"@type\":\"Person\",\"@id\":\"https:\/\/newsslash.com\/n\/#\/schema\/person\/80a404decadf9e49aa360e11977c32f2\",\"name\":\"Daniel S\",\"sameAs\":[\"https:\/\/newsslash.com\"],\"url\":\"https:\/\/newsslash.com\/n\/author\/daniel_s\/\"}]}<\/script>\n<!-- \/ Yoast SEO plugin. -->","yoast_head_json":{"title":"Wann kommt Der Nebel Staffel 2 auf Netflix? - Newsslash","robots":{"index":"noindex","follow":"follow"},"og_locale":"en_US","og_type":"article","og_title":"Wann kommt Der Nebel Staffel 2 auf Netflix? - Newsslash","og_description":"Wann kommt Der Nebel Staffel 2 auf Netflix? Der Stephen King Klassiker beweist einmal mehr seinen zeitlosen Charakter. W\u00c3\u00a4hrend... Mehr auf Newsslash.com!","og_url":"https:\/\/newsslash.com\/n\/10452-wann-kommt-der-nebel-staffel-2-auf-netflix\/","og_site_name":"Newsslash","article_published_time":"2017-08-27T11:26:00+00:00","og_image":[{"width":1280,"height":854,"url":"https:\/\/newsslash.com\/n\/wp-content\/uploads\/2025\/04\/NewsSlash-Featured-Image.jpg","type":"image\/jpeg"}],"author":"Daniel S","twitter_card":"summary_large_image","twitter_misc":{"Written by":"Daniel S","Est. reading time":"2 minutes"},"schema":{"@context":"https:\/\/schema.org","@graph":[{"@type":"Article","@id":"https:\/\/newsslash.com\/n\/10452-wann-kommt-der-nebel-staffel-2-auf-netflix\/#article","isPartOf":{"@id":"https:\/\/newsslash.com\/n\/10452-wann-kommt-der-nebel-staffel-2-auf-netflix\/"},"author":{"name":"Daniel S","@id":"https:\/\/newsslash.com\/n\/#\/schema\/person\/80a404decadf9e49aa360e11977c32f2"},"headline":"Wann kommt Der Nebel Staffel 2 auf Netflix?","datePublished":"2017-08-27T11:26:00+00:00","mainEntityOfPage":{"@id":"https:\/\/newsslash.com\/n\/10452-wann-kommt-der-nebel-staffel-2-auf-netflix\/"},"wordCount":479,"commentCount":0,"publisher":{"@id":"https:\/\/newsslash.com\/n\/#organization"},"image":{"@id":"https:\/\/newsslash.com\/n\/10452-wann-kommt-der-nebel-staffel-2-auf-netflix\/#primaryimage"},"thumbnailUrl":"https:\/\/newsslash.com\/n\/wp-content\/uploads\/2025\/04\/NewsSlash-Featured-Image.jpg","articleSection":["Blog"],"inLanguage":"en-US","potentialAction":[{"@type":"CommentAction","name":"Comment","target":["https:\/\/newsslash.com\/n\/10452-wann-kommt-der-nebel-staffel-2-auf-netflix\/#respond"]}]},{"@type":"WebPage","@id":"https:\/\/newsslash.com\/n\/10452-wann-kommt-der-nebel-staffel-2-auf-netflix\/","url":"https:\/\/newsslash.com\/n\/10452-wann-kommt-der-nebel-staffel-2-auf-netflix\/","name":"Wann kommt Der Nebel Staffel 2 auf Netflix? - Newsslash","isPartOf":{"@id":"https:\/\/newsslash.com\/n\/#website"},"primaryImageOfPage":{"@id":"https:\/\/newsslash.com\/n\/10452-wann-kommt-der-nebel-staffel-2-auf-netflix\/#primaryimage"},"image":{"@id":"https:\/\/newsslash.com\/n\/10452-wann-kommt-der-nebel-staffel-2-auf-netflix\/#primaryimage"},"thumbnailUrl":"https:\/\/newsslash.com\/n\/wp-content\/uploads\/2025\/04\/NewsSlash-Featured-Image.jpg","datePublished":"2017-08-27T11:26:00+00:00","breadcrumb":{"@id":"https:\/\/newsslash.com\/n\/10452-wann-kommt-der-nebel-staffel-2-auf-netflix\/#breadcrumb"},"inLanguage":"en-US","potentialAction":[{"@type":"ReadAction","target":["https:\/\/newsslash.com\/n\/10452-wann-kommt-der-nebel-staffel-2-auf-netflix\/"]}]},{"@type":"ImageObject","inLanguage":"en-US","@id":"https:\/\/newsslash.com\/n\/10452-wann-kommt-der-nebel-staffel-2-auf-netflix\/#primaryimage","url":"https:\/\/newsslash.com\/n\/wp-content\/uploads\/2025\/04\/NewsSlash-Featured-Image.jpg","contentUrl":"https:\/\/newsslash.com\/n\/wp-content\/uploads\/2025\/04\/NewsSlash-Featured-Image.jpg","width":1280,"height":854},{"@type":"BreadcrumbList","@id":"https:\/\/newsslash.com\/n\/10452-wann-kommt-der-nebel-staffel-2-auf-netflix\/#breadcrumb","itemListElement":[{"@type":"ListItem","position":1,"name":"Home","item":"https:\/\/newsslash.com\/n\/"},{"@type":"ListItem","position":2,"name":"Wann kommt Der Nebel Staffel 2 auf Netflix?"}]},{"@type":"WebSite","@id":"https:\/\/newsslash.com\/n\/#website","url":"https:\/\/newsslash.com\/n\/","name":"Newsslash","description":"Trending News on Movies, Series, OTT, Gaming","publisher":{"@id":"https:\/\/newsslash.com\/n\/#organization"},"potentialAction":[{"@type":"SearchAction","target":{"@type":"EntryPoint","urlTemplate":"https:\/\/newsslash.com\/n\/?s={search_term_string}"},"query-input":{"@type":"PropertyValueSpecification","valueRequired":true,"valueName":"search_term_string"}}],"inLanguage":"en-US"},{"@type":"Organization","@id":"https:\/\/newsslash.com\/n\/#organization","name":"Newsslash","url":"https:\/\/newsslash.com\/n\/","logo":{"@type":"ImageObject","inLanguage":"en-US","@id":"https:\/\/newsslash.com\/n\/#\/schema\/logo\/image\/","url":"https:\/\/newsslash.com\/n\/wp-content\/uploads\/2025\/04\/cropped-Newsslash-logo-Fevicon.png","contentUrl":"https:\/\/newsslash.com\/n\/wp-content\/uploads\/2025\/04\/cropped-Newsslash-logo-Fevicon.png","width":512,"height":512,"caption":"Newsslash"},"image":{"@id":"https:\/\/newsslash.com\/n\/#\/schema\/logo\/image\/"}},{"@type":"Person","@id":"https:\/\/newsslash.com\/n\/#\/schema\/person\/80a404decadf9e49aa360e11977c32f2","name":"Daniel S","sameAs":["https:\/\/newsslash.com"],"url":"https:\/\/newsslash.com\/n\/author\/daniel_s\/"}]}},"_links":{"self":[{"href":"https:\/\/newsslash.com\/n\/wp-json\/wp\/v2\/posts\/13837","targetHints":{"allow":["GET"]}}],"collection":[{"href":"https:\/\/newsslash.com\/n\/wp-json\/wp\/v2\/posts"}],"about":[{"href":"https:\/\/newsslash.com\/n\/wp-json\/wp\/v2\/types\/post"}],"author":[{"embeddable":true,"href":"https:\/\/newsslash.com\/n\/wp-json\/wp\/v2\/users\/6"}],"replies":[{"embeddable":true,"href":"https:\/\/newsslash.com\/n\/wp-json\/wp\/v2\/comments?post=13837"}],"version-history":[{"count":0,"href":"https:\/\/newsslash.com\/n\/wp-json\/wp\/v2\/posts\/13837\/revisions"}],"wp:featuredmedia":[{"embeddable":true,"href":"https:\/\/newsslash.com\/n\/wp-json\/wp\/v2\/media\/21974"}],"wp:attachment":[{"href":"https:\/\/newsslash.com\/n\/wp-json\/wp\/v2\/media?parent=13837"}],"curies":[{"name":"wp","href":"https:\/\/api.w.org\/{rel}","templated":true}]}}