{"id":13885,"date":"2017-09-03T11:14:00","date_gmt":"2017-09-03T11:14:00","guid":{"rendered":"https:\/\/newsslash.com\/n\/10491-wann-kommt-supernatural-staffel-12-auf-amazon-prime-video\/"},"modified":"2017-09-03T11:14:00","modified_gmt":"2017-09-03T11:14:00","slug":"10491-wann-kommt-supernatural-staffel-12-auf-amazon-prime-video","status":"publish","type":"post","link":"https:\/\/newsslash.com\/n\/10491-wann-kommt-supernatural-staffel-12-auf-amazon-prime-video\/","title":{"rendered":"Wann kommt Supernatural Staffel 12 auf Amazon Prime Video?"},"content":{"rendered":"<p>Wie geht es weiter mit Dean und Sam Winchester, dass interessiert wohl die meisten der \u00e2\u20ac\u201c Achtung festhalten \u00e2\u20ac\u201c insgesamt 28,6 Millionen Zuschauer (auf 12 Staffeln), allein in den USA. Supernatural\/The CW ist ein Dauerbrenner, der nicht aufh\u00c3\u00b6rt innovatives One-Episode-Storytelling auszustrahlen. <b>Tipp:<\/b> Supernatural Staffel 12 jetzt bei <a href=\"https:\/\/www.amazon.de\/Keep-Calm-Carry-OV-OmU\/dp\/B01M4IY7P7\/ref=sr_1_1?s=instant-video&amp;ie=UTF8&amp;qid=1509388011&amp;tag=newsslash-21\" target=\"_blank\">Amazon kaufen (klick hier!)<\/a> Kaum wurde die elfte Staffel auf der Streaming-Plattform Amazon Prime zur Verf\u00c3\u00bcgung gestellt, da fragen Fans auch schon: Wann kommt Supernatural Staffel 12 auf Amazon Prime Video? Denn soviel ist sicher, Staffel 12 wird kommen, schlie\u00c3\u0178lich wurde von The CW bereits Anfang Januar 2017 eine 13. Staffel angek\u00c3\u00bcndigt, die Zielgruppe der 18-49-J\u00c3\u00a4hrigen d\u00c3\u00bcrfte sich freuen! <ins data-ad-client=\"ca-pub-3647021458695789\" data-ad-format=\"link\" data-ad-slot=\"7996975644\" style=\"display:block\"><\/ins> Amazon selbst hatte sich noch nicht zur Aufnahme der zw\u00c3\u00b6lften Staffel ge\u00c3\u00a4u\u00c3\u0178ert und auch seitens anderer Quellen gibt es noch keine Verlautbarungen, die ein grobes Datum vorsehen. Halb so schlimm, da wir das Release-Datum der letzten Staffel kennen. Da am 01.09.2017 die neuesten Episoden erschienen l\u00c3\u00a4sst sich der Start f\u00c3\u00bcr Staffel 12 auf n\u00c3\u00a4chstes Jahr September vordatieren. Nicht zuletzt, da Amazon selbst die selbige Staffel bereits als kostenpflichtige Variante im Programm f\u00c3\u00bchrt. <b>Worum geht\u00e2\u20ac\u2122s?<\/b> Staffel 12 unterscheidet sich (\u00c3\u00bcber)nat\u00c3\u00bcrlich nicht von der vorherigen Episoden-Machart. Wie immer wird ein \u00c3\u00bcbergeordneter Plot gesponnen w\u00c3\u00a4hrend sich jede Folge eine B\u00c3\u00b6sartigkeit nach der anderen auftut. Einer dieser B\u00c3\u00b6sewichte wird vom Rockmusiker Vince Vincente (Rick Springfield) verk\u00c3\u00b6rpert, der niemand geringeres ist als Beelzebub\/Luzifer\/der Teufel selbst. W\u00c3\u00a4hrend Gegenspieler Hitler pers\u00c3\u00b6nlich spielt auch die Mutter (Mary gespielt von Samantha Smith) der Winchester-Br\u00c3\u00bcder eine tragende Rolle. Diese wurde in Staffel 11 wieder zum Leben erweckt und hilft Dean (Jensen Ackles) und Castiel (Misha Collins) Nesthaken Sam (Jared Padalecki) zu finden und aus seiner Entf\u00c3\u00bchrung zu befreien. <iframe loading=\"lazy\" allowfullscreen=\"\" frameborder=\"0\" height=\"315\" src=\"https:\/\/www.youtube-nocookie.com\/embed\/jhZZb9WqX9k\" width=\"100%\"><\/iframe><\/p><div class=\"newss-content\" id=\"newss-1323553843\"><script async src=\"\/\/pagead2.googlesyndication.com\/pagead\/js\/adsbygoogle.js?client=ca-pub-7733425960004873\" crossorigin=\"anonymous\"><\/script><ins class=\"adsbygoogle\" style=\"display:block;\" data-ad-client=\"ca-pub-7733425960004873\" \ndata-ad-slot=\"2582020599\" \ndata-ad-format=\"auto\"><\/ins>\n<script> \n(adsbygoogle = window.adsbygoogle || []).push({}); \n<\/script>\n<\/div><div class=\"newss-article-1\" id=\"newss-819827753\"><script async src=\"https:\/\/pagead2.googlesyndication.com\/pagead\/js\/adsbygoogle.js?client=ca-pub-7733425960004873\"\r\n     crossorigin=\"anonymous\"><\/script>\r\n<!-- Homepage2 -->\r\n<ins class=\"adsbygoogle\"\r\n     style=\"display:block\"\r\n     data-ad-client=\"ca-pub-7733425960004873\"\r\n     data-ad-slot=\"2582020599\"\r\n     data-ad-format=\"auto\"\r\n     data-full-width-responsive=\"true\"><\/ins>\r\n<script>\r\n     (adsbygoogle = window.adsbygoogle || []).push({});\r\n<\/script><\/div>\n","protected":false},"excerpt":{"rendered":"<p>Sky hat sie schon und Amazon auch \u00e2\u20ac\u201c aber nicht kostenlos! Amazon Prime Kunden freuen sich \u00c3\u00bcber die neu erschienene&#8230; Mehr auf Newsslash.com!<\/p>\n","protected":false},"author":6,"featured_media":21974,"comment_status":"open","ping_status":"open","sticky":false,"template":"","format":"standard","meta":{"_et_pb_use_builder":"","_et_pb_old_content":"","_et_gb_content_width":"","footnotes":""},"class_list":["post-13885","post","type-post","status-publish","format-standard","has-post-thumbnail","hentry","category-blog"],"yoast_head":"<!-- This site is optimized with the Yoast SEO plugin v24.8.1 - https:\/\/yoast.com\/wordpress\/plugins\/seo\/ -->\n<title>Wann kommt Supernatural Staffel 12 auf Amazon Prime Video? - Newsslash<\/title>\n<meta name=\"robots\" content=\"noindex, follow\" \/>\n<meta property=\"og:locale\" content=\"en_US\" \/>\n<meta property=\"og:type\" content=\"article\" \/>\n<meta property=\"og:title\" content=\"Wann kommt Supernatural Staffel 12 auf Amazon Prime Video? - Newsslash\" \/>\n<meta property=\"og:description\" content=\"Sky hat sie schon und Amazon auch \u00e2\u20ac\u201c aber nicht kostenlos! Amazon Prime Kunden freuen sich \u00c3\u00bcber die neu erschienene... Mehr auf Newsslash.com!\" \/>\n<meta property=\"og:url\" content=\"https:\/\/newsslash.com\/n\/10491-wann-kommt-supernatural-staffel-12-auf-amazon-prime-video\/\" \/>\n<meta property=\"og:site_name\" content=\"Newsslash\" \/>\n<meta property=\"article:published_time\" content=\"2017-09-03T11:14:00+00:00\" \/>\n<meta property=\"og:image\" content=\"https:\/\/newsslash.com\/n\/wp-content\/uploads\/2025\/04\/NewsSlash-Featured-Image.jpg\" \/>\n\t<meta property=\"og:image:width\" content=\"1280\" \/>\n\t<meta property=\"og:image:height\" content=\"854\" \/>\n\t<meta property=\"og:image:type\" content=\"image\/jpeg\" \/>\n<meta name=\"author\" content=\"Daniel S\" \/>\n<meta name=\"twitter:card\" content=\"summary_large_image\" \/>\n<meta name=\"twitter:label1\" content=\"Written by\" \/>\n\t<meta name=\"twitter:data1\" content=\"Daniel S\" \/>\n\t<meta name=\"twitter:label2\" content=\"Est. reading time\" \/>\n\t<meta name=\"twitter:data2\" content=\"1 minute\" \/>\n<script type=\"application\/ld+json\" class=\"yoast-schema-graph\">{\"@context\":\"https:\/\/schema.org\",\"@graph\":[{\"@type\":\"Article\",\"@id\":\"https:\/\/newsslash.com\/n\/10491-wann-kommt-supernatural-staffel-12-auf-amazon-prime-video\/#article\",\"isPartOf\":{\"@id\":\"https:\/\/newsslash.com\/n\/10491-wann-kommt-supernatural-staffel-12-auf-amazon-prime-video\/\"},\"author\":{\"name\":\"Daniel S\",\"@id\":\"https:\/\/newsslash.com\/n\/#\/schema\/person\/80a404decadf9e49aa360e11977c32f2\"},\"headline\":\"Wann kommt Supernatural Staffel 12 auf Amazon Prime Video?\",\"datePublished\":\"2017-09-03T11:14:00+00:00\",\"mainEntityOfPage\":{\"@id\":\"https:\/\/newsslash.com\/n\/10491-wann-kommt-supernatural-staffel-12-auf-amazon-prime-video\/\"},\"wordCount\":297,\"commentCount\":0,\"publisher\":{\"@id\":\"https:\/\/newsslash.com\/n\/#organization\"},\"image\":{\"@id\":\"https:\/\/newsslash.com\/n\/10491-wann-kommt-supernatural-staffel-12-auf-amazon-prime-video\/#primaryimage\"},\"thumbnailUrl\":\"https:\/\/newsslash.com\/n\/wp-content\/uploads\/2025\/04\/NewsSlash-Featured-Image.jpg\",\"articleSection\":[\"Blog\"],\"inLanguage\":\"en-US\",\"potentialAction\":[{\"@type\":\"CommentAction\",\"name\":\"Comment\",\"target\":[\"https:\/\/newsslash.com\/n\/10491-wann-kommt-supernatural-staffel-12-auf-amazon-prime-video\/#respond\"]}]},{\"@type\":\"WebPage\",\"@id\":\"https:\/\/newsslash.com\/n\/10491-wann-kommt-supernatural-staffel-12-auf-amazon-prime-video\/\",\"url\":\"https:\/\/newsslash.com\/n\/10491-wann-kommt-supernatural-staffel-12-auf-amazon-prime-video\/\",\"name\":\"Wann kommt Supernatural Staffel 12 auf Amazon Prime Video? - Newsslash\",\"isPartOf\":{\"@id\":\"https:\/\/newsslash.com\/n\/#website\"},\"primaryImageOfPage\":{\"@id\":\"https:\/\/newsslash.com\/n\/10491-wann-kommt-supernatural-staffel-12-auf-amazon-prime-video\/#primaryimage\"},\"image\":{\"@id\":\"https:\/\/newsslash.com\/n\/10491-wann-kommt-supernatural-staffel-12-auf-amazon-prime-video\/#primaryimage\"},\"thumbnailUrl\":\"https:\/\/newsslash.com\/n\/wp-content\/uploads\/2025\/04\/NewsSlash-Featured-Image.jpg\",\"datePublished\":\"2017-09-03T11:14:00+00:00\",\"breadcrumb\":{\"@id\":\"https:\/\/newsslash.com\/n\/10491-wann-kommt-supernatural-staffel-12-auf-amazon-prime-video\/#breadcrumb\"},\"inLanguage\":\"en-US\",\"potentialAction\":[{\"@type\":\"ReadAction\",\"target\":[\"https:\/\/newsslash.com\/n\/10491-wann-kommt-supernatural-staffel-12-auf-amazon-prime-video\/\"]}]},{\"@type\":\"ImageObject\",\"inLanguage\":\"en-US\",\"@id\":\"https:\/\/newsslash.com\/n\/10491-wann-kommt-supernatural-staffel-12-auf-amazon-prime-video\/#primaryimage\",\"url\":\"https:\/\/newsslash.com\/n\/wp-content\/uploads\/2025\/04\/NewsSlash-Featured-Image.jpg\",\"contentUrl\":\"https:\/\/newsslash.com\/n\/wp-content\/uploads\/2025\/04\/NewsSlash-Featured-Image.jpg\",\"width\":1280,\"height\":854},{\"@type\":\"BreadcrumbList\",\"@id\":\"https:\/\/newsslash.com\/n\/10491-wann-kommt-supernatural-staffel-12-auf-amazon-prime-video\/#breadcrumb\",\"itemListElement\":[{\"@type\":\"ListItem\",\"position\":1,\"name\":\"Home\",\"item\":\"https:\/\/newsslash.com\/n\/\"},{\"@type\":\"ListItem\",\"position\":2,\"name\":\"Wann kommt Supernatural Staffel 12 auf Amazon Prime Video?\"}]},{\"@type\":\"WebSite\",\"@id\":\"https:\/\/newsslash.com\/n\/#website\",\"url\":\"https:\/\/newsslash.com\/n\/\",\"name\":\"Newsslash\",\"description\":\"Trending News on Movies, Series, OTT, Gaming\",\"publisher\":{\"@id\":\"https:\/\/newsslash.com\/n\/#organization\"},\"potentialAction\":[{\"@type\":\"SearchAction\",\"target\":{\"@type\":\"EntryPoint\",\"urlTemplate\":\"https:\/\/newsslash.com\/n\/?s={search_term_string}\"},\"query-input\":{\"@type\":\"PropertyValueSpecification\",\"valueRequired\":true,\"valueName\":\"search_term_string\"}}],\"inLanguage\":\"en-US\"},{\"@type\":\"Organization\",\"@id\":\"https:\/\/newsslash.com\/n\/#organization\",\"name\":\"Newsslash\",\"url\":\"https:\/\/newsslash.com\/n\/\",\"logo\":{\"@type\":\"ImageObject\",\"inLanguage\":\"en-US\",\"@id\":\"https:\/\/newsslash.com\/n\/#\/schema\/logo\/image\/\",\"url\":\"https:\/\/newsslash.com\/n\/wp-content\/uploads\/2025\/04\/cropped-Newsslash-logo-Fevicon.png\",\"contentUrl\":\"https:\/\/newsslash.com\/n\/wp-content\/uploads\/2025\/04\/cropped-Newsslash-logo-Fevicon.png\",\"width\":512,\"height\":512,\"caption\":\"Newsslash\"},\"image\":{\"@id\":\"https:\/\/newsslash.com\/n\/#\/schema\/logo\/image\/\"}},{\"@type\":\"Person\",\"@id\":\"https:\/\/newsslash.com\/n\/#\/schema\/person\/80a404decadf9e49aa360e11977c32f2\",\"name\":\"Daniel S\",\"sameAs\":[\"https:\/\/newsslash.com\"],\"url\":\"https:\/\/newsslash.com\/n\/author\/daniel_s\/\"}]}<\/script>\n<!-- \/ Yoast SEO plugin. -->","yoast_head_json":{"title":"Wann kommt Supernatural Staffel 12 auf Amazon Prime Video? - Newsslash","robots":{"index":"noindex","follow":"follow"},"og_locale":"en_US","og_type":"article","og_title":"Wann kommt Supernatural Staffel 12 auf Amazon Prime Video? - Newsslash","og_description":"Sky hat sie schon und Amazon auch \u00e2\u20ac\u201c aber nicht kostenlos! Amazon Prime Kunden freuen sich \u00c3\u00bcber die neu erschienene... Mehr auf Newsslash.com!","og_url":"https:\/\/newsslash.com\/n\/10491-wann-kommt-supernatural-staffel-12-auf-amazon-prime-video\/","og_site_name":"Newsslash","article_published_time":"2017-09-03T11:14:00+00:00","og_image":[{"width":1280,"height":854,"url":"https:\/\/newsslash.com\/n\/wp-content\/uploads\/2025\/04\/NewsSlash-Featured-Image.jpg","type":"image\/jpeg"}],"author":"Daniel S","twitter_card":"summary_large_image","twitter_misc":{"Written by":"Daniel S","Est. reading time":"1 minute"},"schema":{"@context":"https:\/\/schema.org","@graph":[{"@type":"Article","@id":"https:\/\/newsslash.com\/n\/10491-wann-kommt-supernatural-staffel-12-auf-amazon-prime-video\/#article","isPartOf":{"@id":"https:\/\/newsslash.com\/n\/10491-wann-kommt-supernatural-staffel-12-auf-amazon-prime-video\/"},"author":{"name":"Daniel S","@id":"https:\/\/newsslash.com\/n\/#\/schema\/person\/80a404decadf9e49aa360e11977c32f2"},"headline":"Wann kommt Supernatural Staffel 12 auf Amazon Prime Video?","datePublished":"2017-09-03T11:14:00+00:00","mainEntityOfPage":{"@id":"https:\/\/newsslash.com\/n\/10491-wann-kommt-supernatural-staffel-12-auf-amazon-prime-video\/"},"wordCount":297,"commentCount":0,"publisher":{"@id":"https:\/\/newsslash.com\/n\/#organization"},"image":{"@id":"https:\/\/newsslash.com\/n\/10491-wann-kommt-supernatural-staffel-12-auf-amazon-prime-video\/#primaryimage"},"thumbnailUrl":"https:\/\/newsslash.com\/n\/wp-content\/uploads\/2025\/04\/NewsSlash-Featured-Image.jpg","articleSection":["Blog"],"inLanguage":"en-US","potentialAction":[{"@type":"CommentAction","name":"Comment","target":["https:\/\/newsslash.com\/n\/10491-wann-kommt-supernatural-staffel-12-auf-amazon-prime-video\/#respond"]}]},{"@type":"WebPage","@id":"https:\/\/newsslash.com\/n\/10491-wann-kommt-supernatural-staffel-12-auf-amazon-prime-video\/","url":"https:\/\/newsslash.com\/n\/10491-wann-kommt-supernatural-staffel-12-auf-amazon-prime-video\/","name":"Wann kommt Supernatural Staffel 12 auf Amazon Prime Video? - Newsslash","isPartOf":{"@id":"https:\/\/newsslash.com\/n\/#website"},"primaryImageOfPage":{"@id":"https:\/\/newsslash.com\/n\/10491-wann-kommt-supernatural-staffel-12-auf-amazon-prime-video\/#primaryimage"},"image":{"@id":"https:\/\/newsslash.com\/n\/10491-wann-kommt-supernatural-staffel-12-auf-amazon-prime-video\/#primaryimage"},"thumbnailUrl":"https:\/\/newsslash.com\/n\/wp-content\/uploads\/2025\/04\/NewsSlash-Featured-Image.jpg","datePublished":"2017-09-03T11:14:00+00:00","breadcrumb":{"@id":"https:\/\/newsslash.com\/n\/10491-wann-kommt-supernatural-staffel-12-auf-amazon-prime-video\/#breadcrumb"},"inLanguage":"en-US","potentialAction":[{"@type":"ReadAction","target":["https:\/\/newsslash.com\/n\/10491-wann-kommt-supernatural-staffel-12-auf-amazon-prime-video\/"]}]},{"@type":"ImageObject","inLanguage":"en-US","@id":"https:\/\/newsslash.com\/n\/10491-wann-kommt-supernatural-staffel-12-auf-amazon-prime-video\/#primaryimage","url":"https:\/\/newsslash.com\/n\/wp-content\/uploads\/2025\/04\/NewsSlash-Featured-Image.jpg","contentUrl":"https:\/\/newsslash.com\/n\/wp-content\/uploads\/2025\/04\/NewsSlash-Featured-Image.jpg","width":1280,"height":854},{"@type":"BreadcrumbList","@id":"https:\/\/newsslash.com\/n\/10491-wann-kommt-supernatural-staffel-12-auf-amazon-prime-video\/#breadcrumb","itemListElement":[{"@type":"ListItem","position":1,"name":"Home","item":"https:\/\/newsslash.com\/n\/"},{"@type":"ListItem","position":2,"name":"Wann kommt Supernatural Staffel 12 auf Amazon Prime Video?"}]},{"@type":"WebSite","@id":"https:\/\/newsslash.com\/n\/#website","url":"https:\/\/newsslash.com\/n\/","name":"Newsslash","description":"Trending News on Movies, Series, OTT, Gaming","publisher":{"@id":"https:\/\/newsslash.com\/n\/#organization"},"potentialAction":[{"@type":"SearchAction","target":{"@type":"EntryPoint","urlTemplate":"https:\/\/newsslash.com\/n\/?s={search_term_string}"},"query-input":{"@type":"PropertyValueSpecification","valueRequired":true,"valueName":"search_term_string"}}],"inLanguage":"en-US"},{"@type":"Organization","@id":"https:\/\/newsslash.com\/n\/#organization","name":"Newsslash","url":"https:\/\/newsslash.com\/n\/","logo":{"@type":"ImageObject","inLanguage":"en-US","@id":"https:\/\/newsslash.com\/n\/#\/schema\/logo\/image\/","url":"https:\/\/newsslash.com\/n\/wp-content\/uploads\/2025\/04\/cropped-Newsslash-logo-Fevicon.png","contentUrl":"https:\/\/newsslash.com\/n\/wp-content\/uploads\/2025\/04\/cropped-Newsslash-logo-Fevicon.png","width":512,"height":512,"caption":"Newsslash"},"image":{"@id":"https:\/\/newsslash.com\/n\/#\/schema\/logo\/image\/"}},{"@type":"Person","@id":"https:\/\/newsslash.com\/n\/#\/schema\/person\/80a404decadf9e49aa360e11977c32f2","name":"Daniel S","sameAs":["https:\/\/newsslash.com"],"url":"https:\/\/newsslash.com\/n\/author\/daniel_s\/"}]}},"_links":{"self":[{"href":"https:\/\/newsslash.com\/n\/wp-json\/wp\/v2\/posts\/13885","targetHints":{"allow":["GET"]}}],"collection":[{"href":"https:\/\/newsslash.com\/n\/wp-json\/wp\/v2\/posts"}],"about":[{"href":"https:\/\/newsslash.com\/n\/wp-json\/wp\/v2\/types\/post"}],"author":[{"embeddable":true,"href":"https:\/\/newsslash.com\/n\/wp-json\/wp\/v2\/users\/6"}],"replies":[{"embeddable":true,"href":"https:\/\/newsslash.com\/n\/wp-json\/wp\/v2\/comments?post=13885"}],"version-history":[{"count":0,"href":"https:\/\/newsslash.com\/n\/wp-json\/wp\/v2\/posts\/13885\/revisions"}],"wp:featuredmedia":[{"embeddable":true,"href":"https:\/\/newsslash.com\/n\/wp-json\/wp\/v2\/media\/21974"}],"wp:attachment":[{"href":"https:\/\/newsslash.com\/n\/wp-json\/wp\/v2\/media?parent=13885"}],"curies":[{"name":"wp","href":"https:\/\/api.w.org\/{rel}","templated":true}]}}