{"id":13916,"date":"2017-09-05T14:22:00","date_gmt":"2017-09-05T14:22:00","guid":{"rendered":"https:\/\/newsslash.com\/n\/10522-wann-kommt-the-missing-staffel-2-auf-amazon-prime-video\/"},"modified":"2017-09-05T14:22:00","modified_gmt":"2017-09-05T14:22:00","slug":"10522-wann-kommt-the-missing-staffel-2-auf-amazon-prime-video","status":"publish","type":"post","link":"https:\/\/newsslash.com\/n\/10522-wann-kommt-the-missing-staffel-2-auf-amazon-prime-video\/","title":{"rendered":"Wann kommt The Missing Staffel 2 auf Amazon Prime Video?"},"content":{"rendered":"<p>Mit durchaus soliden 90% auf dem Tomatometer der online Plattform Rotten Tomatoes und zwei Filmpreis-Nominierungen (Emmy und Golden Globe Award) schreitet The Missing selbstbewusst voran und spielt mit seinem spannenden Mix aus Krimi, Thriller und Drama die St\u00c3\u00a4rken und Vorlieben der neuzeitigen Entf\u00c3\u00bchrungsserien aus. Keine Frage, dass Amazon nach dem ersten Teil (01.09.2017) nun auch scharf auf den zweiten ist. Wann kommt also The Missing Staffel 2 auf Amazon Prime Video? Mit wichtigen Serien h\u00c3\u00a4lt man es p\u00c3\u00bcnktlich. Im Falle von Amazon Prime Video l\u00c3\u00a4sst sich wie auch bei Netflix oftmals durch den g\u00c3\u00a4ngigen 1-Jahres-Turnus ermitteln, wann ihr als Prime-Kunden mit einer neuen Staffel zu rechnen habt. Da sich das amerikanische Amazon die zweite Staffel bereits als kostenpflichtige Variante ins Programm geholt hat, ist davon auszugehen, dass auch Staffel 2 anders als Staffel 1 (ver\u00c3\u00b6ffentlicht am 28. Oktober 2014, auf Prime verf\u00c3\u00bcgbar seit dem 01.09.2017) nicht drei Jahre nach dem Original-Release verf\u00c3\u00bcgbar gemacht wird, sondern deutlich schneller zu Prime kommen k\u00c3\u00b6nnte. In Deutschland kann man die Staffel 2 hier kaufen: <a href=\"https:\/\/www.amazon.de\/Missing-Staffel-2-Blu-ray\/dp\/B073MDN8XN\/ref=as_li_ss_tl?ie=UTF8&amp;qid=1504601752&amp;sr=8-2&amp;keywords=the+missing&amp;linkCode=ll1&amp;tag=newsslash-21&amp;linkId=b4826ece3039e3bb9bb79c9fed083970\" target=\"_blank\">The Missing Staffel 2 auf Amazon<\/a> Wie dem auch sei, derzeit gibt es noch keine validen Informationen seitens des Streaming-Anbieters somit l\u00c3\u00a4sst sich eine Ver\u00c3\u00b6ffentlichung entweder auf n\u00c3\u00a4chstes Jahr September oder September 2020 vorprognostizieren \u00e2\u20ac\u201c tats\u00c3\u00a4chlich halten wir den letzteren Fall f\u00c3\u00bcr recht unwahrscheinlich, da die Serie nicht nur gut rezipiert wurde, sondern auch einen m\u00c3\u00b6glichen Teil 3 erhalten soll. Dass eine dritte Staffel nicht auszuschlie\u00c3\u0178en ist, best\u00c3\u00a4tigten die Macher Harry and Jack Williams bereits gegen\u00c3\u00bcber Radiotimes. Zwar habe man noch nichts konkretes im Kopf, doch \u00e2\u20ac\u0153sag niemals nie!\u00e2\u20ac\u009d gelte auch in diesem Fall. Einzige Pr\u00c3\u00a4misse: Nach einer au\u00c3\u0178ergew\u00c3\u00b6hnlichen ersten und zynischen zweiten Staffel, m\u00c3\u00bcssten f\u00c3\u00bcr den dritten Teil nicht nur neue sondern auch andere Ideen gefunden werden! Diese Meinung vertritt auch Executive Producer Willow Grylls, der The Missing zusammen mit Regisseur Tom Shankland und dem hervorragenden Cast aus James Nesbitt (Tony Hughes), Frances O\u00e2\u20ac\u2122Connor (Emily Hughes), Tch\u00c3\u00a9ky Karyo (Julien Baptiste), Jason Flemyng (Mark Walsh) und Ken Stott (Ian Garrett) nicht nur Tiefe, sondern auch Individualit\u00c3\u00a4t verlieh. <iframe loading=\"lazy\" allowfullscreen=\"\" frameborder=\"0\" height=\"315\" src=\"https:\/\/www.youtube-nocookie.com\/embed\/AJ5jAJV_Hew\" width=\"100%\"><\/iframe> <b>Worum geht es?<\/b> Speaking of&#8230; The Missing handelt von einer Entf\u00c3\u00bchrung. Doch w\u00c3\u00a4hrend sich zugegeben geniale Filme wie Raum, Prisoners oder Das Schweigen der L\u00c3\u00a4mmer stets hinter ihrem Zeitlimit verstecken m\u00c3\u00bcssen, \u00c3\u00b6ffnet The Missing das Tor zu einem Genre, das (wie The Missing) mindestens 8 Episoden braucht, um von Anfang an bis Ende erz\u00c3\u00a4hlt zu werden. Die Original Starz-Serie in Staffel 1 spielt als psychologischer Top-Thriller die Odyssee eines Elternpaares durch, das seinen 5-Jahre alten Sohn sucht, nachdem dieser im Familienurlaub in Frankreich spurlos verschwindet. Dieser bleibt volle 8 Jahre nicht auffindbar bis neue Hinweise doch noch Licht ins Dunkel bringen k\u00c3\u00b6nnten. Staffel 2 erz\u00c3\u00a4hlt hingegen die Geschichte des Ehepaars Sam and Gemma Webster, die ihre Tochter Alice seit dem Jahr 2003 nicht mehr gesehen haben. Nachdem die Gesuchte gegen jegliche Wahrscheinlichkeit doch wieder auftaucht stellen sich Fragen ein zum Fall Sophie Giroux einer Leidensgenossen, die lediglich der rehabilitierte Julien Baptiste zu l\u00c3\u00b6sen vermag. <b>Wusstet ihr schon\u00e2\u20ac\u00a6?<\/b>: Obwohl The Missing eine durch und durch britische Serie ist und in Frankreich spielt, wurden die meisten Szenen in Belgien aufgenommen.<\/p><div class=\"newss-content\" id=\"newss-2492988820\"><script async src=\"\/\/pagead2.googlesyndication.com\/pagead\/js\/adsbygoogle.js?client=ca-pub-7733425960004873\" crossorigin=\"anonymous\"><\/script><ins class=\"adsbygoogle\" style=\"display:block;\" data-ad-client=\"ca-pub-7733425960004873\" \ndata-ad-slot=\"2582020599\" \ndata-ad-format=\"auto\"><\/ins>\n<script> \n(adsbygoogle = window.adsbygoogle || []).push({}); \n<\/script>\n<\/div><div class=\"newss-article-1\" id=\"newss-2716364140\"><script async src=\"https:\/\/pagead2.googlesyndication.com\/pagead\/js\/adsbygoogle.js?client=ca-pub-7733425960004873\"\r\n     crossorigin=\"anonymous\"><\/script>\r\n<!-- Homepage2 -->\r\n<ins class=\"adsbygoogle\"\r\n     style=\"display:block\"\r\n     data-ad-client=\"ca-pub-7733425960004873\"\r\n     data-ad-slot=\"2582020599\"\r\n     data-ad-format=\"auto\"\r\n     data-full-width-responsive=\"true\"><\/ins>\r\n<script>\r\n     (adsbygoogle = window.adsbygoogle || []).push({});\r\n<\/script><\/div>\n","protected":false},"excerpt":{"rendered":"<p>Wann kommt The Missing Staffel 2 auf Amazon Prime Video? Dieser Frage gehen wir nach, so wie die Hinterlassenen jeder noch so&#8230; Mehr auf Newsslash.com!<\/p>\n","protected":false},"author":6,"featured_media":21974,"comment_status":"open","ping_status":"open","sticky":false,"template":"","format":"standard","meta":{"_et_pb_use_builder":"","_et_pb_old_content":"","_et_gb_content_width":"","footnotes":""},"class_list":["post-13916","post","type-post","status-publish","format-standard","has-post-thumbnail","hentry","category-blog"],"yoast_head":"<!-- This site is optimized with the Yoast SEO plugin v24.8.1 - https:\/\/yoast.com\/wordpress\/plugins\/seo\/ -->\n<title>Wann kommt The Missing Staffel 2 auf Amazon Prime Video? - Newsslash<\/title>\n<meta name=\"robots\" content=\"noindex, follow\" \/>\n<meta property=\"og:locale\" content=\"en_US\" \/>\n<meta property=\"og:type\" content=\"article\" \/>\n<meta property=\"og:title\" content=\"Wann kommt The Missing Staffel 2 auf Amazon Prime Video? - Newsslash\" \/>\n<meta property=\"og:description\" content=\"Wann kommt The Missing Staffel 2 auf Amazon Prime Video? Dieser Frage gehen wir nach, so wie die Hinterlassenen jeder noch so... Mehr auf Newsslash.com!\" \/>\n<meta property=\"og:url\" content=\"https:\/\/newsslash.com\/n\/10522-wann-kommt-the-missing-staffel-2-auf-amazon-prime-video\/\" \/>\n<meta property=\"og:site_name\" content=\"Newsslash\" \/>\n<meta property=\"article:published_time\" content=\"2017-09-05T14:22:00+00:00\" \/>\n<meta property=\"og:image\" content=\"https:\/\/newsslash.com\/n\/wp-content\/uploads\/2025\/04\/NewsSlash-Featured-Image.jpg\" \/>\n\t<meta property=\"og:image:width\" content=\"1280\" \/>\n\t<meta property=\"og:image:height\" content=\"854\" \/>\n\t<meta property=\"og:image:type\" content=\"image\/jpeg\" \/>\n<meta name=\"author\" content=\"Daniel S\" \/>\n<meta name=\"twitter:card\" content=\"summary_large_image\" \/>\n<meta name=\"twitter:label1\" content=\"Written by\" \/>\n\t<meta name=\"twitter:data1\" content=\"Daniel S\" \/>\n\t<meta name=\"twitter:label2\" content=\"Est. reading time\" \/>\n\t<meta name=\"twitter:data2\" content=\"3 minutes\" \/>\n<script type=\"application\/ld+json\" class=\"yoast-schema-graph\">{\"@context\":\"https:\/\/schema.org\",\"@graph\":[{\"@type\":\"Article\",\"@id\":\"https:\/\/newsslash.com\/n\/10522-wann-kommt-the-missing-staffel-2-auf-amazon-prime-video\/#article\",\"isPartOf\":{\"@id\":\"https:\/\/newsslash.com\/n\/10522-wann-kommt-the-missing-staffel-2-auf-amazon-prime-video\/\"},\"author\":{\"name\":\"Daniel S\",\"@id\":\"https:\/\/newsslash.com\/n\/#\/schema\/person\/80a404decadf9e49aa360e11977c32f2\"},\"headline\":\"Wann kommt The Missing Staffel 2 auf Amazon Prime Video?\",\"datePublished\":\"2017-09-05T14:22:00+00:00\",\"mainEntityOfPage\":{\"@id\":\"https:\/\/newsslash.com\/n\/10522-wann-kommt-the-missing-staffel-2-auf-amazon-prime-video\/\"},\"wordCount\":541,\"commentCount\":0,\"publisher\":{\"@id\":\"https:\/\/newsslash.com\/n\/#organization\"},\"image\":{\"@id\":\"https:\/\/newsslash.com\/n\/10522-wann-kommt-the-missing-staffel-2-auf-amazon-prime-video\/#primaryimage\"},\"thumbnailUrl\":\"https:\/\/newsslash.com\/n\/wp-content\/uploads\/2025\/04\/NewsSlash-Featured-Image.jpg\",\"articleSection\":[\"Blog\"],\"inLanguage\":\"en-US\",\"potentialAction\":[{\"@type\":\"CommentAction\",\"name\":\"Comment\",\"target\":[\"https:\/\/newsslash.com\/n\/10522-wann-kommt-the-missing-staffel-2-auf-amazon-prime-video\/#respond\"]}]},{\"@type\":\"WebPage\",\"@id\":\"https:\/\/newsslash.com\/n\/10522-wann-kommt-the-missing-staffel-2-auf-amazon-prime-video\/\",\"url\":\"https:\/\/newsslash.com\/n\/10522-wann-kommt-the-missing-staffel-2-auf-amazon-prime-video\/\",\"name\":\"Wann kommt The Missing Staffel 2 auf Amazon Prime Video? - Newsslash\",\"isPartOf\":{\"@id\":\"https:\/\/newsslash.com\/n\/#website\"},\"primaryImageOfPage\":{\"@id\":\"https:\/\/newsslash.com\/n\/10522-wann-kommt-the-missing-staffel-2-auf-amazon-prime-video\/#primaryimage\"},\"image\":{\"@id\":\"https:\/\/newsslash.com\/n\/10522-wann-kommt-the-missing-staffel-2-auf-amazon-prime-video\/#primaryimage\"},\"thumbnailUrl\":\"https:\/\/newsslash.com\/n\/wp-content\/uploads\/2025\/04\/NewsSlash-Featured-Image.jpg\",\"datePublished\":\"2017-09-05T14:22:00+00:00\",\"breadcrumb\":{\"@id\":\"https:\/\/newsslash.com\/n\/10522-wann-kommt-the-missing-staffel-2-auf-amazon-prime-video\/#breadcrumb\"},\"inLanguage\":\"en-US\",\"potentialAction\":[{\"@type\":\"ReadAction\",\"target\":[\"https:\/\/newsslash.com\/n\/10522-wann-kommt-the-missing-staffel-2-auf-amazon-prime-video\/\"]}]},{\"@type\":\"ImageObject\",\"inLanguage\":\"en-US\",\"@id\":\"https:\/\/newsslash.com\/n\/10522-wann-kommt-the-missing-staffel-2-auf-amazon-prime-video\/#primaryimage\",\"url\":\"https:\/\/newsslash.com\/n\/wp-content\/uploads\/2025\/04\/NewsSlash-Featured-Image.jpg\",\"contentUrl\":\"https:\/\/newsslash.com\/n\/wp-content\/uploads\/2025\/04\/NewsSlash-Featured-Image.jpg\",\"width\":1280,\"height\":854},{\"@type\":\"BreadcrumbList\",\"@id\":\"https:\/\/newsslash.com\/n\/10522-wann-kommt-the-missing-staffel-2-auf-amazon-prime-video\/#breadcrumb\",\"itemListElement\":[{\"@type\":\"ListItem\",\"position\":1,\"name\":\"Home\",\"item\":\"https:\/\/newsslash.com\/n\/\"},{\"@type\":\"ListItem\",\"position\":2,\"name\":\"Wann kommt The Missing Staffel 2 auf Amazon Prime Video?\"}]},{\"@type\":\"WebSite\",\"@id\":\"https:\/\/newsslash.com\/n\/#website\",\"url\":\"https:\/\/newsslash.com\/n\/\",\"name\":\"Newsslash\",\"description\":\"Trending News on Movies, Series, OTT, Gaming\",\"publisher\":{\"@id\":\"https:\/\/newsslash.com\/n\/#organization\"},\"potentialAction\":[{\"@type\":\"SearchAction\",\"target\":{\"@type\":\"EntryPoint\",\"urlTemplate\":\"https:\/\/newsslash.com\/n\/?s={search_term_string}\"},\"query-input\":{\"@type\":\"PropertyValueSpecification\",\"valueRequired\":true,\"valueName\":\"search_term_string\"}}],\"inLanguage\":\"en-US\"},{\"@type\":\"Organization\",\"@id\":\"https:\/\/newsslash.com\/n\/#organization\",\"name\":\"Newsslash\",\"url\":\"https:\/\/newsslash.com\/n\/\",\"logo\":{\"@type\":\"ImageObject\",\"inLanguage\":\"en-US\",\"@id\":\"https:\/\/newsslash.com\/n\/#\/schema\/logo\/image\/\",\"url\":\"https:\/\/newsslash.com\/n\/wp-content\/uploads\/2025\/04\/cropped-Newsslash-logo-Fevicon.png\",\"contentUrl\":\"https:\/\/newsslash.com\/n\/wp-content\/uploads\/2025\/04\/cropped-Newsslash-logo-Fevicon.png\",\"width\":512,\"height\":512,\"caption\":\"Newsslash\"},\"image\":{\"@id\":\"https:\/\/newsslash.com\/n\/#\/schema\/logo\/image\/\"}},{\"@type\":\"Person\",\"@id\":\"https:\/\/newsslash.com\/n\/#\/schema\/person\/80a404decadf9e49aa360e11977c32f2\",\"name\":\"Daniel S\",\"sameAs\":[\"https:\/\/newsslash.com\"],\"url\":\"https:\/\/newsslash.com\/n\/author\/daniel_s\/\"}]}<\/script>\n<!-- \/ Yoast SEO plugin. -->","yoast_head_json":{"title":"Wann kommt The Missing Staffel 2 auf Amazon Prime Video? - Newsslash","robots":{"index":"noindex","follow":"follow"},"og_locale":"en_US","og_type":"article","og_title":"Wann kommt The Missing Staffel 2 auf Amazon Prime Video? - Newsslash","og_description":"Wann kommt The Missing Staffel 2 auf Amazon Prime Video? Dieser Frage gehen wir nach, so wie die Hinterlassenen jeder noch so... Mehr auf Newsslash.com!","og_url":"https:\/\/newsslash.com\/n\/10522-wann-kommt-the-missing-staffel-2-auf-amazon-prime-video\/","og_site_name":"Newsslash","article_published_time":"2017-09-05T14:22:00+00:00","og_image":[{"width":1280,"height":854,"url":"https:\/\/newsslash.com\/n\/wp-content\/uploads\/2025\/04\/NewsSlash-Featured-Image.jpg","type":"image\/jpeg"}],"author":"Daniel S","twitter_card":"summary_large_image","twitter_misc":{"Written by":"Daniel S","Est. reading time":"3 minutes"},"schema":{"@context":"https:\/\/schema.org","@graph":[{"@type":"Article","@id":"https:\/\/newsslash.com\/n\/10522-wann-kommt-the-missing-staffel-2-auf-amazon-prime-video\/#article","isPartOf":{"@id":"https:\/\/newsslash.com\/n\/10522-wann-kommt-the-missing-staffel-2-auf-amazon-prime-video\/"},"author":{"name":"Daniel S","@id":"https:\/\/newsslash.com\/n\/#\/schema\/person\/80a404decadf9e49aa360e11977c32f2"},"headline":"Wann kommt The Missing Staffel 2 auf Amazon Prime Video?","datePublished":"2017-09-05T14:22:00+00:00","mainEntityOfPage":{"@id":"https:\/\/newsslash.com\/n\/10522-wann-kommt-the-missing-staffel-2-auf-amazon-prime-video\/"},"wordCount":541,"commentCount":0,"publisher":{"@id":"https:\/\/newsslash.com\/n\/#organization"},"image":{"@id":"https:\/\/newsslash.com\/n\/10522-wann-kommt-the-missing-staffel-2-auf-amazon-prime-video\/#primaryimage"},"thumbnailUrl":"https:\/\/newsslash.com\/n\/wp-content\/uploads\/2025\/04\/NewsSlash-Featured-Image.jpg","articleSection":["Blog"],"inLanguage":"en-US","potentialAction":[{"@type":"CommentAction","name":"Comment","target":["https:\/\/newsslash.com\/n\/10522-wann-kommt-the-missing-staffel-2-auf-amazon-prime-video\/#respond"]}]},{"@type":"WebPage","@id":"https:\/\/newsslash.com\/n\/10522-wann-kommt-the-missing-staffel-2-auf-amazon-prime-video\/","url":"https:\/\/newsslash.com\/n\/10522-wann-kommt-the-missing-staffel-2-auf-amazon-prime-video\/","name":"Wann kommt The Missing Staffel 2 auf Amazon Prime Video? - Newsslash","isPartOf":{"@id":"https:\/\/newsslash.com\/n\/#website"},"primaryImageOfPage":{"@id":"https:\/\/newsslash.com\/n\/10522-wann-kommt-the-missing-staffel-2-auf-amazon-prime-video\/#primaryimage"},"image":{"@id":"https:\/\/newsslash.com\/n\/10522-wann-kommt-the-missing-staffel-2-auf-amazon-prime-video\/#primaryimage"},"thumbnailUrl":"https:\/\/newsslash.com\/n\/wp-content\/uploads\/2025\/04\/NewsSlash-Featured-Image.jpg","datePublished":"2017-09-05T14:22:00+00:00","breadcrumb":{"@id":"https:\/\/newsslash.com\/n\/10522-wann-kommt-the-missing-staffel-2-auf-amazon-prime-video\/#breadcrumb"},"inLanguage":"en-US","potentialAction":[{"@type":"ReadAction","target":["https:\/\/newsslash.com\/n\/10522-wann-kommt-the-missing-staffel-2-auf-amazon-prime-video\/"]}]},{"@type":"ImageObject","inLanguage":"en-US","@id":"https:\/\/newsslash.com\/n\/10522-wann-kommt-the-missing-staffel-2-auf-amazon-prime-video\/#primaryimage","url":"https:\/\/newsslash.com\/n\/wp-content\/uploads\/2025\/04\/NewsSlash-Featured-Image.jpg","contentUrl":"https:\/\/newsslash.com\/n\/wp-content\/uploads\/2025\/04\/NewsSlash-Featured-Image.jpg","width":1280,"height":854},{"@type":"BreadcrumbList","@id":"https:\/\/newsslash.com\/n\/10522-wann-kommt-the-missing-staffel-2-auf-amazon-prime-video\/#breadcrumb","itemListElement":[{"@type":"ListItem","position":1,"name":"Home","item":"https:\/\/newsslash.com\/n\/"},{"@type":"ListItem","position":2,"name":"Wann kommt The Missing Staffel 2 auf Amazon Prime Video?"}]},{"@type":"WebSite","@id":"https:\/\/newsslash.com\/n\/#website","url":"https:\/\/newsslash.com\/n\/","name":"Newsslash","description":"Trending News on Movies, Series, OTT, Gaming","publisher":{"@id":"https:\/\/newsslash.com\/n\/#organization"},"potentialAction":[{"@type":"SearchAction","target":{"@type":"EntryPoint","urlTemplate":"https:\/\/newsslash.com\/n\/?s={search_term_string}"},"query-input":{"@type":"PropertyValueSpecification","valueRequired":true,"valueName":"search_term_string"}}],"inLanguage":"en-US"},{"@type":"Organization","@id":"https:\/\/newsslash.com\/n\/#organization","name":"Newsslash","url":"https:\/\/newsslash.com\/n\/","logo":{"@type":"ImageObject","inLanguage":"en-US","@id":"https:\/\/newsslash.com\/n\/#\/schema\/logo\/image\/","url":"https:\/\/newsslash.com\/n\/wp-content\/uploads\/2025\/04\/cropped-Newsslash-logo-Fevicon.png","contentUrl":"https:\/\/newsslash.com\/n\/wp-content\/uploads\/2025\/04\/cropped-Newsslash-logo-Fevicon.png","width":512,"height":512,"caption":"Newsslash"},"image":{"@id":"https:\/\/newsslash.com\/n\/#\/schema\/logo\/image\/"}},{"@type":"Person","@id":"https:\/\/newsslash.com\/n\/#\/schema\/person\/80a404decadf9e49aa360e11977c32f2","name":"Daniel S","sameAs":["https:\/\/newsslash.com"],"url":"https:\/\/newsslash.com\/n\/author\/daniel_s\/"}]}},"_links":{"self":[{"href":"https:\/\/newsslash.com\/n\/wp-json\/wp\/v2\/posts\/13916","targetHints":{"allow":["GET"]}}],"collection":[{"href":"https:\/\/newsslash.com\/n\/wp-json\/wp\/v2\/posts"}],"about":[{"href":"https:\/\/newsslash.com\/n\/wp-json\/wp\/v2\/types\/post"}],"author":[{"embeddable":true,"href":"https:\/\/newsslash.com\/n\/wp-json\/wp\/v2\/users\/6"}],"replies":[{"embeddable":true,"href":"https:\/\/newsslash.com\/n\/wp-json\/wp\/v2\/comments?post=13916"}],"version-history":[{"count":0,"href":"https:\/\/newsslash.com\/n\/wp-json\/wp\/v2\/posts\/13916\/revisions"}],"wp:featuredmedia":[{"embeddable":true,"href":"https:\/\/newsslash.com\/n\/wp-json\/wp\/v2\/media\/21974"}],"wp:attachment":[{"href":"https:\/\/newsslash.com\/n\/wp-json\/wp\/v2\/media?parent=13916"}],"curies":[{"name":"wp","href":"https:\/\/api.w.org\/{rel}","templated":true}]}}