{"id":14894,"date":"2018-01-19T11:32:00","date_gmt":"2018-01-19T11:32:00","guid":{"rendered":"https:\/\/newsslash.com\/n\/11354-wann-kommt-malcolm-mittendrin-auf-netflix-und-amazon-prime-video\/"},"modified":"2018-01-19T11:32:00","modified_gmt":"2018-01-19T11:32:00","slug":"11354-wann-kommt-malcolm-mittendrin-auf-netflix-und-amazon-prime-video","status":"publish","type":"post","link":"https:\/\/newsslash.com\/n\/11354-wann-kommt-malcolm-mittendrin-auf-netflix-und-amazon-prime-video\/","title":{"rendered":"Wann kommt Malcolm mittendrin auf Netflix und Amazon Prim&#8230;"},"content":{"rendered":"<p>Im Jahr 2000 erblickte die Sitcom Malcolm mittendrin am 9. Januar zum ersten Mal das Licht der Welt beim US-Sender Fox. Ein Jahr sp\u00c3\u00a4ter fand die Comedy-Serie auch ihren Weg in den deutschsprachigen Raum und wurde beim Privatsender Pro7 ausgestrahlt. 2006 lief die letzte Staffel von Malcolm mittendrin auf Fox. Trotz dessen, dass bereits so viele Jahre vergangen sind, seit die letzte Folge \u00c3\u00bcber den Bildschirm lief, hat die Serie noch immer zahlreiche Fans und wird auch heute noch von Pro7 gezeigt. Doch gibt es Malcolm mittendrin auf Amazon Prime Video und Netflix und wenn nicht wann kommt Malcolm mittendrin auf Netflix und Amazon Prime Video? <ins data-ad-client=\"ca-pub-3647021458695789\" data-ad-format=\"link\" data-ad-slot=\"7996975644\" style=\"display:block\"><\/ins> Ob und wann Malcolm mittendrin auf Amazon Prime Video und Netflix erscheint ist unklar. Bisher gab es von Seiten der beiden Streaming-Anbieter noch keine Anzeichen, dass sie die Serie in ihr Programm aufnehmen werden. Doch sobald es Malcolm mittendrin auf Netflix und Amazon Prime Video gibt, werden wir ganz sicher auf Newsslash.com dar\u00c3\u00bcber berichten. <b>Tipp:<\/b> Ihr wollt nicht solange warten bis es Malcolm mittendrin bei Amazon Prime Video und Netflix gibt, dann k\u00c3\u00b6nnt ihr euch alle Folgen der Serie \u00c3\u00bcber <a href=\"https:\/\/www.amazon.de\/Malcolm-Mittendrin-Collectors-Staffel-DVDs\/dp\/B00N4K2010\/ref=sr_1_cc_1?s=aps&amp;ie=UTF8&amp;qid=1516027095&amp;tag=newsslash-21\" target=\"_blank\">Amazon<\/a> kaufen. <b>Darum geht es in Malcolm mittendrin:<\/b> Die Serie Malcolm mittendrin, im Original als Malcolm in the Middle bekannt, stellt eine Familie der unteren Mittelschicht vor. Diese besteht aus Vater Hal (Bryan Cranston), der strengen und j\u00c3\u00a4hzornigen Mutter Lois (Jane Kaczmarek) und den zuerst vier und sp\u00c3\u00a4ter f\u00c3\u00bcnf Kindern Francis (Christopher Kennedy Masterson), Reese (Justin Berfield), Malcolm (Frankie Muniz), Dewey (Erik Per Sullivan) und Jamie (James und Lukas Rodriguez). <iframe loading=\"lazy\" allowfullscreen=\"\" frameborder=\"0\" height=\"315\" src=\"https:\/\/www.youtube-nocookie.com\/embed\/1CLyNKUDenM\" width=\"100%\"><\/iframe> Zu Beginn der Serie steht Malcolm im Vordergrund der Handlung. Sp\u00c3\u00a4ter weitet sich der Fokus jedoch auf die komplette Familie aus. In Folge eins wird Malcolm von seiner Lehrerin als Hochbegabt eingestuft und daraufhin in die Hochbegabtenklasse geschickt. W\u00c3\u00a4hrend er zu Beginn in der Schule nur wenige Freunde hat wird er von seinem \u00c3\u00a4lteren und etwas d\u00c3\u00bcmmlichen Bruder Reese immer wieder gepiesackt. Aber auch der zun\u00c3\u00a4chst j\u00c3\u00bcngste Sohn Dewey bleibt nicht vor Reese verschont. <b>Wusstet ihr schon?<\/b> Habt ihr euch schon mal gefragt, wie der Nachname der Familie aus Malcolm mittendrin lautet? Dieser wurde n\u00c3\u00a4mlich nur einmal in der Serie gezeigt und zwar in der ersten Folge von Staffel 1. In dieser tr\u00c3\u00a4gt Francis n\u00c3\u00a4mlich auf seiner Schuluniform den Schriftzug \u00e2\u20ac\u017eWilkerson\u00e2\u20ac\u0153. Aber als Francis in der finalen Episode seinen Angestellten-Ausweis bei Malcolms High-School-Abschluss fallen l\u00c3\u00a4sst, steht da der Nachname \u00e2\u20ac\u017eNolastname\u00e2\u20ac\u0153. Wer wei\u00c3\u0178, vielleicht war die Serie von Anfang an so konzipiert, dass die Familie keinen wirklichen Nachnamen haben sollte.<\/p><div class=\"newss-content\" id=\"newss-2135160586\"><script async src=\"\/\/pagead2.googlesyndication.com\/pagead\/js\/adsbygoogle.js?client=ca-pub-7733425960004873\" crossorigin=\"anonymous\"><\/script><ins class=\"adsbygoogle\" style=\"display:block;\" data-ad-client=\"ca-pub-7733425960004873\" \ndata-ad-slot=\"2582020599\" \ndata-ad-format=\"auto\"><\/ins>\n<script> \n(adsbygoogle = window.adsbygoogle || []).push({}); \n<\/script>\n<\/div><div class=\"newss-article-1\" id=\"newss-2051296457\"><script async src=\"https:\/\/pagead2.googlesyndication.com\/pagead\/js\/adsbygoogle.js?client=ca-pub-7733425960004873\"\r\n     crossorigin=\"anonymous\"><\/script>\r\n<!-- Homepage2 -->\r\n<ins class=\"adsbygoogle\"\r\n     style=\"display:block\"\r\n     data-ad-client=\"ca-pub-7733425960004873\"\r\n     data-ad-slot=\"2582020599\"\r\n     data-ad-format=\"auto\"\r\n     data-full-width-responsive=\"true\"><\/ins>\r\n<script>\r\n     (adsbygoogle = window.adsbygoogle || []).push({});\r\n<\/script><\/div>\n","protected":false},"excerpt":{"rendered":"<p>Mit Malcolm mittendrin erschien 2000 eine Sitcom zu einer etwas ungew\u00c3\u00b6hnlichen Familie. Doch wann kommt die Malcolm mittendrin auf&#8230; Mehr auf Newsslash.com!<\/p>\n","protected":false},"author":4,"featured_media":14877,"comment_status":"open","ping_status":"open","sticky":false,"template":"","format":"standard","meta":{"_et_pb_use_builder":"","_et_pb_old_content":"","_et_gb_content_width":"","footnotes":""},"class_list":["post-14894","post","type-post","status-publish","format-standard","has-post-thumbnail","hentry","category-blog"],"yoast_head":"<!-- This site is optimized with the Yoast SEO plugin v24.8.1 - https:\/\/yoast.com\/wordpress\/plugins\/seo\/ -->\n<title>Wann kommt Malcolm mittendrin auf Netflix und Amazon Prim... - Newsslash<\/title>\n<meta name=\"robots\" content=\"noindex, follow\" \/>\n<meta property=\"og:locale\" content=\"en_US\" \/>\n<meta property=\"og:type\" content=\"article\" \/>\n<meta property=\"og:title\" content=\"Wann kommt Malcolm mittendrin auf Netflix und Amazon Prim... - Newsslash\" \/>\n<meta property=\"og:description\" content=\"Mit Malcolm mittendrin erschien 2000 eine Sitcom zu einer etwas ungew\u00c3\u00b6hnlichen Familie. Doch wann kommt die Malcolm mittendrin auf... Mehr auf Newsslash.com!\" \/>\n<meta property=\"og:url\" content=\"https:\/\/newsslash.com\/n\/11354-wann-kommt-malcolm-mittendrin-auf-netflix-und-amazon-prime-video\/\" \/>\n<meta property=\"og:site_name\" content=\"Newsslash\" \/>\n<meta property=\"article:published_time\" content=\"2018-01-19T11:32:00+00:00\" \/>\n<meta property=\"og:image\" content=\"https:\/\/newsslash.com\/n\/wp-content\/uploads\/2025\/04\/teaser_img_11354.jpg\" \/>\n\t<meta property=\"og:image:width\" content=\"617\" \/>\n\t<meta property=\"og:image:height\" content=\"349\" \/>\n\t<meta property=\"og:image:type\" content=\"image\/jpeg\" \/>\n<meta name=\"author\" content=\"Christina B\" \/>\n<meta name=\"twitter:card\" content=\"summary_large_image\" \/>\n<meta name=\"twitter:label1\" content=\"Written by\" \/>\n\t<meta name=\"twitter:data1\" content=\"Christina B\" \/>\n\t<meta name=\"twitter:label2\" content=\"Est. reading time\" \/>\n\t<meta name=\"twitter:data2\" content=\"2 minutes\" \/>\n<script type=\"application\/ld+json\" class=\"yoast-schema-graph\">{\"@context\":\"https:\/\/schema.org\",\"@graph\":[{\"@type\":\"Article\",\"@id\":\"https:\/\/newsslash.com\/n\/11354-wann-kommt-malcolm-mittendrin-auf-netflix-und-amazon-prime-video\/#article\",\"isPartOf\":{\"@id\":\"https:\/\/newsslash.com\/n\/11354-wann-kommt-malcolm-mittendrin-auf-netflix-und-amazon-prime-video\/\"},\"author\":{\"name\":\"Christina B\",\"@id\":\"https:\/\/newsslash.com\/n\/#\/schema\/person\/d091f5c44e30328c391ba075ee1b88d3\"},\"headline\":\"Wann kommt Malcolm mittendrin auf Netflix und Amazon Prim&#8230;\",\"datePublished\":\"2018-01-19T11:32:00+00:00\",\"mainEntityOfPage\":{\"@id\":\"https:\/\/newsslash.com\/n\/11354-wann-kommt-malcolm-mittendrin-auf-netflix-und-amazon-prime-video\/\"},\"wordCount\":436,\"commentCount\":0,\"publisher\":{\"@id\":\"https:\/\/newsslash.com\/n\/#organization\"},\"image\":{\"@id\":\"https:\/\/newsslash.com\/n\/11354-wann-kommt-malcolm-mittendrin-auf-netflix-und-amazon-prime-video\/#primaryimage\"},\"thumbnailUrl\":\"https:\/\/newsslash.com\/n\/wp-content\/uploads\/2025\/04\/teaser_img_11354.jpg\",\"articleSection\":[\"Blog\"],\"inLanguage\":\"en-US\",\"potentialAction\":[{\"@type\":\"CommentAction\",\"name\":\"Comment\",\"target\":[\"https:\/\/newsslash.com\/n\/11354-wann-kommt-malcolm-mittendrin-auf-netflix-und-amazon-prime-video\/#respond\"]}]},{\"@type\":\"WebPage\",\"@id\":\"https:\/\/newsslash.com\/n\/11354-wann-kommt-malcolm-mittendrin-auf-netflix-und-amazon-prime-video\/\",\"url\":\"https:\/\/newsslash.com\/n\/11354-wann-kommt-malcolm-mittendrin-auf-netflix-und-amazon-prime-video\/\",\"name\":\"Wann kommt Malcolm mittendrin auf Netflix und Amazon Prim... - Newsslash\",\"isPartOf\":{\"@id\":\"https:\/\/newsslash.com\/n\/#website\"},\"primaryImageOfPage\":{\"@id\":\"https:\/\/newsslash.com\/n\/11354-wann-kommt-malcolm-mittendrin-auf-netflix-und-amazon-prime-video\/#primaryimage\"},\"image\":{\"@id\":\"https:\/\/newsslash.com\/n\/11354-wann-kommt-malcolm-mittendrin-auf-netflix-und-amazon-prime-video\/#primaryimage\"},\"thumbnailUrl\":\"https:\/\/newsslash.com\/n\/wp-content\/uploads\/2025\/04\/teaser_img_11354.jpg\",\"datePublished\":\"2018-01-19T11:32:00+00:00\",\"breadcrumb\":{\"@id\":\"https:\/\/newsslash.com\/n\/11354-wann-kommt-malcolm-mittendrin-auf-netflix-und-amazon-prime-video\/#breadcrumb\"},\"inLanguage\":\"en-US\",\"potentialAction\":[{\"@type\":\"ReadAction\",\"target\":[\"https:\/\/newsslash.com\/n\/11354-wann-kommt-malcolm-mittendrin-auf-netflix-und-amazon-prime-video\/\"]}]},{\"@type\":\"ImageObject\",\"inLanguage\":\"en-US\",\"@id\":\"https:\/\/newsslash.com\/n\/11354-wann-kommt-malcolm-mittendrin-auf-netflix-und-amazon-prime-video\/#primaryimage\",\"url\":\"https:\/\/newsslash.com\/n\/wp-content\/uploads\/2025\/04\/teaser_img_11354.jpg\",\"contentUrl\":\"https:\/\/newsslash.com\/n\/wp-content\/uploads\/2025\/04\/teaser_img_11354.jpg\",\"width\":617,\"height\":349},{\"@type\":\"BreadcrumbList\",\"@id\":\"https:\/\/newsslash.com\/n\/11354-wann-kommt-malcolm-mittendrin-auf-netflix-und-amazon-prime-video\/#breadcrumb\",\"itemListElement\":[{\"@type\":\"ListItem\",\"position\":1,\"name\":\"Home\",\"item\":\"https:\/\/newsslash.com\/n\/\"},{\"@type\":\"ListItem\",\"position\":2,\"name\":\"Wann kommt Malcolm mittendrin auf Netflix und Amazon Prim&#8230;\"}]},{\"@type\":\"WebSite\",\"@id\":\"https:\/\/newsslash.com\/n\/#website\",\"url\":\"https:\/\/newsslash.com\/n\/\",\"name\":\"Newsslash\",\"description\":\"Trending News on Movies, Series, OTT, Gaming\",\"publisher\":{\"@id\":\"https:\/\/newsslash.com\/n\/#organization\"},\"potentialAction\":[{\"@type\":\"SearchAction\",\"target\":{\"@type\":\"EntryPoint\",\"urlTemplate\":\"https:\/\/newsslash.com\/n\/?s={search_term_string}\"},\"query-input\":{\"@type\":\"PropertyValueSpecification\",\"valueRequired\":true,\"valueName\":\"search_term_string\"}}],\"inLanguage\":\"en-US\"},{\"@type\":\"Organization\",\"@id\":\"https:\/\/newsslash.com\/n\/#organization\",\"name\":\"Newsslash\",\"url\":\"https:\/\/newsslash.com\/n\/\",\"logo\":{\"@type\":\"ImageObject\",\"inLanguage\":\"en-US\",\"@id\":\"https:\/\/newsslash.com\/n\/#\/schema\/logo\/image\/\",\"url\":\"https:\/\/newsslash.com\/n\/wp-content\/uploads\/2025\/04\/cropped-Newsslash-logo-Fevicon.png\",\"contentUrl\":\"https:\/\/newsslash.com\/n\/wp-content\/uploads\/2025\/04\/cropped-Newsslash-logo-Fevicon.png\",\"width\":512,\"height\":512,\"caption\":\"Newsslash\"},\"image\":{\"@id\":\"https:\/\/newsslash.com\/n\/#\/schema\/logo\/image\/\"}},{\"@type\":\"Person\",\"@id\":\"https:\/\/newsslash.com\/n\/#\/schema\/person\/d091f5c44e30328c391ba075ee1b88d3\",\"name\":\"Christina B\",\"sameAs\":[\"https:\/\/newsslash.com\"],\"url\":\"https:\/\/newsslash.com\/n\/author\/christina_b\/\"}]}<\/script>\n<!-- \/ Yoast SEO plugin. -->","yoast_head_json":{"title":"Wann kommt Malcolm mittendrin auf Netflix und Amazon Prim... - Newsslash","robots":{"index":"noindex","follow":"follow"},"og_locale":"en_US","og_type":"article","og_title":"Wann kommt Malcolm mittendrin auf Netflix und Amazon Prim... - Newsslash","og_description":"Mit Malcolm mittendrin erschien 2000 eine Sitcom zu einer etwas ungew\u00c3\u00b6hnlichen Familie. Doch wann kommt die Malcolm mittendrin auf... Mehr auf Newsslash.com!","og_url":"https:\/\/newsslash.com\/n\/11354-wann-kommt-malcolm-mittendrin-auf-netflix-und-amazon-prime-video\/","og_site_name":"Newsslash","article_published_time":"2018-01-19T11:32:00+00:00","og_image":[{"width":617,"height":349,"url":"https:\/\/newsslash.com\/n\/wp-content\/uploads\/2025\/04\/teaser_img_11354.jpg","type":"image\/jpeg"}],"author":"Christina B","twitter_card":"summary_large_image","twitter_misc":{"Written by":"Christina B","Est. reading time":"2 minutes"},"schema":{"@context":"https:\/\/schema.org","@graph":[{"@type":"Article","@id":"https:\/\/newsslash.com\/n\/11354-wann-kommt-malcolm-mittendrin-auf-netflix-und-amazon-prime-video\/#article","isPartOf":{"@id":"https:\/\/newsslash.com\/n\/11354-wann-kommt-malcolm-mittendrin-auf-netflix-und-amazon-prime-video\/"},"author":{"name":"Christina B","@id":"https:\/\/newsslash.com\/n\/#\/schema\/person\/d091f5c44e30328c391ba075ee1b88d3"},"headline":"Wann kommt Malcolm mittendrin auf Netflix und Amazon Prim&#8230;","datePublished":"2018-01-19T11:32:00+00:00","mainEntityOfPage":{"@id":"https:\/\/newsslash.com\/n\/11354-wann-kommt-malcolm-mittendrin-auf-netflix-und-amazon-prime-video\/"},"wordCount":436,"commentCount":0,"publisher":{"@id":"https:\/\/newsslash.com\/n\/#organization"},"image":{"@id":"https:\/\/newsslash.com\/n\/11354-wann-kommt-malcolm-mittendrin-auf-netflix-und-amazon-prime-video\/#primaryimage"},"thumbnailUrl":"https:\/\/newsslash.com\/n\/wp-content\/uploads\/2025\/04\/teaser_img_11354.jpg","articleSection":["Blog"],"inLanguage":"en-US","potentialAction":[{"@type":"CommentAction","name":"Comment","target":["https:\/\/newsslash.com\/n\/11354-wann-kommt-malcolm-mittendrin-auf-netflix-und-amazon-prime-video\/#respond"]}]},{"@type":"WebPage","@id":"https:\/\/newsslash.com\/n\/11354-wann-kommt-malcolm-mittendrin-auf-netflix-und-amazon-prime-video\/","url":"https:\/\/newsslash.com\/n\/11354-wann-kommt-malcolm-mittendrin-auf-netflix-und-amazon-prime-video\/","name":"Wann kommt Malcolm mittendrin auf Netflix und Amazon Prim... - Newsslash","isPartOf":{"@id":"https:\/\/newsslash.com\/n\/#website"},"primaryImageOfPage":{"@id":"https:\/\/newsslash.com\/n\/11354-wann-kommt-malcolm-mittendrin-auf-netflix-und-amazon-prime-video\/#primaryimage"},"image":{"@id":"https:\/\/newsslash.com\/n\/11354-wann-kommt-malcolm-mittendrin-auf-netflix-und-amazon-prime-video\/#primaryimage"},"thumbnailUrl":"https:\/\/newsslash.com\/n\/wp-content\/uploads\/2025\/04\/teaser_img_11354.jpg","datePublished":"2018-01-19T11:32:00+00:00","breadcrumb":{"@id":"https:\/\/newsslash.com\/n\/11354-wann-kommt-malcolm-mittendrin-auf-netflix-und-amazon-prime-video\/#breadcrumb"},"inLanguage":"en-US","potentialAction":[{"@type":"ReadAction","target":["https:\/\/newsslash.com\/n\/11354-wann-kommt-malcolm-mittendrin-auf-netflix-und-amazon-prime-video\/"]}]},{"@type":"ImageObject","inLanguage":"en-US","@id":"https:\/\/newsslash.com\/n\/11354-wann-kommt-malcolm-mittendrin-auf-netflix-und-amazon-prime-video\/#primaryimage","url":"https:\/\/newsslash.com\/n\/wp-content\/uploads\/2025\/04\/teaser_img_11354.jpg","contentUrl":"https:\/\/newsslash.com\/n\/wp-content\/uploads\/2025\/04\/teaser_img_11354.jpg","width":617,"height":349},{"@type":"BreadcrumbList","@id":"https:\/\/newsslash.com\/n\/11354-wann-kommt-malcolm-mittendrin-auf-netflix-und-amazon-prime-video\/#breadcrumb","itemListElement":[{"@type":"ListItem","position":1,"name":"Home","item":"https:\/\/newsslash.com\/n\/"},{"@type":"ListItem","position":2,"name":"Wann kommt Malcolm mittendrin auf Netflix und Amazon Prim&#8230;"}]},{"@type":"WebSite","@id":"https:\/\/newsslash.com\/n\/#website","url":"https:\/\/newsslash.com\/n\/","name":"Newsslash","description":"Trending News on Movies, Series, OTT, Gaming","publisher":{"@id":"https:\/\/newsslash.com\/n\/#organization"},"potentialAction":[{"@type":"SearchAction","target":{"@type":"EntryPoint","urlTemplate":"https:\/\/newsslash.com\/n\/?s={search_term_string}"},"query-input":{"@type":"PropertyValueSpecification","valueRequired":true,"valueName":"search_term_string"}}],"inLanguage":"en-US"},{"@type":"Organization","@id":"https:\/\/newsslash.com\/n\/#organization","name":"Newsslash","url":"https:\/\/newsslash.com\/n\/","logo":{"@type":"ImageObject","inLanguage":"en-US","@id":"https:\/\/newsslash.com\/n\/#\/schema\/logo\/image\/","url":"https:\/\/newsslash.com\/n\/wp-content\/uploads\/2025\/04\/cropped-Newsslash-logo-Fevicon.png","contentUrl":"https:\/\/newsslash.com\/n\/wp-content\/uploads\/2025\/04\/cropped-Newsslash-logo-Fevicon.png","width":512,"height":512,"caption":"Newsslash"},"image":{"@id":"https:\/\/newsslash.com\/n\/#\/schema\/logo\/image\/"}},{"@type":"Person","@id":"https:\/\/newsslash.com\/n\/#\/schema\/person\/d091f5c44e30328c391ba075ee1b88d3","name":"Christina B","sameAs":["https:\/\/newsslash.com"],"url":"https:\/\/newsslash.com\/n\/author\/christina_b\/"}]}},"_links":{"self":[{"href":"https:\/\/newsslash.com\/n\/wp-json\/wp\/v2\/posts\/14894","targetHints":{"allow":["GET"]}}],"collection":[{"href":"https:\/\/newsslash.com\/n\/wp-json\/wp\/v2\/posts"}],"about":[{"href":"https:\/\/newsslash.com\/n\/wp-json\/wp\/v2\/types\/post"}],"author":[{"embeddable":true,"href":"https:\/\/newsslash.com\/n\/wp-json\/wp\/v2\/users\/4"}],"replies":[{"embeddable":true,"href":"https:\/\/newsslash.com\/n\/wp-json\/wp\/v2\/comments?post=14894"}],"version-history":[{"count":0,"href":"https:\/\/newsslash.com\/n\/wp-json\/wp\/v2\/posts\/14894\/revisions"}],"wp:featuredmedia":[{"embeddable":true,"href":"https:\/\/newsslash.com\/n\/wp-json\/wp\/v2\/media\/14877"}],"wp:attachment":[{"href":"https:\/\/newsslash.com\/n\/wp-json\/wp\/v2\/media?parent=14894"}],"curies":[{"name":"wp","href":"https:\/\/api.w.org\/{rel}","templated":true}]}}