{"id":15690,"date":"2018-05-21T11:21:00","date_gmt":"2018-05-21T11:21:00","guid":{"rendered":"https:\/\/newsslash.com\/n\/12064-wann-kommt-the-orville-staffel-2-auf-prosieben\/"},"modified":"2018-05-21T11:21:00","modified_gmt":"2018-05-21T11:21:00","slug":"12064-wann-kommt-the-orville-staffel-2-auf-prosieben","status":"publish","type":"post","link":"https:\/\/newsslash.com\/n\/12064-wann-kommt-the-orville-staffel-2-auf-prosieben\/","title":{"rendered":"Wann kommt The Orville Staffel 2 auf ProSieben?"},"content":{"rendered":"<p>Die humorvolle Sci-Fi-Serie The Orville von Seth MacFarlane ist zugleich eine Homage und Persiflage der Star Trek Serien. Auf Fox feierte die Serie bereits am 10. September vergangenen Jahres Premiere. Die deutschsprachige Version ist seit 25. Februar dieses Jahres auf ProSieben zu sehen. Dabei fungiert Seth MacFarlane sowohl als Regisseur als auch als Drehbuchautor und Hauptdarsteller der Serie. Doch wie geht es f\u00c3\u00bcr die Crew des Raumschiffes nach dem Ende der ersten Staffel weiter? Wann kommt The Orville Staffel 2 auf ProSieben? Noch w\u00c3\u00a4hrend die erste Staffel im amerikanischen TV zu sehen war, bestellte ABC bereits eine weitere Staffel. Wann The Orville Staffel 2 auf ProSieben kommt ist noch unklar. M\u00c3\u00b6glich jedoch w\u00c3\u00a4re, dass The Orville Staffel 2 voraussichtlich im Fr\u00c3\u00bchjahr n\u00c3\u00a4chsten Jahres mit 13 weiteren Folgen dort zu sehen sein wird. Dann wartet auch ein neues Gesicht auf die Zuschauer, denn Gossip Girl-Star Jessica Szohr wird neues Crew-Mitglied des Forschungsraumschiffs The Orville. <ins data-ad-client=\"ca-pub-3647021458695789\" data-ad-format=\"link\" data-ad-slot=\"7996975644\" style=\"display:block\"><\/ins> <b>Darum geht es in The Orville:<\/b> Wir schreiben das Jahr 2419 und im Zentrum des Geschehens steht Ed Mercer (Seth MacFarlane), der das Kommando der Orville \u00c3\u00bcbernimmt. Erst k\u00c3\u00bcrzlich hatte er sich von seiner Frau Kelly Grayson (Adrianne Palicki) getrennt. Daher trat er die Stelle als neuer Kommandant voller Freude an, in der Hoffnung einen Neuanfang zu wagen. Bl\u00c3\u00b6d nur, dass ausgerechnet seine Exfrau erste Offizierin auf The Orville wird. Gemeinsam mit seinem besten Freund Gordon (Scott Grimes), der als Steuermann ebenfalls auf dem Raumschiff arbeitet, und den restlichen Crew-Mitgliedern, ein Mix aus Menschen und Au\u00c3\u0178erirdischen, begeben sich Kelly und Ed auf gef\u00c3\u00a4hrliche Mission. Doch egal wie gef\u00c3\u00a4hrlich die Mission auch zu sein scheint, die oftmals witzigen Probleme der Crew treten immer wieder in den Vordergrund. Es kann noch so gef\u00c3\u00a4hrlich sein, Navigator John Lamarr (J. Lee) ist immer zu Scherzen aufgelegt. Zu Eds Team geh\u00c3\u00b6rt unter anderem auch Dr. Claire Finn (Penny Johnson). Sie geh\u00c3\u00b6rt zu den renommiertesten Medizinerinnen der Erde. Auch mit an Bord ist der Alien Bortus (Peter Macon), dessen Spezies nur ein Geschlecht besitzt. Der bunte Mix der Crew sorgt sicherlich auch in The Orville Staffel 2 f\u00c3\u00bcr ordentlich Z\u00c3\u00bcndstoff. Wir geben euch aber Bescheid, sobald klar ist, wann The Orville Staffel 2 auf Pro7 kommt. <iframe loading=\"lazy\" allowfullscreen=\"\" frameborder=\"0\" height=\"315\" src=\"https:\/\/www.youtube-nocookie.com\/embed\/OOM5zGHMbUE\" width=\"100%\"><\/iframe><\/p><div class=\"newss-content\" id=\"newss-3627269049\"><script async src=\"\/\/pagead2.googlesyndication.com\/pagead\/js\/adsbygoogle.js?client=ca-pub-7733425960004873\" crossorigin=\"anonymous\"><\/script><ins class=\"adsbygoogle\" style=\"display:block;\" data-ad-client=\"ca-pub-7733425960004873\" \ndata-ad-slot=\"2582020599\" \ndata-ad-format=\"auto\"><\/ins>\n<script> \n(adsbygoogle = window.adsbygoogle || []).push({}); \n<\/script>\n<\/div><div class=\"newss-article-1\" id=\"newss-3656356849\"><script async src=\"https:\/\/pagead2.googlesyndication.com\/pagead\/js\/adsbygoogle.js?client=ca-pub-7733425960004873\"\r\n     crossorigin=\"anonymous\"><\/script>\r\n<!-- Homepage2 -->\r\n<ins class=\"adsbygoogle\"\r\n     style=\"display:block\"\r\n     data-ad-client=\"ca-pub-7733425960004873\"\r\n     data-ad-slot=\"2582020599\"\r\n     data-ad-format=\"auto\"\r\n     data-full-width-responsive=\"true\"><\/ins>\r\n<script>\r\n     (adsbygoogle = window.adsbygoogle || []).push({});\r\n<\/script><\/div>\n","protected":false},"excerpt":{"rendered":"<p>Das Forschungsraumschiff The Orvill ist auf ProSieben unterwegs. Mit dabei eine Crew aus Menschen und Au\u00c3\u0178erirdischen, die zum Teil&#8230; Mehr auf Newsslash.com!<\/p>\n","protected":false},"author":5,"featured_media":21974,"comment_status":"open","ping_status":"open","sticky":false,"template":"","format":"standard","meta":{"_et_pb_use_builder":"","_et_pb_old_content":"","_et_gb_content_width":"","footnotes":""},"class_list":["post-15690","post","type-post","status-publish","format-standard","has-post-thumbnail","hentry","category-blog"],"yoast_head":"<!-- This site is optimized with the Yoast SEO plugin v24.8.1 - https:\/\/yoast.com\/wordpress\/plugins\/seo\/ -->\n<title>Wann kommt The Orville Staffel 2 auf ProSieben? - Newsslash<\/title>\n<meta name=\"robots\" content=\"noindex, follow\" \/>\n<meta property=\"og:locale\" content=\"en_US\" \/>\n<meta property=\"og:type\" content=\"article\" \/>\n<meta property=\"og:title\" content=\"Wann kommt The Orville Staffel 2 auf ProSieben? - Newsslash\" \/>\n<meta property=\"og:description\" content=\"Das Forschungsraumschiff The Orvill ist auf ProSieben unterwegs. Mit dabei eine Crew aus Menschen und Au\u00c3\u0178erirdischen, die zum Teil... Mehr auf Newsslash.com!\" \/>\n<meta property=\"og:url\" content=\"https:\/\/newsslash.com\/n\/12064-wann-kommt-the-orville-staffel-2-auf-prosieben\/\" \/>\n<meta property=\"og:site_name\" content=\"Newsslash\" \/>\n<meta property=\"article:published_time\" content=\"2018-05-21T11:21:00+00:00\" \/>\n<meta property=\"og:image\" content=\"https:\/\/newsslash.com\/n\/wp-content\/uploads\/2025\/04\/NewsSlash-Featured-Image.jpg\" \/>\n\t<meta property=\"og:image:width\" content=\"1280\" \/>\n\t<meta property=\"og:image:height\" content=\"854\" \/>\n\t<meta property=\"og:image:type\" content=\"image\/jpeg\" \/>\n<meta name=\"author\" content=\"Ramona R\" \/>\n<meta name=\"twitter:card\" content=\"summary_large_image\" \/>\n<meta name=\"twitter:label1\" content=\"Written by\" \/>\n\t<meta name=\"twitter:data1\" content=\"Ramona R\" \/>\n\t<meta name=\"twitter:label2\" content=\"Est. reading time\" \/>\n\t<meta name=\"twitter:data2\" content=\"2 minutes\" \/>\n<script type=\"application\/ld+json\" class=\"yoast-schema-graph\">{\"@context\":\"https:\/\/schema.org\",\"@graph\":[{\"@type\":\"Article\",\"@id\":\"https:\/\/newsslash.com\/n\/12064-wann-kommt-the-orville-staffel-2-auf-prosieben\/#article\",\"isPartOf\":{\"@id\":\"https:\/\/newsslash.com\/n\/12064-wann-kommt-the-orville-staffel-2-auf-prosieben\/\"},\"author\":{\"name\":\"Ramona R\",\"@id\":\"https:\/\/newsslash.com\/n\/#\/schema\/person\/709185a45f398d6a15210745a10251e2\"},\"headline\":\"Wann kommt The Orville Staffel 2 auf ProSieben?\",\"datePublished\":\"2018-05-21T11:21:00+00:00\",\"mainEntityOfPage\":{\"@id\":\"https:\/\/newsslash.com\/n\/12064-wann-kommt-the-orville-staffel-2-auf-prosieben\/\"},\"wordCount\":377,\"commentCount\":0,\"publisher\":{\"@id\":\"https:\/\/newsslash.com\/n\/#organization\"},\"image\":{\"@id\":\"https:\/\/newsslash.com\/n\/12064-wann-kommt-the-orville-staffel-2-auf-prosieben\/#primaryimage\"},\"thumbnailUrl\":\"https:\/\/newsslash.com\/n\/wp-content\/uploads\/2025\/04\/NewsSlash-Featured-Image.jpg\",\"articleSection\":[\"Blog\"],\"inLanguage\":\"en-US\",\"potentialAction\":[{\"@type\":\"CommentAction\",\"name\":\"Comment\",\"target\":[\"https:\/\/newsslash.com\/n\/12064-wann-kommt-the-orville-staffel-2-auf-prosieben\/#respond\"]}]},{\"@type\":\"WebPage\",\"@id\":\"https:\/\/newsslash.com\/n\/12064-wann-kommt-the-orville-staffel-2-auf-prosieben\/\",\"url\":\"https:\/\/newsslash.com\/n\/12064-wann-kommt-the-orville-staffel-2-auf-prosieben\/\",\"name\":\"Wann kommt The Orville Staffel 2 auf ProSieben? - Newsslash\",\"isPartOf\":{\"@id\":\"https:\/\/newsslash.com\/n\/#website\"},\"primaryImageOfPage\":{\"@id\":\"https:\/\/newsslash.com\/n\/12064-wann-kommt-the-orville-staffel-2-auf-prosieben\/#primaryimage\"},\"image\":{\"@id\":\"https:\/\/newsslash.com\/n\/12064-wann-kommt-the-orville-staffel-2-auf-prosieben\/#primaryimage\"},\"thumbnailUrl\":\"https:\/\/newsslash.com\/n\/wp-content\/uploads\/2025\/04\/NewsSlash-Featured-Image.jpg\",\"datePublished\":\"2018-05-21T11:21:00+00:00\",\"breadcrumb\":{\"@id\":\"https:\/\/newsslash.com\/n\/12064-wann-kommt-the-orville-staffel-2-auf-prosieben\/#breadcrumb\"},\"inLanguage\":\"en-US\",\"potentialAction\":[{\"@type\":\"ReadAction\",\"target\":[\"https:\/\/newsslash.com\/n\/12064-wann-kommt-the-orville-staffel-2-auf-prosieben\/\"]}]},{\"@type\":\"ImageObject\",\"inLanguage\":\"en-US\",\"@id\":\"https:\/\/newsslash.com\/n\/12064-wann-kommt-the-orville-staffel-2-auf-prosieben\/#primaryimage\",\"url\":\"https:\/\/newsslash.com\/n\/wp-content\/uploads\/2025\/04\/NewsSlash-Featured-Image.jpg\",\"contentUrl\":\"https:\/\/newsslash.com\/n\/wp-content\/uploads\/2025\/04\/NewsSlash-Featured-Image.jpg\",\"width\":1280,\"height\":854},{\"@type\":\"BreadcrumbList\",\"@id\":\"https:\/\/newsslash.com\/n\/12064-wann-kommt-the-orville-staffel-2-auf-prosieben\/#breadcrumb\",\"itemListElement\":[{\"@type\":\"ListItem\",\"position\":1,\"name\":\"Home\",\"item\":\"https:\/\/newsslash.com\/n\/\"},{\"@type\":\"ListItem\",\"position\":2,\"name\":\"Wann kommt The Orville Staffel 2 auf ProSieben?\"}]},{\"@type\":\"WebSite\",\"@id\":\"https:\/\/newsslash.com\/n\/#website\",\"url\":\"https:\/\/newsslash.com\/n\/\",\"name\":\"Newsslash\",\"description\":\"Trending News on Movies, Series, OTT, Gaming\",\"publisher\":{\"@id\":\"https:\/\/newsslash.com\/n\/#organization\"},\"potentialAction\":[{\"@type\":\"SearchAction\",\"target\":{\"@type\":\"EntryPoint\",\"urlTemplate\":\"https:\/\/newsslash.com\/n\/?s={search_term_string}\"},\"query-input\":{\"@type\":\"PropertyValueSpecification\",\"valueRequired\":true,\"valueName\":\"search_term_string\"}}],\"inLanguage\":\"en-US\"},{\"@type\":\"Organization\",\"@id\":\"https:\/\/newsslash.com\/n\/#organization\",\"name\":\"Newsslash\",\"url\":\"https:\/\/newsslash.com\/n\/\",\"logo\":{\"@type\":\"ImageObject\",\"inLanguage\":\"en-US\",\"@id\":\"https:\/\/newsslash.com\/n\/#\/schema\/logo\/image\/\",\"url\":\"https:\/\/newsslash.com\/n\/wp-content\/uploads\/2025\/04\/cropped-Newsslash-logo-Fevicon.png\",\"contentUrl\":\"https:\/\/newsslash.com\/n\/wp-content\/uploads\/2025\/04\/cropped-Newsslash-logo-Fevicon.png\",\"width\":512,\"height\":512,\"caption\":\"Newsslash\"},\"image\":{\"@id\":\"https:\/\/newsslash.com\/n\/#\/schema\/logo\/image\/\"}},{\"@type\":\"Person\",\"@id\":\"https:\/\/newsslash.com\/n\/#\/schema\/person\/709185a45f398d6a15210745a10251e2\",\"name\":\"Ramona R\",\"sameAs\":[\"https:\/\/newsslash.com\"],\"url\":\"https:\/\/newsslash.com\/n\/author\/ramona_r\/\"}]}<\/script>\n<!-- \/ Yoast SEO plugin. -->","yoast_head_json":{"title":"Wann kommt The Orville Staffel 2 auf ProSieben? - Newsslash","robots":{"index":"noindex","follow":"follow"},"og_locale":"en_US","og_type":"article","og_title":"Wann kommt The Orville Staffel 2 auf ProSieben? - Newsslash","og_description":"Das Forschungsraumschiff The Orvill ist auf ProSieben unterwegs. Mit dabei eine Crew aus Menschen und Au\u00c3\u0178erirdischen, die zum Teil... Mehr auf Newsslash.com!","og_url":"https:\/\/newsslash.com\/n\/12064-wann-kommt-the-orville-staffel-2-auf-prosieben\/","og_site_name":"Newsslash","article_published_time":"2018-05-21T11:21:00+00:00","og_image":[{"width":1280,"height":854,"url":"https:\/\/newsslash.com\/n\/wp-content\/uploads\/2025\/04\/NewsSlash-Featured-Image.jpg","type":"image\/jpeg"}],"author":"Ramona R","twitter_card":"summary_large_image","twitter_misc":{"Written by":"Ramona R","Est. reading time":"2 minutes"},"schema":{"@context":"https:\/\/schema.org","@graph":[{"@type":"Article","@id":"https:\/\/newsslash.com\/n\/12064-wann-kommt-the-orville-staffel-2-auf-prosieben\/#article","isPartOf":{"@id":"https:\/\/newsslash.com\/n\/12064-wann-kommt-the-orville-staffel-2-auf-prosieben\/"},"author":{"name":"Ramona R","@id":"https:\/\/newsslash.com\/n\/#\/schema\/person\/709185a45f398d6a15210745a10251e2"},"headline":"Wann kommt The Orville Staffel 2 auf ProSieben?","datePublished":"2018-05-21T11:21:00+00:00","mainEntityOfPage":{"@id":"https:\/\/newsslash.com\/n\/12064-wann-kommt-the-orville-staffel-2-auf-prosieben\/"},"wordCount":377,"commentCount":0,"publisher":{"@id":"https:\/\/newsslash.com\/n\/#organization"},"image":{"@id":"https:\/\/newsslash.com\/n\/12064-wann-kommt-the-orville-staffel-2-auf-prosieben\/#primaryimage"},"thumbnailUrl":"https:\/\/newsslash.com\/n\/wp-content\/uploads\/2025\/04\/NewsSlash-Featured-Image.jpg","articleSection":["Blog"],"inLanguage":"en-US","potentialAction":[{"@type":"CommentAction","name":"Comment","target":["https:\/\/newsslash.com\/n\/12064-wann-kommt-the-orville-staffel-2-auf-prosieben\/#respond"]}]},{"@type":"WebPage","@id":"https:\/\/newsslash.com\/n\/12064-wann-kommt-the-orville-staffel-2-auf-prosieben\/","url":"https:\/\/newsslash.com\/n\/12064-wann-kommt-the-orville-staffel-2-auf-prosieben\/","name":"Wann kommt The Orville Staffel 2 auf ProSieben? - Newsslash","isPartOf":{"@id":"https:\/\/newsslash.com\/n\/#website"},"primaryImageOfPage":{"@id":"https:\/\/newsslash.com\/n\/12064-wann-kommt-the-orville-staffel-2-auf-prosieben\/#primaryimage"},"image":{"@id":"https:\/\/newsslash.com\/n\/12064-wann-kommt-the-orville-staffel-2-auf-prosieben\/#primaryimage"},"thumbnailUrl":"https:\/\/newsslash.com\/n\/wp-content\/uploads\/2025\/04\/NewsSlash-Featured-Image.jpg","datePublished":"2018-05-21T11:21:00+00:00","breadcrumb":{"@id":"https:\/\/newsslash.com\/n\/12064-wann-kommt-the-orville-staffel-2-auf-prosieben\/#breadcrumb"},"inLanguage":"en-US","potentialAction":[{"@type":"ReadAction","target":["https:\/\/newsslash.com\/n\/12064-wann-kommt-the-orville-staffel-2-auf-prosieben\/"]}]},{"@type":"ImageObject","inLanguage":"en-US","@id":"https:\/\/newsslash.com\/n\/12064-wann-kommt-the-orville-staffel-2-auf-prosieben\/#primaryimage","url":"https:\/\/newsslash.com\/n\/wp-content\/uploads\/2025\/04\/NewsSlash-Featured-Image.jpg","contentUrl":"https:\/\/newsslash.com\/n\/wp-content\/uploads\/2025\/04\/NewsSlash-Featured-Image.jpg","width":1280,"height":854},{"@type":"BreadcrumbList","@id":"https:\/\/newsslash.com\/n\/12064-wann-kommt-the-orville-staffel-2-auf-prosieben\/#breadcrumb","itemListElement":[{"@type":"ListItem","position":1,"name":"Home","item":"https:\/\/newsslash.com\/n\/"},{"@type":"ListItem","position":2,"name":"Wann kommt The Orville Staffel 2 auf ProSieben?"}]},{"@type":"WebSite","@id":"https:\/\/newsslash.com\/n\/#website","url":"https:\/\/newsslash.com\/n\/","name":"Newsslash","description":"Trending News on Movies, Series, OTT, Gaming","publisher":{"@id":"https:\/\/newsslash.com\/n\/#organization"},"potentialAction":[{"@type":"SearchAction","target":{"@type":"EntryPoint","urlTemplate":"https:\/\/newsslash.com\/n\/?s={search_term_string}"},"query-input":{"@type":"PropertyValueSpecification","valueRequired":true,"valueName":"search_term_string"}}],"inLanguage":"en-US"},{"@type":"Organization","@id":"https:\/\/newsslash.com\/n\/#organization","name":"Newsslash","url":"https:\/\/newsslash.com\/n\/","logo":{"@type":"ImageObject","inLanguage":"en-US","@id":"https:\/\/newsslash.com\/n\/#\/schema\/logo\/image\/","url":"https:\/\/newsslash.com\/n\/wp-content\/uploads\/2025\/04\/cropped-Newsslash-logo-Fevicon.png","contentUrl":"https:\/\/newsslash.com\/n\/wp-content\/uploads\/2025\/04\/cropped-Newsslash-logo-Fevicon.png","width":512,"height":512,"caption":"Newsslash"},"image":{"@id":"https:\/\/newsslash.com\/n\/#\/schema\/logo\/image\/"}},{"@type":"Person","@id":"https:\/\/newsslash.com\/n\/#\/schema\/person\/709185a45f398d6a15210745a10251e2","name":"Ramona R","sameAs":["https:\/\/newsslash.com"],"url":"https:\/\/newsslash.com\/n\/author\/ramona_r\/"}]}},"_links":{"self":[{"href":"https:\/\/newsslash.com\/n\/wp-json\/wp\/v2\/posts\/15690","targetHints":{"allow":["GET"]}}],"collection":[{"href":"https:\/\/newsslash.com\/n\/wp-json\/wp\/v2\/posts"}],"about":[{"href":"https:\/\/newsslash.com\/n\/wp-json\/wp\/v2\/types\/post"}],"author":[{"embeddable":true,"href":"https:\/\/newsslash.com\/n\/wp-json\/wp\/v2\/users\/5"}],"replies":[{"embeddable":true,"href":"https:\/\/newsslash.com\/n\/wp-json\/wp\/v2\/comments?post=15690"}],"version-history":[{"count":0,"href":"https:\/\/newsslash.com\/n\/wp-json\/wp\/v2\/posts\/15690\/revisions"}],"wp:featuredmedia":[{"embeddable":true,"href":"https:\/\/newsslash.com\/n\/wp-json\/wp\/v2\/media\/21974"}],"wp:attachment":[{"href":"https:\/\/newsslash.com\/n\/wp-json\/wp\/v2\/media?parent=15690"}],"curies":[{"name":"wp","href":"https:\/\/api.w.org\/{rel}","templated":true}]}}