{"id":15691,"date":"2018-05-16T11:18:00","date_gmt":"2018-05-16T11:18:00","guid":{"rendered":"https:\/\/newsslash.com\/n\/12065-wann-kommt-akte-x-staffe-12-auf-prosieben\/"},"modified":"2018-05-16T11:18:00","modified_gmt":"2018-05-16T11:18:00","slug":"12065-wann-kommt-akte-x-staffe-12-auf-prosieben","status":"publish","type":"post","link":"https:\/\/newsslash.com\/n\/12065-wann-kommt-akte-x-staffe-12-auf-prosieben\/","title":{"rendered":"Wann kommt Akte X Staffel 12 auf ProSieben?"},"content":{"rendered":"<p>Akte X ist eine Mischung aus Sci-Fi-Horror- und Krimiserie von Chris Carter, die zun\u00c3\u00a4chst 1993 bis 2002 ausgestrahlt wurde und viele Zuschauer begeisterte. Seit 2016 ist die Serie zur\u00c3\u00bcck und aus der geplanten 6-teiligen Miniserie wurde eine weitere Staffel, eine Elfte, die auf ProSieben zusehen ist. Doch wie geht es weiter? Welche Storys hat Seriensch\u00c3\u00b6pfer Chris Carter noch in Petto? Wann kommt Akte X Staffel 12 auf ProSieben? Es scheint, als w\u00c3\u00bcrde es Akte X Staffel 12 nicht mehr geben. Grund hierf\u00c3\u00bcr ist der Ausstieg von Dana Scully \u00e2\u20ac\u201c Darstellerin Gillian Anderson. Bereits Anfang des Jahres k\u00c3\u00bcndigte die Schauspielerin ihren Austritt an und Seriensch\u00c3\u00b6pfer Chris Carter verk\u00c3\u00bcndete kurze Zeit sp\u00c3\u00a4ter, dass sie Serie mit der Entscheidung Andersons f\u00c3\u00a4llt. Sollte er sich dennoch umentscheiden und Fox eine weitere Staffel der Serie bestellen, k\u00c3\u00b6nnte diese im Fr\u00c3\u00bchjahr n\u00c3\u00a4chsten Jahres zu sehen sein. Allerdings ist dies eher unwahrscheinlich. <ins data-ad-client=\"ca-pub-3647021458695789\" data-ad-format=\"link\" data-ad-slot=\"7996975644\" style=\"display:block\"><\/ins> <b>Darum geht es in Akte X:<\/b> Kennengelernt haben sich die Medizinerin Dana Scully und Fox Mulder (David Duchovny) bei ihrem ersten Fall als FBI Agenten. Schon bei ihrem ersten Aufeinandertreffen wurde klar: Die beiden haben unterschiedliche Vorstellungen ihrer Arbeit. Dabei geht es um die sogenannten X Akten \u00e2\u20ac\u201c F\u00c3\u00a4lle die \u00c3\u00bcbernat\u00c3\u00bcrlicher Natur zu sein scheinen. Mulder, der als Kind mit ansehen musste, wie seine Schwester scheinbar von Au\u00c3\u0178erirdischen entf\u00c3\u00bchrt wurde, glaubt an die Existenz \u00c3\u00bcbernat\u00c3\u00bcrlicher Kr\u00c3\u00a4fte und stellt immer wieder Verschw\u00c3\u00b6rungstheorien auf. Inoffiziell wurde Scully beauftragt, ihren Kollegen zu beobachten, doch nach und nach werden die beiden ein immer st\u00c3\u00a4rker werdendes Team und decken mysteri\u00c3\u00b6se F\u00c3\u00a4lle auf, in denen Killer-Insekten oder Mutanten verstrickt sind. Auch in Akte X Staffel 11 warten auf das Team einige mysteri\u00c3\u00b6se F\u00c3\u00a4lle, bei denen sie immer wieder selbst in Gefahr geraten. Scully wird bewusstlos in ihrem B\u00c3\u00bcro aufgefunden und berichtet ihrem Kollegen von ihren Visionen: Ihnen droht eine Apokalypse ausgel\u00c3\u00b6st durch einen Krebspatienten. Auch Mulders Sohn ist in Gefahr, denn ein Widersacher der beiden Ermittler droht damit ihn aufzusp\u00c3\u00bcren. K\u00c3\u00b6nnen Scully und Mulder das Schlimmste verhindern und endlich ihren Widersacher endg\u00c3\u00bcltig vernichten oder wartet am Ende ein open End auf euch? Das verraten wir euch nat\u00c3\u00bcrlich noch nicht. <iframe loading=\"lazy\" allowfullscreen=\"\" frameborder=\"0\" height=\"315\" src=\"https:\/\/www.youtube-nocookie.com\/embed\/RMZEeTmFP3c\" width=\"100%\"><\/iframe><\/p><div class=\"newss-content\" id=\"newss-4238589266\"><script async src=\"\/\/pagead2.googlesyndication.com\/pagead\/js\/adsbygoogle.js?client=ca-pub-7733425960004873\" crossorigin=\"anonymous\"><\/script><ins class=\"adsbygoogle\" style=\"display:block;\" data-ad-client=\"ca-pub-7733425960004873\" \ndata-ad-slot=\"2582020599\" \ndata-ad-format=\"auto\"><\/ins>\n<script> \n(adsbygoogle = window.adsbygoogle || []).push({}); \n<\/script>\n<\/div><div class=\"newss-article-1\" id=\"newss-1377989610\"><script async src=\"https:\/\/pagead2.googlesyndication.com\/pagead\/js\/adsbygoogle.js?client=ca-pub-7733425960004873\"\r\n     crossorigin=\"anonymous\"><\/script>\r\n<!-- Homepage2 -->\r\n<ins class=\"adsbygoogle\"\r\n     style=\"display:block\"\r\n     data-ad-client=\"ca-pub-7733425960004873\"\r\n     data-ad-slot=\"2582020599\"\r\n     data-ad-format=\"auto\"\r\n     data-full-width-responsive=\"true\"><\/ins>\r\n<script>\r\n     (adsbygoogle = window.adsbygoogle || []).push({});\r\n<\/script><\/div>\n","protected":false},"excerpt":{"rendered":"<p>Akte X \u00e2\u20ac\u201c die gruseligsten F\u00c3\u00a4lle des FBIs sind derzeit wieder auf ProSieben zu sehen. Dabei sind sich Scully und Mulder auch in&#8230; Mehr auf Newsslash.com!<\/p>\n","protected":false},"author":5,"featured_media":21974,"comment_status":"open","ping_status":"open","sticky":false,"template":"","format":"standard","meta":{"_et_pb_use_builder":"","_et_pb_old_content":"","_et_gb_content_width":"","footnotes":""},"class_list":["post-15691","post","type-post","status-publish","format-standard","has-post-thumbnail","hentry","category-blog"],"yoast_head":"<!-- This site is optimized with the Yoast SEO plugin v24.8.1 - https:\/\/yoast.com\/wordpress\/plugins\/seo\/ -->\n<title>Wann kommt Akte X Staffel 12 auf ProSieben? - Newsslash<\/title>\n<meta name=\"robots\" content=\"noindex, follow\" \/>\n<meta property=\"og:locale\" content=\"en_US\" \/>\n<meta property=\"og:type\" content=\"article\" \/>\n<meta property=\"og:title\" content=\"Wann kommt Akte X Staffel 12 auf ProSieben? - Newsslash\" \/>\n<meta property=\"og:description\" content=\"Akte X \u00e2\u20ac\u201c die gruseligsten F\u00c3\u00a4lle des FBIs sind derzeit wieder auf ProSieben zu sehen. Dabei sind sich Scully und Mulder auch in... Mehr auf Newsslash.com!\" \/>\n<meta property=\"og:url\" content=\"https:\/\/newsslash.com\/n\/12065-wann-kommt-akte-x-staffe-12-auf-prosieben\/\" \/>\n<meta property=\"og:site_name\" content=\"Newsslash\" \/>\n<meta property=\"article:published_time\" content=\"2018-05-16T11:18:00+00:00\" \/>\n<meta property=\"og:image\" content=\"https:\/\/newsslash.com\/n\/wp-content\/uploads\/2025\/04\/NewsSlash-Featured-Image.jpg\" \/>\n\t<meta property=\"og:image:width\" content=\"1280\" \/>\n\t<meta property=\"og:image:height\" content=\"854\" \/>\n\t<meta property=\"og:image:type\" content=\"image\/jpeg\" \/>\n<meta name=\"author\" content=\"Ramona R\" \/>\n<meta name=\"twitter:card\" content=\"summary_large_image\" \/>\n<meta name=\"twitter:label1\" content=\"Written by\" \/>\n\t<meta name=\"twitter:data1\" content=\"Ramona R\" \/>\n\t<meta name=\"twitter:label2\" content=\"Est. reading time\" \/>\n\t<meta name=\"twitter:data2\" content=\"2 minutes\" \/>\n<script type=\"application\/ld+json\" class=\"yoast-schema-graph\">{\"@context\":\"https:\/\/schema.org\",\"@graph\":[{\"@type\":\"Article\",\"@id\":\"https:\/\/newsslash.com\/n\/12065-wann-kommt-akte-x-staffe-12-auf-prosieben\/#article\",\"isPartOf\":{\"@id\":\"https:\/\/newsslash.com\/n\/12065-wann-kommt-akte-x-staffe-12-auf-prosieben\/\"},\"author\":{\"name\":\"Ramona R\",\"@id\":\"https:\/\/newsslash.com\/n\/#\/schema\/person\/709185a45f398d6a15210745a10251e2\"},\"headline\":\"Wann kommt Akte X Staffel 12 auf ProSieben?\",\"datePublished\":\"2018-05-16T11:18:00+00:00\",\"mainEntityOfPage\":{\"@id\":\"https:\/\/newsslash.com\/n\/12065-wann-kommt-akte-x-staffe-12-auf-prosieben\/\"},\"wordCount\":378,\"commentCount\":0,\"publisher\":{\"@id\":\"https:\/\/newsslash.com\/n\/#organization\"},\"image\":{\"@id\":\"https:\/\/newsslash.com\/n\/12065-wann-kommt-akte-x-staffe-12-auf-prosieben\/#primaryimage\"},\"thumbnailUrl\":\"https:\/\/newsslash.com\/n\/wp-content\/uploads\/2025\/04\/NewsSlash-Featured-Image.jpg\",\"articleSection\":[\"Blog\"],\"inLanguage\":\"en-US\",\"potentialAction\":[{\"@type\":\"CommentAction\",\"name\":\"Comment\",\"target\":[\"https:\/\/newsslash.com\/n\/12065-wann-kommt-akte-x-staffe-12-auf-prosieben\/#respond\"]}]},{\"@type\":\"WebPage\",\"@id\":\"https:\/\/newsslash.com\/n\/12065-wann-kommt-akte-x-staffe-12-auf-prosieben\/\",\"url\":\"https:\/\/newsslash.com\/n\/12065-wann-kommt-akte-x-staffe-12-auf-prosieben\/\",\"name\":\"Wann kommt Akte X Staffel 12 auf ProSieben? - Newsslash\",\"isPartOf\":{\"@id\":\"https:\/\/newsslash.com\/n\/#website\"},\"primaryImageOfPage\":{\"@id\":\"https:\/\/newsslash.com\/n\/12065-wann-kommt-akte-x-staffe-12-auf-prosieben\/#primaryimage\"},\"image\":{\"@id\":\"https:\/\/newsslash.com\/n\/12065-wann-kommt-akte-x-staffe-12-auf-prosieben\/#primaryimage\"},\"thumbnailUrl\":\"https:\/\/newsslash.com\/n\/wp-content\/uploads\/2025\/04\/NewsSlash-Featured-Image.jpg\",\"datePublished\":\"2018-05-16T11:18:00+00:00\",\"breadcrumb\":{\"@id\":\"https:\/\/newsslash.com\/n\/12065-wann-kommt-akte-x-staffe-12-auf-prosieben\/#breadcrumb\"},\"inLanguage\":\"en-US\",\"potentialAction\":[{\"@type\":\"ReadAction\",\"target\":[\"https:\/\/newsslash.com\/n\/12065-wann-kommt-akte-x-staffe-12-auf-prosieben\/\"]}]},{\"@type\":\"ImageObject\",\"inLanguage\":\"en-US\",\"@id\":\"https:\/\/newsslash.com\/n\/12065-wann-kommt-akte-x-staffe-12-auf-prosieben\/#primaryimage\",\"url\":\"https:\/\/newsslash.com\/n\/wp-content\/uploads\/2025\/04\/NewsSlash-Featured-Image.jpg\",\"contentUrl\":\"https:\/\/newsslash.com\/n\/wp-content\/uploads\/2025\/04\/NewsSlash-Featured-Image.jpg\",\"width\":1280,\"height\":854},{\"@type\":\"BreadcrumbList\",\"@id\":\"https:\/\/newsslash.com\/n\/12065-wann-kommt-akte-x-staffe-12-auf-prosieben\/#breadcrumb\",\"itemListElement\":[{\"@type\":\"ListItem\",\"position\":1,\"name\":\"Home\",\"item\":\"https:\/\/newsslash.com\/n\/\"},{\"@type\":\"ListItem\",\"position\":2,\"name\":\"Wann kommt Akte X Staffel 12 auf ProSieben?\"}]},{\"@type\":\"WebSite\",\"@id\":\"https:\/\/newsslash.com\/n\/#website\",\"url\":\"https:\/\/newsslash.com\/n\/\",\"name\":\"Newsslash\",\"description\":\"Trending News on Movies, Series, OTT, Gaming\",\"publisher\":{\"@id\":\"https:\/\/newsslash.com\/n\/#organization\"},\"potentialAction\":[{\"@type\":\"SearchAction\",\"target\":{\"@type\":\"EntryPoint\",\"urlTemplate\":\"https:\/\/newsslash.com\/n\/?s={search_term_string}\"},\"query-input\":{\"@type\":\"PropertyValueSpecification\",\"valueRequired\":true,\"valueName\":\"search_term_string\"}}],\"inLanguage\":\"en-US\"},{\"@type\":\"Organization\",\"@id\":\"https:\/\/newsslash.com\/n\/#organization\",\"name\":\"Newsslash\",\"url\":\"https:\/\/newsslash.com\/n\/\",\"logo\":{\"@type\":\"ImageObject\",\"inLanguage\":\"en-US\",\"@id\":\"https:\/\/newsslash.com\/n\/#\/schema\/logo\/image\/\",\"url\":\"https:\/\/newsslash.com\/n\/wp-content\/uploads\/2025\/04\/cropped-Newsslash-logo-Fevicon.png\",\"contentUrl\":\"https:\/\/newsslash.com\/n\/wp-content\/uploads\/2025\/04\/cropped-Newsslash-logo-Fevicon.png\",\"width\":512,\"height\":512,\"caption\":\"Newsslash\"},\"image\":{\"@id\":\"https:\/\/newsslash.com\/n\/#\/schema\/logo\/image\/\"}},{\"@type\":\"Person\",\"@id\":\"https:\/\/newsslash.com\/n\/#\/schema\/person\/709185a45f398d6a15210745a10251e2\",\"name\":\"Ramona R\",\"sameAs\":[\"https:\/\/newsslash.com\"],\"url\":\"https:\/\/newsslash.com\/n\/author\/ramona_r\/\"}]}<\/script>\n<!-- \/ Yoast SEO plugin. -->","yoast_head_json":{"title":"Wann kommt Akte X Staffel 12 auf ProSieben? - Newsslash","robots":{"index":"noindex","follow":"follow"},"og_locale":"en_US","og_type":"article","og_title":"Wann kommt Akte X Staffel 12 auf ProSieben? - Newsslash","og_description":"Akte X \u00e2\u20ac\u201c die gruseligsten F\u00c3\u00a4lle des FBIs sind derzeit wieder auf ProSieben zu sehen. Dabei sind sich Scully und Mulder auch in... Mehr auf Newsslash.com!","og_url":"https:\/\/newsslash.com\/n\/12065-wann-kommt-akte-x-staffe-12-auf-prosieben\/","og_site_name":"Newsslash","article_published_time":"2018-05-16T11:18:00+00:00","og_image":[{"width":1280,"height":854,"url":"https:\/\/newsslash.com\/n\/wp-content\/uploads\/2025\/04\/NewsSlash-Featured-Image.jpg","type":"image\/jpeg"}],"author":"Ramona R","twitter_card":"summary_large_image","twitter_misc":{"Written by":"Ramona R","Est. reading time":"2 minutes"},"schema":{"@context":"https:\/\/schema.org","@graph":[{"@type":"Article","@id":"https:\/\/newsslash.com\/n\/12065-wann-kommt-akte-x-staffe-12-auf-prosieben\/#article","isPartOf":{"@id":"https:\/\/newsslash.com\/n\/12065-wann-kommt-akte-x-staffe-12-auf-prosieben\/"},"author":{"name":"Ramona R","@id":"https:\/\/newsslash.com\/n\/#\/schema\/person\/709185a45f398d6a15210745a10251e2"},"headline":"Wann kommt Akte X Staffel 12 auf ProSieben?","datePublished":"2018-05-16T11:18:00+00:00","mainEntityOfPage":{"@id":"https:\/\/newsslash.com\/n\/12065-wann-kommt-akte-x-staffe-12-auf-prosieben\/"},"wordCount":378,"commentCount":0,"publisher":{"@id":"https:\/\/newsslash.com\/n\/#organization"},"image":{"@id":"https:\/\/newsslash.com\/n\/12065-wann-kommt-akte-x-staffe-12-auf-prosieben\/#primaryimage"},"thumbnailUrl":"https:\/\/newsslash.com\/n\/wp-content\/uploads\/2025\/04\/NewsSlash-Featured-Image.jpg","articleSection":["Blog"],"inLanguage":"en-US","potentialAction":[{"@type":"CommentAction","name":"Comment","target":["https:\/\/newsslash.com\/n\/12065-wann-kommt-akte-x-staffe-12-auf-prosieben\/#respond"]}]},{"@type":"WebPage","@id":"https:\/\/newsslash.com\/n\/12065-wann-kommt-akte-x-staffe-12-auf-prosieben\/","url":"https:\/\/newsslash.com\/n\/12065-wann-kommt-akte-x-staffe-12-auf-prosieben\/","name":"Wann kommt Akte X Staffel 12 auf ProSieben? - Newsslash","isPartOf":{"@id":"https:\/\/newsslash.com\/n\/#website"},"primaryImageOfPage":{"@id":"https:\/\/newsslash.com\/n\/12065-wann-kommt-akte-x-staffe-12-auf-prosieben\/#primaryimage"},"image":{"@id":"https:\/\/newsslash.com\/n\/12065-wann-kommt-akte-x-staffe-12-auf-prosieben\/#primaryimage"},"thumbnailUrl":"https:\/\/newsslash.com\/n\/wp-content\/uploads\/2025\/04\/NewsSlash-Featured-Image.jpg","datePublished":"2018-05-16T11:18:00+00:00","breadcrumb":{"@id":"https:\/\/newsslash.com\/n\/12065-wann-kommt-akte-x-staffe-12-auf-prosieben\/#breadcrumb"},"inLanguage":"en-US","potentialAction":[{"@type":"ReadAction","target":["https:\/\/newsslash.com\/n\/12065-wann-kommt-akte-x-staffe-12-auf-prosieben\/"]}]},{"@type":"ImageObject","inLanguage":"en-US","@id":"https:\/\/newsslash.com\/n\/12065-wann-kommt-akte-x-staffe-12-auf-prosieben\/#primaryimage","url":"https:\/\/newsslash.com\/n\/wp-content\/uploads\/2025\/04\/NewsSlash-Featured-Image.jpg","contentUrl":"https:\/\/newsslash.com\/n\/wp-content\/uploads\/2025\/04\/NewsSlash-Featured-Image.jpg","width":1280,"height":854},{"@type":"BreadcrumbList","@id":"https:\/\/newsslash.com\/n\/12065-wann-kommt-akte-x-staffe-12-auf-prosieben\/#breadcrumb","itemListElement":[{"@type":"ListItem","position":1,"name":"Home","item":"https:\/\/newsslash.com\/n\/"},{"@type":"ListItem","position":2,"name":"Wann kommt Akte X Staffel 12 auf ProSieben?"}]},{"@type":"WebSite","@id":"https:\/\/newsslash.com\/n\/#website","url":"https:\/\/newsslash.com\/n\/","name":"Newsslash","description":"Trending News on Movies, Series, OTT, Gaming","publisher":{"@id":"https:\/\/newsslash.com\/n\/#organization"},"potentialAction":[{"@type":"SearchAction","target":{"@type":"EntryPoint","urlTemplate":"https:\/\/newsslash.com\/n\/?s={search_term_string}"},"query-input":{"@type":"PropertyValueSpecification","valueRequired":true,"valueName":"search_term_string"}}],"inLanguage":"en-US"},{"@type":"Organization","@id":"https:\/\/newsslash.com\/n\/#organization","name":"Newsslash","url":"https:\/\/newsslash.com\/n\/","logo":{"@type":"ImageObject","inLanguage":"en-US","@id":"https:\/\/newsslash.com\/n\/#\/schema\/logo\/image\/","url":"https:\/\/newsslash.com\/n\/wp-content\/uploads\/2025\/04\/cropped-Newsslash-logo-Fevicon.png","contentUrl":"https:\/\/newsslash.com\/n\/wp-content\/uploads\/2025\/04\/cropped-Newsslash-logo-Fevicon.png","width":512,"height":512,"caption":"Newsslash"},"image":{"@id":"https:\/\/newsslash.com\/n\/#\/schema\/logo\/image\/"}},{"@type":"Person","@id":"https:\/\/newsslash.com\/n\/#\/schema\/person\/709185a45f398d6a15210745a10251e2","name":"Ramona R","sameAs":["https:\/\/newsslash.com"],"url":"https:\/\/newsslash.com\/n\/author\/ramona_r\/"}]}},"_links":{"self":[{"href":"https:\/\/newsslash.com\/n\/wp-json\/wp\/v2\/posts\/15691","targetHints":{"allow":["GET"]}}],"collection":[{"href":"https:\/\/newsslash.com\/n\/wp-json\/wp\/v2\/posts"}],"about":[{"href":"https:\/\/newsslash.com\/n\/wp-json\/wp\/v2\/types\/post"}],"author":[{"embeddable":true,"href":"https:\/\/newsslash.com\/n\/wp-json\/wp\/v2\/users\/5"}],"replies":[{"embeddable":true,"href":"https:\/\/newsslash.com\/n\/wp-json\/wp\/v2\/comments?post=15691"}],"version-history":[{"count":0,"href":"https:\/\/newsslash.com\/n\/wp-json\/wp\/v2\/posts\/15691\/revisions"}],"wp:featuredmedia":[{"embeddable":true,"href":"https:\/\/newsslash.com\/n\/wp-json\/wp\/v2\/media\/21974"}],"wp:attachment":[{"href":"https:\/\/newsslash.com\/n\/wp-json\/wp\/v2\/media?parent=15691"}],"curies":[{"name":"wp","href":"https:\/\/api.w.org\/{rel}","templated":true}]}}