{"id":15953,"date":"2018-06-06T11:21:00","date_gmt":"2018-06-06T11:21:00","guid":{"rendered":"https:\/\/newsslash.com\/n\/12307-wann-kommt-charite-staffel-2-auf-netflix\/"},"modified":"2018-06-06T11:21:00","modified_gmt":"2018-06-06T11:21:00","slug":"12307-wann-kommt-charite-staffel-2-auf-netflix","status":"publish","type":"post","link":"https:\/\/newsslash.com\/n\/12307-wann-kommt-charite-staffel-2-auf-netflix\/","title":{"rendered":"Wann kommt Charit\u00c3\u00a9 Staffel 2 auf Netflix?"},"content":{"rendered":"<p>Mit dem Erfolg h\u00c3\u00a4tte wohl zu Beginn der Serie Charit\u00c3\u00a9 keiner gerechnet: Fast acht Millionen Zuschauer sa\u00c3\u0178en w\u00c3\u00a4hrend der ersten Staffel, die am 21. M\u00c3\u00a4rz 2017 auf ARD startete, vor dem Flimmerkasten. Seid dem 20. April dieses Jahres ist die Krankenhausserie von S\u00c3\u00b6nke Wortmann auch auf Netflix im Stream zu sehen. Die Dreharbeiten zur Serie stammen von Grimme-Preistr\u00c3\u00a4gerin Dorothee Sch\u00c3\u00b6n und die Story spielt in einem der bekanntesten Krankenh\u00c3\u00a4user Deutschlands, dem Berliner Charit\u00c3\u00a9. Doch wie geht es weiter? Wann kommt Charit\u00c3\u00a9 Staffel 2 auf Netflix? Bis Charit\u00c3\u00a9 Staffel 2 auf Netflix kommt, kann es wohl noch eine Weile dauern. Doch die gute News ist, dass es eine zweite Staffel der Krankenhausserie geben wird. Die Dreharbeiten begannen bereits im November 2017, allerdings ohne S\u00c3\u00b6nke Wortmann. Der Regisseur gab seine Position aus Zeitgr\u00c3\u00bcnden an Anno Saul ab. Auf ARD soll Charit\u00c3\u00a9 Staffel 2 erst 2019 erscheinen, daher bleibt es spannend, ob sie dann auch auf Netflix bereits 2019 erscheinen wird. Wir halten euch auf dem Laufenden und geben bescheid, wenn klar ist, wann Charit\u00c3\u00a9 Staffel 2 auf Netflix kommt. <ins data-ad-client=\"ca-pub-3647021458695789\" data-ad-format=\"link\" data-ad-slot=\"7996975644\" style=\"display:block\"><\/ins> Wir schreiben das Jahr 1888 und die mittellose Ida Lenze (Alicia von Rittberg) muss dringend operiert werden. Der begabte Mediziner Emil Behring (Matthias Koeberlin) nimmt sich ihrer an, auch wenn sie die Blinddarmoperation, die n\u00c3\u00b6tig ist, nicht bezahlen kann. Stattdessen arbeitet sie ihre Schulden als Hilfsschwester ab. Dabei hat sie es nicht immer leicht, denn die Oberschwester hat es ganz sch\u00c3\u00b6n in sich und auch sonst haben Frauen es im Bereich Bildung und Lehre schwer. Doch Ida gibt nicht auf und lernt mit jedem Tag etwas Wichtiges dazu \u00e2\u20ac\u201c mit Erfolg. Doch wie geht es weiter? W\u00c3\u00a4hrend die erste Staffel der Krankenhausserie bereits die Schattenseiten der Arbeitswelt, aber auch den Aufstieg des Charit\u00c3\u00a9s zum bekannten und renommierten Krankenhaus beschreibt, wird Charit\u00c3\u00a9 Staffel 2 d\u00c3\u00bcster. Sie spielt in der Nachkriegszeit, in der die Medizinstudentin Anni (Mala Emde) fasziniert von der Arbeit der Nationalsozialisten ist. Sie erwartet ein Kind von einem Chefarzt des Krankenhauses, doch schon bald muss das Paar eine schockierende Entdeckung machen. Ihr Kind hat einen Wasserkopf und sie m\u00c3\u00bcssen eine schwierige Entscheidung treffen: Willigen sie in die riskante OP ein und gef\u00c3\u00a4hrden das Leben ihres Kindes? Auch die Euthanasie wird in den Psychiatrien immer weiter fortgesetzt. Was sonst noch alles im Krankenhaus geschieht, seht ihr in Charit\u00c3\u00a9 Staffel 2. <iframe loading=\"lazy\" allowfullscreen=\"\" frameborder=\"0\" height=\"315\" src=\"https:\/\/www.youtube-nocookie.com\/embed\/zeUobb-OIA8\" width=\"100%\"><\/iframe><\/p><div class=\"newss-content\" id=\"newss-744842842\"><script async src=\"\/\/pagead2.googlesyndication.com\/pagead\/js\/adsbygoogle.js?client=ca-pub-7733425960004873\" crossorigin=\"anonymous\"><\/script><ins class=\"adsbygoogle\" style=\"display:block;\" data-ad-client=\"ca-pub-7733425960004873\" \ndata-ad-slot=\"2582020599\" \ndata-ad-format=\"auto\"><\/ins>\n<script> \n(adsbygoogle = window.adsbygoogle || []).push({}); \n<\/script>\n<\/div><div class=\"newss-article-1\" id=\"newss-1496687330\"><script async src=\"https:\/\/pagead2.googlesyndication.com\/pagead\/js\/adsbygoogle.js?client=ca-pub-7733425960004873\"\r\n     crossorigin=\"anonymous\"><\/script>\r\n<!-- Homepage2 -->\r\n<ins class=\"adsbygoogle\"\r\n     style=\"display:block\"\r\n     data-ad-client=\"ca-pub-7733425960004873\"\r\n     data-ad-slot=\"2582020599\"\r\n     data-ad-format=\"auto\"\r\n     data-full-width-responsive=\"true\"><\/ins>\r\n<script>\r\n     (adsbygoogle = window.adsbygoogle || []).push({});\r\n<\/script><\/div>\n","protected":false},"excerpt":{"rendered":"<p>Sie ist eine der erfolgreichsten deutschen Krankenhausserien der letzten Jahre \u00e2\u20ac\u201c Charit\u00c3\u00a9 startete nun auch im Stream und zeigt&#8230; Mehr auf Newsslash.com!<\/p>\n","protected":false},"author":5,"featured_media":21974,"comment_status":"open","ping_status":"open","sticky":false,"template":"","format":"standard","meta":{"_et_pb_use_builder":"","_et_pb_old_content":"","_et_gb_content_width":"","footnotes":""},"class_list":["post-15953","post","type-post","status-publish","format-standard","has-post-thumbnail","hentry","category-blog"],"yoast_head":"<!-- This site is optimized with the Yoast SEO plugin v24.8.1 - https:\/\/yoast.com\/wordpress\/plugins\/seo\/ -->\n<title>Wann kommt Charit\u00c3\u00a9 Staffel 2 auf Netflix? - Newsslash<\/title>\n<meta name=\"robots\" content=\"noindex, follow\" \/>\n<meta property=\"og:locale\" content=\"en_US\" \/>\n<meta property=\"og:type\" content=\"article\" \/>\n<meta property=\"og:title\" content=\"Wann kommt Charit\u00c3\u00a9 Staffel 2 auf Netflix? - Newsslash\" \/>\n<meta property=\"og:description\" content=\"Sie ist eine der erfolgreichsten deutschen Krankenhausserien der letzten Jahre \u00e2\u20ac\u201c Charit\u00c3\u00a9 startete nun auch im Stream und zeigt... Mehr auf Newsslash.com!\" \/>\n<meta property=\"og:url\" content=\"https:\/\/newsslash.com\/n\/12307-wann-kommt-charite-staffel-2-auf-netflix\/\" \/>\n<meta property=\"og:site_name\" content=\"Newsslash\" \/>\n<meta property=\"article:published_time\" content=\"2018-06-06T11:21:00+00:00\" \/>\n<meta property=\"og:image\" content=\"https:\/\/newsslash.com\/n\/wp-content\/uploads\/2025\/04\/NewsSlash-Featured-Image.jpg\" \/>\n\t<meta property=\"og:image:width\" content=\"1280\" \/>\n\t<meta property=\"og:image:height\" content=\"854\" \/>\n\t<meta property=\"og:image:type\" content=\"image\/jpeg\" \/>\n<meta name=\"author\" content=\"Ramona R\" \/>\n<meta name=\"twitter:card\" content=\"summary_large_image\" \/>\n<meta name=\"twitter:label1\" content=\"Written by\" \/>\n\t<meta name=\"twitter:data1\" content=\"Ramona R\" \/>\n\t<meta name=\"twitter:label2\" content=\"Est. reading time\" \/>\n\t<meta name=\"twitter:data2\" content=\"2 minutes\" \/>\n<script type=\"application\/ld+json\" class=\"yoast-schema-graph\">{\"@context\":\"https:\/\/schema.org\",\"@graph\":[{\"@type\":\"Article\",\"@id\":\"https:\/\/newsslash.com\/n\/12307-wann-kommt-charite-staffel-2-auf-netflix\/#article\",\"isPartOf\":{\"@id\":\"https:\/\/newsslash.com\/n\/12307-wann-kommt-charite-staffel-2-auf-netflix\/\"},\"author\":{\"name\":\"Ramona R\",\"@id\":\"https:\/\/newsslash.com\/n\/#\/schema\/person\/709185a45f398d6a15210745a10251e2\"},\"headline\":\"Wann kommt Charit\u00c3\u00a9 Staffel 2 auf Netflix?\",\"datePublished\":\"2018-06-06T11:21:00+00:00\",\"mainEntityOfPage\":{\"@id\":\"https:\/\/newsslash.com\/n\/12307-wann-kommt-charite-staffel-2-auf-netflix\/\"},\"wordCount\":396,\"commentCount\":0,\"publisher\":{\"@id\":\"https:\/\/newsslash.com\/n\/#organization\"},\"image\":{\"@id\":\"https:\/\/newsslash.com\/n\/12307-wann-kommt-charite-staffel-2-auf-netflix\/#primaryimage\"},\"thumbnailUrl\":\"https:\/\/newsslash.com\/n\/wp-content\/uploads\/2025\/04\/NewsSlash-Featured-Image.jpg\",\"articleSection\":[\"Blog\"],\"inLanguage\":\"en-US\",\"potentialAction\":[{\"@type\":\"CommentAction\",\"name\":\"Comment\",\"target\":[\"https:\/\/newsslash.com\/n\/12307-wann-kommt-charite-staffel-2-auf-netflix\/#respond\"]}]},{\"@type\":\"WebPage\",\"@id\":\"https:\/\/newsslash.com\/n\/12307-wann-kommt-charite-staffel-2-auf-netflix\/\",\"url\":\"https:\/\/newsslash.com\/n\/12307-wann-kommt-charite-staffel-2-auf-netflix\/\",\"name\":\"Wann kommt Charit\u00c3\u00a9 Staffel 2 auf Netflix? - Newsslash\",\"isPartOf\":{\"@id\":\"https:\/\/newsslash.com\/n\/#website\"},\"primaryImageOfPage\":{\"@id\":\"https:\/\/newsslash.com\/n\/12307-wann-kommt-charite-staffel-2-auf-netflix\/#primaryimage\"},\"image\":{\"@id\":\"https:\/\/newsslash.com\/n\/12307-wann-kommt-charite-staffel-2-auf-netflix\/#primaryimage\"},\"thumbnailUrl\":\"https:\/\/newsslash.com\/n\/wp-content\/uploads\/2025\/04\/NewsSlash-Featured-Image.jpg\",\"datePublished\":\"2018-06-06T11:21:00+00:00\",\"breadcrumb\":{\"@id\":\"https:\/\/newsslash.com\/n\/12307-wann-kommt-charite-staffel-2-auf-netflix\/#breadcrumb\"},\"inLanguage\":\"en-US\",\"potentialAction\":[{\"@type\":\"ReadAction\",\"target\":[\"https:\/\/newsslash.com\/n\/12307-wann-kommt-charite-staffel-2-auf-netflix\/\"]}]},{\"@type\":\"ImageObject\",\"inLanguage\":\"en-US\",\"@id\":\"https:\/\/newsslash.com\/n\/12307-wann-kommt-charite-staffel-2-auf-netflix\/#primaryimage\",\"url\":\"https:\/\/newsslash.com\/n\/wp-content\/uploads\/2025\/04\/NewsSlash-Featured-Image.jpg\",\"contentUrl\":\"https:\/\/newsslash.com\/n\/wp-content\/uploads\/2025\/04\/NewsSlash-Featured-Image.jpg\",\"width\":1280,\"height\":854},{\"@type\":\"BreadcrumbList\",\"@id\":\"https:\/\/newsslash.com\/n\/12307-wann-kommt-charite-staffel-2-auf-netflix\/#breadcrumb\",\"itemListElement\":[{\"@type\":\"ListItem\",\"position\":1,\"name\":\"Home\",\"item\":\"https:\/\/newsslash.com\/n\/\"},{\"@type\":\"ListItem\",\"position\":2,\"name\":\"Wann kommt Charit\u00c3\u00a9 Staffel 2 auf Netflix?\"}]},{\"@type\":\"WebSite\",\"@id\":\"https:\/\/newsslash.com\/n\/#website\",\"url\":\"https:\/\/newsslash.com\/n\/\",\"name\":\"Newsslash\",\"description\":\"Trending News on Movies, Series, OTT, Gaming\",\"publisher\":{\"@id\":\"https:\/\/newsslash.com\/n\/#organization\"},\"potentialAction\":[{\"@type\":\"SearchAction\",\"target\":{\"@type\":\"EntryPoint\",\"urlTemplate\":\"https:\/\/newsslash.com\/n\/?s={search_term_string}\"},\"query-input\":{\"@type\":\"PropertyValueSpecification\",\"valueRequired\":true,\"valueName\":\"search_term_string\"}}],\"inLanguage\":\"en-US\"},{\"@type\":\"Organization\",\"@id\":\"https:\/\/newsslash.com\/n\/#organization\",\"name\":\"Newsslash\",\"url\":\"https:\/\/newsslash.com\/n\/\",\"logo\":{\"@type\":\"ImageObject\",\"inLanguage\":\"en-US\",\"@id\":\"https:\/\/newsslash.com\/n\/#\/schema\/logo\/image\/\",\"url\":\"https:\/\/newsslash.com\/n\/wp-content\/uploads\/2025\/04\/cropped-Newsslash-logo-Fevicon.png\",\"contentUrl\":\"https:\/\/newsslash.com\/n\/wp-content\/uploads\/2025\/04\/cropped-Newsslash-logo-Fevicon.png\",\"width\":512,\"height\":512,\"caption\":\"Newsslash\"},\"image\":{\"@id\":\"https:\/\/newsslash.com\/n\/#\/schema\/logo\/image\/\"}},{\"@type\":\"Person\",\"@id\":\"https:\/\/newsslash.com\/n\/#\/schema\/person\/709185a45f398d6a15210745a10251e2\",\"name\":\"Ramona R\",\"sameAs\":[\"https:\/\/newsslash.com\"],\"url\":\"https:\/\/newsslash.com\/n\/author\/ramona_r\/\"}]}<\/script>\n<!-- \/ Yoast SEO plugin. -->","yoast_head_json":{"title":"Wann kommt Charit\u00c3\u00a9 Staffel 2 auf Netflix? - Newsslash","robots":{"index":"noindex","follow":"follow"},"og_locale":"en_US","og_type":"article","og_title":"Wann kommt Charit\u00c3\u00a9 Staffel 2 auf Netflix? - Newsslash","og_description":"Sie ist eine der erfolgreichsten deutschen Krankenhausserien der letzten Jahre \u00e2\u20ac\u201c Charit\u00c3\u00a9 startete nun auch im Stream und zeigt... Mehr auf Newsslash.com!","og_url":"https:\/\/newsslash.com\/n\/12307-wann-kommt-charite-staffel-2-auf-netflix\/","og_site_name":"Newsslash","article_published_time":"2018-06-06T11:21:00+00:00","og_image":[{"width":1280,"height":854,"url":"https:\/\/newsslash.com\/n\/wp-content\/uploads\/2025\/04\/NewsSlash-Featured-Image.jpg","type":"image\/jpeg"}],"author":"Ramona R","twitter_card":"summary_large_image","twitter_misc":{"Written by":"Ramona R","Est. reading time":"2 minutes"},"schema":{"@context":"https:\/\/schema.org","@graph":[{"@type":"Article","@id":"https:\/\/newsslash.com\/n\/12307-wann-kommt-charite-staffel-2-auf-netflix\/#article","isPartOf":{"@id":"https:\/\/newsslash.com\/n\/12307-wann-kommt-charite-staffel-2-auf-netflix\/"},"author":{"name":"Ramona R","@id":"https:\/\/newsslash.com\/n\/#\/schema\/person\/709185a45f398d6a15210745a10251e2"},"headline":"Wann kommt Charit\u00c3\u00a9 Staffel 2 auf Netflix?","datePublished":"2018-06-06T11:21:00+00:00","mainEntityOfPage":{"@id":"https:\/\/newsslash.com\/n\/12307-wann-kommt-charite-staffel-2-auf-netflix\/"},"wordCount":396,"commentCount":0,"publisher":{"@id":"https:\/\/newsslash.com\/n\/#organization"},"image":{"@id":"https:\/\/newsslash.com\/n\/12307-wann-kommt-charite-staffel-2-auf-netflix\/#primaryimage"},"thumbnailUrl":"https:\/\/newsslash.com\/n\/wp-content\/uploads\/2025\/04\/NewsSlash-Featured-Image.jpg","articleSection":["Blog"],"inLanguage":"en-US","potentialAction":[{"@type":"CommentAction","name":"Comment","target":["https:\/\/newsslash.com\/n\/12307-wann-kommt-charite-staffel-2-auf-netflix\/#respond"]}]},{"@type":"WebPage","@id":"https:\/\/newsslash.com\/n\/12307-wann-kommt-charite-staffel-2-auf-netflix\/","url":"https:\/\/newsslash.com\/n\/12307-wann-kommt-charite-staffel-2-auf-netflix\/","name":"Wann kommt Charit\u00c3\u00a9 Staffel 2 auf Netflix? - Newsslash","isPartOf":{"@id":"https:\/\/newsslash.com\/n\/#website"},"primaryImageOfPage":{"@id":"https:\/\/newsslash.com\/n\/12307-wann-kommt-charite-staffel-2-auf-netflix\/#primaryimage"},"image":{"@id":"https:\/\/newsslash.com\/n\/12307-wann-kommt-charite-staffel-2-auf-netflix\/#primaryimage"},"thumbnailUrl":"https:\/\/newsslash.com\/n\/wp-content\/uploads\/2025\/04\/NewsSlash-Featured-Image.jpg","datePublished":"2018-06-06T11:21:00+00:00","breadcrumb":{"@id":"https:\/\/newsslash.com\/n\/12307-wann-kommt-charite-staffel-2-auf-netflix\/#breadcrumb"},"inLanguage":"en-US","potentialAction":[{"@type":"ReadAction","target":["https:\/\/newsslash.com\/n\/12307-wann-kommt-charite-staffel-2-auf-netflix\/"]}]},{"@type":"ImageObject","inLanguage":"en-US","@id":"https:\/\/newsslash.com\/n\/12307-wann-kommt-charite-staffel-2-auf-netflix\/#primaryimage","url":"https:\/\/newsslash.com\/n\/wp-content\/uploads\/2025\/04\/NewsSlash-Featured-Image.jpg","contentUrl":"https:\/\/newsslash.com\/n\/wp-content\/uploads\/2025\/04\/NewsSlash-Featured-Image.jpg","width":1280,"height":854},{"@type":"BreadcrumbList","@id":"https:\/\/newsslash.com\/n\/12307-wann-kommt-charite-staffel-2-auf-netflix\/#breadcrumb","itemListElement":[{"@type":"ListItem","position":1,"name":"Home","item":"https:\/\/newsslash.com\/n\/"},{"@type":"ListItem","position":2,"name":"Wann kommt Charit\u00c3\u00a9 Staffel 2 auf Netflix?"}]},{"@type":"WebSite","@id":"https:\/\/newsslash.com\/n\/#website","url":"https:\/\/newsslash.com\/n\/","name":"Newsslash","description":"Trending News on Movies, Series, OTT, Gaming","publisher":{"@id":"https:\/\/newsslash.com\/n\/#organization"},"potentialAction":[{"@type":"SearchAction","target":{"@type":"EntryPoint","urlTemplate":"https:\/\/newsslash.com\/n\/?s={search_term_string}"},"query-input":{"@type":"PropertyValueSpecification","valueRequired":true,"valueName":"search_term_string"}}],"inLanguage":"en-US"},{"@type":"Organization","@id":"https:\/\/newsslash.com\/n\/#organization","name":"Newsslash","url":"https:\/\/newsslash.com\/n\/","logo":{"@type":"ImageObject","inLanguage":"en-US","@id":"https:\/\/newsslash.com\/n\/#\/schema\/logo\/image\/","url":"https:\/\/newsslash.com\/n\/wp-content\/uploads\/2025\/04\/cropped-Newsslash-logo-Fevicon.png","contentUrl":"https:\/\/newsslash.com\/n\/wp-content\/uploads\/2025\/04\/cropped-Newsslash-logo-Fevicon.png","width":512,"height":512,"caption":"Newsslash"},"image":{"@id":"https:\/\/newsslash.com\/n\/#\/schema\/logo\/image\/"}},{"@type":"Person","@id":"https:\/\/newsslash.com\/n\/#\/schema\/person\/709185a45f398d6a15210745a10251e2","name":"Ramona R","sameAs":["https:\/\/newsslash.com"],"url":"https:\/\/newsslash.com\/n\/author\/ramona_r\/"}]}},"_links":{"self":[{"href":"https:\/\/newsslash.com\/n\/wp-json\/wp\/v2\/posts\/15953","targetHints":{"allow":["GET"]}}],"collection":[{"href":"https:\/\/newsslash.com\/n\/wp-json\/wp\/v2\/posts"}],"about":[{"href":"https:\/\/newsslash.com\/n\/wp-json\/wp\/v2\/types\/post"}],"author":[{"embeddable":true,"href":"https:\/\/newsslash.com\/n\/wp-json\/wp\/v2\/users\/5"}],"replies":[{"embeddable":true,"href":"https:\/\/newsslash.com\/n\/wp-json\/wp\/v2\/comments?post=15953"}],"version-history":[{"count":0,"href":"https:\/\/newsslash.com\/n\/wp-json\/wp\/v2\/posts\/15953\/revisions"}],"wp:featuredmedia":[{"embeddable":true,"href":"https:\/\/newsslash.com\/n\/wp-json\/wp\/v2\/media\/21974"}],"wp:attachment":[{"href":"https:\/\/newsslash.com\/n\/wp-json\/wp\/v2\/media?parent=15953"}],"curies":[{"name":"wp","href":"https:\/\/api.w.org\/{rel}","templated":true}]}}