{"id":16002,"date":"2018-06-04T10:58:00","date_gmt":"2018-06-04T10:58:00","guid":{"rendered":"https:\/\/newsslash.com\/n\/12346-wann-kommt-le-chalet-staffel-2-auf-netflix\/"},"modified":"2018-06-04T10:58:00","modified_gmt":"2018-06-04T10:58:00","slug":"12346-wann-kommt-le-chalet-staffel-2-auf-netflix","status":"publish","type":"post","link":"https:\/\/newsslash.com\/n\/12346-wann-kommt-le-chalet-staffel-2-auf-netflix\/","title":{"rendered":"Wann kommt Le Chalet Staffel 2 auf Netflix?"},"content":{"rendered":"<p>Le Chalet ist eine neue franz\u00c3\u00b6sische Eigenproduktion vom VoD-Anbieter Netflix. Seit dem 18. April ist die erste Staffel mit insgesamt sechs Episoden im Stream zu sehen. Die Thrillerserie wurde von den Seriensch\u00c3\u00b6pfern Alexis Lecaye und Camille Bordes-Resnais entwickelt und bedient sich dabei den typischen Mitteln eines Psychothrillers, denn was w\u00c3\u00a4re eine Thrillerserie ohne eine einsame H\u00c3\u00bctte im Wald, einer gekappten Telefonleitung und dem Feind in den eigenen Reihen? Oder wer ist der wahre M\u00c3\u00b6rder? Wann kommt Le Chalet Staffel 2 auf Netflix? Auf die Frage, wann Le Chalet Staffel 2 auf Netflix kommt, hat der Streaming-Anbieter noch keine Antwort gegeben. Dies k\u00c3\u00b6nnte jedoch daran liegen, dass die erste Staffel der Thrillerserie erst k\u00c3\u00bcrzlich an den Start ging. Sollte in den n\u00c3\u00a4chsten Wochen eine weitere Staffel in Auftrag gegeben werden, k\u00c3\u00b6nnte Le Chalet Staffel 2 voraussichtlich im April n\u00c3\u00a4chsten Jahres im Stream erscheinen. Wir halten euch aber auf dem Laufenden und geben Bescheid, wenn klar ist, wann Le Chalet Staffel 2 auf Netflix kommt. <ins data-ad-client=\"ca-pub-3647021458695789\" data-ad-format=\"link\" data-ad-slot=\"7996975644\" style=\"display:block\"><\/ins> <b>Darum handelt Le Chalet:<\/b> Manu (Marc Ruchmann) und seine Freundin Ad\u00c3\u00a8le (\u00c3\u2030milie de Preissac) sind schon eine Weile zusammen. Gemeinsam haben sie sich eine H\u00c3\u00bctte in den franz\u00c3\u00b6sischen Alpen gemietet, um dort ein paar ruhige Stunden miteinander zu verbringen, bevor Manus Freunde aus der Kindheit hinzusto\u00c3\u0178en. Sie alle kommen aus dem Dorf in der N\u00c3\u00a4he der verlassenen H\u00c3\u00bctte, die das letzte Mal vor 20 Jahren vermietet wurde. Damals lies sich in dem modern eingerichteten Chalet der Pariser Schriftsteller Jean-Louis Radier (Manuel Blanc) mit seiner Frau und seinem Sohn, der sich in die h\u00c3\u00bcbsche Alice (Louvia Blachelier) verliebte, zum \u00c3\u201erger eines anderen Jungens im Dorf, nieder. Durch seine abgehobene Art hat sich der Familienvater jedoch keine Freunde gemacht und noch skurriler war es, als die Familie Hals \u00c3\u00bcber Kopf das Dorf verlie\u00c3\u0178 und nie wieder auftauchte. Nun sind Manu und seine Freunde, zu denen auch Alice z\u00c3\u00a4hlt, in der H\u00c3\u00bctte und schon w\u00c3\u00a4hrend der Fahrt dorthin wird die \u00c3\u0153berfahrtsbr\u00c3\u00bccke durch einen Steinschlag zerst\u00c3\u00b6rt. Was danach folgt \u00c3\u00a4hnelt einem klassischen Horrorfilm: Eine B\u00c3\u00a4renfalle verletzt einen der Freunde, w\u00c3\u00a4hrend andere von ihnen angeschossen werden. Telefon und Handys funktionieren nicht mehr und eine Botschaft erreicht die Freunde: Was tun, wenn einer von ihnen verschwindet und nie wieder auftaucht? Was geschah damals vor 20 Jahren in dieser H\u00c3\u00bctte? Das fragt sich auch Ad\u00c3\u00a8le und ein dunkles Geheimnis kommt ans Tageslicht. Welches das ist, seht ihr in Le Chalet Staffel 1. <iframe loading=\"lazy\" allowfullscreen=\"\" frameborder=\"0\" height=\"315\" src=\"https:\/\/www.youtube-nocookie.com\/embed\/0i5XJP0kqWQ\" width=\"100%\"><\/iframe><\/p><div class=\"newss-content\" id=\"newss-4120220851\"><script async src=\"\/\/pagead2.googlesyndication.com\/pagead\/js\/adsbygoogle.js?client=ca-pub-7733425960004873\" crossorigin=\"anonymous\"><\/script><ins class=\"adsbygoogle\" style=\"display:block;\" data-ad-client=\"ca-pub-7733425960004873\" \ndata-ad-slot=\"2582020599\" \ndata-ad-format=\"auto\"><\/ins>\n<script> \n(adsbygoogle = window.adsbygoogle || []).push({}); \n<\/script>\n<\/div><div class=\"newss-article-1\" id=\"newss-2884054952\"><script async src=\"https:\/\/pagead2.googlesyndication.com\/pagead\/js\/adsbygoogle.js?client=ca-pub-7733425960004873\"\r\n     crossorigin=\"anonymous\"><\/script>\r\n<!-- Homepage2 -->\r\n<ins class=\"adsbygoogle\"\r\n     style=\"display:block\"\r\n     data-ad-client=\"ca-pub-7733425960004873\"\r\n     data-ad-slot=\"2582020599\"\r\n     data-ad-format=\"auto\"\r\n     data-full-width-responsive=\"true\"><\/ins>\r\n<script>\r\n     (adsbygoogle = window.adsbygoogle || []).push({});\r\n<\/script><\/div>\n","protected":false},"excerpt":{"rendered":"<p>Was tun, wenn die Gefahr im eigenen Freundeskreis lauert? Le Chalet \u00e2\u20ac\u201c Netflix neue Eigenproduktion l\u00c3\u00a4uft seit kurzem im Stream&#8230; Mehr auf Newsslash.com!<\/p>\n","protected":false},"author":5,"featured_media":21974,"comment_status":"open","ping_status":"open","sticky":false,"template":"","format":"standard","meta":{"_et_pb_use_builder":"","_et_pb_old_content":"","_et_gb_content_width":"","footnotes":""},"class_list":["post-16002","post","type-post","status-publish","format-standard","has-post-thumbnail","hentry","category-blog"],"yoast_head":"<!-- This site is optimized with the Yoast SEO plugin v24.8.1 - https:\/\/yoast.com\/wordpress\/plugins\/seo\/ -->\n<title>Wann kommt Le Chalet Staffel 2 auf Netflix? - Newsslash<\/title>\n<meta name=\"robots\" content=\"noindex, follow\" \/>\n<meta property=\"og:locale\" content=\"en_US\" \/>\n<meta property=\"og:type\" content=\"article\" \/>\n<meta property=\"og:title\" content=\"Wann kommt Le Chalet Staffel 2 auf Netflix? - Newsslash\" \/>\n<meta property=\"og:description\" content=\"Was tun, wenn die Gefahr im eigenen Freundeskreis lauert? Le Chalet \u00e2\u20ac\u201c Netflix neue Eigenproduktion l\u00c3\u00a4uft seit kurzem im Stream... Mehr auf Newsslash.com!\" \/>\n<meta property=\"og:url\" content=\"https:\/\/newsslash.com\/n\/12346-wann-kommt-le-chalet-staffel-2-auf-netflix\/\" \/>\n<meta property=\"og:site_name\" content=\"Newsslash\" \/>\n<meta property=\"article:published_time\" content=\"2018-06-04T10:58:00+00:00\" \/>\n<meta property=\"og:image\" content=\"https:\/\/newsslash.com\/n\/wp-content\/uploads\/2025\/04\/NewsSlash-Featured-Image.jpg\" \/>\n\t<meta property=\"og:image:width\" content=\"1280\" \/>\n\t<meta property=\"og:image:height\" content=\"854\" \/>\n\t<meta property=\"og:image:type\" content=\"image\/jpeg\" \/>\n<meta name=\"author\" content=\"Ramona R\" \/>\n<meta name=\"twitter:card\" content=\"summary_large_image\" \/>\n<meta name=\"twitter:label1\" content=\"Written by\" \/>\n\t<meta name=\"twitter:data1\" content=\"Ramona R\" \/>\n\t<meta name=\"twitter:label2\" content=\"Est. reading time\" \/>\n\t<meta name=\"twitter:data2\" content=\"2 minutes\" \/>\n<script type=\"application\/ld+json\" class=\"yoast-schema-graph\">{\"@context\":\"https:\/\/schema.org\",\"@graph\":[{\"@type\":\"Article\",\"@id\":\"https:\/\/newsslash.com\/n\/12346-wann-kommt-le-chalet-staffel-2-auf-netflix\/#article\",\"isPartOf\":{\"@id\":\"https:\/\/newsslash.com\/n\/12346-wann-kommt-le-chalet-staffel-2-auf-netflix\/\"},\"author\":{\"name\":\"Ramona R\",\"@id\":\"https:\/\/newsslash.com\/n\/#\/schema\/person\/709185a45f398d6a15210745a10251e2\"},\"headline\":\"Wann kommt Le Chalet Staffel 2 auf Netflix?\",\"datePublished\":\"2018-06-04T10:58:00+00:00\",\"mainEntityOfPage\":{\"@id\":\"https:\/\/newsslash.com\/n\/12346-wann-kommt-le-chalet-staffel-2-auf-netflix\/\"},\"wordCount\":423,\"commentCount\":0,\"publisher\":{\"@id\":\"https:\/\/newsslash.com\/n\/#organization\"},\"image\":{\"@id\":\"https:\/\/newsslash.com\/n\/12346-wann-kommt-le-chalet-staffel-2-auf-netflix\/#primaryimage\"},\"thumbnailUrl\":\"https:\/\/newsslash.com\/n\/wp-content\/uploads\/2025\/04\/NewsSlash-Featured-Image.jpg\",\"articleSection\":[\"Blog\"],\"inLanguage\":\"en-US\",\"potentialAction\":[{\"@type\":\"CommentAction\",\"name\":\"Comment\",\"target\":[\"https:\/\/newsslash.com\/n\/12346-wann-kommt-le-chalet-staffel-2-auf-netflix\/#respond\"]}]},{\"@type\":\"WebPage\",\"@id\":\"https:\/\/newsslash.com\/n\/12346-wann-kommt-le-chalet-staffel-2-auf-netflix\/\",\"url\":\"https:\/\/newsslash.com\/n\/12346-wann-kommt-le-chalet-staffel-2-auf-netflix\/\",\"name\":\"Wann kommt Le Chalet Staffel 2 auf Netflix? - Newsslash\",\"isPartOf\":{\"@id\":\"https:\/\/newsslash.com\/n\/#website\"},\"primaryImageOfPage\":{\"@id\":\"https:\/\/newsslash.com\/n\/12346-wann-kommt-le-chalet-staffel-2-auf-netflix\/#primaryimage\"},\"image\":{\"@id\":\"https:\/\/newsslash.com\/n\/12346-wann-kommt-le-chalet-staffel-2-auf-netflix\/#primaryimage\"},\"thumbnailUrl\":\"https:\/\/newsslash.com\/n\/wp-content\/uploads\/2025\/04\/NewsSlash-Featured-Image.jpg\",\"datePublished\":\"2018-06-04T10:58:00+00:00\",\"breadcrumb\":{\"@id\":\"https:\/\/newsslash.com\/n\/12346-wann-kommt-le-chalet-staffel-2-auf-netflix\/#breadcrumb\"},\"inLanguage\":\"en-US\",\"potentialAction\":[{\"@type\":\"ReadAction\",\"target\":[\"https:\/\/newsslash.com\/n\/12346-wann-kommt-le-chalet-staffel-2-auf-netflix\/\"]}]},{\"@type\":\"ImageObject\",\"inLanguage\":\"en-US\",\"@id\":\"https:\/\/newsslash.com\/n\/12346-wann-kommt-le-chalet-staffel-2-auf-netflix\/#primaryimage\",\"url\":\"https:\/\/newsslash.com\/n\/wp-content\/uploads\/2025\/04\/NewsSlash-Featured-Image.jpg\",\"contentUrl\":\"https:\/\/newsslash.com\/n\/wp-content\/uploads\/2025\/04\/NewsSlash-Featured-Image.jpg\",\"width\":1280,\"height\":854},{\"@type\":\"BreadcrumbList\",\"@id\":\"https:\/\/newsslash.com\/n\/12346-wann-kommt-le-chalet-staffel-2-auf-netflix\/#breadcrumb\",\"itemListElement\":[{\"@type\":\"ListItem\",\"position\":1,\"name\":\"Home\",\"item\":\"https:\/\/newsslash.com\/n\/\"},{\"@type\":\"ListItem\",\"position\":2,\"name\":\"Wann kommt Le Chalet Staffel 2 auf Netflix?\"}]},{\"@type\":\"WebSite\",\"@id\":\"https:\/\/newsslash.com\/n\/#website\",\"url\":\"https:\/\/newsslash.com\/n\/\",\"name\":\"Newsslash\",\"description\":\"Trending News on Movies, Series, OTT, Gaming\",\"publisher\":{\"@id\":\"https:\/\/newsslash.com\/n\/#organization\"},\"potentialAction\":[{\"@type\":\"SearchAction\",\"target\":{\"@type\":\"EntryPoint\",\"urlTemplate\":\"https:\/\/newsslash.com\/n\/?s={search_term_string}\"},\"query-input\":{\"@type\":\"PropertyValueSpecification\",\"valueRequired\":true,\"valueName\":\"search_term_string\"}}],\"inLanguage\":\"en-US\"},{\"@type\":\"Organization\",\"@id\":\"https:\/\/newsslash.com\/n\/#organization\",\"name\":\"Newsslash\",\"url\":\"https:\/\/newsslash.com\/n\/\",\"logo\":{\"@type\":\"ImageObject\",\"inLanguage\":\"en-US\",\"@id\":\"https:\/\/newsslash.com\/n\/#\/schema\/logo\/image\/\",\"url\":\"https:\/\/newsslash.com\/n\/wp-content\/uploads\/2025\/04\/cropped-Newsslash-logo-Fevicon.png\",\"contentUrl\":\"https:\/\/newsslash.com\/n\/wp-content\/uploads\/2025\/04\/cropped-Newsslash-logo-Fevicon.png\",\"width\":512,\"height\":512,\"caption\":\"Newsslash\"},\"image\":{\"@id\":\"https:\/\/newsslash.com\/n\/#\/schema\/logo\/image\/\"}},{\"@type\":\"Person\",\"@id\":\"https:\/\/newsslash.com\/n\/#\/schema\/person\/709185a45f398d6a15210745a10251e2\",\"name\":\"Ramona R\",\"sameAs\":[\"https:\/\/newsslash.com\"],\"url\":\"https:\/\/newsslash.com\/n\/author\/ramona_r\/\"}]}<\/script>\n<!-- \/ Yoast SEO plugin. -->","yoast_head_json":{"title":"Wann kommt Le Chalet Staffel 2 auf Netflix? - Newsslash","robots":{"index":"noindex","follow":"follow"},"og_locale":"en_US","og_type":"article","og_title":"Wann kommt Le Chalet Staffel 2 auf Netflix? - Newsslash","og_description":"Was tun, wenn die Gefahr im eigenen Freundeskreis lauert? Le Chalet \u00e2\u20ac\u201c Netflix neue Eigenproduktion l\u00c3\u00a4uft seit kurzem im Stream... Mehr auf Newsslash.com!","og_url":"https:\/\/newsslash.com\/n\/12346-wann-kommt-le-chalet-staffel-2-auf-netflix\/","og_site_name":"Newsslash","article_published_time":"2018-06-04T10:58:00+00:00","og_image":[{"width":1280,"height":854,"url":"https:\/\/newsslash.com\/n\/wp-content\/uploads\/2025\/04\/NewsSlash-Featured-Image.jpg","type":"image\/jpeg"}],"author":"Ramona R","twitter_card":"summary_large_image","twitter_misc":{"Written by":"Ramona R","Est. reading time":"2 minutes"},"schema":{"@context":"https:\/\/schema.org","@graph":[{"@type":"Article","@id":"https:\/\/newsslash.com\/n\/12346-wann-kommt-le-chalet-staffel-2-auf-netflix\/#article","isPartOf":{"@id":"https:\/\/newsslash.com\/n\/12346-wann-kommt-le-chalet-staffel-2-auf-netflix\/"},"author":{"name":"Ramona R","@id":"https:\/\/newsslash.com\/n\/#\/schema\/person\/709185a45f398d6a15210745a10251e2"},"headline":"Wann kommt Le Chalet Staffel 2 auf Netflix?","datePublished":"2018-06-04T10:58:00+00:00","mainEntityOfPage":{"@id":"https:\/\/newsslash.com\/n\/12346-wann-kommt-le-chalet-staffel-2-auf-netflix\/"},"wordCount":423,"commentCount":0,"publisher":{"@id":"https:\/\/newsslash.com\/n\/#organization"},"image":{"@id":"https:\/\/newsslash.com\/n\/12346-wann-kommt-le-chalet-staffel-2-auf-netflix\/#primaryimage"},"thumbnailUrl":"https:\/\/newsslash.com\/n\/wp-content\/uploads\/2025\/04\/NewsSlash-Featured-Image.jpg","articleSection":["Blog"],"inLanguage":"en-US","potentialAction":[{"@type":"CommentAction","name":"Comment","target":["https:\/\/newsslash.com\/n\/12346-wann-kommt-le-chalet-staffel-2-auf-netflix\/#respond"]}]},{"@type":"WebPage","@id":"https:\/\/newsslash.com\/n\/12346-wann-kommt-le-chalet-staffel-2-auf-netflix\/","url":"https:\/\/newsslash.com\/n\/12346-wann-kommt-le-chalet-staffel-2-auf-netflix\/","name":"Wann kommt Le Chalet Staffel 2 auf Netflix? - Newsslash","isPartOf":{"@id":"https:\/\/newsslash.com\/n\/#website"},"primaryImageOfPage":{"@id":"https:\/\/newsslash.com\/n\/12346-wann-kommt-le-chalet-staffel-2-auf-netflix\/#primaryimage"},"image":{"@id":"https:\/\/newsslash.com\/n\/12346-wann-kommt-le-chalet-staffel-2-auf-netflix\/#primaryimage"},"thumbnailUrl":"https:\/\/newsslash.com\/n\/wp-content\/uploads\/2025\/04\/NewsSlash-Featured-Image.jpg","datePublished":"2018-06-04T10:58:00+00:00","breadcrumb":{"@id":"https:\/\/newsslash.com\/n\/12346-wann-kommt-le-chalet-staffel-2-auf-netflix\/#breadcrumb"},"inLanguage":"en-US","potentialAction":[{"@type":"ReadAction","target":["https:\/\/newsslash.com\/n\/12346-wann-kommt-le-chalet-staffel-2-auf-netflix\/"]}]},{"@type":"ImageObject","inLanguage":"en-US","@id":"https:\/\/newsslash.com\/n\/12346-wann-kommt-le-chalet-staffel-2-auf-netflix\/#primaryimage","url":"https:\/\/newsslash.com\/n\/wp-content\/uploads\/2025\/04\/NewsSlash-Featured-Image.jpg","contentUrl":"https:\/\/newsslash.com\/n\/wp-content\/uploads\/2025\/04\/NewsSlash-Featured-Image.jpg","width":1280,"height":854},{"@type":"BreadcrumbList","@id":"https:\/\/newsslash.com\/n\/12346-wann-kommt-le-chalet-staffel-2-auf-netflix\/#breadcrumb","itemListElement":[{"@type":"ListItem","position":1,"name":"Home","item":"https:\/\/newsslash.com\/n\/"},{"@type":"ListItem","position":2,"name":"Wann kommt Le Chalet Staffel 2 auf Netflix?"}]},{"@type":"WebSite","@id":"https:\/\/newsslash.com\/n\/#website","url":"https:\/\/newsslash.com\/n\/","name":"Newsslash","description":"Trending News on Movies, Series, OTT, Gaming","publisher":{"@id":"https:\/\/newsslash.com\/n\/#organization"},"potentialAction":[{"@type":"SearchAction","target":{"@type":"EntryPoint","urlTemplate":"https:\/\/newsslash.com\/n\/?s={search_term_string}"},"query-input":{"@type":"PropertyValueSpecification","valueRequired":true,"valueName":"search_term_string"}}],"inLanguage":"en-US"},{"@type":"Organization","@id":"https:\/\/newsslash.com\/n\/#organization","name":"Newsslash","url":"https:\/\/newsslash.com\/n\/","logo":{"@type":"ImageObject","inLanguage":"en-US","@id":"https:\/\/newsslash.com\/n\/#\/schema\/logo\/image\/","url":"https:\/\/newsslash.com\/n\/wp-content\/uploads\/2025\/04\/cropped-Newsslash-logo-Fevicon.png","contentUrl":"https:\/\/newsslash.com\/n\/wp-content\/uploads\/2025\/04\/cropped-Newsslash-logo-Fevicon.png","width":512,"height":512,"caption":"Newsslash"},"image":{"@id":"https:\/\/newsslash.com\/n\/#\/schema\/logo\/image\/"}},{"@type":"Person","@id":"https:\/\/newsslash.com\/n\/#\/schema\/person\/709185a45f398d6a15210745a10251e2","name":"Ramona R","sameAs":["https:\/\/newsslash.com"],"url":"https:\/\/newsslash.com\/n\/author\/ramona_r\/"}]}},"_links":{"self":[{"href":"https:\/\/newsslash.com\/n\/wp-json\/wp\/v2\/posts\/16002","targetHints":{"allow":["GET"]}}],"collection":[{"href":"https:\/\/newsslash.com\/n\/wp-json\/wp\/v2\/posts"}],"about":[{"href":"https:\/\/newsslash.com\/n\/wp-json\/wp\/v2\/types\/post"}],"author":[{"embeddable":true,"href":"https:\/\/newsslash.com\/n\/wp-json\/wp\/v2\/users\/5"}],"replies":[{"embeddable":true,"href":"https:\/\/newsslash.com\/n\/wp-json\/wp\/v2\/comments?post=16002"}],"version-history":[{"count":0,"href":"https:\/\/newsslash.com\/n\/wp-json\/wp\/v2\/posts\/16002\/revisions"}],"wp:featuredmedia":[{"embeddable":true,"href":"https:\/\/newsslash.com\/n\/wp-json\/wp\/v2\/media\/21974"}],"wp:attachment":[{"href":"https:\/\/newsslash.com\/n\/wp-json\/wp\/v2\/media?parent=16002"}],"curies":[{"name":"wp","href":"https:\/\/api.w.org\/{rel}","templated":true}]}}