{"id":16137,"date":"2018-06-22T11:00:00","date_gmt":"2018-06-22T11:00:00","guid":{"rendered":"https:\/\/newsslash.com\/n\/12474-wann-kommt-sturm-der-liebe-staffel-15-auf-ard\/"},"modified":"2018-06-22T11:00:00","modified_gmt":"2018-06-22T11:00:00","slug":"12474-wann-kommt-sturm-der-liebe-staffel-15-auf-ard","status":"publish","type":"post","link":"https:\/\/newsslash.com\/n\/12474-wann-kommt-sturm-der-liebe-staffel-15-auf-ard\/","title":{"rendered":"Wann kommt Sturm der Liebe Staffel 15 auf ARD?"},"content":{"rendered":"<p>Sturm der Liebe \u00e2\u20ac\u201c der Name ist Programm in der Telenovela, die seit dem 26. September 2005 t\u00c3\u00a4glich von Montag bis Freitag auf dem Ersten ausgestrahlt wird. Seit 2005 herrscht reges Liebeschaos am luxuri\u00c3\u00b6sen Hotel, dem F\u00c3\u00bcrstenhof, der seid Beginn der Serie in der Hand der Familie Saalfeld ist. Auch in Staffel 14 stehen Paare vor der Frage, wie es mit ihrer Liebe weitergeht und nicht selten handelt es sich dabei um eine Dreieicksbeziehung. Wie geht es nach der 14. Staffel weiter? Wann kommt Sturm der Liebe Staffel 15 auf ARD? Wann Sturm der Liebe Staffel 15 auf ARD kommt, steht noch nicht fest. Allerdings hat der Sender vor einigen Wochen bereits bekannt gegeben, dass aktuell eine Fortsetzung gedreht werde und die neue Staffel dann im kommenden Jahr auf dem Ersten erscheinen wird. Dass es auch in Sturm der Liebe Staffel 15 wieder ein Paar im Mittelpunkt der Staffel geben wird, d\u00c3\u00bcrfte nicht viele Zuschauer verwundern. Auch nicht, dass sich der aktuelle Chefautor Bj\u00c3\u00b6rn Firnrohr mit Liebesgeschichten f\u00c3\u00bcr Telenovelas auskennt. Schlie\u00c3\u0178lich hat er auch bereits f\u00c3\u00bcr Verbotene Liebe und Alles was z\u00c3\u00a4hlt Stories geschrieben. <ins data-ad-client=\"ca-pub-3647021458695789\" data-ad-format=\"link\" data-ad-slot=\"7996975644\" style=\"display:block\"><\/ins> Die Telenovela Sturm der Liebe zeigt uns allt\u00c3\u00a4glich das Leben im bayerischen Luxushotel. Der F\u00c3\u00bcrstenhof ist der Magnet f\u00c3\u00bcr viele reiche G\u00c3\u00a4ste aus der ganzen Welt. Doch nicht immer l\u00c3\u00a4uft alles nach Plan: Intrigen, Machtspiele und Liebeschaos geh\u00c3\u00b6ren zum Alltag des Hotels, ebenso wie es zum Alltag vieler Telenovelas geh\u00c3\u00b6rt. Derzeit l\u00c3\u00a4uft noch die 14. Staffel von Sturm der Liebe, wenn auch durch die Weltmeisterschaft nicht immer t\u00c3\u00a4glich. Im Zentrum des Geschehens stehen diesmal die junge \u00c3\u201erztin Alicia (Larissa Marolt), ihr Verlobter Christoph Seefeld (Dieter Bach) und dessen Sohn Viktor (Sebastian Fischer), der ebenfalls in die attraktive Blondine verliebt ist. F\u00c3\u00bcr die junge \u00c3\u201erztin beginnt eine Achterbahnfahrt der Gef\u00c3\u00bchle. Auch bei Eva (Uta Kargel) und Robert (Lorenzo Patan\u00c3\u00a9) Saalfeld steht eine neue Herausforderung an. Seit 2010 sind sie in der Serie bereits verheiratet, doch ihr Kinderwunsch ging bislang noch nicht in Erf\u00c3\u00bcllung. Wird es in Sturm der Liebe Staffel 15 endlich soweit sein? Das wird sich zeigen, sobald Sturm der Liebe Staffel 15 auf dem Ersten kommt. <iframe loading=\"lazy\" allowfullscreen=\"\" frameborder=\"0\" height=\"315\" src=\"https:\/\/www.youtube-nocookie.com\/embed\/gZB7xAlSnHw\" width=\"100%\"><\/iframe><\/p><div class=\"newss-content\" id=\"newss-3138122340\"><script async src=\"\/\/pagead2.googlesyndication.com\/pagead\/js\/adsbygoogle.js?client=ca-pub-7733425960004873\" crossorigin=\"anonymous\"><\/script><ins class=\"adsbygoogle\" style=\"display:block;\" data-ad-client=\"ca-pub-7733425960004873\" \ndata-ad-slot=\"2582020599\" \ndata-ad-format=\"auto\"><\/ins>\n<script> \n(adsbygoogle = window.adsbygoogle || []).push({}); \n<\/script>\n<\/div><div class=\"newss-article-1\" id=\"newss-2406490317\"><script async src=\"https:\/\/pagead2.googlesyndication.com\/pagead\/js\/adsbygoogle.js?client=ca-pub-7733425960004873\"\r\n     crossorigin=\"anonymous\"><\/script>\r\n<!-- Homepage2 -->\r\n<ins class=\"adsbygoogle\"\r\n     style=\"display:block\"\r\n     data-ad-client=\"ca-pub-7733425960004873\"\r\n     data-ad-slot=\"2582020599\"\r\n     data-ad-format=\"auto\"\r\n     data-full-width-responsive=\"true\"><\/ins>\r\n<script>\r\n     (adsbygoogle = window.adsbygoogle || []).push({});\r\n<\/script><\/div>\n","protected":false},"excerpt":{"rendered":"<p>Am bayerischen F\u00c3\u00bcnfsternehotel dem F\u00c3\u00bcrstenhof geht es drunter und dr\u00c3\u00bcber. W\u00c3\u00a4hrend die einen sich verlieben, herrscht bei den&#8230; Mehr auf Newsslash.com!<\/p>\n","protected":false},"author":5,"featured_media":21974,"comment_status":"open","ping_status":"open","sticky":false,"template":"","format":"standard","meta":{"_et_pb_use_builder":"","_et_pb_old_content":"","_et_gb_content_width":"","footnotes":""},"class_list":["post-16137","post","type-post","status-publish","format-standard","has-post-thumbnail","hentry","category-blog"],"yoast_head":"<!-- This site is optimized with the Yoast SEO plugin v24.8.1 - https:\/\/yoast.com\/wordpress\/plugins\/seo\/ -->\n<title>Wann kommt Sturm der Liebe Staffel 15 auf ARD? - Newsslash<\/title>\n<meta name=\"robots\" content=\"noindex, follow\" \/>\n<meta property=\"og:locale\" content=\"en_US\" \/>\n<meta property=\"og:type\" content=\"article\" \/>\n<meta property=\"og:title\" content=\"Wann kommt Sturm der Liebe Staffel 15 auf ARD? - Newsslash\" \/>\n<meta property=\"og:description\" content=\"Am bayerischen F\u00c3\u00bcnfsternehotel dem F\u00c3\u00bcrstenhof geht es drunter und dr\u00c3\u00bcber. W\u00c3\u00a4hrend die einen sich verlieben, herrscht bei den... Mehr auf Newsslash.com!\" \/>\n<meta property=\"og:url\" content=\"https:\/\/newsslash.com\/n\/12474-wann-kommt-sturm-der-liebe-staffel-15-auf-ard\/\" \/>\n<meta property=\"og:site_name\" content=\"Newsslash\" \/>\n<meta property=\"article:published_time\" content=\"2018-06-22T11:00:00+00:00\" \/>\n<meta property=\"og:image\" content=\"https:\/\/newsslash.com\/n\/wp-content\/uploads\/2025\/04\/NewsSlash-Featured-Image.jpg\" \/>\n\t<meta property=\"og:image:width\" content=\"1280\" \/>\n\t<meta property=\"og:image:height\" content=\"854\" \/>\n\t<meta property=\"og:image:type\" content=\"image\/jpeg\" \/>\n<meta name=\"author\" content=\"Ramona R\" \/>\n<meta name=\"twitter:card\" content=\"summary_large_image\" \/>\n<meta name=\"twitter:label1\" content=\"Written by\" \/>\n\t<meta name=\"twitter:data1\" content=\"Ramona R\" \/>\n\t<meta name=\"twitter:label2\" content=\"Est. reading time\" \/>\n\t<meta name=\"twitter:data2\" content=\"2 minutes\" \/>\n<script type=\"application\/ld+json\" class=\"yoast-schema-graph\">{\"@context\":\"https:\/\/schema.org\",\"@graph\":[{\"@type\":\"Article\",\"@id\":\"https:\/\/newsslash.com\/n\/12474-wann-kommt-sturm-der-liebe-staffel-15-auf-ard\/#article\",\"isPartOf\":{\"@id\":\"https:\/\/newsslash.com\/n\/12474-wann-kommt-sturm-der-liebe-staffel-15-auf-ard\/\"},\"author\":{\"name\":\"Ramona R\",\"@id\":\"https:\/\/newsslash.com\/n\/#\/schema\/person\/709185a45f398d6a15210745a10251e2\"},\"headline\":\"Wann kommt Sturm der Liebe Staffel 15 auf ARD?\",\"datePublished\":\"2018-06-22T11:00:00+00:00\",\"mainEntityOfPage\":{\"@id\":\"https:\/\/newsslash.com\/n\/12474-wann-kommt-sturm-der-liebe-staffel-15-auf-ard\/\"},\"wordCount\":367,\"commentCount\":0,\"publisher\":{\"@id\":\"https:\/\/newsslash.com\/n\/#organization\"},\"image\":{\"@id\":\"https:\/\/newsslash.com\/n\/12474-wann-kommt-sturm-der-liebe-staffel-15-auf-ard\/#primaryimage\"},\"thumbnailUrl\":\"https:\/\/newsslash.com\/n\/wp-content\/uploads\/2025\/04\/NewsSlash-Featured-Image.jpg\",\"articleSection\":[\"Blog\"],\"inLanguage\":\"en-US\",\"potentialAction\":[{\"@type\":\"CommentAction\",\"name\":\"Comment\",\"target\":[\"https:\/\/newsslash.com\/n\/12474-wann-kommt-sturm-der-liebe-staffel-15-auf-ard\/#respond\"]}]},{\"@type\":\"WebPage\",\"@id\":\"https:\/\/newsslash.com\/n\/12474-wann-kommt-sturm-der-liebe-staffel-15-auf-ard\/\",\"url\":\"https:\/\/newsslash.com\/n\/12474-wann-kommt-sturm-der-liebe-staffel-15-auf-ard\/\",\"name\":\"Wann kommt Sturm der Liebe Staffel 15 auf ARD? - Newsslash\",\"isPartOf\":{\"@id\":\"https:\/\/newsslash.com\/n\/#website\"},\"primaryImageOfPage\":{\"@id\":\"https:\/\/newsslash.com\/n\/12474-wann-kommt-sturm-der-liebe-staffel-15-auf-ard\/#primaryimage\"},\"image\":{\"@id\":\"https:\/\/newsslash.com\/n\/12474-wann-kommt-sturm-der-liebe-staffel-15-auf-ard\/#primaryimage\"},\"thumbnailUrl\":\"https:\/\/newsslash.com\/n\/wp-content\/uploads\/2025\/04\/NewsSlash-Featured-Image.jpg\",\"datePublished\":\"2018-06-22T11:00:00+00:00\",\"breadcrumb\":{\"@id\":\"https:\/\/newsslash.com\/n\/12474-wann-kommt-sturm-der-liebe-staffel-15-auf-ard\/#breadcrumb\"},\"inLanguage\":\"en-US\",\"potentialAction\":[{\"@type\":\"ReadAction\",\"target\":[\"https:\/\/newsslash.com\/n\/12474-wann-kommt-sturm-der-liebe-staffel-15-auf-ard\/\"]}]},{\"@type\":\"ImageObject\",\"inLanguage\":\"en-US\",\"@id\":\"https:\/\/newsslash.com\/n\/12474-wann-kommt-sturm-der-liebe-staffel-15-auf-ard\/#primaryimage\",\"url\":\"https:\/\/newsslash.com\/n\/wp-content\/uploads\/2025\/04\/NewsSlash-Featured-Image.jpg\",\"contentUrl\":\"https:\/\/newsslash.com\/n\/wp-content\/uploads\/2025\/04\/NewsSlash-Featured-Image.jpg\",\"width\":1280,\"height\":854},{\"@type\":\"BreadcrumbList\",\"@id\":\"https:\/\/newsslash.com\/n\/12474-wann-kommt-sturm-der-liebe-staffel-15-auf-ard\/#breadcrumb\",\"itemListElement\":[{\"@type\":\"ListItem\",\"position\":1,\"name\":\"Home\",\"item\":\"https:\/\/newsslash.com\/n\/\"},{\"@type\":\"ListItem\",\"position\":2,\"name\":\"Wann kommt Sturm der Liebe Staffel 15 auf ARD?\"}]},{\"@type\":\"WebSite\",\"@id\":\"https:\/\/newsslash.com\/n\/#website\",\"url\":\"https:\/\/newsslash.com\/n\/\",\"name\":\"Newsslash\",\"description\":\"Trending News on Movies, Series, OTT, Gaming\",\"publisher\":{\"@id\":\"https:\/\/newsslash.com\/n\/#organization\"},\"potentialAction\":[{\"@type\":\"SearchAction\",\"target\":{\"@type\":\"EntryPoint\",\"urlTemplate\":\"https:\/\/newsslash.com\/n\/?s={search_term_string}\"},\"query-input\":{\"@type\":\"PropertyValueSpecification\",\"valueRequired\":true,\"valueName\":\"search_term_string\"}}],\"inLanguage\":\"en-US\"},{\"@type\":\"Organization\",\"@id\":\"https:\/\/newsslash.com\/n\/#organization\",\"name\":\"Newsslash\",\"url\":\"https:\/\/newsslash.com\/n\/\",\"logo\":{\"@type\":\"ImageObject\",\"inLanguage\":\"en-US\",\"@id\":\"https:\/\/newsslash.com\/n\/#\/schema\/logo\/image\/\",\"url\":\"https:\/\/newsslash.com\/n\/wp-content\/uploads\/2025\/04\/cropped-Newsslash-logo-Fevicon.png\",\"contentUrl\":\"https:\/\/newsslash.com\/n\/wp-content\/uploads\/2025\/04\/cropped-Newsslash-logo-Fevicon.png\",\"width\":512,\"height\":512,\"caption\":\"Newsslash\"},\"image\":{\"@id\":\"https:\/\/newsslash.com\/n\/#\/schema\/logo\/image\/\"}},{\"@type\":\"Person\",\"@id\":\"https:\/\/newsslash.com\/n\/#\/schema\/person\/709185a45f398d6a15210745a10251e2\",\"name\":\"Ramona R\",\"sameAs\":[\"https:\/\/newsslash.com\"],\"url\":\"https:\/\/newsslash.com\/n\/author\/ramona_r\/\"}]}<\/script>\n<!-- \/ Yoast SEO plugin. -->","yoast_head_json":{"title":"Wann kommt Sturm der Liebe Staffel 15 auf ARD? - Newsslash","robots":{"index":"noindex","follow":"follow"},"og_locale":"en_US","og_type":"article","og_title":"Wann kommt Sturm der Liebe Staffel 15 auf ARD? - Newsslash","og_description":"Am bayerischen F\u00c3\u00bcnfsternehotel dem F\u00c3\u00bcrstenhof geht es drunter und dr\u00c3\u00bcber. W\u00c3\u00a4hrend die einen sich verlieben, herrscht bei den... Mehr auf Newsslash.com!","og_url":"https:\/\/newsslash.com\/n\/12474-wann-kommt-sturm-der-liebe-staffel-15-auf-ard\/","og_site_name":"Newsslash","article_published_time":"2018-06-22T11:00:00+00:00","og_image":[{"width":1280,"height":854,"url":"https:\/\/newsslash.com\/n\/wp-content\/uploads\/2025\/04\/NewsSlash-Featured-Image.jpg","type":"image\/jpeg"}],"author":"Ramona R","twitter_card":"summary_large_image","twitter_misc":{"Written by":"Ramona R","Est. reading time":"2 minutes"},"schema":{"@context":"https:\/\/schema.org","@graph":[{"@type":"Article","@id":"https:\/\/newsslash.com\/n\/12474-wann-kommt-sturm-der-liebe-staffel-15-auf-ard\/#article","isPartOf":{"@id":"https:\/\/newsslash.com\/n\/12474-wann-kommt-sturm-der-liebe-staffel-15-auf-ard\/"},"author":{"name":"Ramona R","@id":"https:\/\/newsslash.com\/n\/#\/schema\/person\/709185a45f398d6a15210745a10251e2"},"headline":"Wann kommt Sturm der Liebe Staffel 15 auf ARD?","datePublished":"2018-06-22T11:00:00+00:00","mainEntityOfPage":{"@id":"https:\/\/newsslash.com\/n\/12474-wann-kommt-sturm-der-liebe-staffel-15-auf-ard\/"},"wordCount":367,"commentCount":0,"publisher":{"@id":"https:\/\/newsslash.com\/n\/#organization"},"image":{"@id":"https:\/\/newsslash.com\/n\/12474-wann-kommt-sturm-der-liebe-staffel-15-auf-ard\/#primaryimage"},"thumbnailUrl":"https:\/\/newsslash.com\/n\/wp-content\/uploads\/2025\/04\/NewsSlash-Featured-Image.jpg","articleSection":["Blog"],"inLanguage":"en-US","potentialAction":[{"@type":"CommentAction","name":"Comment","target":["https:\/\/newsslash.com\/n\/12474-wann-kommt-sturm-der-liebe-staffel-15-auf-ard\/#respond"]}]},{"@type":"WebPage","@id":"https:\/\/newsslash.com\/n\/12474-wann-kommt-sturm-der-liebe-staffel-15-auf-ard\/","url":"https:\/\/newsslash.com\/n\/12474-wann-kommt-sturm-der-liebe-staffel-15-auf-ard\/","name":"Wann kommt Sturm der Liebe Staffel 15 auf ARD? - Newsslash","isPartOf":{"@id":"https:\/\/newsslash.com\/n\/#website"},"primaryImageOfPage":{"@id":"https:\/\/newsslash.com\/n\/12474-wann-kommt-sturm-der-liebe-staffel-15-auf-ard\/#primaryimage"},"image":{"@id":"https:\/\/newsslash.com\/n\/12474-wann-kommt-sturm-der-liebe-staffel-15-auf-ard\/#primaryimage"},"thumbnailUrl":"https:\/\/newsslash.com\/n\/wp-content\/uploads\/2025\/04\/NewsSlash-Featured-Image.jpg","datePublished":"2018-06-22T11:00:00+00:00","breadcrumb":{"@id":"https:\/\/newsslash.com\/n\/12474-wann-kommt-sturm-der-liebe-staffel-15-auf-ard\/#breadcrumb"},"inLanguage":"en-US","potentialAction":[{"@type":"ReadAction","target":["https:\/\/newsslash.com\/n\/12474-wann-kommt-sturm-der-liebe-staffel-15-auf-ard\/"]}]},{"@type":"ImageObject","inLanguage":"en-US","@id":"https:\/\/newsslash.com\/n\/12474-wann-kommt-sturm-der-liebe-staffel-15-auf-ard\/#primaryimage","url":"https:\/\/newsslash.com\/n\/wp-content\/uploads\/2025\/04\/NewsSlash-Featured-Image.jpg","contentUrl":"https:\/\/newsslash.com\/n\/wp-content\/uploads\/2025\/04\/NewsSlash-Featured-Image.jpg","width":1280,"height":854},{"@type":"BreadcrumbList","@id":"https:\/\/newsslash.com\/n\/12474-wann-kommt-sturm-der-liebe-staffel-15-auf-ard\/#breadcrumb","itemListElement":[{"@type":"ListItem","position":1,"name":"Home","item":"https:\/\/newsslash.com\/n\/"},{"@type":"ListItem","position":2,"name":"Wann kommt Sturm der Liebe Staffel 15 auf ARD?"}]},{"@type":"WebSite","@id":"https:\/\/newsslash.com\/n\/#website","url":"https:\/\/newsslash.com\/n\/","name":"Newsslash","description":"Trending News on Movies, Series, OTT, Gaming","publisher":{"@id":"https:\/\/newsslash.com\/n\/#organization"},"potentialAction":[{"@type":"SearchAction","target":{"@type":"EntryPoint","urlTemplate":"https:\/\/newsslash.com\/n\/?s={search_term_string}"},"query-input":{"@type":"PropertyValueSpecification","valueRequired":true,"valueName":"search_term_string"}}],"inLanguage":"en-US"},{"@type":"Organization","@id":"https:\/\/newsslash.com\/n\/#organization","name":"Newsslash","url":"https:\/\/newsslash.com\/n\/","logo":{"@type":"ImageObject","inLanguage":"en-US","@id":"https:\/\/newsslash.com\/n\/#\/schema\/logo\/image\/","url":"https:\/\/newsslash.com\/n\/wp-content\/uploads\/2025\/04\/cropped-Newsslash-logo-Fevicon.png","contentUrl":"https:\/\/newsslash.com\/n\/wp-content\/uploads\/2025\/04\/cropped-Newsslash-logo-Fevicon.png","width":512,"height":512,"caption":"Newsslash"},"image":{"@id":"https:\/\/newsslash.com\/n\/#\/schema\/logo\/image\/"}},{"@type":"Person","@id":"https:\/\/newsslash.com\/n\/#\/schema\/person\/709185a45f398d6a15210745a10251e2","name":"Ramona R","sameAs":["https:\/\/newsslash.com"],"url":"https:\/\/newsslash.com\/n\/author\/ramona_r\/"}]}},"_links":{"self":[{"href":"https:\/\/newsslash.com\/n\/wp-json\/wp\/v2\/posts\/16137","targetHints":{"allow":["GET"]}}],"collection":[{"href":"https:\/\/newsslash.com\/n\/wp-json\/wp\/v2\/posts"}],"about":[{"href":"https:\/\/newsslash.com\/n\/wp-json\/wp\/v2\/types\/post"}],"author":[{"embeddable":true,"href":"https:\/\/newsslash.com\/n\/wp-json\/wp\/v2\/users\/5"}],"replies":[{"embeddable":true,"href":"https:\/\/newsslash.com\/n\/wp-json\/wp\/v2\/comments?post=16137"}],"version-history":[{"count":0,"href":"https:\/\/newsslash.com\/n\/wp-json\/wp\/v2\/posts\/16137\/revisions"}],"wp:featuredmedia":[{"embeddable":true,"href":"https:\/\/newsslash.com\/n\/wp-json\/wp\/v2\/media\/21974"}],"wp:attachment":[{"href":"https:\/\/newsslash.com\/n\/wp-json\/wp\/v2\/media?parent=16137"}],"curies":[{"name":"wp","href":"https:\/\/api.w.org\/{rel}","templated":true}]}}