{"id":16149,"date":"2018-06-21T11:20:00","date_gmt":"2018-06-21T11:20:00","guid":{"rendered":"https:\/\/newsslash.com\/n\/12486-wann-kommt-will-and-grace-staffel-10-auf-pro7\/"},"modified":"2018-06-21T11:20:00","modified_gmt":"2018-06-21T11:20:00","slug":"12486-wann-kommt-will-and-grace-staffel-10-auf-pro7","status":"publish","type":"post","link":"https:\/\/newsslash.com\/n\/12486-wann-kommt-will-and-grace-staffel-10-auf-pro7\/","title":{"rendered":"Wann kommt Will and Grace Staffel 10 auf Pro7?"},"content":{"rendered":"<p>Was haben eine egozentrische und karrierebewusste Innenarchitektin und ein Rechtsanwalt mit Putzfimmel, der zudem ein Kontrollfreak ist, gemeinsam? Richtig: Ab und an eine neue Wohnung. Denn seit Kurzem wohnt die attraktive Br\u00c3\u00bcnette namens Grace (Debra Messing) wieder bei ihrem besten Freund Will (Eric McCormack). Die amerikanische Sitcom von Max Mutchnick und David Kohan fand im Jahr 2006 mit der achten Staffel ein \u00c3\u00bcberraschendes Ende. Noch erstaunlicher jedoch war es, dass ausgerechnet nach 11 Jahren Pause eine neunte Staffel der Sitcom gedreht wurde, die seit dem 9. Mai dieses Jahres auf Pro7 zu war. Ist diesmal endg\u00c3\u00bcltig Schluss oder wann kommt Will &amp; Grace Staffel 10 auf Pro7? <ins data-ad-client=\"ca-pub-3647021458695789\" data-ad-format=\"link\" data-ad-slot=\"7996975644\" style=\"display:block\"><\/ins> Keine Sorge, ihr m\u00c3\u00bcsst auch in Zukunft nicht auf das Traum-Duo verzichten. Bereits im September vergangenen Jahres wurde die Serie um eine zehnte Staffel verl\u00c3\u00a4ngert und auch eine elfte Staffel steht in den Startl\u00c3\u00b6chern. Wann Will &amp; Grace Staffel 10 auf Pro7 kommt, hat der Sender noch nicht bekannt gegeben. Bleibt nur zu hoffen, dass dies nicht wieder elf Jahre dauern wird, wobei das doch eher unrealistisch ist. Wir gehen eher davon aus, dass Will &amp; Grace Staffel 10 n\u00c3\u00a4chstes Jahr in der ersten Jahresh\u00c3\u00a4lfte auf ProSieben erscheint. <b>Darum geht Will &amp; Grace:<\/b> Im Zentrum der Handlung stehen der schwule Rechtsanwalt Will und die Chaotin Grace, die sich beide in einem Umbruch befinden. W\u00c3\u00a4hrend das Ende der achten Staffel eine traumhafte Beziehung f\u00c3\u00bcr beide versprach, bei der Grace verheiratet und mit einer Tochter gl\u00c3\u00bccklich in den Tag hineinlebt und Will mit seinem Partner zusammen ein Kind gro\u00c3\u0178ziehen, werfen die Macher von Will &amp; Grace dieses Konzept zu Beginn der neunten Staffel komplett \u00c3\u00bcber den Haufen. Nun hei\u00c3\u0178t es, all das sei nur ein Tagtraum von Grace gewesen. Elf Jahre sp\u00c3\u00a4ter ist Grace nun geschieden und lebt vor\u00c3\u00bcbergehend wieder bei ihrem Freund Will. Beruflich k\u00c3\u00b6nnte es derzeit nicht besser laufen f\u00c3\u00bcr die Innenarchitektin, deren gute Freundin Karen (Megan Mullally) einen neuen Auftrag an Land gezogen hat. Sie soll den Oval Office renovieren. Aber auch f\u00c3\u00bcr Will l\u00c3\u00a4uft es bestens: Sein Kumpel Jack (Sean Hayes) hat f\u00c3\u00bcr die beide eine Reise ins Wei\u00c3\u0178e Haus organisiert, bei der ein Kongressabgeordneter, den Will ziemlich sexy findet, eine Rede h\u00c3\u00a4lt. Doch \u00c3\u0153berraschung: Karen und Grace sind ebenfalls auf dem Weg ins Wei\u00c3\u0178e Haus. Na das kann ja nur witzig werden. Sobald wir mehr dar\u00c3\u00bcber wissen, wann Will &amp; Grace Staffel 10 auf ProSieben kommt geben wir euch auf Newsslash.com Bescheid. <iframe loading=\"lazy\" allowfullscreen=\"\" frameborder=\"0\" height=\"315\" src=\"https:\/\/www.youtube-nocookie.com\/embed\/gLA5E-V9MDk\" width=\"100%\"><\/iframe><\/p><div class=\"newss-content\" id=\"newss-1272234657\"><script async src=\"\/\/pagead2.googlesyndication.com\/pagead\/js\/adsbygoogle.js?client=ca-pub-7733425960004873\" crossorigin=\"anonymous\"><\/script><ins class=\"adsbygoogle\" style=\"display:block;\" data-ad-client=\"ca-pub-7733425960004873\" \ndata-ad-slot=\"2582020599\" \ndata-ad-format=\"auto\"><\/ins>\n<script> \n(adsbygoogle = window.adsbygoogle || []).push({}); \n<\/script>\n<\/div><div class=\"newss-article-1\" id=\"newss-2997787911\"><script async src=\"https:\/\/pagead2.googlesyndication.com\/pagead\/js\/adsbygoogle.js?client=ca-pub-7733425960004873\"\r\n     crossorigin=\"anonymous\"><\/script>\r\n<!-- Homepage2 -->\r\n<ins class=\"adsbygoogle\"\r\n     style=\"display:block\"\r\n     data-ad-client=\"ca-pub-7733425960004873\"\r\n     data-ad-slot=\"2582020599\"\r\n     data-ad-format=\"auto\"\r\n     data-full-width-responsive=\"true\"><\/ins>\r\n<script>\r\n     (adsbygoogle = window.adsbygoogle || []).push({});\r\n<\/script><\/div>\n","protected":false},"excerpt":{"rendered":"<p>Sie sind jung und talentiert \u00e2\u20ac\u201c okay vielleicht nicht mehr ganz so jung und auch etwas chaotisch \u00e2\u20ac\u201c die Rede ist von Will and&#8230; Mehr auf Newsslash.com!<\/p>\n","protected":false},"author":5,"featured_media":21974,"comment_status":"open","ping_status":"open","sticky":false,"template":"","format":"standard","meta":{"_et_pb_use_builder":"","_et_pb_old_content":"","_et_gb_content_width":"","footnotes":""},"class_list":["post-16149","post","type-post","status-publish","format-standard","has-post-thumbnail","hentry","category-blog"],"yoast_head":"<!-- This site is optimized with the Yoast SEO plugin v24.8.1 - https:\/\/yoast.com\/wordpress\/plugins\/seo\/ -->\n<title>Wann kommt Will and Grace Staffel 10 auf Pro7? - Newsslash<\/title>\n<meta name=\"robots\" content=\"noindex, follow\" \/>\n<meta property=\"og:locale\" content=\"en_US\" \/>\n<meta property=\"og:type\" content=\"article\" \/>\n<meta property=\"og:title\" content=\"Wann kommt Will and Grace Staffel 10 auf Pro7? - Newsslash\" \/>\n<meta property=\"og:description\" content=\"Sie sind jung und talentiert \u00e2\u20ac\u201c okay vielleicht nicht mehr ganz so jung und auch etwas chaotisch \u00e2\u20ac\u201c die Rede ist von Will and... Mehr auf Newsslash.com!\" \/>\n<meta property=\"og:url\" content=\"https:\/\/newsslash.com\/n\/12486-wann-kommt-will-and-grace-staffel-10-auf-pro7\/\" \/>\n<meta property=\"og:site_name\" content=\"Newsslash\" \/>\n<meta property=\"article:published_time\" content=\"2018-06-21T11:20:00+00:00\" \/>\n<meta property=\"og:image\" content=\"https:\/\/newsslash.com\/n\/wp-content\/uploads\/2025\/04\/NewsSlash-Featured-Image.jpg\" \/>\n\t<meta property=\"og:image:width\" content=\"1280\" \/>\n\t<meta property=\"og:image:height\" content=\"854\" \/>\n\t<meta property=\"og:image:type\" content=\"image\/jpeg\" \/>\n<meta name=\"author\" content=\"Ramona R\" \/>\n<meta name=\"twitter:card\" content=\"summary_large_image\" \/>\n<meta name=\"twitter:label1\" content=\"Written by\" \/>\n\t<meta name=\"twitter:data1\" content=\"Ramona R\" \/>\n\t<meta name=\"twitter:label2\" content=\"Est. reading time\" \/>\n\t<meta name=\"twitter:data2\" content=\"2 minutes\" \/>\n<script type=\"application\/ld+json\" class=\"yoast-schema-graph\">{\"@context\":\"https:\/\/schema.org\",\"@graph\":[{\"@type\":\"Article\",\"@id\":\"https:\/\/newsslash.com\/n\/12486-wann-kommt-will-and-grace-staffel-10-auf-pro7\/#article\",\"isPartOf\":{\"@id\":\"https:\/\/newsslash.com\/n\/12486-wann-kommt-will-and-grace-staffel-10-auf-pro7\/\"},\"author\":{\"name\":\"Ramona R\",\"@id\":\"https:\/\/newsslash.com\/n\/#\/schema\/person\/709185a45f398d6a15210745a10251e2\"},\"headline\":\"Wann kommt Will and Grace Staffel 10 auf Pro7?\",\"datePublished\":\"2018-06-21T11:20:00+00:00\",\"mainEntityOfPage\":{\"@id\":\"https:\/\/newsslash.com\/n\/12486-wann-kommt-will-and-grace-staffel-10-auf-pro7\/\"},\"wordCount\":427,\"commentCount\":0,\"publisher\":{\"@id\":\"https:\/\/newsslash.com\/n\/#organization\"},\"image\":{\"@id\":\"https:\/\/newsslash.com\/n\/12486-wann-kommt-will-and-grace-staffel-10-auf-pro7\/#primaryimage\"},\"thumbnailUrl\":\"https:\/\/newsslash.com\/n\/wp-content\/uploads\/2025\/04\/NewsSlash-Featured-Image.jpg\",\"articleSection\":[\"Blog\"],\"inLanguage\":\"en-US\",\"potentialAction\":[{\"@type\":\"CommentAction\",\"name\":\"Comment\",\"target\":[\"https:\/\/newsslash.com\/n\/12486-wann-kommt-will-and-grace-staffel-10-auf-pro7\/#respond\"]}]},{\"@type\":\"WebPage\",\"@id\":\"https:\/\/newsslash.com\/n\/12486-wann-kommt-will-and-grace-staffel-10-auf-pro7\/\",\"url\":\"https:\/\/newsslash.com\/n\/12486-wann-kommt-will-and-grace-staffel-10-auf-pro7\/\",\"name\":\"Wann kommt Will and Grace Staffel 10 auf Pro7? - Newsslash\",\"isPartOf\":{\"@id\":\"https:\/\/newsslash.com\/n\/#website\"},\"primaryImageOfPage\":{\"@id\":\"https:\/\/newsslash.com\/n\/12486-wann-kommt-will-and-grace-staffel-10-auf-pro7\/#primaryimage\"},\"image\":{\"@id\":\"https:\/\/newsslash.com\/n\/12486-wann-kommt-will-and-grace-staffel-10-auf-pro7\/#primaryimage\"},\"thumbnailUrl\":\"https:\/\/newsslash.com\/n\/wp-content\/uploads\/2025\/04\/NewsSlash-Featured-Image.jpg\",\"datePublished\":\"2018-06-21T11:20:00+00:00\",\"breadcrumb\":{\"@id\":\"https:\/\/newsslash.com\/n\/12486-wann-kommt-will-and-grace-staffel-10-auf-pro7\/#breadcrumb\"},\"inLanguage\":\"en-US\",\"potentialAction\":[{\"@type\":\"ReadAction\",\"target\":[\"https:\/\/newsslash.com\/n\/12486-wann-kommt-will-and-grace-staffel-10-auf-pro7\/\"]}]},{\"@type\":\"ImageObject\",\"inLanguage\":\"en-US\",\"@id\":\"https:\/\/newsslash.com\/n\/12486-wann-kommt-will-and-grace-staffel-10-auf-pro7\/#primaryimage\",\"url\":\"https:\/\/newsslash.com\/n\/wp-content\/uploads\/2025\/04\/NewsSlash-Featured-Image.jpg\",\"contentUrl\":\"https:\/\/newsslash.com\/n\/wp-content\/uploads\/2025\/04\/NewsSlash-Featured-Image.jpg\",\"width\":1280,\"height\":854},{\"@type\":\"BreadcrumbList\",\"@id\":\"https:\/\/newsslash.com\/n\/12486-wann-kommt-will-and-grace-staffel-10-auf-pro7\/#breadcrumb\",\"itemListElement\":[{\"@type\":\"ListItem\",\"position\":1,\"name\":\"Home\",\"item\":\"https:\/\/newsslash.com\/n\/\"},{\"@type\":\"ListItem\",\"position\":2,\"name\":\"Wann kommt Will and Grace Staffel 10 auf Pro7?\"}]},{\"@type\":\"WebSite\",\"@id\":\"https:\/\/newsslash.com\/n\/#website\",\"url\":\"https:\/\/newsslash.com\/n\/\",\"name\":\"Newsslash\",\"description\":\"Trending News on Movies, Series, OTT, Gaming\",\"publisher\":{\"@id\":\"https:\/\/newsslash.com\/n\/#organization\"},\"potentialAction\":[{\"@type\":\"SearchAction\",\"target\":{\"@type\":\"EntryPoint\",\"urlTemplate\":\"https:\/\/newsslash.com\/n\/?s={search_term_string}\"},\"query-input\":{\"@type\":\"PropertyValueSpecification\",\"valueRequired\":true,\"valueName\":\"search_term_string\"}}],\"inLanguage\":\"en-US\"},{\"@type\":\"Organization\",\"@id\":\"https:\/\/newsslash.com\/n\/#organization\",\"name\":\"Newsslash\",\"url\":\"https:\/\/newsslash.com\/n\/\",\"logo\":{\"@type\":\"ImageObject\",\"inLanguage\":\"en-US\",\"@id\":\"https:\/\/newsslash.com\/n\/#\/schema\/logo\/image\/\",\"url\":\"https:\/\/newsslash.com\/n\/wp-content\/uploads\/2025\/04\/cropped-Newsslash-logo-Fevicon.png\",\"contentUrl\":\"https:\/\/newsslash.com\/n\/wp-content\/uploads\/2025\/04\/cropped-Newsslash-logo-Fevicon.png\",\"width\":512,\"height\":512,\"caption\":\"Newsslash\"},\"image\":{\"@id\":\"https:\/\/newsslash.com\/n\/#\/schema\/logo\/image\/\"}},{\"@type\":\"Person\",\"@id\":\"https:\/\/newsslash.com\/n\/#\/schema\/person\/709185a45f398d6a15210745a10251e2\",\"name\":\"Ramona R\",\"sameAs\":[\"https:\/\/newsslash.com\"],\"url\":\"https:\/\/newsslash.com\/n\/author\/ramona_r\/\"}]}<\/script>\n<!-- \/ Yoast SEO plugin. -->","yoast_head_json":{"title":"Wann kommt Will and Grace Staffel 10 auf Pro7? - Newsslash","robots":{"index":"noindex","follow":"follow"},"og_locale":"en_US","og_type":"article","og_title":"Wann kommt Will and Grace Staffel 10 auf Pro7? - Newsslash","og_description":"Sie sind jung und talentiert \u00e2\u20ac\u201c okay vielleicht nicht mehr ganz so jung und auch etwas chaotisch \u00e2\u20ac\u201c die Rede ist von Will and... Mehr auf Newsslash.com!","og_url":"https:\/\/newsslash.com\/n\/12486-wann-kommt-will-and-grace-staffel-10-auf-pro7\/","og_site_name":"Newsslash","article_published_time":"2018-06-21T11:20:00+00:00","og_image":[{"width":1280,"height":854,"url":"https:\/\/newsslash.com\/n\/wp-content\/uploads\/2025\/04\/NewsSlash-Featured-Image.jpg","type":"image\/jpeg"}],"author":"Ramona R","twitter_card":"summary_large_image","twitter_misc":{"Written by":"Ramona R","Est. reading time":"2 minutes"},"schema":{"@context":"https:\/\/schema.org","@graph":[{"@type":"Article","@id":"https:\/\/newsslash.com\/n\/12486-wann-kommt-will-and-grace-staffel-10-auf-pro7\/#article","isPartOf":{"@id":"https:\/\/newsslash.com\/n\/12486-wann-kommt-will-and-grace-staffel-10-auf-pro7\/"},"author":{"name":"Ramona R","@id":"https:\/\/newsslash.com\/n\/#\/schema\/person\/709185a45f398d6a15210745a10251e2"},"headline":"Wann kommt Will and Grace Staffel 10 auf Pro7?","datePublished":"2018-06-21T11:20:00+00:00","mainEntityOfPage":{"@id":"https:\/\/newsslash.com\/n\/12486-wann-kommt-will-and-grace-staffel-10-auf-pro7\/"},"wordCount":427,"commentCount":0,"publisher":{"@id":"https:\/\/newsslash.com\/n\/#organization"},"image":{"@id":"https:\/\/newsslash.com\/n\/12486-wann-kommt-will-and-grace-staffel-10-auf-pro7\/#primaryimage"},"thumbnailUrl":"https:\/\/newsslash.com\/n\/wp-content\/uploads\/2025\/04\/NewsSlash-Featured-Image.jpg","articleSection":["Blog"],"inLanguage":"en-US","potentialAction":[{"@type":"CommentAction","name":"Comment","target":["https:\/\/newsslash.com\/n\/12486-wann-kommt-will-and-grace-staffel-10-auf-pro7\/#respond"]}]},{"@type":"WebPage","@id":"https:\/\/newsslash.com\/n\/12486-wann-kommt-will-and-grace-staffel-10-auf-pro7\/","url":"https:\/\/newsslash.com\/n\/12486-wann-kommt-will-and-grace-staffel-10-auf-pro7\/","name":"Wann kommt Will and Grace Staffel 10 auf Pro7? - Newsslash","isPartOf":{"@id":"https:\/\/newsslash.com\/n\/#website"},"primaryImageOfPage":{"@id":"https:\/\/newsslash.com\/n\/12486-wann-kommt-will-and-grace-staffel-10-auf-pro7\/#primaryimage"},"image":{"@id":"https:\/\/newsslash.com\/n\/12486-wann-kommt-will-and-grace-staffel-10-auf-pro7\/#primaryimage"},"thumbnailUrl":"https:\/\/newsslash.com\/n\/wp-content\/uploads\/2025\/04\/NewsSlash-Featured-Image.jpg","datePublished":"2018-06-21T11:20:00+00:00","breadcrumb":{"@id":"https:\/\/newsslash.com\/n\/12486-wann-kommt-will-and-grace-staffel-10-auf-pro7\/#breadcrumb"},"inLanguage":"en-US","potentialAction":[{"@type":"ReadAction","target":["https:\/\/newsslash.com\/n\/12486-wann-kommt-will-and-grace-staffel-10-auf-pro7\/"]}]},{"@type":"ImageObject","inLanguage":"en-US","@id":"https:\/\/newsslash.com\/n\/12486-wann-kommt-will-and-grace-staffel-10-auf-pro7\/#primaryimage","url":"https:\/\/newsslash.com\/n\/wp-content\/uploads\/2025\/04\/NewsSlash-Featured-Image.jpg","contentUrl":"https:\/\/newsslash.com\/n\/wp-content\/uploads\/2025\/04\/NewsSlash-Featured-Image.jpg","width":1280,"height":854},{"@type":"BreadcrumbList","@id":"https:\/\/newsslash.com\/n\/12486-wann-kommt-will-and-grace-staffel-10-auf-pro7\/#breadcrumb","itemListElement":[{"@type":"ListItem","position":1,"name":"Home","item":"https:\/\/newsslash.com\/n\/"},{"@type":"ListItem","position":2,"name":"Wann kommt Will and Grace Staffel 10 auf Pro7?"}]},{"@type":"WebSite","@id":"https:\/\/newsslash.com\/n\/#website","url":"https:\/\/newsslash.com\/n\/","name":"Newsslash","description":"Trending News on Movies, Series, OTT, Gaming","publisher":{"@id":"https:\/\/newsslash.com\/n\/#organization"},"potentialAction":[{"@type":"SearchAction","target":{"@type":"EntryPoint","urlTemplate":"https:\/\/newsslash.com\/n\/?s={search_term_string}"},"query-input":{"@type":"PropertyValueSpecification","valueRequired":true,"valueName":"search_term_string"}}],"inLanguage":"en-US"},{"@type":"Organization","@id":"https:\/\/newsslash.com\/n\/#organization","name":"Newsslash","url":"https:\/\/newsslash.com\/n\/","logo":{"@type":"ImageObject","inLanguage":"en-US","@id":"https:\/\/newsslash.com\/n\/#\/schema\/logo\/image\/","url":"https:\/\/newsslash.com\/n\/wp-content\/uploads\/2025\/04\/cropped-Newsslash-logo-Fevicon.png","contentUrl":"https:\/\/newsslash.com\/n\/wp-content\/uploads\/2025\/04\/cropped-Newsslash-logo-Fevicon.png","width":512,"height":512,"caption":"Newsslash"},"image":{"@id":"https:\/\/newsslash.com\/n\/#\/schema\/logo\/image\/"}},{"@type":"Person","@id":"https:\/\/newsslash.com\/n\/#\/schema\/person\/709185a45f398d6a15210745a10251e2","name":"Ramona R","sameAs":["https:\/\/newsslash.com"],"url":"https:\/\/newsslash.com\/n\/author\/ramona_r\/"}]}},"_links":{"self":[{"href":"https:\/\/newsslash.com\/n\/wp-json\/wp\/v2\/posts\/16149","targetHints":{"allow":["GET"]}}],"collection":[{"href":"https:\/\/newsslash.com\/n\/wp-json\/wp\/v2\/posts"}],"about":[{"href":"https:\/\/newsslash.com\/n\/wp-json\/wp\/v2\/types\/post"}],"author":[{"embeddable":true,"href":"https:\/\/newsslash.com\/n\/wp-json\/wp\/v2\/users\/5"}],"replies":[{"embeddable":true,"href":"https:\/\/newsslash.com\/n\/wp-json\/wp\/v2\/comments?post=16149"}],"version-history":[{"count":0,"href":"https:\/\/newsslash.com\/n\/wp-json\/wp\/v2\/posts\/16149\/revisions"}],"wp:featuredmedia":[{"embeddable":true,"href":"https:\/\/newsslash.com\/n\/wp-json\/wp\/v2\/media\/21974"}],"wp:attachment":[{"href":"https:\/\/newsslash.com\/n\/wp-json\/wp\/v2\/media?parent=16149"}],"curies":[{"name":"wp","href":"https:\/\/api.w.org\/{rel}","templated":true}]}}