{"id":16175,"date":"2018-06-26T11:06:00","date_gmt":"2018-06-26T11:06:00","guid":{"rendered":"https:\/\/newsslash.com\/n\/12509-wann-kommt-the-middle-staffel-9-auf-pro7\/"},"modified":"2018-06-26T11:06:00","modified_gmt":"2018-06-26T11:06:00","slug":"12509-wann-kommt-the-middle-staffel-9-auf-pro7","status":"publish","type":"post","link":"https:\/\/newsslash.com\/n\/12509-wann-kommt-the-middle-staffel-9-auf-pro7\/","title":{"rendered":"Wann kommt The Middle Staffel 9 auf Pro7?"},"content":{"rendered":"<p>The Middle zeigt den Alltagsstress einer mittelst\u00c3\u00a4ndigen Familie im Bundesstaat Indiana. Schulstress und \u00c3\u201erger mit den Geschwistern stehen auf der Tagesordnung. Dennoch bringt die Sitcom ihre Zuschauer zum Lachen. Die Idee zur Serie hatte Eileen Heisler gemeinsam mit DeAnn Heline. Aktuell ist die achte Staffel der Sitcom auf Pro7 zu sehen, immer montags. Doch wie geht es nach der achten Staffel weiter? Die H\u00c3\u00a4lfte der Staffel ist bereits ausgestrahlt worden. Gibt es eine Fortsetzung und wenn ja, wann kommt The Middle Staffel 9 auf Pro7? <ins data-ad-client=\"ca-pub-3647021458695789\" data-ad-format=\"link\" data-ad-slot=\"7996975644\" style=\"display:block\"><\/ins> Wann The Middle Staffel 9 auf ProSieben kommt, hat der Sender noch nicht bekannt gegeben, doch es wird eine neunte Staffel der Serie geben. Der Sender ABC hat bereits im Januar 2017 The Middle um eine weitere Staffel verl\u00c3\u00a4ngert. Zeitgleich gab er aber auch bekannt, dass The Middle Staffel 9 den Abschluss der Serie bilden wird. Eine Fortsetzung nach der neunten Staffel wird es also h\u00c3\u00b6chst wahrscheinlich nicht mehr geben. In The Middle wird die Story aus der Sicht von Mutter Frankie Heck (Patricia Heaton) erz\u00c3\u00a4hlt, die mit ihrem Mann und ihren drei Kindern in der fiktiven Stadt Orson im Bundesstaat Indiana wohnt und versucht, den Alltagsstress zu Hause und der Arbeit unter einen Hut zu bekommen. Doch das ist nicht immer ganz so einfach, denn finanzielle N\u00c3\u00b6te belasten die Familie, ebenso wie der Stress in der Schule und auf dem Collage, sowie auf der Arbeit beider Elternteile. Doch sie liebt ihre Familie und sie w\u00c3\u00bcrde alles f\u00c3\u00bcr sie machen, wobei es nicht selten in komischen aber witzigen Situationen endet. Ihr Mann Mike (Neil Flynn) schafft es zwar meist, solche Situationen zu retten, doch wenn es darum geht seine Gef\u00c3\u00bchle zu \u00c3\u00a4u\u00c3\u0178ern, zieht er sich zur\u00c3\u00bcck. So geht es auch seinem j\u00c3\u00bcngsten Sohn Brick (Atticus Shaffer), der durch seine Leserei ein sehr intelligentes Kind ist, dessen soziale Kompetenzen jedoch nicht gerade glanzreif sind. Da hat es seine gro\u00c3\u0178e Schwester Sue (Eden Sher) schon etwas einfacher, trotz Naivit\u00c3\u00a4t und ihrer unbeholfenen Art. Auf Hilfe von Axl (Charlie McDermott), dem \u00c3\u00a4ltesten Kind der Familie, brauchen sich die J\u00c3\u00bcngeren jedoch nicht allzu viel erhoffen. Der steckt n\u00c3\u00a4mlich aktuell mitten in der Pubert\u00c3\u00a4t. Das kann also noch lustig werden, wenn The Middle Staffel 9 auf Pro7 kommt. <iframe loading=\"lazy\" allowfullscreen=\"\" frameborder=\"0\" height=\"315\" src=\"https:\/\/www.youtube-nocookie.com\/embed\/oKBVClikWJA\" width=\"100%\"><\/iframe><\/p><div class=\"newss-content\" id=\"newss-2062789660\"><script async src=\"\/\/pagead2.googlesyndication.com\/pagead\/js\/adsbygoogle.js?client=ca-pub-7733425960004873\" crossorigin=\"anonymous\"><\/script><ins class=\"adsbygoogle\" style=\"display:block;\" data-ad-client=\"ca-pub-7733425960004873\" \ndata-ad-slot=\"2582020599\" \ndata-ad-format=\"auto\"><\/ins>\n<script> \n(adsbygoogle = window.adsbygoogle || []).push({}); \n<\/script>\n<\/div><div class=\"newss-article-1\" id=\"newss-1489559006\"><script async src=\"https:\/\/pagead2.googlesyndication.com\/pagead\/js\/adsbygoogle.js?client=ca-pub-7733425960004873\"\r\n     crossorigin=\"anonymous\"><\/script>\r\n<!-- Homepage2 -->\r\n<ins class=\"adsbygoogle\"\r\n     style=\"display:block\"\r\n     data-ad-client=\"ca-pub-7733425960004873\"\r\n     data-ad-slot=\"2582020599\"\r\n     data-ad-format=\"auto\"\r\n     data-full-width-responsive=\"true\"><\/ins>\r\n<script>\r\n     (adsbygoogle = window.adsbygoogle || []).push({});\r\n<\/script><\/div>\n","protected":false},"excerpt":{"rendered":"<p>The Middle \u00e2\u20ac\u201c inmitten einer chaotischen aber liebenswerten Familie \u00e2\u20ac\u201c das ist es was die amerikanische Sitcom derzeit auf Pro7&#8230; Mehr auf Newsslash.com!<\/p>\n","protected":false},"author":5,"featured_media":21974,"comment_status":"open","ping_status":"open","sticky":false,"template":"","format":"standard","meta":{"_et_pb_use_builder":"","_et_pb_old_content":"","_et_gb_content_width":"","footnotes":""},"class_list":["post-16175","post","type-post","status-publish","format-standard","has-post-thumbnail","hentry","category-blog"],"yoast_head":"<!-- This site is optimized with the Yoast SEO plugin v24.8.1 - https:\/\/yoast.com\/wordpress\/plugins\/seo\/ -->\n<title>Wann kommt The Middle Staffel 9 auf Pro7? - Newsslash<\/title>\n<meta name=\"robots\" content=\"noindex, follow\" \/>\n<meta property=\"og:locale\" content=\"en_US\" \/>\n<meta property=\"og:type\" content=\"article\" \/>\n<meta property=\"og:title\" content=\"Wann kommt The Middle Staffel 9 auf Pro7? - Newsslash\" \/>\n<meta property=\"og:description\" content=\"The Middle \u00e2\u20ac\u201c inmitten einer chaotischen aber liebenswerten Familie \u00e2\u20ac\u201c das ist es was die amerikanische Sitcom derzeit auf Pro7... Mehr auf Newsslash.com!\" \/>\n<meta property=\"og:url\" content=\"https:\/\/newsslash.com\/n\/12509-wann-kommt-the-middle-staffel-9-auf-pro7\/\" \/>\n<meta property=\"og:site_name\" content=\"Newsslash\" \/>\n<meta property=\"article:published_time\" content=\"2018-06-26T11:06:00+00:00\" \/>\n<meta property=\"og:image\" content=\"https:\/\/newsslash.com\/n\/wp-content\/uploads\/2025\/04\/NewsSlash-Featured-Image.jpg\" \/>\n\t<meta property=\"og:image:width\" content=\"1280\" \/>\n\t<meta property=\"og:image:height\" content=\"854\" \/>\n\t<meta property=\"og:image:type\" content=\"image\/jpeg\" \/>\n<meta name=\"author\" content=\"Ramona R\" \/>\n<meta name=\"twitter:card\" content=\"summary_large_image\" \/>\n<meta name=\"twitter:label1\" content=\"Written by\" \/>\n\t<meta name=\"twitter:data1\" content=\"Ramona R\" \/>\n\t<meta name=\"twitter:label2\" content=\"Est. reading time\" \/>\n\t<meta name=\"twitter:data2\" content=\"2 minutes\" \/>\n<script type=\"application\/ld+json\" class=\"yoast-schema-graph\">{\"@context\":\"https:\/\/schema.org\",\"@graph\":[{\"@type\":\"Article\",\"@id\":\"https:\/\/newsslash.com\/n\/12509-wann-kommt-the-middle-staffel-9-auf-pro7\/#article\",\"isPartOf\":{\"@id\":\"https:\/\/newsslash.com\/n\/12509-wann-kommt-the-middle-staffel-9-auf-pro7\/\"},\"author\":{\"name\":\"Ramona R\",\"@id\":\"https:\/\/newsslash.com\/n\/#\/schema\/person\/709185a45f398d6a15210745a10251e2\"},\"headline\":\"Wann kommt The Middle Staffel 9 auf Pro7?\",\"datePublished\":\"2018-06-26T11:06:00+00:00\",\"mainEntityOfPage\":{\"@id\":\"https:\/\/newsslash.com\/n\/12509-wann-kommt-the-middle-staffel-9-auf-pro7\/\"},\"wordCount\":387,\"commentCount\":0,\"publisher\":{\"@id\":\"https:\/\/newsslash.com\/n\/#organization\"},\"image\":{\"@id\":\"https:\/\/newsslash.com\/n\/12509-wann-kommt-the-middle-staffel-9-auf-pro7\/#primaryimage\"},\"thumbnailUrl\":\"https:\/\/newsslash.com\/n\/wp-content\/uploads\/2025\/04\/NewsSlash-Featured-Image.jpg\",\"articleSection\":[\"Blog\"],\"inLanguage\":\"en-US\",\"potentialAction\":[{\"@type\":\"CommentAction\",\"name\":\"Comment\",\"target\":[\"https:\/\/newsslash.com\/n\/12509-wann-kommt-the-middle-staffel-9-auf-pro7\/#respond\"]}]},{\"@type\":\"WebPage\",\"@id\":\"https:\/\/newsslash.com\/n\/12509-wann-kommt-the-middle-staffel-9-auf-pro7\/\",\"url\":\"https:\/\/newsslash.com\/n\/12509-wann-kommt-the-middle-staffel-9-auf-pro7\/\",\"name\":\"Wann kommt The Middle Staffel 9 auf Pro7? - Newsslash\",\"isPartOf\":{\"@id\":\"https:\/\/newsslash.com\/n\/#website\"},\"primaryImageOfPage\":{\"@id\":\"https:\/\/newsslash.com\/n\/12509-wann-kommt-the-middle-staffel-9-auf-pro7\/#primaryimage\"},\"image\":{\"@id\":\"https:\/\/newsslash.com\/n\/12509-wann-kommt-the-middle-staffel-9-auf-pro7\/#primaryimage\"},\"thumbnailUrl\":\"https:\/\/newsslash.com\/n\/wp-content\/uploads\/2025\/04\/NewsSlash-Featured-Image.jpg\",\"datePublished\":\"2018-06-26T11:06:00+00:00\",\"breadcrumb\":{\"@id\":\"https:\/\/newsslash.com\/n\/12509-wann-kommt-the-middle-staffel-9-auf-pro7\/#breadcrumb\"},\"inLanguage\":\"en-US\",\"potentialAction\":[{\"@type\":\"ReadAction\",\"target\":[\"https:\/\/newsslash.com\/n\/12509-wann-kommt-the-middle-staffel-9-auf-pro7\/\"]}]},{\"@type\":\"ImageObject\",\"inLanguage\":\"en-US\",\"@id\":\"https:\/\/newsslash.com\/n\/12509-wann-kommt-the-middle-staffel-9-auf-pro7\/#primaryimage\",\"url\":\"https:\/\/newsslash.com\/n\/wp-content\/uploads\/2025\/04\/NewsSlash-Featured-Image.jpg\",\"contentUrl\":\"https:\/\/newsslash.com\/n\/wp-content\/uploads\/2025\/04\/NewsSlash-Featured-Image.jpg\",\"width\":1280,\"height\":854},{\"@type\":\"BreadcrumbList\",\"@id\":\"https:\/\/newsslash.com\/n\/12509-wann-kommt-the-middle-staffel-9-auf-pro7\/#breadcrumb\",\"itemListElement\":[{\"@type\":\"ListItem\",\"position\":1,\"name\":\"Home\",\"item\":\"https:\/\/newsslash.com\/n\/\"},{\"@type\":\"ListItem\",\"position\":2,\"name\":\"Wann kommt The Middle Staffel 9 auf Pro7?\"}]},{\"@type\":\"WebSite\",\"@id\":\"https:\/\/newsslash.com\/n\/#website\",\"url\":\"https:\/\/newsslash.com\/n\/\",\"name\":\"Newsslash\",\"description\":\"Trending News on Movies, Series, OTT, Gaming\",\"publisher\":{\"@id\":\"https:\/\/newsslash.com\/n\/#organization\"},\"potentialAction\":[{\"@type\":\"SearchAction\",\"target\":{\"@type\":\"EntryPoint\",\"urlTemplate\":\"https:\/\/newsslash.com\/n\/?s={search_term_string}\"},\"query-input\":{\"@type\":\"PropertyValueSpecification\",\"valueRequired\":true,\"valueName\":\"search_term_string\"}}],\"inLanguage\":\"en-US\"},{\"@type\":\"Organization\",\"@id\":\"https:\/\/newsslash.com\/n\/#organization\",\"name\":\"Newsslash\",\"url\":\"https:\/\/newsslash.com\/n\/\",\"logo\":{\"@type\":\"ImageObject\",\"inLanguage\":\"en-US\",\"@id\":\"https:\/\/newsslash.com\/n\/#\/schema\/logo\/image\/\",\"url\":\"https:\/\/newsslash.com\/n\/wp-content\/uploads\/2025\/04\/cropped-Newsslash-logo-Fevicon.png\",\"contentUrl\":\"https:\/\/newsslash.com\/n\/wp-content\/uploads\/2025\/04\/cropped-Newsslash-logo-Fevicon.png\",\"width\":512,\"height\":512,\"caption\":\"Newsslash\"},\"image\":{\"@id\":\"https:\/\/newsslash.com\/n\/#\/schema\/logo\/image\/\"}},{\"@type\":\"Person\",\"@id\":\"https:\/\/newsslash.com\/n\/#\/schema\/person\/709185a45f398d6a15210745a10251e2\",\"name\":\"Ramona R\",\"sameAs\":[\"https:\/\/newsslash.com\"],\"url\":\"https:\/\/newsslash.com\/n\/author\/ramona_r\/\"}]}<\/script>\n<!-- \/ Yoast SEO plugin. -->","yoast_head_json":{"title":"Wann kommt The Middle Staffel 9 auf Pro7? - Newsslash","robots":{"index":"noindex","follow":"follow"},"og_locale":"en_US","og_type":"article","og_title":"Wann kommt The Middle Staffel 9 auf Pro7? - Newsslash","og_description":"The Middle \u00e2\u20ac\u201c inmitten einer chaotischen aber liebenswerten Familie \u00e2\u20ac\u201c das ist es was die amerikanische Sitcom derzeit auf Pro7... Mehr auf Newsslash.com!","og_url":"https:\/\/newsslash.com\/n\/12509-wann-kommt-the-middle-staffel-9-auf-pro7\/","og_site_name":"Newsslash","article_published_time":"2018-06-26T11:06:00+00:00","og_image":[{"width":1280,"height":854,"url":"https:\/\/newsslash.com\/n\/wp-content\/uploads\/2025\/04\/NewsSlash-Featured-Image.jpg","type":"image\/jpeg"}],"author":"Ramona R","twitter_card":"summary_large_image","twitter_misc":{"Written by":"Ramona R","Est. reading time":"2 minutes"},"schema":{"@context":"https:\/\/schema.org","@graph":[{"@type":"Article","@id":"https:\/\/newsslash.com\/n\/12509-wann-kommt-the-middle-staffel-9-auf-pro7\/#article","isPartOf":{"@id":"https:\/\/newsslash.com\/n\/12509-wann-kommt-the-middle-staffel-9-auf-pro7\/"},"author":{"name":"Ramona R","@id":"https:\/\/newsslash.com\/n\/#\/schema\/person\/709185a45f398d6a15210745a10251e2"},"headline":"Wann kommt The Middle Staffel 9 auf Pro7?","datePublished":"2018-06-26T11:06:00+00:00","mainEntityOfPage":{"@id":"https:\/\/newsslash.com\/n\/12509-wann-kommt-the-middle-staffel-9-auf-pro7\/"},"wordCount":387,"commentCount":0,"publisher":{"@id":"https:\/\/newsslash.com\/n\/#organization"},"image":{"@id":"https:\/\/newsslash.com\/n\/12509-wann-kommt-the-middle-staffel-9-auf-pro7\/#primaryimage"},"thumbnailUrl":"https:\/\/newsslash.com\/n\/wp-content\/uploads\/2025\/04\/NewsSlash-Featured-Image.jpg","articleSection":["Blog"],"inLanguage":"en-US","potentialAction":[{"@type":"CommentAction","name":"Comment","target":["https:\/\/newsslash.com\/n\/12509-wann-kommt-the-middle-staffel-9-auf-pro7\/#respond"]}]},{"@type":"WebPage","@id":"https:\/\/newsslash.com\/n\/12509-wann-kommt-the-middle-staffel-9-auf-pro7\/","url":"https:\/\/newsslash.com\/n\/12509-wann-kommt-the-middle-staffel-9-auf-pro7\/","name":"Wann kommt The Middle Staffel 9 auf Pro7? - Newsslash","isPartOf":{"@id":"https:\/\/newsslash.com\/n\/#website"},"primaryImageOfPage":{"@id":"https:\/\/newsslash.com\/n\/12509-wann-kommt-the-middle-staffel-9-auf-pro7\/#primaryimage"},"image":{"@id":"https:\/\/newsslash.com\/n\/12509-wann-kommt-the-middle-staffel-9-auf-pro7\/#primaryimage"},"thumbnailUrl":"https:\/\/newsslash.com\/n\/wp-content\/uploads\/2025\/04\/NewsSlash-Featured-Image.jpg","datePublished":"2018-06-26T11:06:00+00:00","breadcrumb":{"@id":"https:\/\/newsslash.com\/n\/12509-wann-kommt-the-middle-staffel-9-auf-pro7\/#breadcrumb"},"inLanguage":"en-US","potentialAction":[{"@type":"ReadAction","target":["https:\/\/newsslash.com\/n\/12509-wann-kommt-the-middle-staffel-9-auf-pro7\/"]}]},{"@type":"ImageObject","inLanguage":"en-US","@id":"https:\/\/newsslash.com\/n\/12509-wann-kommt-the-middle-staffel-9-auf-pro7\/#primaryimage","url":"https:\/\/newsslash.com\/n\/wp-content\/uploads\/2025\/04\/NewsSlash-Featured-Image.jpg","contentUrl":"https:\/\/newsslash.com\/n\/wp-content\/uploads\/2025\/04\/NewsSlash-Featured-Image.jpg","width":1280,"height":854},{"@type":"BreadcrumbList","@id":"https:\/\/newsslash.com\/n\/12509-wann-kommt-the-middle-staffel-9-auf-pro7\/#breadcrumb","itemListElement":[{"@type":"ListItem","position":1,"name":"Home","item":"https:\/\/newsslash.com\/n\/"},{"@type":"ListItem","position":2,"name":"Wann kommt The Middle Staffel 9 auf Pro7?"}]},{"@type":"WebSite","@id":"https:\/\/newsslash.com\/n\/#website","url":"https:\/\/newsslash.com\/n\/","name":"Newsslash","description":"Trending News on Movies, Series, OTT, Gaming","publisher":{"@id":"https:\/\/newsslash.com\/n\/#organization"},"potentialAction":[{"@type":"SearchAction","target":{"@type":"EntryPoint","urlTemplate":"https:\/\/newsslash.com\/n\/?s={search_term_string}"},"query-input":{"@type":"PropertyValueSpecification","valueRequired":true,"valueName":"search_term_string"}}],"inLanguage":"en-US"},{"@type":"Organization","@id":"https:\/\/newsslash.com\/n\/#organization","name":"Newsslash","url":"https:\/\/newsslash.com\/n\/","logo":{"@type":"ImageObject","inLanguage":"en-US","@id":"https:\/\/newsslash.com\/n\/#\/schema\/logo\/image\/","url":"https:\/\/newsslash.com\/n\/wp-content\/uploads\/2025\/04\/cropped-Newsslash-logo-Fevicon.png","contentUrl":"https:\/\/newsslash.com\/n\/wp-content\/uploads\/2025\/04\/cropped-Newsslash-logo-Fevicon.png","width":512,"height":512,"caption":"Newsslash"},"image":{"@id":"https:\/\/newsslash.com\/n\/#\/schema\/logo\/image\/"}},{"@type":"Person","@id":"https:\/\/newsslash.com\/n\/#\/schema\/person\/709185a45f398d6a15210745a10251e2","name":"Ramona R","sameAs":["https:\/\/newsslash.com"],"url":"https:\/\/newsslash.com\/n\/author\/ramona_r\/"}]}},"_links":{"self":[{"href":"https:\/\/newsslash.com\/n\/wp-json\/wp\/v2\/posts\/16175","targetHints":{"allow":["GET"]}}],"collection":[{"href":"https:\/\/newsslash.com\/n\/wp-json\/wp\/v2\/posts"}],"about":[{"href":"https:\/\/newsslash.com\/n\/wp-json\/wp\/v2\/types\/post"}],"author":[{"embeddable":true,"href":"https:\/\/newsslash.com\/n\/wp-json\/wp\/v2\/users\/5"}],"replies":[{"embeddable":true,"href":"https:\/\/newsslash.com\/n\/wp-json\/wp\/v2\/comments?post=16175"}],"version-history":[{"count":0,"href":"https:\/\/newsslash.com\/n\/wp-json\/wp\/v2\/posts\/16175\/revisions"}],"wp:featuredmedia":[{"embeddable":true,"href":"https:\/\/newsslash.com\/n\/wp-json\/wp\/v2\/media\/21974"}],"wp:attachment":[{"href":"https:\/\/newsslash.com\/n\/wp-json\/wp\/v2\/media?parent=16175"}],"curies":[{"name":"wp","href":"https:\/\/api.w.org\/{rel}","templated":true}]}}