{"id":16195,"date":"2018-07-08T10:38:00","date_gmt":"2018-07-08T10:38:00","guid":{"rendered":"https:\/\/newsslash.com\/n\/12529-wann-kommt-criminal-minds-staffel-14-auf-sat1\/"},"modified":"2018-07-08T10:38:00","modified_gmt":"2018-07-08T10:38:00","slug":"12529-wann-kommt-criminal-minds-staffel-14-auf-sat1","status":"publish","type":"post","link":"https:\/\/newsslash.com\/n\/12529-wann-kommt-criminal-minds-staffel-14-auf-sat1\/","title":{"rendered":"Wann kommt Criminal Minds Staffel 14 auf Sat.1?"},"content":{"rendered":"<p>Am 22. September 2005 war es soweit und die erste Staffel der Krimiserie Criminal Minds feierte Premiere. Seitdem wird sie auf CBS ausgestrahlt. Die deutschsprachige Fassung k\u00c3\u00b6nnen Krimifans \u00c3\u00bcber Sat.1 schauen. In den letzten 13 Jahren sind einige Staffeln erschienen. Um genau zu sein 13 St\u00c3\u00bcck. Nun mussten sich die Fans von gleich zwei Schauspieler verabschieden. Bodhi Elfman alias Mr. Scratch und Damon Gupton alias Special Agent Stephan Walker steigen aus der Serie aus. Kann es ohne sie \u00c3\u00bcberhaupt eine Fortsetzung geben? Wenn ja, wann kommt Criminal Minds Staffel 14 auf Sat.1? <ins data-ad-client=\"ca-pub-3647021458695789\" data-ad-format=\"link\" data-ad-slot=\"7996975644\" style=\"display:block\"><\/ins> Wann Criminal Minds Staffel 14 auf Sat.1 kommt, hat der Sender noch nicht bekannt gegeben. Doch der amerikanische Sender CBS hat eine weitere Staffel der Krimiserie best\u00c3\u00a4tigt. Voraussichtlich wird Criminal Minds Staffel 14 dort im September dieses Jahres zu sehen sein. Auf Sat.1 k\u00c3\u00b6nnte sie eventuell im Januar 2019 erscheinen. Wir halten euch auf dem Laufenden, was den Start der neuen Staffel betrifft. Wir wollen nicht allzu viel spoilern, f\u00c3\u00bcr diejenigen unter euch, die die 13. Staffel noch nicht zu Ende geschaut haben. Nur so viel: Das Ende ist ziemlich turbulent und ihr solltet noch einmal die letzten Folgen mit Mr. Scratch genie\u00c3\u0178en, bevor er in den Tod st\u00c3\u00bcrzt. Zudem geraten die Special Agents Reid (Matthew Gray Gubler) und Garcia (Kirsten Vangsness) in die F\u00c3\u00a4nge einer Sekte, in der sie psychische und k\u00c3\u00b6rperliche Gewalt erleben. K\u00c3\u00b6nnen sie die Folter \u00c3\u00bcberleben? Das seht ihr, sobald Criminal Minds Staffel 14 auf Sat.1 erscheint. Dort bekommt das Team tatkr\u00c3\u00a4ftige Unterst\u00c3\u00bctzung von Special Agent Matthew Simmons (Daniel Henney), der bereits bekannt aus dem Spin-Off Beyond Borders ist und auch in Ciminal Minds diverse Gastauftritte hatte. Im Allgemeinen handelt Criminal Minds vom Alltag des FBIs, oder besser gesagt von dem Bereich der operativen Fallanalyse. Dabei fokussiert sich die Serie nicht, wie es bei vielen anderen Krimiserien der Fall ist, auf das Verbrechen allgemein, sondern viel mehr auf den Kriminellen. <iframe loading=\"lazy\" allowfullscreen=\"\" frameborder=\"0\" height=\"315\" src=\"https:\/\/www.youtube-nocookie.com\/embed\/NTYxiJBbEZk\" width=\"100%\"><\/iframe><\/p><div class=\"newss-content\" id=\"newss-654951978\"><script async src=\"\/\/pagead2.googlesyndication.com\/pagead\/js\/adsbygoogle.js?client=ca-pub-7733425960004873\" crossorigin=\"anonymous\"><\/script><ins class=\"adsbygoogle\" style=\"display:block;\" data-ad-client=\"ca-pub-7733425960004873\" \ndata-ad-slot=\"2582020599\" \ndata-ad-format=\"auto\"><\/ins>\n<script> \n(adsbygoogle = window.adsbygoogle || []).push({}); \n<\/script>\n<\/div><div class=\"newss-article-1\" id=\"newss-4279651572\"><script async src=\"https:\/\/pagead2.googlesyndication.com\/pagead\/js\/adsbygoogle.js?client=ca-pub-7733425960004873\"\r\n     crossorigin=\"anonymous\"><\/script>\r\n<!-- Homepage2 -->\r\n<ins class=\"adsbygoogle\"\r\n     style=\"display:block\"\r\n     data-ad-client=\"ca-pub-7733425960004873\"\r\n     data-ad-slot=\"2582020599\"\r\n     data-ad-format=\"auto\"\r\n     data-full-width-responsive=\"true\"><\/ins>\r\n<script>\r\n     (adsbygoogle = window.adsbygoogle || []).push({});\r\n<\/script><\/div>\n","protected":false},"excerpt":{"rendered":"<p>Mit einer turbulenten Szene endet die 13. Steffel der Krimiserie Criminal Minds. Und wieder einmal m\u00c3\u00bcssen die Fans Goodbye zu zwei&#8230; Mehr auf Newsslash.com!<\/p>\n","protected":false},"author":5,"featured_media":21974,"comment_status":"open","ping_status":"open","sticky":false,"template":"","format":"standard","meta":{"_et_pb_use_builder":"","_et_pb_old_content":"","_et_gb_content_width":"","footnotes":""},"class_list":["post-16195","post","type-post","status-publish","format-standard","has-post-thumbnail","hentry","category-blog"],"yoast_head":"<!-- This site is optimized with the Yoast SEO plugin v24.8.1 - https:\/\/yoast.com\/wordpress\/plugins\/seo\/ -->\n<title>Wann kommt Criminal Minds Staffel 14 auf Sat.1? - Newsslash<\/title>\n<meta name=\"robots\" content=\"noindex, follow\" \/>\n<meta property=\"og:locale\" content=\"en_US\" \/>\n<meta property=\"og:type\" content=\"article\" \/>\n<meta property=\"og:title\" content=\"Wann kommt Criminal Minds Staffel 14 auf Sat.1? - Newsslash\" \/>\n<meta property=\"og:description\" content=\"Mit einer turbulenten Szene endet die 13. Steffel der Krimiserie Criminal Minds. Und wieder einmal m\u00c3\u00bcssen die Fans Goodbye zu zwei... Mehr auf Newsslash.com!\" \/>\n<meta property=\"og:url\" content=\"https:\/\/newsslash.com\/n\/12529-wann-kommt-criminal-minds-staffel-14-auf-sat1\/\" \/>\n<meta property=\"og:site_name\" content=\"Newsslash\" \/>\n<meta property=\"article:published_time\" content=\"2018-07-08T10:38:00+00:00\" \/>\n<meta property=\"og:image\" content=\"https:\/\/newsslash.com\/n\/wp-content\/uploads\/2025\/04\/NewsSlash-Featured-Image.jpg\" \/>\n\t<meta property=\"og:image:width\" content=\"1280\" \/>\n\t<meta property=\"og:image:height\" content=\"854\" \/>\n\t<meta property=\"og:image:type\" content=\"image\/jpeg\" \/>\n<meta name=\"author\" content=\"Ramona R\" \/>\n<meta name=\"twitter:card\" content=\"summary_large_image\" \/>\n<meta name=\"twitter:label1\" content=\"Written by\" \/>\n\t<meta name=\"twitter:data1\" content=\"Ramona R\" \/>\n\t<meta name=\"twitter:label2\" content=\"Est. reading time\" \/>\n\t<meta name=\"twitter:data2\" content=\"2 minutes\" \/>\n<script type=\"application\/ld+json\" class=\"yoast-schema-graph\">{\"@context\":\"https:\/\/schema.org\",\"@graph\":[{\"@type\":\"Article\",\"@id\":\"https:\/\/newsslash.com\/n\/12529-wann-kommt-criminal-minds-staffel-14-auf-sat1\/#article\",\"isPartOf\":{\"@id\":\"https:\/\/newsslash.com\/n\/12529-wann-kommt-criminal-minds-staffel-14-auf-sat1\/\"},\"author\":{\"name\":\"Ramona R\",\"@id\":\"https:\/\/newsslash.com\/n\/#\/schema\/person\/709185a45f398d6a15210745a10251e2\"},\"headline\":\"Wann kommt Criminal Minds Staffel 14 auf Sat.1?\",\"datePublished\":\"2018-07-08T10:38:00+00:00\",\"mainEntityOfPage\":{\"@id\":\"https:\/\/newsslash.com\/n\/12529-wann-kommt-criminal-minds-staffel-14-auf-sat1\/\"},\"wordCount\":325,\"commentCount\":0,\"publisher\":{\"@id\":\"https:\/\/newsslash.com\/n\/#organization\"},\"image\":{\"@id\":\"https:\/\/newsslash.com\/n\/12529-wann-kommt-criminal-minds-staffel-14-auf-sat1\/#primaryimage\"},\"thumbnailUrl\":\"https:\/\/newsslash.com\/n\/wp-content\/uploads\/2025\/04\/NewsSlash-Featured-Image.jpg\",\"articleSection\":[\"Blog\"],\"inLanguage\":\"en-US\",\"potentialAction\":[{\"@type\":\"CommentAction\",\"name\":\"Comment\",\"target\":[\"https:\/\/newsslash.com\/n\/12529-wann-kommt-criminal-minds-staffel-14-auf-sat1\/#respond\"]}]},{\"@type\":\"WebPage\",\"@id\":\"https:\/\/newsslash.com\/n\/12529-wann-kommt-criminal-minds-staffel-14-auf-sat1\/\",\"url\":\"https:\/\/newsslash.com\/n\/12529-wann-kommt-criminal-minds-staffel-14-auf-sat1\/\",\"name\":\"Wann kommt Criminal Minds Staffel 14 auf Sat.1? - Newsslash\",\"isPartOf\":{\"@id\":\"https:\/\/newsslash.com\/n\/#website\"},\"primaryImageOfPage\":{\"@id\":\"https:\/\/newsslash.com\/n\/12529-wann-kommt-criminal-minds-staffel-14-auf-sat1\/#primaryimage\"},\"image\":{\"@id\":\"https:\/\/newsslash.com\/n\/12529-wann-kommt-criminal-minds-staffel-14-auf-sat1\/#primaryimage\"},\"thumbnailUrl\":\"https:\/\/newsslash.com\/n\/wp-content\/uploads\/2025\/04\/NewsSlash-Featured-Image.jpg\",\"datePublished\":\"2018-07-08T10:38:00+00:00\",\"breadcrumb\":{\"@id\":\"https:\/\/newsslash.com\/n\/12529-wann-kommt-criminal-minds-staffel-14-auf-sat1\/#breadcrumb\"},\"inLanguage\":\"en-US\",\"potentialAction\":[{\"@type\":\"ReadAction\",\"target\":[\"https:\/\/newsslash.com\/n\/12529-wann-kommt-criminal-minds-staffel-14-auf-sat1\/\"]}]},{\"@type\":\"ImageObject\",\"inLanguage\":\"en-US\",\"@id\":\"https:\/\/newsslash.com\/n\/12529-wann-kommt-criminal-minds-staffel-14-auf-sat1\/#primaryimage\",\"url\":\"https:\/\/newsslash.com\/n\/wp-content\/uploads\/2025\/04\/NewsSlash-Featured-Image.jpg\",\"contentUrl\":\"https:\/\/newsslash.com\/n\/wp-content\/uploads\/2025\/04\/NewsSlash-Featured-Image.jpg\",\"width\":1280,\"height\":854},{\"@type\":\"BreadcrumbList\",\"@id\":\"https:\/\/newsslash.com\/n\/12529-wann-kommt-criminal-minds-staffel-14-auf-sat1\/#breadcrumb\",\"itemListElement\":[{\"@type\":\"ListItem\",\"position\":1,\"name\":\"Home\",\"item\":\"https:\/\/newsslash.com\/n\/\"},{\"@type\":\"ListItem\",\"position\":2,\"name\":\"Wann kommt Criminal Minds Staffel 14 auf Sat.1?\"}]},{\"@type\":\"WebSite\",\"@id\":\"https:\/\/newsslash.com\/n\/#website\",\"url\":\"https:\/\/newsslash.com\/n\/\",\"name\":\"Newsslash\",\"description\":\"Trending News on Movies, Series, OTT, Gaming\",\"publisher\":{\"@id\":\"https:\/\/newsslash.com\/n\/#organization\"},\"potentialAction\":[{\"@type\":\"SearchAction\",\"target\":{\"@type\":\"EntryPoint\",\"urlTemplate\":\"https:\/\/newsslash.com\/n\/?s={search_term_string}\"},\"query-input\":{\"@type\":\"PropertyValueSpecification\",\"valueRequired\":true,\"valueName\":\"search_term_string\"}}],\"inLanguage\":\"en-US\"},{\"@type\":\"Organization\",\"@id\":\"https:\/\/newsslash.com\/n\/#organization\",\"name\":\"Newsslash\",\"url\":\"https:\/\/newsslash.com\/n\/\",\"logo\":{\"@type\":\"ImageObject\",\"inLanguage\":\"en-US\",\"@id\":\"https:\/\/newsslash.com\/n\/#\/schema\/logo\/image\/\",\"url\":\"https:\/\/newsslash.com\/n\/wp-content\/uploads\/2025\/04\/cropped-Newsslash-logo-Fevicon.png\",\"contentUrl\":\"https:\/\/newsslash.com\/n\/wp-content\/uploads\/2025\/04\/cropped-Newsslash-logo-Fevicon.png\",\"width\":512,\"height\":512,\"caption\":\"Newsslash\"},\"image\":{\"@id\":\"https:\/\/newsslash.com\/n\/#\/schema\/logo\/image\/\"}},{\"@type\":\"Person\",\"@id\":\"https:\/\/newsslash.com\/n\/#\/schema\/person\/709185a45f398d6a15210745a10251e2\",\"name\":\"Ramona R\",\"sameAs\":[\"https:\/\/newsslash.com\"],\"url\":\"https:\/\/newsslash.com\/n\/author\/ramona_r\/\"}]}<\/script>\n<!-- \/ Yoast SEO plugin. -->","yoast_head_json":{"title":"Wann kommt Criminal Minds Staffel 14 auf Sat.1? - Newsslash","robots":{"index":"noindex","follow":"follow"},"og_locale":"en_US","og_type":"article","og_title":"Wann kommt Criminal Minds Staffel 14 auf Sat.1? - Newsslash","og_description":"Mit einer turbulenten Szene endet die 13. Steffel der Krimiserie Criminal Minds. Und wieder einmal m\u00c3\u00bcssen die Fans Goodbye zu zwei... Mehr auf Newsslash.com!","og_url":"https:\/\/newsslash.com\/n\/12529-wann-kommt-criminal-minds-staffel-14-auf-sat1\/","og_site_name":"Newsslash","article_published_time":"2018-07-08T10:38:00+00:00","og_image":[{"width":1280,"height":854,"url":"https:\/\/newsslash.com\/n\/wp-content\/uploads\/2025\/04\/NewsSlash-Featured-Image.jpg","type":"image\/jpeg"}],"author":"Ramona R","twitter_card":"summary_large_image","twitter_misc":{"Written by":"Ramona R","Est. reading time":"2 minutes"},"schema":{"@context":"https:\/\/schema.org","@graph":[{"@type":"Article","@id":"https:\/\/newsslash.com\/n\/12529-wann-kommt-criminal-minds-staffel-14-auf-sat1\/#article","isPartOf":{"@id":"https:\/\/newsslash.com\/n\/12529-wann-kommt-criminal-minds-staffel-14-auf-sat1\/"},"author":{"name":"Ramona R","@id":"https:\/\/newsslash.com\/n\/#\/schema\/person\/709185a45f398d6a15210745a10251e2"},"headline":"Wann kommt Criminal Minds Staffel 14 auf Sat.1?","datePublished":"2018-07-08T10:38:00+00:00","mainEntityOfPage":{"@id":"https:\/\/newsslash.com\/n\/12529-wann-kommt-criminal-minds-staffel-14-auf-sat1\/"},"wordCount":325,"commentCount":0,"publisher":{"@id":"https:\/\/newsslash.com\/n\/#organization"},"image":{"@id":"https:\/\/newsslash.com\/n\/12529-wann-kommt-criminal-minds-staffel-14-auf-sat1\/#primaryimage"},"thumbnailUrl":"https:\/\/newsslash.com\/n\/wp-content\/uploads\/2025\/04\/NewsSlash-Featured-Image.jpg","articleSection":["Blog"],"inLanguage":"en-US","potentialAction":[{"@type":"CommentAction","name":"Comment","target":["https:\/\/newsslash.com\/n\/12529-wann-kommt-criminal-minds-staffel-14-auf-sat1\/#respond"]}]},{"@type":"WebPage","@id":"https:\/\/newsslash.com\/n\/12529-wann-kommt-criminal-minds-staffel-14-auf-sat1\/","url":"https:\/\/newsslash.com\/n\/12529-wann-kommt-criminal-minds-staffel-14-auf-sat1\/","name":"Wann kommt Criminal Minds Staffel 14 auf Sat.1? - Newsslash","isPartOf":{"@id":"https:\/\/newsslash.com\/n\/#website"},"primaryImageOfPage":{"@id":"https:\/\/newsslash.com\/n\/12529-wann-kommt-criminal-minds-staffel-14-auf-sat1\/#primaryimage"},"image":{"@id":"https:\/\/newsslash.com\/n\/12529-wann-kommt-criminal-minds-staffel-14-auf-sat1\/#primaryimage"},"thumbnailUrl":"https:\/\/newsslash.com\/n\/wp-content\/uploads\/2025\/04\/NewsSlash-Featured-Image.jpg","datePublished":"2018-07-08T10:38:00+00:00","breadcrumb":{"@id":"https:\/\/newsslash.com\/n\/12529-wann-kommt-criminal-minds-staffel-14-auf-sat1\/#breadcrumb"},"inLanguage":"en-US","potentialAction":[{"@type":"ReadAction","target":["https:\/\/newsslash.com\/n\/12529-wann-kommt-criminal-minds-staffel-14-auf-sat1\/"]}]},{"@type":"ImageObject","inLanguage":"en-US","@id":"https:\/\/newsslash.com\/n\/12529-wann-kommt-criminal-minds-staffel-14-auf-sat1\/#primaryimage","url":"https:\/\/newsslash.com\/n\/wp-content\/uploads\/2025\/04\/NewsSlash-Featured-Image.jpg","contentUrl":"https:\/\/newsslash.com\/n\/wp-content\/uploads\/2025\/04\/NewsSlash-Featured-Image.jpg","width":1280,"height":854},{"@type":"BreadcrumbList","@id":"https:\/\/newsslash.com\/n\/12529-wann-kommt-criminal-minds-staffel-14-auf-sat1\/#breadcrumb","itemListElement":[{"@type":"ListItem","position":1,"name":"Home","item":"https:\/\/newsslash.com\/n\/"},{"@type":"ListItem","position":2,"name":"Wann kommt Criminal Minds Staffel 14 auf Sat.1?"}]},{"@type":"WebSite","@id":"https:\/\/newsslash.com\/n\/#website","url":"https:\/\/newsslash.com\/n\/","name":"Newsslash","description":"Trending News on Movies, Series, OTT, Gaming","publisher":{"@id":"https:\/\/newsslash.com\/n\/#organization"},"potentialAction":[{"@type":"SearchAction","target":{"@type":"EntryPoint","urlTemplate":"https:\/\/newsslash.com\/n\/?s={search_term_string}"},"query-input":{"@type":"PropertyValueSpecification","valueRequired":true,"valueName":"search_term_string"}}],"inLanguage":"en-US"},{"@type":"Organization","@id":"https:\/\/newsslash.com\/n\/#organization","name":"Newsslash","url":"https:\/\/newsslash.com\/n\/","logo":{"@type":"ImageObject","inLanguage":"en-US","@id":"https:\/\/newsslash.com\/n\/#\/schema\/logo\/image\/","url":"https:\/\/newsslash.com\/n\/wp-content\/uploads\/2025\/04\/cropped-Newsslash-logo-Fevicon.png","contentUrl":"https:\/\/newsslash.com\/n\/wp-content\/uploads\/2025\/04\/cropped-Newsslash-logo-Fevicon.png","width":512,"height":512,"caption":"Newsslash"},"image":{"@id":"https:\/\/newsslash.com\/n\/#\/schema\/logo\/image\/"}},{"@type":"Person","@id":"https:\/\/newsslash.com\/n\/#\/schema\/person\/709185a45f398d6a15210745a10251e2","name":"Ramona R","sameAs":["https:\/\/newsslash.com"],"url":"https:\/\/newsslash.com\/n\/author\/ramona_r\/"}]}},"_links":{"self":[{"href":"https:\/\/newsslash.com\/n\/wp-json\/wp\/v2\/posts\/16195","targetHints":{"allow":["GET"]}}],"collection":[{"href":"https:\/\/newsslash.com\/n\/wp-json\/wp\/v2\/posts"}],"about":[{"href":"https:\/\/newsslash.com\/n\/wp-json\/wp\/v2\/types\/post"}],"author":[{"embeddable":true,"href":"https:\/\/newsslash.com\/n\/wp-json\/wp\/v2\/users\/5"}],"replies":[{"embeddable":true,"href":"https:\/\/newsslash.com\/n\/wp-json\/wp\/v2\/comments?post=16195"}],"version-history":[{"count":0,"href":"https:\/\/newsslash.com\/n\/wp-json\/wp\/v2\/posts\/16195\/revisions"}],"wp:featuredmedia":[{"embeddable":true,"href":"https:\/\/newsslash.com\/n\/wp-json\/wp\/v2\/media\/21974"}],"wp:attachment":[{"href":"https:\/\/newsslash.com\/n\/wp-json\/wp\/v2\/media?parent=16195"}],"curies":[{"name":"wp","href":"https:\/\/api.w.org\/{rel}","templated":true}]}}