{"id":16340,"date":"2018-07-12T21:46:00","date_gmt":"2018-07-12T21:46:00","guid":{"rendered":"https:\/\/newsslash.com\/n\/12659-netflix-starttermin-fuer-insatiable-steht-fest\/"},"modified":"2018-07-12T21:46:00","modified_gmt":"2018-07-12T21:46:00","slug":"12659-netflix-starttermin-fuer-insatiable-steht-fest","status":"publish","type":"post","link":"https:\/\/newsslash.com\/n\/12659-netflix-starttermin-fuer-insatiable-steht-fest\/","title":{"rendered":"Netflix: Starttermin f\u00c3\u00bcr Insatiable steht fest"},"content":{"rendered":"<p>Mit einem YouTube Video hat Netflix den Starttermin f\u00c3\u00bcr Insatiable verk\u00c3\u00bcndet. Am 10. August wird die 1. Staffel der Dramaserie, die insgesamt zw\u00c3\u00b6lf Episoden umfasst und aus der Feder von Lauren Gussis (Dexter, Once Upon A Time) stammt, online gehen. Netflix hatte den Pilot f\u00c3\u00bcr die Dramaserie im letzten Jahr \u00c3\u00bcbernommen, nachdem CW sich dazu entschieden hatte, das Projekt nicht umzusetzen. Das Video zur Ank\u00c3\u00bcndigung des Starttermins findet ihr am Ende dieser News. Insatiable dreht sich um Patty (Debby Ryan), die \u00c3\u00bcber Jahre hinweg von ihren Mitmenschen aufgrund ihres \u00c3\u0153bergewichts gemobbt, ignoriert und untersch\u00c3\u00a4tzt wurde. Jetzt hat sie allerdings abgenommen und m\u00c3\u00b6chte es jedem, wegen dem sie sich einst schlecht gef\u00c3\u00bchlt hat, heimzahlen. Hier kommt Bob Armstrong (Dallas Roberts), ein ehemaliger Anwalt der nun als Trainer f\u00c3\u00bcr Sch\u00c3\u00b6nheitswettbewerbe arbeitet, ins Spiel. Bob und seine Frau Coralee (Alyssa Milano) ahnen allerdings noch nicht, wie gro\u00c3\u0178 Pattys Wut tats\u00c3\u00a4chlich ist und wie weit sie f\u00c3\u00bcr ihren Rachezug gehen w\u00c3\u00bcrde. In weiteren Rollen der Rachekom\u00c3\u00b6die sind Christopher Gorham, Erinn Westbrook, Michael Provost, Kimmy Schields, Irene Chio und Sarah Colonna zu sehen. Zum Stab der Executive Producer geh\u00c3\u00b6ren Andy Fleming, Todd Hoffman, Nina Wass, Dennis Kim, Ryan Seacrest und Andrea Shay. <iframe loading=\"lazy\" allowfullscreen=\"\" frameborder=\"0\" height=\"315\" src=\"https:\/\/www.youtube-nocookie.com\/embed\/rF39C7GgR4g\" width=\"560\"><\/iframe><\/p><div class=\"newss-content\" id=\"newss-1836103424\"><script async src=\"\/\/pagead2.googlesyndication.com\/pagead\/js\/adsbygoogle.js?client=ca-pub-7733425960004873\" crossorigin=\"anonymous\"><\/script><ins class=\"adsbygoogle\" style=\"display:block;\" data-ad-client=\"ca-pub-7733425960004873\" \ndata-ad-slot=\"2582020599\" \ndata-ad-format=\"auto\"><\/ins>\n<script> \n(adsbygoogle = window.adsbygoogle || []).push({}); \n<\/script>\n<\/div><div class=\"newss-article-1\" id=\"newss-2053337556\"><script async src=\"https:\/\/pagead2.googlesyndication.com\/pagead\/js\/adsbygoogle.js?client=ca-pub-7733425960004873\"\r\n     crossorigin=\"anonymous\"><\/script>\r\n<!-- Homepage2 -->\r\n<ins class=\"adsbygoogle\"\r\n     style=\"display:block\"\r\n     data-ad-client=\"ca-pub-7733425960004873\"\r\n     data-ad-slot=\"2582020599\"\r\n     data-ad-format=\"auto\"\r\n     data-full-width-responsive=\"true\"><\/ins>\r\n<script>\r\n     (adsbygoogle = window.adsbygoogle || []).push({});\r\n<\/script><\/div>\n","protected":false},"excerpt":{"rendered":"<p>Bereits im August f\u00c3\u00a4llt der Startschuss f\u00c3\u00bcr die neue Netflix-Serie Insatiable. Im Zentrum steht ein ehemaliger Rechtsanwalt, der&#8230; Mehr auf Newsslash.com!<\/p>\n","protected":false},"author":8,"featured_media":21974,"comment_status":"open","ping_status":"open","sticky":false,"template":"","format":"standard","meta":{"_et_pb_use_builder":"","_et_pb_old_content":"","_et_gb_content_width":"","footnotes":""},"class_list":["post-16340","post","type-post","status-publish","format-standard","has-post-thumbnail","hentry","category-blog"],"yoast_head":"<!-- This site is optimized with the Yoast SEO plugin v24.8.1 - https:\/\/yoast.com\/wordpress\/plugins\/seo\/ -->\n<title>Netflix: Starttermin f\u00c3\u00bcr Insatiable steht fest - Newsslash<\/title>\n<meta name=\"robots\" content=\"noindex, follow\" \/>\n<meta property=\"og:locale\" content=\"en_US\" \/>\n<meta property=\"og:type\" content=\"article\" \/>\n<meta property=\"og:title\" content=\"Netflix: Starttermin f\u00c3\u00bcr Insatiable steht fest - Newsslash\" \/>\n<meta property=\"og:description\" content=\"Bereits im August f\u00c3\u00a4llt der Startschuss f\u00c3\u00bcr die neue Netflix-Serie Insatiable. Im Zentrum steht ein ehemaliger Rechtsanwalt, der... Mehr auf Newsslash.com!\" \/>\n<meta property=\"og:url\" content=\"https:\/\/newsslash.com\/n\/12659-netflix-starttermin-fuer-insatiable-steht-fest\/\" \/>\n<meta property=\"og:site_name\" content=\"Newsslash\" \/>\n<meta property=\"article:published_time\" content=\"2018-07-12T21:46:00+00:00\" \/>\n<meta property=\"og:image\" content=\"https:\/\/newsslash.com\/n\/wp-content\/uploads\/2025\/04\/NewsSlash-Featured-Image.jpg\" \/>\n\t<meta property=\"og:image:width\" content=\"1280\" \/>\n\t<meta property=\"og:image:height\" content=\"854\" \/>\n\t<meta property=\"og:image:type\" content=\"image\/jpeg\" \/>\n<meta name=\"author\" content=\"Cindy D\" \/>\n<meta name=\"twitter:card\" content=\"summary_large_image\" \/>\n<meta name=\"twitter:label1\" content=\"Written by\" \/>\n\t<meta name=\"twitter:data1\" content=\"Cindy D\" \/>\n\t<meta name=\"twitter:label2\" content=\"Est. reading time\" \/>\n\t<meta name=\"twitter:data2\" content=\"1 minute\" \/>\n<script type=\"application\/ld+json\" class=\"yoast-schema-graph\">{\"@context\":\"https:\/\/schema.org\",\"@graph\":[{\"@type\":\"Article\",\"@id\":\"https:\/\/newsslash.com\/n\/12659-netflix-starttermin-fuer-insatiable-steht-fest\/#article\",\"isPartOf\":{\"@id\":\"https:\/\/newsslash.com\/n\/12659-netflix-starttermin-fuer-insatiable-steht-fest\/\"},\"author\":{\"name\":\"Cindy D\",\"@id\":\"https:\/\/newsslash.com\/n\/#\/schema\/person\/522101af9b37501b768c7dfa5cf1edad\"},\"headline\":\"Netflix: Starttermin f\u00c3\u00bcr Insatiable steht fest\",\"datePublished\":\"2018-07-12T21:46:00+00:00\",\"mainEntityOfPage\":{\"@id\":\"https:\/\/newsslash.com\/n\/12659-netflix-starttermin-fuer-insatiable-steht-fest\/\"},\"wordCount\":217,\"commentCount\":0,\"publisher\":{\"@id\":\"https:\/\/newsslash.com\/n\/#organization\"},\"image\":{\"@id\":\"https:\/\/newsslash.com\/n\/12659-netflix-starttermin-fuer-insatiable-steht-fest\/#primaryimage\"},\"thumbnailUrl\":\"https:\/\/newsslash.com\/n\/wp-content\/uploads\/2025\/04\/NewsSlash-Featured-Image.jpg\",\"articleSection\":[\"Blog\"],\"inLanguage\":\"en-US\",\"potentialAction\":[{\"@type\":\"CommentAction\",\"name\":\"Comment\",\"target\":[\"https:\/\/newsslash.com\/n\/12659-netflix-starttermin-fuer-insatiable-steht-fest\/#respond\"]}]},{\"@type\":\"WebPage\",\"@id\":\"https:\/\/newsslash.com\/n\/12659-netflix-starttermin-fuer-insatiable-steht-fest\/\",\"url\":\"https:\/\/newsslash.com\/n\/12659-netflix-starttermin-fuer-insatiable-steht-fest\/\",\"name\":\"Netflix: Starttermin f\u00c3\u00bcr Insatiable steht fest - Newsslash\",\"isPartOf\":{\"@id\":\"https:\/\/newsslash.com\/n\/#website\"},\"primaryImageOfPage\":{\"@id\":\"https:\/\/newsslash.com\/n\/12659-netflix-starttermin-fuer-insatiable-steht-fest\/#primaryimage\"},\"image\":{\"@id\":\"https:\/\/newsslash.com\/n\/12659-netflix-starttermin-fuer-insatiable-steht-fest\/#primaryimage\"},\"thumbnailUrl\":\"https:\/\/newsslash.com\/n\/wp-content\/uploads\/2025\/04\/NewsSlash-Featured-Image.jpg\",\"datePublished\":\"2018-07-12T21:46:00+00:00\",\"breadcrumb\":{\"@id\":\"https:\/\/newsslash.com\/n\/12659-netflix-starttermin-fuer-insatiable-steht-fest\/#breadcrumb\"},\"inLanguage\":\"en-US\",\"potentialAction\":[{\"@type\":\"ReadAction\",\"target\":[\"https:\/\/newsslash.com\/n\/12659-netflix-starttermin-fuer-insatiable-steht-fest\/\"]}]},{\"@type\":\"ImageObject\",\"inLanguage\":\"en-US\",\"@id\":\"https:\/\/newsslash.com\/n\/12659-netflix-starttermin-fuer-insatiable-steht-fest\/#primaryimage\",\"url\":\"https:\/\/newsslash.com\/n\/wp-content\/uploads\/2025\/04\/NewsSlash-Featured-Image.jpg\",\"contentUrl\":\"https:\/\/newsslash.com\/n\/wp-content\/uploads\/2025\/04\/NewsSlash-Featured-Image.jpg\",\"width\":1280,\"height\":854},{\"@type\":\"BreadcrumbList\",\"@id\":\"https:\/\/newsslash.com\/n\/12659-netflix-starttermin-fuer-insatiable-steht-fest\/#breadcrumb\",\"itemListElement\":[{\"@type\":\"ListItem\",\"position\":1,\"name\":\"Home\",\"item\":\"https:\/\/newsslash.com\/n\/\"},{\"@type\":\"ListItem\",\"position\":2,\"name\":\"Netflix: Starttermin f\u00c3\u00bcr Insatiable steht fest\"}]},{\"@type\":\"WebSite\",\"@id\":\"https:\/\/newsslash.com\/n\/#website\",\"url\":\"https:\/\/newsslash.com\/n\/\",\"name\":\"Newsslash\",\"description\":\"Trending News on Movies, Series, OTT, Gaming\",\"publisher\":{\"@id\":\"https:\/\/newsslash.com\/n\/#organization\"},\"potentialAction\":[{\"@type\":\"SearchAction\",\"target\":{\"@type\":\"EntryPoint\",\"urlTemplate\":\"https:\/\/newsslash.com\/n\/?s={search_term_string}\"},\"query-input\":{\"@type\":\"PropertyValueSpecification\",\"valueRequired\":true,\"valueName\":\"search_term_string\"}}],\"inLanguage\":\"en-US\"},{\"@type\":\"Organization\",\"@id\":\"https:\/\/newsslash.com\/n\/#organization\",\"name\":\"Newsslash\",\"url\":\"https:\/\/newsslash.com\/n\/\",\"logo\":{\"@type\":\"ImageObject\",\"inLanguage\":\"en-US\",\"@id\":\"https:\/\/newsslash.com\/n\/#\/schema\/logo\/image\/\",\"url\":\"https:\/\/newsslash.com\/n\/wp-content\/uploads\/2025\/04\/cropped-Newsslash-logo-Fevicon.png\",\"contentUrl\":\"https:\/\/newsslash.com\/n\/wp-content\/uploads\/2025\/04\/cropped-Newsslash-logo-Fevicon.png\",\"width\":512,\"height\":512,\"caption\":\"Newsslash\"},\"image\":{\"@id\":\"https:\/\/newsslash.com\/n\/#\/schema\/logo\/image\/\"}},{\"@type\":\"Person\",\"@id\":\"https:\/\/newsslash.com\/n\/#\/schema\/person\/522101af9b37501b768c7dfa5cf1edad\",\"name\":\"Cindy D\",\"sameAs\":[\"http:\/\/newsslash.com\"],\"url\":\"https:\/\/newsslash.com\/n\/author\/cindy_d\/\"}]}<\/script>\n<!-- \/ Yoast SEO plugin. -->","yoast_head_json":{"title":"Netflix: Starttermin f\u00c3\u00bcr Insatiable steht fest - Newsslash","robots":{"index":"noindex","follow":"follow"},"og_locale":"en_US","og_type":"article","og_title":"Netflix: Starttermin f\u00c3\u00bcr Insatiable steht fest - Newsslash","og_description":"Bereits im August f\u00c3\u00a4llt der Startschuss f\u00c3\u00bcr die neue Netflix-Serie Insatiable. Im Zentrum steht ein ehemaliger Rechtsanwalt, der... Mehr auf Newsslash.com!","og_url":"https:\/\/newsslash.com\/n\/12659-netflix-starttermin-fuer-insatiable-steht-fest\/","og_site_name":"Newsslash","article_published_time":"2018-07-12T21:46:00+00:00","og_image":[{"width":1280,"height":854,"url":"https:\/\/newsslash.com\/n\/wp-content\/uploads\/2025\/04\/NewsSlash-Featured-Image.jpg","type":"image\/jpeg"}],"author":"Cindy D","twitter_card":"summary_large_image","twitter_misc":{"Written by":"Cindy D","Est. reading time":"1 minute"},"schema":{"@context":"https:\/\/schema.org","@graph":[{"@type":"Article","@id":"https:\/\/newsslash.com\/n\/12659-netflix-starttermin-fuer-insatiable-steht-fest\/#article","isPartOf":{"@id":"https:\/\/newsslash.com\/n\/12659-netflix-starttermin-fuer-insatiable-steht-fest\/"},"author":{"name":"Cindy D","@id":"https:\/\/newsslash.com\/n\/#\/schema\/person\/522101af9b37501b768c7dfa5cf1edad"},"headline":"Netflix: Starttermin f\u00c3\u00bcr Insatiable steht fest","datePublished":"2018-07-12T21:46:00+00:00","mainEntityOfPage":{"@id":"https:\/\/newsslash.com\/n\/12659-netflix-starttermin-fuer-insatiable-steht-fest\/"},"wordCount":217,"commentCount":0,"publisher":{"@id":"https:\/\/newsslash.com\/n\/#organization"},"image":{"@id":"https:\/\/newsslash.com\/n\/12659-netflix-starttermin-fuer-insatiable-steht-fest\/#primaryimage"},"thumbnailUrl":"https:\/\/newsslash.com\/n\/wp-content\/uploads\/2025\/04\/NewsSlash-Featured-Image.jpg","articleSection":["Blog"],"inLanguage":"en-US","potentialAction":[{"@type":"CommentAction","name":"Comment","target":["https:\/\/newsslash.com\/n\/12659-netflix-starttermin-fuer-insatiable-steht-fest\/#respond"]}]},{"@type":"WebPage","@id":"https:\/\/newsslash.com\/n\/12659-netflix-starttermin-fuer-insatiable-steht-fest\/","url":"https:\/\/newsslash.com\/n\/12659-netflix-starttermin-fuer-insatiable-steht-fest\/","name":"Netflix: Starttermin f\u00c3\u00bcr Insatiable steht fest - Newsslash","isPartOf":{"@id":"https:\/\/newsslash.com\/n\/#website"},"primaryImageOfPage":{"@id":"https:\/\/newsslash.com\/n\/12659-netflix-starttermin-fuer-insatiable-steht-fest\/#primaryimage"},"image":{"@id":"https:\/\/newsslash.com\/n\/12659-netflix-starttermin-fuer-insatiable-steht-fest\/#primaryimage"},"thumbnailUrl":"https:\/\/newsslash.com\/n\/wp-content\/uploads\/2025\/04\/NewsSlash-Featured-Image.jpg","datePublished":"2018-07-12T21:46:00+00:00","breadcrumb":{"@id":"https:\/\/newsslash.com\/n\/12659-netflix-starttermin-fuer-insatiable-steht-fest\/#breadcrumb"},"inLanguage":"en-US","potentialAction":[{"@type":"ReadAction","target":["https:\/\/newsslash.com\/n\/12659-netflix-starttermin-fuer-insatiable-steht-fest\/"]}]},{"@type":"ImageObject","inLanguage":"en-US","@id":"https:\/\/newsslash.com\/n\/12659-netflix-starttermin-fuer-insatiable-steht-fest\/#primaryimage","url":"https:\/\/newsslash.com\/n\/wp-content\/uploads\/2025\/04\/NewsSlash-Featured-Image.jpg","contentUrl":"https:\/\/newsslash.com\/n\/wp-content\/uploads\/2025\/04\/NewsSlash-Featured-Image.jpg","width":1280,"height":854},{"@type":"BreadcrumbList","@id":"https:\/\/newsslash.com\/n\/12659-netflix-starttermin-fuer-insatiable-steht-fest\/#breadcrumb","itemListElement":[{"@type":"ListItem","position":1,"name":"Home","item":"https:\/\/newsslash.com\/n\/"},{"@type":"ListItem","position":2,"name":"Netflix: Starttermin f\u00c3\u00bcr Insatiable steht fest"}]},{"@type":"WebSite","@id":"https:\/\/newsslash.com\/n\/#website","url":"https:\/\/newsslash.com\/n\/","name":"Newsslash","description":"Trending News on Movies, Series, OTT, Gaming","publisher":{"@id":"https:\/\/newsslash.com\/n\/#organization"},"potentialAction":[{"@type":"SearchAction","target":{"@type":"EntryPoint","urlTemplate":"https:\/\/newsslash.com\/n\/?s={search_term_string}"},"query-input":{"@type":"PropertyValueSpecification","valueRequired":true,"valueName":"search_term_string"}}],"inLanguage":"en-US"},{"@type":"Organization","@id":"https:\/\/newsslash.com\/n\/#organization","name":"Newsslash","url":"https:\/\/newsslash.com\/n\/","logo":{"@type":"ImageObject","inLanguage":"en-US","@id":"https:\/\/newsslash.com\/n\/#\/schema\/logo\/image\/","url":"https:\/\/newsslash.com\/n\/wp-content\/uploads\/2025\/04\/cropped-Newsslash-logo-Fevicon.png","contentUrl":"https:\/\/newsslash.com\/n\/wp-content\/uploads\/2025\/04\/cropped-Newsslash-logo-Fevicon.png","width":512,"height":512,"caption":"Newsslash"},"image":{"@id":"https:\/\/newsslash.com\/n\/#\/schema\/logo\/image\/"}},{"@type":"Person","@id":"https:\/\/newsslash.com\/n\/#\/schema\/person\/522101af9b37501b768c7dfa5cf1edad","name":"Cindy D","sameAs":["http:\/\/newsslash.com"],"url":"https:\/\/newsslash.com\/n\/author\/cindy_d\/"}]}},"_links":{"self":[{"href":"https:\/\/newsslash.com\/n\/wp-json\/wp\/v2\/posts\/16340","targetHints":{"allow":["GET"]}}],"collection":[{"href":"https:\/\/newsslash.com\/n\/wp-json\/wp\/v2\/posts"}],"about":[{"href":"https:\/\/newsslash.com\/n\/wp-json\/wp\/v2\/types\/post"}],"author":[{"embeddable":true,"href":"https:\/\/newsslash.com\/n\/wp-json\/wp\/v2\/users\/8"}],"replies":[{"embeddable":true,"href":"https:\/\/newsslash.com\/n\/wp-json\/wp\/v2\/comments?post=16340"}],"version-history":[{"count":0,"href":"https:\/\/newsslash.com\/n\/wp-json\/wp\/v2\/posts\/16340\/revisions"}],"wp:featuredmedia":[{"embeddable":true,"href":"https:\/\/newsslash.com\/n\/wp-json\/wp\/v2\/media\/21974"}],"wp:attachment":[{"href":"https:\/\/newsslash.com\/n\/wp-json\/wp\/v2\/media?parent=16340"}],"curies":[{"name":"wp","href":"https:\/\/api.w.org\/{rel}","templated":true}]}}