{"id":16351,"date":"2018-07-31T10:43:00","date_gmt":"2018-07-31T10:43:00","guid":{"rendered":"https:\/\/newsslash.com\/n\/12670-wann-kommt-der-prinz-von-bel-air-staffel-7-auf-netflix\/"},"modified":"2018-07-31T10:43:00","modified_gmt":"2018-07-31T10:43:00","slug":"12670-wann-kommt-der-prinz-von-bel-air-staffel-7-auf-netflix","status":"publish","type":"post","link":"https:\/\/newsslash.com\/n\/12670-wann-kommt-der-prinz-von-bel-air-staffel-7-auf-netflix\/","title":{"rendered":"Wann kommt Der Prinz von Bel-Air Staffel 7 auf Netflix?"},"content":{"rendered":"<p>Bei Der Prinz von Bel-Air handelt es sich um eine Sitcom aus dem Hause NBC. In Amerika ist die Serie, die bereits 1990 ihre Premiere feierte, unter dem Originaltitel \u00e2\u20ac\u017eThe Fresh Prince of Bel-Air\u00e2\u20ac\u0153 bekannt. Seit kurzem ist die Sitcom mit Will Smith in der Hauptrolle mit neuen Episoden auf Netflix zur\u00c3\u00bcck. Doch wann kommt Der Prinz von Bel Air Staffel 7 auf Netflix? Das und vieles Weitere zu der Sitcom gibt es in dieser News! Schlechte Nachrichten! Nach sechs Staffeln mit insgesamt 148 Episoden ist Schluss mit Der Prinz von Bel-Air. Die letzte Episode der Sitcom wurde bereits im Jahr 1996 produziert. Die Frage, wann kommt Der Prinz von Bel-Air Staffel 7 er\u00c3\u00bcbrigt sich somit. Die Besonderheit der als Sitcom konzipierten Serie bestand darin, neben lustigen Szenen auch gesellschaftskritische Themen, die vor allem mit der afroamerikanischen Kultur in Verbindung stehen, mit in die Handlung einflie\u00c3\u0178en zu lassen. <ins data-ad-client=\"ca-pub-3647021458695789\" data-ad-format=\"link\" data-ad-slot=\"7996975644\" style=\"display:block\"><\/ins> <b>Darum geht es in Der Prinz von Bel-Air:<\/b> Im Zentrum steht der afroamerikanische William \u00e2\u20ac\u017eWill\u00e2\u20ac\u0153 Smith (Smith), der seine Jugend auf den Stra\u00c3\u0178en Philadelphias verbracht hat. Eines Tages hat seine Mutter ihn jedoch aus Sorge zu seiner reichen Tante Vivian (Janet Hubert-Whitten, Daphne Maxwell Reid) und deren Familie nach Los Angeles geschickt, wo er von nun an im Nobelviertel Bel Air lebt. Angekommen in Bel Air wird Will bereits mit einer Reihe neuer Probleme konfrontiert. Mit den verw\u00c3\u00b6hnten Kindern seiner Tante findet er absolut keinen gemeinsamen Nenner und selbst Wills Onkel Philip (James Avery) und dessen Butler Geoffrey (Joseph Marcell) werden mit Will nicht warm. Lediglich Ashley (Tatyana Ali), das Nesth\u00c3\u00a4kchen der Familie, scheint Will zu m\u00c3\u00b6gen. Kann sie auch den Rest der Familie von ihrem Cousin \u00c3\u00bcberzeugen? Der Prinz von Bel-Air basiert auf einer Idee von Susan und Andy Borowitz. Produziert wurde die Sitcom unter den D\u00c3\u00a4chern von NBC Productions, The Stuffed Dog Company, Quincy Jones Productions sowie Quincy Jones\/David Salzman Entertainment. Als Executive Producer fungierten neben Susan und Andy Borowitz au\u00c3\u0178erdem Qunicy Jones, Kevin Wendle, Winifred Hervey, Gary H. Miller, Cheryl Gard, Jeff Pollack, Will Smith und Benny Medina. In weiteren Rollen sind Alfonso Ribeiro, Karyn Parsons, Ross Bagley und Jeffrey A. Townes zu sehen. <b>Tipp:<\/b> Wer betr\u00c3\u00bcbt \u00c3\u00bcber die Antwort auf die Frage, wann kommt Der Prinz von Bel-Air Staffel 7 auf Netflix, ist, k\u00c3\u00b6nnte sich auch die Comedyserie Fuller House ansehen. Einen ausf\u00c3\u00bchrlichen Artikel zur Serie findet ihr auf <a href=\"https:\/\/www.lightsteelblue-llama-768814.hostingersite.comn\/n\/10562-wann-kommt-fuller-house-staffel-4-auf-netflix\" target=\"_blank\">Newsslash<\/a>. <iframe loading=\"lazy\" allowfullscreen=\"\" frameborder=\"0\" height=\"315\" src=\"https:\/\/www.youtube-nocookie.com\/embed\/1nCqRmx3Dnw\" width=\"100%\"><\/iframe><\/p><div class=\"newss-content\" id=\"newss-2392096859\"><script async src=\"\/\/pagead2.googlesyndication.com\/pagead\/js\/adsbygoogle.js?client=ca-pub-7733425960004873\" crossorigin=\"anonymous\"><\/script><ins class=\"adsbygoogle\" style=\"display:block;\" data-ad-client=\"ca-pub-7733425960004873\" \ndata-ad-slot=\"2582020599\" \ndata-ad-format=\"auto\"><\/ins>\n<script> \n(adsbygoogle = window.adsbygoogle || []).push({}); \n<\/script>\n<\/div><div class=\"newss-article-1\" id=\"newss-1110731323\"><script async src=\"https:\/\/pagead2.googlesyndication.com\/pagead\/js\/adsbygoogle.js?client=ca-pub-7733425960004873\"\r\n     crossorigin=\"anonymous\"><\/script>\r\n<!-- Homepage2 -->\r\n<ins class=\"adsbygoogle\"\r\n     style=\"display:block\"\r\n     data-ad-client=\"ca-pub-7733425960004873\"\r\n     data-ad-slot=\"2582020599\"\r\n     data-ad-format=\"auto\"\r\n     data-full-width-responsive=\"true\"><\/ins>\r\n<script>\r\n     (adsbygoogle = window.adsbygoogle || []).push({});\r\n<\/script><\/div>\n","protected":false},"excerpt":{"rendered":"<p>Die Sitcom Der Prinz von Bel-Air behandelt nicht nur lustige Elemente. Auch gesellschaftskritische Themen, die in Verbindung zur&#8230; Mehr auf Newsslash.com!<\/p>\n","protected":false},"author":8,"featured_media":21974,"comment_status":"open","ping_status":"open","sticky":false,"template":"","format":"standard","meta":{"_et_pb_use_builder":"","_et_pb_old_content":"","_et_gb_content_width":"","footnotes":""},"class_list":["post-16351","post","type-post","status-publish","format-standard","has-post-thumbnail","hentry","category-blog"],"yoast_head":"<!-- This site is optimized with the Yoast SEO plugin v24.8.1 - https:\/\/yoast.com\/wordpress\/plugins\/seo\/ -->\n<title>Wann kommt Der Prinz von Bel-Air Staffel 7 auf Netflix? - Newsslash<\/title>\n<meta name=\"robots\" content=\"noindex, follow\" \/>\n<meta property=\"og:locale\" content=\"en_US\" \/>\n<meta property=\"og:type\" content=\"article\" \/>\n<meta property=\"og:title\" content=\"Wann kommt Der Prinz von Bel-Air Staffel 7 auf Netflix? - Newsslash\" \/>\n<meta property=\"og:description\" content=\"Die Sitcom Der Prinz von Bel-Air behandelt nicht nur lustige Elemente. Auch gesellschaftskritische Themen, die in Verbindung zur... Mehr auf Newsslash.com!\" \/>\n<meta property=\"og:url\" content=\"https:\/\/newsslash.com\/n\/12670-wann-kommt-der-prinz-von-bel-air-staffel-7-auf-netflix\/\" \/>\n<meta property=\"og:site_name\" content=\"Newsslash\" \/>\n<meta property=\"article:published_time\" content=\"2018-07-31T10:43:00+00:00\" \/>\n<meta property=\"og:image\" content=\"https:\/\/newsslash.com\/n\/wp-content\/uploads\/2025\/04\/NewsSlash-Featured-Image.jpg\" \/>\n\t<meta property=\"og:image:width\" content=\"1280\" \/>\n\t<meta property=\"og:image:height\" content=\"854\" \/>\n\t<meta property=\"og:image:type\" content=\"image\/jpeg\" \/>\n<meta name=\"author\" content=\"Cindy D\" \/>\n<meta name=\"twitter:card\" content=\"summary_large_image\" \/>\n<meta name=\"twitter:label1\" content=\"Written by\" \/>\n\t<meta name=\"twitter:data1\" content=\"Cindy D\" \/>\n\t<meta name=\"twitter:label2\" content=\"Est. reading time\" \/>\n\t<meta name=\"twitter:data2\" content=\"2 minutes\" \/>\n<script type=\"application\/ld+json\" class=\"yoast-schema-graph\">{\"@context\":\"https:\/\/schema.org\",\"@graph\":[{\"@type\":\"Article\",\"@id\":\"https:\/\/newsslash.com\/n\/12670-wann-kommt-der-prinz-von-bel-air-staffel-7-auf-netflix\/#article\",\"isPartOf\":{\"@id\":\"https:\/\/newsslash.com\/n\/12670-wann-kommt-der-prinz-von-bel-air-staffel-7-auf-netflix\/\"},\"author\":{\"name\":\"Cindy D\",\"@id\":\"https:\/\/newsslash.com\/n\/#\/schema\/person\/522101af9b37501b768c7dfa5cf1edad\"},\"headline\":\"Wann kommt Der Prinz von Bel-Air Staffel 7 auf Netflix?\",\"datePublished\":\"2018-07-31T10:43:00+00:00\",\"mainEntityOfPage\":{\"@id\":\"https:\/\/newsslash.com\/n\/12670-wann-kommt-der-prinz-von-bel-air-staffel-7-auf-netflix\/\"},\"wordCount\":408,\"commentCount\":0,\"publisher\":{\"@id\":\"https:\/\/newsslash.com\/n\/#organization\"},\"image\":{\"@id\":\"https:\/\/newsslash.com\/n\/12670-wann-kommt-der-prinz-von-bel-air-staffel-7-auf-netflix\/#primaryimage\"},\"thumbnailUrl\":\"https:\/\/newsslash.com\/n\/wp-content\/uploads\/2025\/04\/NewsSlash-Featured-Image.jpg\",\"articleSection\":[\"Blog\"],\"inLanguage\":\"en-US\",\"potentialAction\":[{\"@type\":\"CommentAction\",\"name\":\"Comment\",\"target\":[\"https:\/\/newsslash.com\/n\/12670-wann-kommt-der-prinz-von-bel-air-staffel-7-auf-netflix\/#respond\"]}]},{\"@type\":\"WebPage\",\"@id\":\"https:\/\/newsslash.com\/n\/12670-wann-kommt-der-prinz-von-bel-air-staffel-7-auf-netflix\/\",\"url\":\"https:\/\/newsslash.com\/n\/12670-wann-kommt-der-prinz-von-bel-air-staffel-7-auf-netflix\/\",\"name\":\"Wann kommt Der Prinz von Bel-Air Staffel 7 auf Netflix? - Newsslash\",\"isPartOf\":{\"@id\":\"https:\/\/newsslash.com\/n\/#website\"},\"primaryImageOfPage\":{\"@id\":\"https:\/\/newsslash.com\/n\/12670-wann-kommt-der-prinz-von-bel-air-staffel-7-auf-netflix\/#primaryimage\"},\"image\":{\"@id\":\"https:\/\/newsslash.com\/n\/12670-wann-kommt-der-prinz-von-bel-air-staffel-7-auf-netflix\/#primaryimage\"},\"thumbnailUrl\":\"https:\/\/newsslash.com\/n\/wp-content\/uploads\/2025\/04\/NewsSlash-Featured-Image.jpg\",\"datePublished\":\"2018-07-31T10:43:00+00:00\",\"breadcrumb\":{\"@id\":\"https:\/\/newsslash.com\/n\/12670-wann-kommt-der-prinz-von-bel-air-staffel-7-auf-netflix\/#breadcrumb\"},\"inLanguage\":\"en-US\",\"potentialAction\":[{\"@type\":\"ReadAction\",\"target\":[\"https:\/\/newsslash.com\/n\/12670-wann-kommt-der-prinz-von-bel-air-staffel-7-auf-netflix\/\"]}]},{\"@type\":\"ImageObject\",\"inLanguage\":\"en-US\",\"@id\":\"https:\/\/newsslash.com\/n\/12670-wann-kommt-der-prinz-von-bel-air-staffel-7-auf-netflix\/#primaryimage\",\"url\":\"https:\/\/newsslash.com\/n\/wp-content\/uploads\/2025\/04\/NewsSlash-Featured-Image.jpg\",\"contentUrl\":\"https:\/\/newsslash.com\/n\/wp-content\/uploads\/2025\/04\/NewsSlash-Featured-Image.jpg\",\"width\":1280,\"height\":854},{\"@type\":\"BreadcrumbList\",\"@id\":\"https:\/\/newsslash.com\/n\/12670-wann-kommt-der-prinz-von-bel-air-staffel-7-auf-netflix\/#breadcrumb\",\"itemListElement\":[{\"@type\":\"ListItem\",\"position\":1,\"name\":\"Home\",\"item\":\"https:\/\/newsslash.com\/n\/\"},{\"@type\":\"ListItem\",\"position\":2,\"name\":\"Wann kommt Der Prinz von Bel-Air Staffel 7 auf Netflix?\"}]},{\"@type\":\"WebSite\",\"@id\":\"https:\/\/newsslash.com\/n\/#website\",\"url\":\"https:\/\/newsslash.com\/n\/\",\"name\":\"Newsslash\",\"description\":\"Trending News on Movies, Series, OTT, Gaming\",\"publisher\":{\"@id\":\"https:\/\/newsslash.com\/n\/#organization\"},\"potentialAction\":[{\"@type\":\"SearchAction\",\"target\":{\"@type\":\"EntryPoint\",\"urlTemplate\":\"https:\/\/newsslash.com\/n\/?s={search_term_string}\"},\"query-input\":{\"@type\":\"PropertyValueSpecification\",\"valueRequired\":true,\"valueName\":\"search_term_string\"}}],\"inLanguage\":\"en-US\"},{\"@type\":\"Organization\",\"@id\":\"https:\/\/newsslash.com\/n\/#organization\",\"name\":\"Newsslash\",\"url\":\"https:\/\/newsslash.com\/n\/\",\"logo\":{\"@type\":\"ImageObject\",\"inLanguage\":\"en-US\",\"@id\":\"https:\/\/newsslash.com\/n\/#\/schema\/logo\/image\/\",\"url\":\"https:\/\/newsslash.com\/n\/wp-content\/uploads\/2025\/04\/cropped-Newsslash-logo-Fevicon.png\",\"contentUrl\":\"https:\/\/newsslash.com\/n\/wp-content\/uploads\/2025\/04\/cropped-Newsslash-logo-Fevicon.png\",\"width\":512,\"height\":512,\"caption\":\"Newsslash\"},\"image\":{\"@id\":\"https:\/\/newsslash.com\/n\/#\/schema\/logo\/image\/\"}},{\"@type\":\"Person\",\"@id\":\"https:\/\/newsslash.com\/n\/#\/schema\/person\/522101af9b37501b768c7dfa5cf1edad\",\"name\":\"Cindy D\",\"sameAs\":[\"http:\/\/newsslash.com\"],\"url\":\"https:\/\/newsslash.com\/n\/author\/cindy_d\/\"}]}<\/script>\n<!-- \/ Yoast SEO plugin. -->","yoast_head_json":{"title":"Wann kommt Der Prinz von Bel-Air Staffel 7 auf Netflix? - Newsslash","robots":{"index":"noindex","follow":"follow"},"og_locale":"en_US","og_type":"article","og_title":"Wann kommt Der Prinz von Bel-Air Staffel 7 auf Netflix? - Newsslash","og_description":"Die Sitcom Der Prinz von Bel-Air behandelt nicht nur lustige Elemente. Auch gesellschaftskritische Themen, die in Verbindung zur... Mehr auf Newsslash.com!","og_url":"https:\/\/newsslash.com\/n\/12670-wann-kommt-der-prinz-von-bel-air-staffel-7-auf-netflix\/","og_site_name":"Newsslash","article_published_time":"2018-07-31T10:43:00+00:00","og_image":[{"width":1280,"height":854,"url":"https:\/\/newsslash.com\/n\/wp-content\/uploads\/2025\/04\/NewsSlash-Featured-Image.jpg","type":"image\/jpeg"}],"author":"Cindy D","twitter_card":"summary_large_image","twitter_misc":{"Written by":"Cindy D","Est. reading time":"2 minutes"},"schema":{"@context":"https:\/\/schema.org","@graph":[{"@type":"Article","@id":"https:\/\/newsslash.com\/n\/12670-wann-kommt-der-prinz-von-bel-air-staffel-7-auf-netflix\/#article","isPartOf":{"@id":"https:\/\/newsslash.com\/n\/12670-wann-kommt-der-prinz-von-bel-air-staffel-7-auf-netflix\/"},"author":{"name":"Cindy D","@id":"https:\/\/newsslash.com\/n\/#\/schema\/person\/522101af9b37501b768c7dfa5cf1edad"},"headline":"Wann kommt Der Prinz von Bel-Air Staffel 7 auf Netflix?","datePublished":"2018-07-31T10:43:00+00:00","mainEntityOfPage":{"@id":"https:\/\/newsslash.com\/n\/12670-wann-kommt-der-prinz-von-bel-air-staffel-7-auf-netflix\/"},"wordCount":408,"commentCount":0,"publisher":{"@id":"https:\/\/newsslash.com\/n\/#organization"},"image":{"@id":"https:\/\/newsslash.com\/n\/12670-wann-kommt-der-prinz-von-bel-air-staffel-7-auf-netflix\/#primaryimage"},"thumbnailUrl":"https:\/\/newsslash.com\/n\/wp-content\/uploads\/2025\/04\/NewsSlash-Featured-Image.jpg","articleSection":["Blog"],"inLanguage":"en-US","potentialAction":[{"@type":"CommentAction","name":"Comment","target":["https:\/\/newsslash.com\/n\/12670-wann-kommt-der-prinz-von-bel-air-staffel-7-auf-netflix\/#respond"]}]},{"@type":"WebPage","@id":"https:\/\/newsslash.com\/n\/12670-wann-kommt-der-prinz-von-bel-air-staffel-7-auf-netflix\/","url":"https:\/\/newsslash.com\/n\/12670-wann-kommt-der-prinz-von-bel-air-staffel-7-auf-netflix\/","name":"Wann kommt Der Prinz von Bel-Air Staffel 7 auf Netflix? - Newsslash","isPartOf":{"@id":"https:\/\/newsslash.com\/n\/#website"},"primaryImageOfPage":{"@id":"https:\/\/newsslash.com\/n\/12670-wann-kommt-der-prinz-von-bel-air-staffel-7-auf-netflix\/#primaryimage"},"image":{"@id":"https:\/\/newsslash.com\/n\/12670-wann-kommt-der-prinz-von-bel-air-staffel-7-auf-netflix\/#primaryimage"},"thumbnailUrl":"https:\/\/newsslash.com\/n\/wp-content\/uploads\/2025\/04\/NewsSlash-Featured-Image.jpg","datePublished":"2018-07-31T10:43:00+00:00","breadcrumb":{"@id":"https:\/\/newsslash.com\/n\/12670-wann-kommt-der-prinz-von-bel-air-staffel-7-auf-netflix\/#breadcrumb"},"inLanguage":"en-US","potentialAction":[{"@type":"ReadAction","target":["https:\/\/newsslash.com\/n\/12670-wann-kommt-der-prinz-von-bel-air-staffel-7-auf-netflix\/"]}]},{"@type":"ImageObject","inLanguage":"en-US","@id":"https:\/\/newsslash.com\/n\/12670-wann-kommt-der-prinz-von-bel-air-staffel-7-auf-netflix\/#primaryimage","url":"https:\/\/newsslash.com\/n\/wp-content\/uploads\/2025\/04\/NewsSlash-Featured-Image.jpg","contentUrl":"https:\/\/newsslash.com\/n\/wp-content\/uploads\/2025\/04\/NewsSlash-Featured-Image.jpg","width":1280,"height":854},{"@type":"BreadcrumbList","@id":"https:\/\/newsslash.com\/n\/12670-wann-kommt-der-prinz-von-bel-air-staffel-7-auf-netflix\/#breadcrumb","itemListElement":[{"@type":"ListItem","position":1,"name":"Home","item":"https:\/\/newsslash.com\/n\/"},{"@type":"ListItem","position":2,"name":"Wann kommt Der Prinz von Bel-Air Staffel 7 auf Netflix?"}]},{"@type":"WebSite","@id":"https:\/\/newsslash.com\/n\/#website","url":"https:\/\/newsslash.com\/n\/","name":"Newsslash","description":"Trending News on Movies, Series, OTT, Gaming","publisher":{"@id":"https:\/\/newsslash.com\/n\/#organization"},"potentialAction":[{"@type":"SearchAction","target":{"@type":"EntryPoint","urlTemplate":"https:\/\/newsslash.com\/n\/?s={search_term_string}"},"query-input":{"@type":"PropertyValueSpecification","valueRequired":true,"valueName":"search_term_string"}}],"inLanguage":"en-US"},{"@type":"Organization","@id":"https:\/\/newsslash.com\/n\/#organization","name":"Newsslash","url":"https:\/\/newsslash.com\/n\/","logo":{"@type":"ImageObject","inLanguage":"en-US","@id":"https:\/\/newsslash.com\/n\/#\/schema\/logo\/image\/","url":"https:\/\/newsslash.com\/n\/wp-content\/uploads\/2025\/04\/cropped-Newsslash-logo-Fevicon.png","contentUrl":"https:\/\/newsslash.com\/n\/wp-content\/uploads\/2025\/04\/cropped-Newsslash-logo-Fevicon.png","width":512,"height":512,"caption":"Newsslash"},"image":{"@id":"https:\/\/newsslash.com\/n\/#\/schema\/logo\/image\/"}},{"@type":"Person","@id":"https:\/\/newsslash.com\/n\/#\/schema\/person\/522101af9b37501b768c7dfa5cf1edad","name":"Cindy D","sameAs":["http:\/\/newsslash.com"],"url":"https:\/\/newsslash.com\/n\/author\/cindy_d\/"}]}},"_links":{"self":[{"href":"https:\/\/newsslash.com\/n\/wp-json\/wp\/v2\/posts\/16351","targetHints":{"allow":["GET"]}}],"collection":[{"href":"https:\/\/newsslash.com\/n\/wp-json\/wp\/v2\/posts"}],"about":[{"href":"https:\/\/newsslash.com\/n\/wp-json\/wp\/v2\/types\/post"}],"author":[{"embeddable":true,"href":"https:\/\/newsslash.com\/n\/wp-json\/wp\/v2\/users\/8"}],"replies":[{"embeddable":true,"href":"https:\/\/newsslash.com\/n\/wp-json\/wp\/v2\/comments?post=16351"}],"version-history":[{"count":0,"href":"https:\/\/newsslash.com\/n\/wp-json\/wp\/v2\/posts\/16351\/revisions"}],"wp:featuredmedia":[{"embeddable":true,"href":"https:\/\/newsslash.com\/n\/wp-json\/wp\/v2\/media\/21974"}],"wp:attachment":[{"href":"https:\/\/newsslash.com\/n\/wp-json\/wp\/v2\/media?parent=16351"}],"curies":[{"name":"wp","href":"https:\/\/api.w.org\/{rel}","templated":true}]}}