{"id":16366,"date":"2018-07-20T16:38:00","date_gmt":"2018-07-20T16:38:00","guid":{"rendered":"https:\/\/newsslash.com\/n\/12685-the-first-releasedate-und-erste-fotos\/"},"modified":"2018-07-20T16:38:00","modified_gmt":"2018-07-20T16:38:00","slug":"12685-the-first-releasedate-und-erste-fotos","status":"publish","type":"post","link":"https:\/\/newsslash.com\/n\/12685-the-first-releasedate-und-erste-fotos\/","title":{"rendered":"The First: Releasedate und erste Fotos"},"content":{"rendered":"<p>Wie unter anderem Deadline berichtet, hat hulu erste Bilder zu der neuen Spaceserie The First ver\u00c3\u00b6ffentlicht. Au\u00c3\u0178erdem wurde das genaue Releasedate bekanntgegeben, demnach geht die 1. Staffel von The First am 14. September an den Start. Als Autor und Executive Producer der Serie fungiert Beau Willimon, der bereits f\u00c3\u00bcr das Netflix Original House of Cards verantwortlich war. Unterst\u00c3\u00bctzt wurde Willimon von Jordan Tappis. The First dreht sich um die erste menschliche Mission zum Mars und die Herausforderungen, die eine interplanetare Kolonisierung mit sich bringt. Dabei stehen nicht nur die beteiligten Astronauten, sondern auch deren Familien sowie das Bodenteam im Zentrum. In der Spaceserie w\u00c3\u00bcrden sich laut Willimon gew\u00c3\u00b6hnliche, unvollkommene Menschen zusammenschlie\u00c3\u0178en und eine Vielzahl von Hindernissen \u00c3\u00bcberwinden, um das Au\u00c3\u0178ergew\u00c3\u00b6hnliche zu erreichen. Willimon zufolge sei The First eine Geschichte \u00c3\u00bcber den menschlichen Geist. Der Mensch verf\u00c3\u00bcge \u00c3\u00bcber ein unbeugsames Bed\u00c3\u00bcrfnis, nach unbekannten Horizonten zu greifen. Menschen w\u00c3\u00bcrden auf die gr\u00c3\u00b6\u00c3\u0178te Pionierleistung in der gesamten Geschichte hinarbeiten. Nat\u00c3\u00bcrlich bringt eine solche Mission auch Kosten mit Gefahren mit sich. Sowohl emotionale als auch psychische und physische Opfer m\u00c3\u00bcssen gebracht werden, um das Ziel zu erreichen.<\/p><div class=\"newss-content\" id=\"newss-3117468513\"><script async src=\"\/\/pagead2.googlesyndication.com\/pagead\/js\/adsbygoogle.js?client=ca-pub-7733425960004873\" crossorigin=\"anonymous\"><\/script><ins class=\"adsbygoogle\" style=\"display:block;\" data-ad-client=\"ca-pub-7733425960004873\" \ndata-ad-slot=\"2582020599\" \ndata-ad-format=\"auto\"><\/ins>\n<script> \n(adsbygoogle = window.adsbygoogle || []).push({}); \n<\/script>\n<\/div><div class=\"newss-article-1\" id=\"newss-3796719148\"><script async src=\"https:\/\/pagead2.googlesyndication.com\/pagead\/js\/adsbygoogle.js?client=ca-pub-7733425960004873\"\r\n     crossorigin=\"anonymous\"><\/script>\r\n<!-- Homepage2 -->\r\n<ins class=\"adsbygoogle\"\r\n     style=\"display:block\"\r\n     data-ad-client=\"ca-pub-7733425960004873\"\r\n     data-ad-slot=\"2582020599\"\r\n     data-ad-format=\"auto\"\r\n     data-full-width-responsive=\"true\"><\/ins>\r\n<script>\r\n     (adsbygoogle = window.adsbygoogle || []).push({});\r\n<\/script><\/div>\n","protected":false},"excerpt":{"rendered":"<p>Knapp zwei Monate vor dem Start von The First, hat hulu nun erste Bilder zu der Spaceserie ver\u00c3\u00b6ffentlicht. Au\u00c3\u0178erdem steht nun auch&#8230; Mehr auf Newsslash.com!<\/p>\n","protected":false},"author":8,"featured_media":16319,"comment_status":"open","ping_status":"open","sticky":false,"template":"","format":"standard","meta":{"_et_pb_use_builder":"","_et_pb_old_content":"","_et_gb_content_width":"","footnotes":""},"class_list":["post-16366","post","type-post","status-publish","format-standard","has-post-thumbnail","hentry","category-blog"],"yoast_head":"<!-- This site is optimized with the Yoast SEO plugin v24.8.1 - https:\/\/yoast.com\/wordpress\/plugins\/seo\/ -->\n<title>The First: Releasedate und erste Fotos - Newsslash<\/title>\n<meta name=\"robots\" content=\"noindex, follow\" \/>\n<meta property=\"og:locale\" content=\"en_US\" \/>\n<meta property=\"og:type\" content=\"article\" \/>\n<meta property=\"og:title\" content=\"The First: Releasedate und erste Fotos - Newsslash\" \/>\n<meta property=\"og:description\" content=\"Knapp zwei Monate vor dem Start von The First, hat hulu nun erste Bilder zu der Spaceserie ver\u00c3\u00b6ffentlicht. Au\u00c3\u0178erdem steht nun auch... Mehr auf Newsslash.com!\" \/>\n<meta property=\"og:url\" content=\"https:\/\/newsslash.com\/n\/12685-the-first-releasedate-und-erste-fotos\/\" \/>\n<meta property=\"og:site_name\" content=\"Newsslash\" \/>\n<meta property=\"article:published_time\" content=\"2018-07-20T16:38:00+00:00\" \/>\n<meta property=\"og:image\" content=\"https:\/\/newsslash.com\/n\/wp-content\/uploads\/2025\/04\/teaser_img_12685.jpg\" \/>\n\t<meta property=\"og:image:width\" content=\"617\" \/>\n\t<meta property=\"og:image:height\" content=\"349\" \/>\n\t<meta property=\"og:image:type\" content=\"image\/jpeg\" \/>\n<meta name=\"author\" content=\"Cindy D\" \/>\n<meta name=\"twitter:card\" content=\"summary_large_image\" \/>\n<meta name=\"twitter:label1\" content=\"Written by\" \/>\n\t<meta name=\"twitter:data1\" content=\"Cindy D\" \/>\n\t<meta name=\"twitter:label2\" content=\"Est. reading time\" \/>\n\t<meta name=\"twitter:data2\" content=\"1 minute\" \/>\n<script type=\"application\/ld+json\" class=\"yoast-schema-graph\">{\"@context\":\"https:\/\/schema.org\",\"@graph\":[{\"@type\":\"Article\",\"@id\":\"https:\/\/newsslash.com\/n\/12685-the-first-releasedate-und-erste-fotos\/#article\",\"isPartOf\":{\"@id\":\"https:\/\/newsslash.com\/n\/12685-the-first-releasedate-und-erste-fotos\/\"},\"author\":{\"name\":\"Cindy D\",\"@id\":\"https:\/\/newsslash.com\/n\/#\/schema\/person\/522101af9b37501b768c7dfa5cf1edad\"},\"headline\":\"The First: Releasedate und erste Fotos\",\"datePublished\":\"2018-07-20T16:38:00+00:00\",\"mainEntityOfPage\":{\"@id\":\"https:\/\/newsslash.com\/n\/12685-the-first-releasedate-und-erste-fotos\/\"},\"wordCount\":202,\"commentCount\":0,\"publisher\":{\"@id\":\"https:\/\/newsslash.com\/n\/#organization\"},\"image\":{\"@id\":\"https:\/\/newsslash.com\/n\/12685-the-first-releasedate-und-erste-fotos\/#primaryimage\"},\"thumbnailUrl\":\"https:\/\/newsslash.com\/n\/wp-content\/uploads\/2025\/04\/teaser_img_12685.jpg\",\"articleSection\":[\"Blog\"],\"inLanguage\":\"en-US\",\"potentialAction\":[{\"@type\":\"CommentAction\",\"name\":\"Comment\",\"target\":[\"https:\/\/newsslash.com\/n\/12685-the-first-releasedate-und-erste-fotos\/#respond\"]}]},{\"@type\":\"WebPage\",\"@id\":\"https:\/\/newsslash.com\/n\/12685-the-first-releasedate-und-erste-fotos\/\",\"url\":\"https:\/\/newsslash.com\/n\/12685-the-first-releasedate-und-erste-fotos\/\",\"name\":\"The First: Releasedate und erste Fotos - Newsslash\",\"isPartOf\":{\"@id\":\"https:\/\/newsslash.com\/n\/#website\"},\"primaryImageOfPage\":{\"@id\":\"https:\/\/newsslash.com\/n\/12685-the-first-releasedate-und-erste-fotos\/#primaryimage\"},\"image\":{\"@id\":\"https:\/\/newsslash.com\/n\/12685-the-first-releasedate-und-erste-fotos\/#primaryimage\"},\"thumbnailUrl\":\"https:\/\/newsslash.com\/n\/wp-content\/uploads\/2025\/04\/teaser_img_12685.jpg\",\"datePublished\":\"2018-07-20T16:38:00+00:00\",\"breadcrumb\":{\"@id\":\"https:\/\/newsslash.com\/n\/12685-the-first-releasedate-und-erste-fotos\/#breadcrumb\"},\"inLanguage\":\"en-US\",\"potentialAction\":[{\"@type\":\"ReadAction\",\"target\":[\"https:\/\/newsslash.com\/n\/12685-the-first-releasedate-und-erste-fotos\/\"]}]},{\"@type\":\"ImageObject\",\"inLanguage\":\"en-US\",\"@id\":\"https:\/\/newsslash.com\/n\/12685-the-first-releasedate-und-erste-fotos\/#primaryimage\",\"url\":\"https:\/\/newsslash.com\/n\/wp-content\/uploads\/2025\/04\/teaser_img_12685.jpg\",\"contentUrl\":\"https:\/\/newsslash.com\/n\/wp-content\/uploads\/2025\/04\/teaser_img_12685.jpg\",\"width\":617,\"height\":349},{\"@type\":\"BreadcrumbList\",\"@id\":\"https:\/\/newsslash.com\/n\/12685-the-first-releasedate-und-erste-fotos\/#breadcrumb\",\"itemListElement\":[{\"@type\":\"ListItem\",\"position\":1,\"name\":\"Home\",\"item\":\"https:\/\/newsslash.com\/n\/\"},{\"@type\":\"ListItem\",\"position\":2,\"name\":\"The First: Releasedate und erste Fotos\"}]},{\"@type\":\"WebSite\",\"@id\":\"https:\/\/newsslash.com\/n\/#website\",\"url\":\"https:\/\/newsslash.com\/n\/\",\"name\":\"Newsslash\",\"description\":\"Trending News on Movies, Series, OTT, Gaming\",\"publisher\":{\"@id\":\"https:\/\/newsslash.com\/n\/#organization\"},\"potentialAction\":[{\"@type\":\"SearchAction\",\"target\":{\"@type\":\"EntryPoint\",\"urlTemplate\":\"https:\/\/newsslash.com\/n\/?s={search_term_string}\"},\"query-input\":{\"@type\":\"PropertyValueSpecification\",\"valueRequired\":true,\"valueName\":\"search_term_string\"}}],\"inLanguage\":\"en-US\"},{\"@type\":\"Organization\",\"@id\":\"https:\/\/newsslash.com\/n\/#organization\",\"name\":\"Newsslash\",\"url\":\"https:\/\/newsslash.com\/n\/\",\"logo\":{\"@type\":\"ImageObject\",\"inLanguage\":\"en-US\",\"@id\":\"https:\/\/newsslash.com\/n\/#\/schema\/logo\/image\/\",\"url\":\"https:\/\/newsslash.com\/n\/wp-content\/uploads\/2025\/04\/cropped-Newsslash-logo-Fevicon.png\",\"contentUrl\":\"https:\/\/newsslash.com\/n\/wp-content\/uploads\/2025\/04\/cropped-Newsslash-logo-Fevicon.png\",\"width\":512,\"height\":512,\"caption\":\"Newsslash\"},\"image\":{\"@id\":\"https:\/\/newsslash.com\/n\/#\/schema\/logo\/image\/\"}},{\"@type\":\"Person\",\"@id\":\"https:\/\/newsslash.com\/n\/#\/schema\/person\/522101af9b37501b768c7dfa5cf1edad\",\"name\":\"Cindy D\",\"sameAs\":[\"http:\/\/newsslash.com\"],\"url\":\"https:\/\/newsslash.com\/n\/author\/cindy_d\/\"}]}<\/script>\n<!-- \/ Yoast SEO plugin. -->","yoast_head_json":{"title":"The First: Releasedate und erste Fotos - Newsslash","robots":{"index":"noindex","follow":"follow"},"og_locale":"en_US","og_type":"article","og_title":"The First: Releasedate und erste Fotos - Newsslash","og_description":"Knapp zwei Monate vor dem Start von The First, hat hulu nun erste Bilder zu der Spaceserie ver\u00c3\u00b6ffentlicht. Au\u00c3\u0178erdem steht nun auch... Mehr auf Newsslash.com!","og_url":"https:\/\/newsslash.com\/n\/12685-the-first-releasedate-und-erste-fotos\/","og_site_name":"Newsslash","article_published_time":"2018-07-20T16:38:00+00:00","og_image":[{"width":617,"height":349,"url":"https:\/\/newsslash.com\/n\/wp-content\/uploads\/2025\/04\/teaser_img_12685.jpg","type":"image\/jpeg"}],"author":"Cindy D","twitter_card":"summary_large_image","twitter_misc":{"Written by":"Cindy D","Est. reading time":"1 minute"},"schema":{"@context":"https:\/\/schema.org","@graph":[{"@type":"Article","@id":"https:\/\/newsslash.com\/n\/12685-the-first-releasedate-und-erste-fotos\/#article","isPartOf":{"@id":"https:\/\/newsslash.com\/n\/12685-the-first-releasedate-und-erste-fotos\/"},"author":{"name":"Cindy D","@id":"https:\/\/newsslash.com\/n\/#\/schema\/person\/522101af9b37501b768c7dfa5cf1edad"},"headline":"The First: Releasedate und erste Fotos","datePublished":"2018-07-20T16:38:00+00:00","mainEntityOfPage":{"@id":"https:\/\/newsslash.com\/n\/12685-the-first-releasedate-und-erste-fotos\/"},"wordCount":202,"commentCount":0,"publisher":{"@id":"https:\/\/newsslash.com\/n\/#organization"},"image":{"@id":"https:\/\/newsslash.com\/n\/12685-the-first-releasedate-und-erste-fotos\/#primaryimage"},"thumbnailUrl":"https:\/\/newsslash.com\/n\/wp-content\/uploads\/2025\/04\/teaser_img_12685.jpg","articleSection":["Blog"],"inLanguage":"en-US","potentialAction":[{"@type":"CommentAction","name":"Comment","target":["https:\/\/newsslash.com\/n\/12685-the-first-releasedate-und-erste-fotos\/#respond"]}]},{"@type":"WebPage","@id":"https:\/\/newsslash.com\/n\/12685-the-first-releasedate-und-erste-fotos\/","url":"https:\/\/newsslash.com\/n\/12685-the-first-releasedate-und-erste-fotos\/","name":"The First: Releasedate und erste Fotos - Newsslash","isPartOf":{"@id":"https:\/\/newsslash.com\/n\/#website"},"primaryImageOfPage":{"@id":"https:\/\/newsslash.com\/n\/12685-the-first-releasedate-und-erste-fotos\/#primaryimage"},"image":{"@id":"https:\/\/newsslash.com\/n\/12685-the-first-releasedate-und-erste-fotos\/#primaryimage"},"thumbnailUrl":"https:\/\/newsslash.com\/n\/wp-content\/uploads\/2025\/04\/teaser_img_12685.jpg","datePublished":"2018-07-20T16:38:00+00:00","breadcrumb":{"@id":"https:\/\/newsslash.com\/n\/12685-the-first-releasedate-und-erste-fotos\/#breadcrumb"},"inLanguage":"en-US","potentialAction":[{"@type":"ReadAction","target":["https:\/\/newsslash.com\/n\/12685-the-first-releasedate-und-erste-fotos\/"]}]},{"@type":"ImageObject","inLanguage":"en-US","@id":"https:\/\/newsslash.com\/n\/12685-the-first-releasedate-und-erste-fotos\/#primaryimage","url":"https:\/\/newsslash.com\/n\/wp-content\/uploads\/2025\/04\/teaser_img_12685.jpg","contentUrl":"https:\/\/newsslash.com\/n\/wp-content\/uploads\/2025\/04\/teaser_img_12685.jpg","width":617,"height":349},{"@type":"BreadcrumbList","@id":"https:\/\/newsslash.com\/n\/12685-the-first-releasedate-und-erste-fotos\/#breadcrumb","itemListElement":[{"@type":"ListItem","position":1,"name":"Home","item":"https:\/\/newsslash.com\/n\/"},{"@type":"ListItem","position":2,"name":"The First: Releasedate und erste Fotos"}]},{"@type":"WebSite","@id":"https:\/\/newsslash.com\/n\/#website","url":"https:\/\/newsslash.com\/n\/","name":"Newsslash","description":"Trending News on Movies, Series, OTT, Gaming","publisher":{"@id":"https:\/\/newsslash.com\/n\/#organization"},"potentialAction":[{"@type":"SearchAction","target":{"@type":"EntryPoint","urlTemplate":"https:\/\/newsslash.com\/n\/?s={search_term_string}"},"query-input":{"@type":"PropertyValueSpecification","valueRequired":true,"valueName":"search_term_string"}}],"inLanguage":"en-US"},{"@type":"Organization","@id":"https:\/\/newsslash.com\/n\/#organization","name":"Newsslash","url":"https:\/\/newsslash.com\/n\/","logo":{"@type":"ImageObject","inLanguage":"en-US","@id":"https:\/\/newsslash.com\/n\/#\/schema\/logo\/image\/","url":"https:\/\/newsslash.com\/n\/wp-content\/uploads\/2025\/04\/cropped-Newsslash-logo-Fevicon.png","contentUrl":"https:\/\/newsslash.com\/n\/wp-content\/uploads\/2025\/04\/cropped-Newsslash-logo-Fevicon.png","width":512,"height":512,"caption":"Newsslash"},"image":{"@id":"https:\/\/newsslash.com\/n\/#\/schema\/logo\/image\/"}},{"@type":"Person","@id":"https:\/\/newsslash.com\/n\/#\/schema\/person\/522101af9b37501b768c7dfa5cf1edad","name":"Cindy D","sameAs":["http:\/\/newsslash.com"],"url":"https:\/\/newsslash.com\/n\/author\/cindy_d\/"}]}},"_links":{"self":[{"href":"https:\/\/newsslash.com\/n\/wp-json\/wp\/v2\/posts\/16366","targetHints":{"allow":["GET"]}}],"collection":[{"href":"https:\/\/newsslash.com\/n\/wp-json\/wp\/v2\/posts"}],"about":[{"href":"https:\/\/newsslash.com\/n\/wp-json\/wp\/v2\/types\/post"}],"author":[{"embeddable":true,"href":"https:\/\/newsslash.com\/n\/wp-json\/wp\/v2\/users\/8"}],"replies":[{"embeddable":true,"href":"https:\/\/newsslash.com\/n\/wp-json\/wp\/v2\/comments?post=16366"}],"version-history":[{"count":0,"href":"https:\/\/newsslash.com\/n\/wp-json\/wp\/v2\/posts\/16366\/revisions"}],"wp:featuredmedia":[{"embeddable":true,"href":"https:\/\/newsslash.com\/n\/wp-json\/wp\/v2\/media\/16319"}],"wp:attachment":[{"href":"https:\/\/newsslash.com\/n\/wp-json\/wp\/v2\/media?parent=16366"}],"curies":[{"name":"wp","href":"https:\/\/api.w.org\/{rel}","templated":true}]}}